{"id":10717,"date":"2024-09-16T16:00:39","date_gmt":"2024-09-16T14:00:39","guid":{"rendered":"https:\/\/www.activasalut.com\/?p=10717"},"modified":"2024-09-16T16:00:41","modified_gmt":"2024-09-16T14:00:41","slug":"bruxisme-causes-simptomes-i-tractament-des-de-la-fisioterapia","status":"publish","type":"post","link":"https:\/\/www.activasalut.com\/ca\/bruxisme-causes-simptomes-i-tractament-des-de-la-fisioterapia\/","title":{"rendered":"Bruxisme: Causes, s\u00edmptomes i tractament des de la Fisioter\u00e0pia"},"content":{"rendered":"\n<p>El bruxisme, un trastorn com\u00fa, per\u00f2 sovint subestimat, afecta una gran quantitat de persones a tot el m\u00f3n. Aquesta condici\u00f3 es manifesta a trav\u00e9s de <strong>grinyolar o estr\u00e8nyer les dents <\/strong>de forma involunt\u00e0ria, generalment durant la nit i pot tenir implicacions significatives en la salut bucal i el benestar general. <\/p>\n\n\n\n<!--more-->\n\n\n\n<p>Entendre&#8217;n les causes, recon\u00e8ixer els s\u00edmptomes i explorar el tractament, especialment des de la perspectiva de la fisioter\u00e0pia, \u00e9s fonamental per abordar aquest problema.<\/p>\n\n\n\n<h3>Qu\u00e8 provoca el bruxisme?<\/h3>\n\n\n\n<p>El bruxisme pot estar associat a una varietat de factors. Un dels principals desencadenants \u00e9s <strong>l&#8217;estr\u00e8s i l&#8217;ansietat<\/strong>. Els moments de tensi\u00f3 poden portar a estr\u00e8nyer les dents de forma involunt\u00e0ria, principalment durant el son, com una manifestaci\u00f3 inconscient de la tensi\u00f3 experimentada durant el dia.<\/p>\n\n\n<div class=\"wp-block-image\">\n<figure class=\"aligncenter size-large is-resized\"><a href=\"https:\/\/www.activasalut.com\/wp-content\/uploads\/2024\/09\/anxiety-inducing-imagery-with-unease-angst-feelings-1-scaled.jpg\"><img decoding=\"async\" loading=\"lazy\" src=\"https:\/\/www.activasalut.com\/wp-content\/uploads\/2024\/09\/anxiety-inducing-imagery-with-unease-angst-feelings-1-1024x771.jpg\" alt=\"\" class=\"wp-image-10718\" width=\"512\" height=\"386\" srcset=\"https:\/\/www.activasalut.com\/wp-content\/uploads\/2024\/09\/anxiety-inducing-imagery-with-unease-angst-feelings-1-1024x771.jpg 1024w, https:\/\/www.activasalut.com\/wp-content\/uploads\/2024\/09\/anxiety-inducing-imagery-with-unease-angst-feelings-1-300x226.jpg 300w, https:\/\/www.activasalut.com\/wp-content\/uploads\/2024\/09\/anxiety-inducing-imagery-with-unease-angst-feelings-1-768x578.jpg 768w, https:\/\/www.activasalut.com\/wp-content\/uploads\/2024\/09\/anxiety-inducing-imagery-with-unease-angst-feelings-1-1536x1157.jpg 1536w, https:\/\/www.activasalut.com\/wp-content\/uploads\/2024\/09\/anxiety-inducing-imagery-with-unease-angst-feelings-1-2048x1543.jpg 2048w\" sizes=\"(max-width: 512px) 100vw, 512px\" \/><\/a><\/figure><\/div>\n\n\n<div style=\"height:23px\" aria-hidden=\"true\" class=\"wp-block-spacer\"><\/div>\n\n\n\n<p>A m\u00e9s de l&#8217;estr\u00e8s, hi ha altres causes com desordres del son, la posici\u00f3 de la mand\u00edbula o la dentadura, aix\u00ed com factors emocionals i f\u00edsics. Problemes d&#8217;alineaci\u00f3 dental o de la mand\u00edbula, aix\u00ed com el consum de certes subst\u00e0ncies com la cafe\u00efna o l&#8217;alcohol, tamb\u00e9 s&#8217;han associat amb el bruxisme.<\/p>\n\n\n\n<h3>S\u00edmptomes: Qu\u00e8 fa mal quan tens bruxisme?<\/h3>\n\n\n\n<p>Recon\u00e8ixer els s\u00edmptomes del bruxisme pot ser crucial per a prendre mesures preventives. Alguns dels s\u00edmptomes m\u00e9s comuns inclouen:<\/p>\n\n\n\n<ul>\n<li>1. <strong>Dolor facial: <\/strong>Sensaci\u00f3 de dolor o pressi\u00f3 a la cara, especialment en despertar al mat\u00ed.<\/li>\n\n\n\n<li>2.<strong> Mal de cap: <\/strong>Mal de cap, especialment a la zona de les temples.<\/li>\n<\/ul>\n\n\n<div class=\"wp-block-image\">\n<figure class=\"aligncenter size-large is-resized\"><a href=\"https:\/\/www.activasalut.com\/wp-content\/uploads\/2024\/09\/SINUS-1-1-scaled.jpg\"><img decoding=\"async\" loading=\"lazy\" src=\"https:\/\/www.activasalut.com\/wp-content\/uploads\/2024\/09\/SINUS-1-1-1024x683.jpg\" alt=\"\" class=\"wp-image-10720\" width=\"512\" height=\"342\" srcset=\"https:\/\/www.activasalut.com\/wp-content\/uploads\/2024\/09\/SINUS-1-1-1024x683.jpg 1024w, https:\/\/www.activasalut.com\/wp-content\/uploads\/2024\/09\/SINUS-1-1-300x200.jpg 300w, https:\/\/www.activasalut.com\/wp-content\/uploads\/2024\/09\/SINUS-1-1-768x512.jpg 768w, https:\/\/www.activasalut.com\/wp-content\/uploads\/2024\/09\/SINUS-1-1-1536x1024.jpg 1536w, https:\/\/www.activasalut.com\/wp-content\/uploads\/2024\/09\/SINUS-1-1-2048x1365.jpg 2048w, https:\/\/www.activasalut.com\/wp-content\/uploads\/2024\/09\/SINUS-1-1-604x402.jpg 604w\" sizes=\"(max-width: 512px) 100vw, 512px\" \/><\/a><\/figure><\/div>\n\n\n<div style=\"height:21px\" aria-hidden=\"true\" class=\"wp-block-spacer\"><\/div>\n\n\n\n<ul>\n<li>3. <strong>Desgast anormal de les dents: <\/strong>Dents desgastades o fracturades a causa del moviment de grinyolar (fregar unes dents amb els altres).<\/li>\n\n\n\n<li>4. <strong>Sensibilitat dental<\/strong>: Major sensibilitat a la calor o al fred a les dents.<\/li>\n\n\n\n<li>5. <strong>Rigidesa o dolor a la mand\u00edbula: <\/strong>Dificultat per obrir o tancar la boca completament, acompanyada de mol\u00e8sties a la mand\u00edbula.<\/li>\n\n\n\n<li>6. <strong>Problemes per a dormir: <\/strong>El bruxisme pot interrompre el son, tant per a la persona que el pateix com per als que dormen a prop.<\/li>\n<\/ul>\n\n\n\n<h3>Com es pot eliminar o tractar el bruxisme des de la fisioter\u00e0pia?<\/h3>\n\n\n\n<p>La fisioter\u00e0pia juga un paper essencial en el maneig i el tractament del bruxisme, centrant-se en la mand\u00edbula i la regi\u00f3 orofacial per abordar els s\u00edmptomes i millorar la funcionalitat mandibular. Un fisioterapeuta especialitzat pot oferir diferents ter\u00e0pies i exercicis espec\u00edfics per a reduir els s\u00edmptomes i prevenir la recurr\u00e8ncia del bruxisme.<\/p>\n\n\n\n<p>Enfocaments de Tractament Fisioterap\u00e8utic:<\/p>\n\n\n\n<ul>\n<li><strong>1. Avaluaci\u00f3 personalitzada: <\/strong>Un fisioterapeuta expert dur\u00e0 a terme una avaluaci\u00f3 detallada per a comprendre l&#8217;abast del bruxisme i els seus efectes a la mand\u00edbula, els m\u00fasculs i les articulacions associades.<\/li>\n\n\n\n<li><strong>2. Ter\u00e0pia de relaxaci\u00f3 muscular: <\/strong>S&#8217;utilitzen t\u00e8cniques per a relaxar els m\u00fasculs tant de la mand\u00edbula com de la cara, el crani i el coll, disminuint aix\u00ed la pressi\u00f3 i la tensi\u00f3 associada al bruxisme.<\/li>\n<\/ul>\n\n\n<div class=\"wp-block-image\">\n<figure class=\"aligncenter size-large is-resized\"><a href=\"https:\/\/www.activasalut.com\/wp-content\/uploads\/2024\/09\/osteopathy-patoient-getting-tretment-massage-1-scaled.jpg\"><img decoding=\"async\" loading=\"lazy\" src=\"https:\/\/www.activasalut.com\/wp-content\/uploads\/2024\/09\/osteopathy-patoient-getting-tretment-massage-1-1024x683.jpg\" alt=\"\" class=\"wp-image-10723\" width=\"512\" height=\"342\" srcset=\"https:\/\/www.activasalut.com\/wp-content\/uploads\/2024\/09\/osteopathy-patoient-getting-tretment-massage-1-1024x683.jpg 1024w, https:\/\/www.activasalut.com\/wp-content\/uploads\/2024\/09\/osteopathy-patoient-getting-tretment-massage-1-300x200.jpg 300w, https:\/\/www.activasalut.com\/wp-content\/uploads\/2024\/09\/osteopathy-patoient-getting-tretment-massage-1-768x512.jpg 768w, https:\/\/www.activasalut.com\/wp-content\/uploads\/2024\/09\/osteopathy-patoient-getting-tretment-massage-1-1536x1024.jpg 1536w, https:\/\/www.activasalut.com\/wp-content\/uploads\/2024\/09\/osteopathy-patoient-getting-tretment-massage-1-2048x1365.jpg 2048w, https:\/\/www.activasalut.com\/wp-content\/uploads\/2024\/09\/osteopathy-patoient-getting-tretment-massage-1-604x402.jpg 604w\" sizes=\"(max-width: 512px) 100vw, 512px\" \/><\/a><\/figure><\/div>\n\n\n<div style=\"height:23px\" aria-hidden=\"true\" class=\"wp-block-spacer\"><\/div>\n\n\n<div class=\"wp-block-image\">\n<figure class=\"aligncenter size-large is-resized\"><a href=\"https:\/\/www.activasalut.com\/wp-content\/uploads\/2024\/09\/facial-tuina-massge-therapy-beutiful-woman-face-1-scaled.jpg\"><img decoding=\"async\" loading=\"lazy\" src=\"https:\/\/www.activasalut.com\/wp-content\/uploads\/2024\/09\/facial-tuina-massge-therapy-beutiful-woman-face-1-1024x683.jpg\" alt=\"\" class=\"wp-image-10725\" width=\"512\" height=\"342\" srcset=\"https:\/\/www.activasalut.com\/wp-content\/uploads\/2024\/09\/facial-tuina-massge-therapy-beutiful-woman-face-1-1024x683.jpg 1024w, https:\/\/www.activasalut.com\/wp-content\/uploads\/2024\/09\/facial-tuina-massge-therapy-beutiful-woman-face-1-300x200.jpg 300w, https:\/\/www.activasalut.com\/wp-content\/uploads\/2024\/09\/facial-tuina-massge-therapy-beutiful-woman-face-1-768x512.jpg 768w, https:\/\/www.activasalut.com\/wp-content\/uploads\/2024\/09\/facial-tuina-massge-therapy-beutiful-woman-face-1-1536x1024.jpg 1536w, https:\/\/www.activasalut.com\/wp-content\/uploads\/2024\/09\/facial-tuina-massge-therapy-beutiful-woman-face-1-2048x1365.jpg 2048w, https:\/\/www.activasalut.com\/wp-content\/uploads\/2024\/09\/facial-tuina-massge-therapy-beutiful-woman-face-1-604x402.jpg 604w\" sizes=\"(max-width: 512px) 100vw, 512px\" \/><\/a><\/figure><\/div>\n\n\n<div style=\"height:25px\" aria-hidden=\"true\" class=\"wp-block-spacer\"><\/div>\n\n\n\n<ul>\n<li><strong>3. Exercicis terap\u00e8utics: <\/strong>Es prescriuen exercicis espec\u00edfics per a enfortir i estabilitzar els m\u00fasculs de la mand\u00edbula, cosa que pot ajudar a prevenir la recurr\u00e8ncia del bruxisme.<\/li>\n\n\n\n<li><strong>4. Modificaci\u00f3 del comportament<\/strong>: S&#8217;ofereixen pautes per a modificar els h\u00e0bits involucrats en el bruxisme, cosa que pot incloure recomanacions per a millorar la postura, la respiraci\u00f3 i la relaxaci\u00f3.<\/li>\n<\/ul>\n\n\n<div class=\"wp-block-image\">\n<figure class=\"aligncenter size-large is-resized\"><a href=\"https:\/\/www.activasalut.com\/wp-content\/uploads\/2024\/09\/FITNES1-1-scaled.jpg\"><img decoding=\"async\" loading=\"lazy\" src=\"https:\/\/www.activasalut.com\/wp-content\/uploads\/2024\/09\/FITNES1-1-1024x683.jpg\" alt=\"\" class=\"wp-image-10727\" width=\"512\" height=\"342\" srcset=\"https:\/\/www.activasalut.com\/wp-content\/uploads\/2024\/09\/FITNES1-1-1024x683.jpg 1024w, https:\/\/www.activasalut.com\/wp-content\/uploads\/2024\/09\/FITNES1-1-300x200.jpg 300w, https:\/\/www.activasalut.com\/wp-content\/uploads\/2024\/09\/FITNES1-1-768x512.jpg 768w, https:\/\/www.activasalut.com\/wp-content\/uploads\/2024\/09\/FITNES1-1-1536x1025.jpg 1536w, https:\/\/www.activasalut.com\/wp-content\/uploads\/2024\/09\/FITNES1-1-2048x1366.jpg 2048w, https:\/\/www.activasalut.com\/wp-content\/uploads\/2024\/09\/FITNES1-1-604x402.jpg 604w\" sizes=\"(max-width: 512px) 100vw, 512px\" \/><\/a><\/figure><\/div>\n\n\n<div style=\"height:30px\" aria-hidden=\"true\" class=\"wp-block-spacer\"><\/div>\n\n\n\n<ul>\n<li><strong>5. Dispositius de protecci\u00f3: <\/strong>En alguns casos, els odont\u00f2legs poden suggerir dispositius com f\u00e8rules dentals per a protegir les dents i reduir el dany causat pel fet de grinyolar durant la nit.<\/li>\n<\/ul>\n\n\n<div class=\"wp-block-image\">\n<figure class=\"aligncenter size-large is-resized\"><a href=\"https:\/\/www.activasalut.com\/wp-content\/uploads\/2024\/09\/two-dental-whitening-trays-box-it-1-1-scaled.jpg\"><img decoding=\"async\" loading=\"lazy\" src=\"https:\/\/www.activasalut.com\/wp-content\/uploads\/2024\/09\/two-dental-whitening-trays-box-it-1-1-1024x683.jpg\" alt=\"\" class=\"wp-image-10729\" width=\"512\" height=\"342\" srcset=\"https:\/\/www.activasalut.com\/wp-content\/uploads\/2024\/09\/two-dental-whitening-trays-box-it-1-1-1024x683.jpg 1024w, https:\/\/www.activasalut.com\/wp-content\/uploads\/2024\/09\/two-dental-whitening-trays-box-it-1-1-300x200.jpg 300w, https:\/\/www.activasalut.com\/wp-content\/uploads\/2024\/09\/two-dental-whitening-trays-box-it-1-1-768x512.jpg 768w, https:\/\/www.activasalut.com\/wp-content\/uploads\/2024\/09\/two-dental-whitening-trays-box-it-1-1-1536x1024.jpg 1536w, https:\/\/www.activasalut.com\/wp-content\/uploads\/2024\/09\/two-dental-whitening-trays-box-it-1-1-2048x1366.jpg 2048w, https:\/\/www.activasalut.com\/wp-content\/uploads\/2024\/09\/two-dental-whitening-trays-box-it-1-1-604x402.jpg 604w\" sizes=\"(max-width: 512px) 100vw, 512px\" \/><\/a><\/figure><\/div>\n\n\n<div style=\"height:23px\" aria-hidden=\"true\" class=\"wp-block-spacer\"><\/div>\n\n\n\n<h3>Conclusi\u00f3<\/h3>\n\n\n\n<p>El bruxisme \u00e9s un trastorn que pot afectar significativament la qualitat de vida d\u2019una persona, per\u00f2 amb l\u2019atenci\u00f3 adequada, pot ser controlat i tractat de manera efectiva. La fisioter\u00e0pia ofereix un enfocament integral per abordar aquest problema, millorant la funcionalitat mandibular i reduint el malestar associat amb el bruxisme.<\/p>\n\n\n\n<p>Si experimentes qualsevol dels s\u00edmptomes esmentats o sospites de patir bruxisme, no dubtis a buscar l&#8217;orientaci\u00f3 d&#8217;un fisioterapeuta especialitzat en trastorns orofacials per a rebre un tractament personalitzat i efectiu. La teva salut dental i benestar general t&#8217;ho agrairan!<\/p>\n\n\n\n<h4>Si necessites m\u00e9s informaci\u00f3 pots emplenar el seg\u00fcent formulari i contactarem amb tu. Tamb\u00e9 pots consultar la nostra xarxa de <a href=\"https:\/\/www.fisiogestion.com\/centros\/\">centres<\/a> de fisioter\u00e0pia! <\/h4>\n\n\n\n<p><\/p>\n\n\n\n<div style=\"height:30px\" aria-hidden=\"true\" class=\"wp-block-spacer\"><\/div>\n\n\n\n<div class=\"wp-block-contact-form-7-contact-form-selector\">\n<div class=\"wpcf7 no-js\" id=\"wpcf7-f5253-o1\" lang=\"es-ES\" dir=\"ltr\">\n<div class=\"screen-reader-response\"><p role=\"status\" aria-live=\"polite\" aria-atomic=\"true\"><\/p> <ul><\/ul><\/div>\n<form action=\"\/ca\/wp-json\/wp\/v2\/posts\/10717#wpcf7-f5253-o1\" method=\"post\" class=\"wpcf7-form init\" aria-label=\"Formulario de contacto\" novalidate=\"novalidate\" data-status=\"init\">\n<div style=\"display: none;\">\n<input type=\"hidden\" name=\"_wpcf7\" value=\"5253\" \/>\n<input type=\"hidden\" name=\"_wpcf7_version\" value=\"5.7.3\" \/>\n<input type=\"hidden\" name=\"_wpcf7_locale\" value=\"es_ES\" \/>\n<input type=\"hidden\" name=\"_wpcf7_unit_tag\" value=\"wpcf7-f5253-o1\" \/>\n<input type=\"hidden\" name=\"_wpcf7_container_post\" value=\"0\" \/>\n<input type=\"hidden\" name=\"_wpcf7_posted_data_hash\" value=\"\" \/>\n<input type=\"hidden\" name=\"_wpcf7_recaptcha_response\" value=\"\" \/>\n<\/div>\n<div class=\"wpcf7-response-output\" aria-hidden=\"true\"><\/div>\n<div class='comment-form'>\n\t<div class=\"comment-form-inputs\">\n\t\t<p><span class=\"wpcf7-form-control-wrap\" data-name=\"nombre\"><input size=\"40\" class=\"wpcf7-form-control wpcf7-text wpcf7-validates-as-required\" id=\"nombre\" aria-required=\"true\" aria-invalid=\"false\" placeholder=\"Nom (requerit)\" value=\"\" type=\"text\" name=\"nombre\" \/><\/span>\n\t\t<\/p>\n\t\t<p><span class=\"wpcf7-form-control-wrap\" data-name=\"apellidos\"><input size=\"40\" class=\"wpcf7-form-control wpcf7-text wpcf7-validates-as-required\" id=\"apellidos\" aria-required=\"true\" aria-invalid=\"false\" placeholder=\"Cognoms (requerit)\" value=\"\" type=\"text\" name=\"apellidos\" \/><\/span>\n\t\t<\/p>\n\t\t<p><span class=\"wpcf7-form-control-wrap\" data-name=\"email\"><input size=\"40\" class=\"wpcf7-form-control wpcf7-text wpcf7-email wpcf7-validates-as-required wpcf7-validates-as-email\" id=\"email\" aria-required=\"true\" aria-invalid=\"false\" placeholder=\"Email (requerit)\" value=\"\" type=\"email\" name=\"email\" \/><\/span>\n\t\t<\/p>\n\t\t<p><span class=\"wpcf7-form-control-wrap\" data-name=\"telefono\"><input size=\"40\" class=\"wpcf7-form-control wpcf7-text wpcf7-tel wpcf7-validates-as-required wpcf7-validates-as-tel\" id=\"telefono\" aria-required=\"true\" aria-invalid=\"false\" placeholder=\"Tel\u00e8fon (requerit)\" value=\"\" type=\"tel\" name=\"telefono\" \/><\/span>\n\t\t<\/p>\n\t<\/div>\n\t<p><span class=\"wpcf7-form-control-wrap\" data-name=\"mensaje\"><textarea cols=\"39\" rows=\"10\" class=\"wpcf7-form-control wpcf7-textarea wpcf7-validates-as-required\" id=\"mensaje\" aria-required=\"true\" aria-invalid=\"false\" placeholder=\"Missatge (requerit)\" name=\"mensaje\"><\/textarea><\/span>\n\t<\/p>\n\t<p class=\"form-submit\"><input class=\"wpcf7-form-control has-spinner wpcf7-submit\" type=\"submit\" value=\"Enviar\" \/>\n\t<\/p>\n<\/div>\n<p style=\"text-align:justify; color:#383838;\"><br \/>\n<em>L\u2019informem que les dades recollides al present formulari, seran tractades per Corporaci\u00f3 d'Administraci\u00f3 Sanit\u00e0ria A.I.E., per poder atendre i donar resposta a la seva sol\u00b7licitud d\u2018informaci\u00f3. Si necessita m\u00e9s informaci\u00f3 o vol exercir els seus drets sobre aquestes dades consulti la nostra <a href=\"https:\/\/www.fisiogestion.com\/ca\/politica-privacidad\/\">Pol\u00edtica de Privacitat<\/a>.<\/em>\n<\/p>\n<\/form>\n<\/div>\n<\/div>\n","protected":false},"excerpt":{"rendered":"<p>El bruxisme, un trastorn com\u00fa, per\u00f2 sovint subestimat, afecta una gran quantitat de persones a tot el m\u00f3n. Aquesta condici\u00f3 es manifesta a trav\u00e9s<a class=\"moretag\" href=\"https:\/\/www.activasalut.com\/ca\/bruxisme-causes-simptomes-i-tractament-des-de-la-fisioterapia\/\">Llegeix m\u00e9s&#8230;<\/a><\/p>\n","protected":false},"author":135,"featured_media":10715,"comment_status":"open","ping_status":"closed","sticky":false,"template":"","format":"standard","meta":[],"categories":[587,446],"tags":[1429,3701,1184,854],"yoast_head":"<!-- This site is optimized with the Yoast SEO plugin v20.0 - https:\/\/yoast.com\/wordpress\/plugins\/seo\/ -->\n<title>Bruxisme: Causes, s\u00edmptomes i tractament des de la Fisioter\u00e0pia<\/title>\n<meta name=\"description\" content=\"El bruxisme, un trastorn com\u00fa, per\u00f2 sovint subestimat, que afecta una gran quantitat de persones a tot el m\u00f3n. Aquesta condici\u00f3 es manifesta a trav\u00e9s de grinyolar o estr\u00e8nyer les dents de forma involunt\u00e0ria, generalment durant la nit i pot tenir implicacions significatives en la salut bucal i el benestar general.\" \/>\n<meta name=\"robots\" content=\"index, follow, max-snippet:-1, max-image-preview:large, max-video-preview:-1\" \/>\n<link rel=\"canonical\" href=\"https:\/\/www.activasalut.com\/ca\/bruxisme-causes-simptomes-i-tractament-des-de-la-fisioterapia\/\" \/>\n<meta property=\"og:locale\" content=\"ca_ES\" \/>\n<meta property=\"og:type\" content=\"article\" \/>\n<meta property=\"og:title\" content=\"Bruxisme: Causes, s\u00edmptomes i tractament des de la Fisioter\u00e0pia\" \/>\n<meta property=\"og:description\" content=\"El bruxisme, un trastorn com\u00fa, per\u00f2 sovint subestimat, que afecta una gran quantitat de persones a tot el m\u00f3n. Aquesta condici\u00f3 es manifesta a trav\u00e9s de grinyolar o estr\u00e8nyer les dents de forma involunt\u00e0ria, generalment durant la nit i pot tenir implicacions significatives en la salut bucal i el benestar general.\" \/>\n<meta property=\"og:url\" content=\"https:\/\/www.activasalut.com\/ca\/bruxisme-causes-simptomes-i-tractament-des-de-la-fisioterapia\/\" \/>\n<meta property=\"og:site_name\" content=\"Corporaci\u00f3 Fisiogesti\u00f3\" \/>\n<meta property=\"article:published_time\" content=\"2024-09-16T14:00:39+00:00\" \/>\n<meta property=\"article:modified_time\" content=\"2024-09-16T14:00:41+00:00\" \/>\n<meta property=\"og:image\" content=\"https:\/\/www.activasalut.com\/wp-content\/uploads\/2024\/09\/TOOTH-1-scaled.jpg\" \/>\n\t<meta property=\"og:image:width\" content=\"2560\" \/>\n\t<meta property=\"og:image:height\" content=\"1707\" \/>\n\t<meta property=\"og:image:type\" content=\"image\/jpeg\" \/>\n<meta name=\"author\" content=\"Sara L\u00f3pez\" \/>\n<meta name=\"twitter:label1\" content=\"Escrit per\" \/>\n\t<meta name=\"twitter:data1\" content=\"Sara L\u00f3pez\" \/>\n\t<meta name=\"twitter:label2\" content=\"Temps estimat de lectura\" \/>\n\t<meta name=\"twitter:data2\" content=\"5 minuts\" \/>\n<script type=\"application\/ld+json\" class=\"yoast-schema-graph\">{\"@context\":\"https:\/\/schema.org\",\"@graph\":[{\"@type\":\"WebPage\",\"@id\":\"https:\/\/www.activasalut.com\/ca\/bruxisme-causes-simptomes-i-tractament-des-de-la-fisioterapia\/\",\"url\":\"https:\/\/www.activasalut.com\/ca\/bruxisme-causes-simptomes-i-tractament-des-de-la-fisioterapia\/\",\"name\":\"Bruxisme: Causes, s\u00edmptomes i tractament des de la Fisioter\u00e0pia\",\"isPartOf\":{\"@id\":\"https:\/\/www.activasalut.com\/ca\/#website\"},\"datePublished\":\"2024-09-16T14:00:39+00:00\",\"dateModified\":\"2024-09-16T14:00:41+00:00\",\"author\":{\"@id\":\"https:\/\/www.activasalut.com\/ca\/#\/schema\/person\/75c7bf65ea1f172344fb485ec3250d76\"},\"description\":\"El bruxisme, un trastorn com\u00fa, per\u00f2 sovint subestimat, que afecta una gran quantitat de persones a tot el m\u00f3n. Aquesta condici\u00f3 es manifesta a trav\u00e9s de grinyolar o estr\u00e8nyer les dents de forma involunt\u00e0ria, generalment durant la nit i pot tenir implicacions significatives en la salut bucal i el benestar general.\",\"breadcrumb\":{\"@id\":\"https:\/\/www.activasalut.com\/ca\/bruxisme-causes-simptomes-i-tractament-des-de-la-fisioterapia\/#breadcrumb\"},\"inLanguage\":\"ca\",\"potentialAction\":[{\"@type\":\"ReadAction\",\"target\":[\"https:\/\/www.activasalut.com\/ca\/bruxisme-causes-simptomes-i-tractament-des-de-la-fisioterapia\/\"]}]},{\"@type\":\"BreadcrumbList\",\"@id\":\"https:\/\/www.activasalut.com\/ca\/bruxisme-causes-simptomes-i-tractament-des-de-la-fisioterapia\/#breadcrumb\",\"itemListElement\":[{\"@type\":\"ListItem\",\"position\":1,\"name\":\"Portada\",\"item\":\"https:\/\/www.activasalut.com\/ca\/\"},{\"@type\":\"ListItem\",\"position\":2,\"name\":\"Bruxisme: Causes, s\u00edmptomes i tractament des de la Fisioter\u00e0pia\"}]},{\"@type\":\"WebSite\",\"@id\":\"https:\/\/www.activasalut.com\/ca\/#website\",\"url\":\"https:\/\/www.activasalut.com\/ca\/\",\"name\":\"Corporaci\u00f3n fisiogesti\u00f3n\",\"description\":\"Activa la teva salut\",\"potentialAction\":[{\"@type\":\"SearchAction\",\"target\":{\"@type\":\"EntryPoint\",\"urlTemplate\":\"https:\/\/www.activasalut.com\/ca\/?s={search_term_string}\"},\"query-input\":\"required name=search_term_string\"}],\"inLanguage\":\"ca\"},{\"@type\":\"Person\",\"@id\":\"https:\/\/www.activasalut.com\/ca\/#\/schema\/person\/75c7bf65ea1f172344fb485ec3250d76\",\"name\":\"Sara L\u00f3pez\",\"image\":{\"@type\":\"ImageObject\",\"inLanguage\":\"ca\",\"@id\":\"https:\/\/www.activasalut.com\/ca\/#\/schema\/person\/image\/\",\"url\":\"https:\/\/secure.gravatar.com\/avatar\/5d44cccabf9c230f03a619f58ee53f8f?s=96&d=mm&r=g\",\"contentUrl\":\"https:\/\/secure.gravatar.com\/avatar\/5d44cccabf9c230f03a619f58ee53f8f?s=96&d=mm&r=g\",\"caption\":\"Sara L\u00f3pez\"},\"description\":\"Fisioterapeuta y Coordinadora del Centro Corporaci\u00f3n Fisiogesti\u00f3n Getafe.\",\"url\":\"https:\/\/www.activasalut.com\/ca\/author\/sara-lopez\/\"}]}<\/script>\n<!-- \/ Yoast SEO plugin. -->","yoast_head_json":{"title":"Bruxisme: Causes, s\u00edmptomes i tractament des de la Fisioter\u00e0pia","description":"El bruxisme, un trastorn com\u00fa, per\u00f2 sovint subestimat, que afecta una gran quantitat de persones a tot el m\u00f3n. Aquesta condici\u00f3 es manifesta a trav\u00e9s de grinyolar o estr\u00e8nyer les dents de forma involunt\u00e0ria, generalment durant la nit i pot tenir implicacions significatives en la salut bucal i el benestar general.","robots":{"index":"index","follow":"follow","max-snippet":"max-snippet:-1","max-image-preview":"max-image-preview:large","max-video-preview":"max-video-preview:-1"},"canonical":"https:\/\/www.activasalut.com\/ca\/bruxisme-causes-simptomes-i-tractament-des-de-la-fisioterapia\/","og_locale":"ca_ES","og_type":"article","og_title":"Bruxisme: Causes, s\u00edmptomes i tractament des de la Fisioter\u00e0pia","og_description":"El bruxisme, un trastorn com\u00fa, per\u00f2 sovint subestimat, que afecta una gran quantitat de persones a tot el m\u00f3n. Aquesta condici\u00f3 es manifesta a trav\u00e9s de grinyolar o estr\u00e8nyer les dents de forma involunt\u00e0ria, generalment durant la nit i pot tenir implicacions significatives en la salut bucal i el benestar general.","og_url":"https:\/\/www.activasalut.com\/ca\/bruxisme-causes-simptomes-i-tractament-des-de-la-fisioterapia\/","og_site_name":"Corporaci\u00f3 Fisiogesti\u00f3","article_published_time":"2024-09-16T14:00:39+00:00","article_modified_time":"2024-09-16T14:00:41+00:00","og_image":[{"width":2560,"height":1707,"url":"https:\/\/www.activasalut.com\/wp-content\/uploads\/2024\/09\/TOOTH-1-scaled.jpg","type":"image\/jpeg"}],"author":"Sara L\u00f3pez","twitter_misc":{"Escrit per":"Sara L\u00f3pez","Temps estimat de lectura":"5 minuts"},"schema":{"@context":"https:\/\/schema.org","@graph":[{"@type":"WebPage","@id":"https:\/\/www.activasalut.com\/ca\/bruxisme-causes-simptomes-i-tractament-des-de-la-fisioterapia\/","url":"https:\/\/www.activasalut.com\/ca\/bruxisme-causes-simptomes-i-tractament-des-de-la-fisioterapia\/","name":"Bruxisme: Causes, s\u00edmptomes i tractament des de la Fisioter\u00e0pia","isPartOf":{"@id":"https:\/\/www.activasalut.com\/ca\/#website"},"datePublished":"2024-09-16T14:00:39+00:00","dateModified":"2024-09-16T14:00:41+00:00","author":{"@id":"https:\/\/www.activasalut.com\/ca\/#\/schema\/person\/75c7bf65ea1f172344fb485ec3250d76"},"description":"El bruxisme, un trastorn com\u00fa, per\u00f2 sovint subestimat, que afecta una gran quantitat de persones a tot el m\u00f3n. Aquesta condici\u00f3 es manifesta a trav\u00e9s de grinyolar o estr\u00e8nyer les dents de forma involunt\u00e0ria, generalment durant la nit i pot tenir implicacions significatives en la salut bucal i el benestar general.","breadcrumb":{"@id":"https:\/\/www.activasalut.com\/ca\/bruxisme-causes-simptomes-i-tractament-des-de-la-fisioterapia\/#breadcrumb"},"inLanguage":"ca","potentialAction":[{"@type":"ReadAction","target":["https:\/\/www.activasalut.com\/ca\/bruxisme-causes-simptomes-i-tractament-des-de-la-fisioterapia\/"]}]},{"@type":"BreadcrumbList","@id":"https:\/\/www.activasalut.com\/ca\/bruxisme-causes-simptomes-i-tractament-des-de-la-fisioterapia\/#breadcrumb","itemListElement":[{"@type":"ListItem","position":1,"name":"Portada","item":"https:\/\/www.activasalut.com\/ca\/"},{"@type":"ListItem","position":2,"name":"Bruxisme: Causes, s\u00edmptomes i tractament des de la Fisioter\u00e0pia"}]},{"@type":"WebSite","@id":"https:\/\/www.activasalut.com\/ca\/#website","url":"https:\/\/www.activasalut.com\/ca\/","name":"Corporaci\u00f3n fisiogesti\u00f3n","description":"Activa la teva salut","potentialAction":[{"@type":"SearchAction","target":{"@type":"EntryPoint","urlTemplate":"https:\/\/www.activasalut.com\/ca\/?s={search_term_string}"},"query-input":"required name=search_term_string"}],"inLanguage":"ca"},{"@type":"Person","@id":"https:\/\/www.activasalut.com\/ca\/#\/schema\/person\/75c7bf65ea1f172344fb485ec3250d76","name":"Sara L\u00f3pez","image":{"@type":"ImageObject","inLanguage":"ca","@id":"https:\/\/www.activasalut.com\/ca\/#\/schema\/person\/image\/","url":"https:\/\/secure.gravatar.com\/avatar\/5d44cccabf9c230f03a619f58ee53f8f?s=96&d=mm&r=g","contentUrl":"https:\/\/secure.gravatar.com\/avatar\/5d44cccabf9c230f03a619f58ee53f8f?s=96&d=mm&r=g","caption":"Sara L\u00f3pez"},"description":"Fisioterapeuta y Coordinadora del Centro Corporaci\u00f3n Fisiogesti\u00f3n Getafe.","url":"https:\/\/www.activasalut.com\/ca\/author\/sara-lopez\/"}]}},"_links":{"self":[{"href":"https:\/\/www.activasalut.com\/ca\/wp-json\/wp\/v2\/posts\/10717"}],"collection":[{"href":"https:\/\/www.activasalut.com\/ca\/wp-json\/wp\/v2\/posts"}],"about":[{"href":"https:\/\/www.activasalut.com\/ca\/wp-json\/wp\/v2\/types\/post"}],"author":[{"embeddable":true,"href":"https:\/\/www.activasalut.com\/ca\/wp-json\/wp\/v2\/users\/135"}],"replies":[{"embeddable":true,"href":"https:\/\/www.activasalut.com\/ca\/wp-json\/wp\/v2\/comments?post=10717"}],"version-history":[{"count":2,"href":"https:\/\/www.activasalut.com\/ca\/wp-json\/wp\/v2\/posts\/10717\/revisions"}],"predecessor-version":[{"id":10731,"href":"https:\/\/www.activasalut.com\/ca\/wp-json\/wp\/v2\/posts\/10717\/revisions\/10731"}],"wp:featuredmedia":[{"embeddable":true,"href":"https:\/\/www.activasalut.com\/ca\/wp-json\/wp\/v2\/media\/10715"}],"wp:attachment":[{"href":"https:\/\/www.activasalut.com\/ca\/wp-json\/wp\/v2\/media?parent=10717"}],"wp:term":[{"taxonomy":"category","embeddable":true,"href":"https:\/\/www.activasalut.com\/ca\/wp-json\/wp\/v2\/categories?post=10717"},{"taxonomy":"post_tag","embeddable":true,"href":"https:\/\/www.activasalut.com\/ca\/wp-json\/wp\/v2\/tags?post=10717"}],"curies":[{"name":"wp","href":"https:\/\/api.w.org\/{rel}","templated":true}]}}