{"id":11396,"date":"2025-02-10T15:38:02","date_gmt":"2025-02-10T14:38:02","guid":{"rendered":"https:\/\/www.activasalut.com\/?p=11396"},"modified":"2025-02-11T09:41:05","modified_gmt":"2025-02-11T08:41:05","slug":"que-es-la-fisioterapia-dermatofuncional-o-fisioestetica","status":"publish","type":"post","link":"https:\/\/www.activasalut.com\/ca\/que-es-la-fisioterapia-dermatofuncional-o-fisioestetica\/","title":{"rendered":"Qu\u00e8 \u00e9s la fisioter\u00e0pia\u00a0dermatofuncional\u00a0o\u00a0fisioest\u00e8tica?"},"content":{"rendered":"\n<p>La fisioter\u00e0pia&nbsp;dermatofuncional, \u00e9s la branca de la fisioter\u00e0pia que s&#8217;encarrega de prevenir, diagnosticar, i tractar les disfuncions relacionades amb la pell i el teixit subcutani, la funci\u00f3 muscular i totes les afeccions que poden estar relacionades. Aquesta branca de la fisioter\u00e0pia no sols tracta l&#8217;aspecte est\u00e8tic de la pell, sin\u00f3 tamb\u00e9 la seva funci\u00f3, tant a nivell corporal com facial, sigui per una lesi\u00f3, patologia o pel mateix proc\u00e9s natural d&#8217;envelliment.<\/p>\n\n\n\n<!--more-->\n\n\n<div class=\"wp-block-image\">\n<figure class=\"aligncenter size-large is-resized\"><a href=\"https:\/\/www.activasalut.com\/wp-content\/uploads\/2025\/02\/cuerpo-1-scaled.jpg\"><img decoding=\"async\" loading=\"lazy\" src=\"https:\/\/www.activasalut.com\/wp-content\/uploads\/2025\/02\/cuerpo-1-1024x476.jpg\" alt=\"\" class=\"wp-image-11397\" width=\"512\" height=\"238\" srcset=\"https:\/\/www.activasalut.com\/wp-content\/uploads\/2025\/02\/cuerpo-1-1024x476.jpg 1024w, https:\/\/www.activasalut.com\/wp-content\/uploads\/2025\/02\/cuerpo-1-300x139.jpg 300w, https:\/\/www.activasalut.com\/wp-content\/uploads\/2025\/02\/cuerpo-1-768x357.jpg 768w, https:\/\/www.activasalut.com\/wp-content\/uploads\/2025\/02\/cuerpo-1-1536x714.jpg 1536w, https:\/\/www.activasalut.com\/wp-content\/uploads\/2025\/02\/cuerpo-1-2048x952.jpg 2048w\" sizes=\"(max-width: 512px) 100vw, 512px\" \/><\/a><\/figure><\/div>\n\n\n<div style=\"height:30px\" aria-hidden=\"true\" class=\"wp-block-spacer\"><\/div>\n\n\n\n<h3><strong>Aix\u00ed m\u00e9s concretament, qu\u00e8 podem tractar amb la fisioter\u00e0pia&nbsp;dermatofuncional?<\/strong><\/h3>\n\n\n\n<p>Doncs dins de totes les aplicacions que t\u00e9 la fisioter\u00e0pia&nbsp;dermatofuncional&nbsp;podr\u00edem destacar algunes com s\u00f3n: el tractament de les cremades, les cicatrius, les arrugues, la flaccidesa, la&nbsp;paniculopat\u00eda&nbsp;edemato&nbsp;fibro&nbsp;escler\u00f2tica o&nbsp;PEFE&nbsp;(comunment coneguda com a pell de taronja), la lipodistr\u00f2fia localitzada (o greix localitzat), els&nbsp;pre&nbsp;i postoperatoris de cirurgies est\u00e8tiques, els limfoedemes, i tamb\u00e9 per exemple les alteracions del s\u00f2l pelvi\u00e0.<\/p>\n\n\n<div class=\"wp-block-image\">\n<figure class=\"aligncenter size-large is-resized\"><a href=\"https:\/\/www.activasalut.com\/wp-content\/uploads\/2025\/02\/celulitis-1-scaled.jpg\"><img decoding=\"async\" loading=\"lazy\" src=\"https:\/\/www.activasalut.com\/wp-content\/uploads\/2025\/02\/celulitis-1-683x1024.jpg\" alt=\"\" class=\"wp-image-11399\" width=\"342\" height=\"512\" srcset=\"https:\/\/www.activasalut.com\/wp-content\/uploads\/2025\/02\/celulitis-1-683x1024.jpg 683w, https:\/\/www.activasalut.com\/wp-content\/uploads\/2025\/02\/celulitis-1-200x300.jpg 200w, https:\/\/www.activasalut.com\/wp-content\/uploads\/2025\/02\/celulitis-1-768x1152.jpg 768w, https:\/\/www.activasalut.com\/wp-content\/uploads\/2025\/02\/celulitis-1-1024x1536.jpg 1024w, https:\/\/www.activasalut.com\/wp-content\/uploads\/2025\/02\/celulitis-1-1365x2048.jpg 1365w, https:\/\/www.activasalut.com\/wp-content\/uploads\/2025\/02\/celulitis-1-scaled.jpg 1707w\" sizes=\"(max-width: 342px) 100vw, 342px\" \/><\/a><\/figure><\/div>\n\n\n<div style=\"height:29px\" aria-hidden=\"true\" class=\"wp-block-spacer\"><\/div>\n\n\n\n<p>En la nostra unitat de fisioter\u00e0pia est\u00e8tica disposem a m\u00e9s de diferents eines per a poder treballar totes aquestes afeccions.<\/p>\n\n\n\n<p>A nivell <strong>d&#8217;aparatolog\u00eda&nbsp;treballem amb<\/strong>&nbsp;<strong>LPG&nbsp;Medical<\/strong>, la qual ens ajuda a millorar la vascularitzaci\u00f3 de la zona que tractem, estimula la producci\u00f3 de col\u00b7lagen, d&#8217;elastina i d&#8217;\u00e0cid hialur\u00f2nic, a m\u00e9s d&#8217;estimular la lip\u00f2lisi natural (descomposici\u00f3 del greix) i millorar les adher\u00e8ncies, entre molts altres beneficis. I tot aix\u00f2 s\u2019aconsegueix, de manera mec\u00e0nica sense dolor i sense efectes secundaris, per la qual cosa \u00e9s una molt bona opci\u00f3 de tractament!<\/p>\n\n\n<div class=\"wp-block-image\">\n<figure class=\"aligncenter size-full\"><a href=\"https:\/\/www.activasalut.com\/wp-content\/uploads\/2025\/02\/lpg_cara-1.jpg\"><img decoding=\"async\" loading=\"lazy\" width=\"225\" height=\"225\" src=\"https:\/\/www.activasalut.com\/wp-content\/uploads\/2025\/02\/lpg_cara-1.jpg\" alt=\"\" class=\"wp-image-11401\" srcset=\"https:\/\/www.activasalut.com\/wp-content\/uploads\/2025\/02\/lpg_cara-1.jpg 225w, https:\/\/www.activasalut.com\/wp-content\/uploads\/2025\/02\/lpg_cara-1-150x150.jpg 150w, https:\/\/www.activasalut.com\/wp-content\/uploads\/2025\/02\/lpg_cara-1-220x220.jpg 220w\" sizes=\"(max-width: 225px) 100vw, 225px\" \/><\/a><\/figure><\/div>\n\n\n<div style=\"height:30px\" aria-hidden=\"true\" class=\"wp-block-spacer\"><\/div>\n\n\n\n<p>Un altre gran pilar de la nostra unitat de&nbsp;fisiotest\u00e9tica&nbsp;\u00e9s el fet de poder comptar amb la m\u00e0quina&nbsp;<strong>Indiba&nbsp;Edna&nbsp;Pro Max<\/strong>, es tracta d&#8217;un equip de radiofreq\u00fc\u00e8ncia que treballa a una freq\u00fc\u00e8ncia espec\u00edfica de 448 KHZ el que provoca uns efectes t\u00e8rmics i&nbsp;subt\u00e8rmics&nbsp;aconseguint resultats notables des de la primera sessi\u00f3. Amb aix\u00f2 aconseguim tres grans efectes sobre el cos, que s\u00f3n: la&nbsp;bioestimulaci\u00f3, la vascularitzaci\u00f3 i la hiperactivaci\u00f3.<\/p>\n\n\n<div class=\"wp-block-image\">\n<figure class=\"aligncenter size-large is-resized\"><a href=\"https:\/\/www.activasalut.com\/wp-content\/uploads\/2025\/02\/indiba-1.jpg\"><img decoding=\"async\" loading=\"lazy\" src=\"https:\/\/www.activasalut.com\/wp-content\/uploads\/2025\/02\/indiba-1-602x1024.jpg\" alt=\"\" class=\"wp-image-11403\" width=\"301\" height=\"512\" srcset=\"https:\/\/www.activasalut.com\/wp-content\/uploads\/2025\/02\/indiba-1-602x1024.jpg 602w, https:\/\/www.activasalut.com\/wp-content\/uploads\/2025\/02\/indiba-1-176x300.jpg 176w, https:\/\/www.activasalut.com\/wp-content\/uploads\/2025\/02\/indiba-1-768x1306.jpg 768w, https:\/\/www.activasalut.com\/wp-content\/uploads\/2025\/02\/indiba-1.jpg 781w\" sizes=\"(max-width: 301px) 100vw, 301px\" \/><\/a><figcaption class=\"wp-element-caption\"><em>M\u00e0quina Indiba pro Max de la nostra unitat de fisioter\u00e0pia est\u00e8tica.<\/em><\/figcaption><\/figure><\/div>\n\n\n<div style=\"height:29px\" aria-hidden=\"true\" class=\"wp-block-spacer\"><\/div>\n\n\n\n<ul>\n<li><strong>La&nbsp;bioestimulaci\u00f3:<\/strong> es tracta d&#8217;un efecte que millora el metabolisme cel\u00b7lular, la circulaci\u00f3 sangu\u00ednia i activa els fibroblasts (tipus de c\u00e8l\u00b7lula que contribueix a la formaci\u00f3 de teixit connectiu).<\/li>\n\n\n\n<li><strong>La vascularitzaci\u00f3:<\/strong> aquest efecte permet aconseguir una dilataci\u00f3 dels vasos sanguinis augmentant el flux sanguini, oxigenant el teixit, i millorant el metabolisme cel\u00b7lular, a m\u00e9s de fomentar el drenatge de l\u00edquids.<\/li>\n\n\n\n<li><strong>La hiperactivaci\u00f3:<\/strong> permet descompondre els dip\u00f2sits de greix,&nbsp;i estimula el drenatge de toxines, augmenta tamb\u00e9 el metabolisme cel\u00b7lular i fomenta la producci\u00f3 de col\u00b7lagen en la zona.<\/li>\n<\/ul>\n\n\n\n<p>Tot aix\u00f2 es tradueix en una millora clara tant de l&#8217;aspecte de la pell com de la seva relaci\u00f3 amb la resta d&#8217;estructures.<\/p>\n\n\n\n<p>Tamb\u00e9 disposem de <strong>l&#8217;equip&nbsp;Ballancer<\/strong>, es tracta d&#8217;un equip de pressoter\u00e0pia d&#8217;\u00faltima generaci\u00f3 amb la qual aconseguim tractar de manera eficient diferents problemes tant vasculars com limf\u00e0tics.<\/p>\n\n\n<div class=\"wp-block-image\">\n<figure class=\"aligncenter size-large is-resized\"><a href=\"https:\/\/www.activasalut.com\/wp-content\/uploads\/2025\/02\/ballancer-1.jpg\"><img decoding=\"async\" loading=\"lazy\" src=\"https:\/\/www.activasalut.com\/wp-content\/uploads\/2025\/02\/ballancer-1-1024x862.jpg\" alt=\"\" class=\"wp-image-11405\" width=\"512\" height=\"431\" srcset=\"https:\/\/www.activasalut.com\/wp-content\/uploads\/2025\/02\/ballancer-1-1024x862.jpg 1024w, https:\/\/www.activasalut.com\/wp-content\/uploads\/2025\/02\/ballancer-1-300x253.jpg 300w, https:\/\/www.activasalut.com\/wp-content\/uploads\/2025\/02\/ballancer-1-768x647.jpg 768w, https:\/\/www.activasalut.com\/wp-content\/uploads\/2025\/02\/ballancer-1.jpg 1159w\" sizes=\"(max-width: 512px) 100vw, 512px\" \/><\/a><figcaption class=\"wp-element-caption\"><em>Equip Ballancer de la nostra unitat de fisioter\u00e0pia est\u00e8tica.<\/em><\/figcaption><\/figure><\/div>\n\n\n<div style=\"height:30px\" aria-hidden=\"true\" class=\"wp-block-spacer\"><\/div>\n\n\n\n<p>Gr\u00e0cies a la seva tecnologia avan\u00e7ada ens ajuda a eliminar toxines i l&#8217;exc\u00e9s de l\u00edquid en el cos, augmenta l&#8217;aportaci\u00f3 sangu\u00ednia dels teixits, per la qual cosa \u00e9s molt efica\u00e7 en problemes de retenci\u00f3 de l\u00edquids, mal to de la pell, cel\u00b7lulitis, exc\u00e9s de greix, entre altres.<\/p>\n\n\n\n<p>Combinant tota aquesta tecnologia i amb els coneixements i experi\u00e8ncia dels nostres fisioterapeutes est\u00e8tics, aconseguim oferir tractaments individualitzats i adequats a les necessitats de cada persona.<\/p>\n\n\n\n<p><\/p>\n\n\n\n<h3>Pel que, si necessites m\u00e9s informaci\u00f3, no dubtis a contactar amb nosaltres, estarem encantades de poder ajudar-te &#x1f60a;<\/h3>\n\n\n\n<div class=\"wp-block-contact-form-7-contact-form-selector\">\n<div class=\"wpcf7 no-js\" id=\"wpcf7-f5253-o1\" lang=\"es-ES\" dir=\"ltr\">\n<div class=\"screen-reader-response\"><p role=\"status\" aria-live=\"polite\" aria-atomic=\"true\"><\/p> <ul><\/ul><\/div>\n<form action=\"\/ca\/wp-json\/wp\/v2\/posts\/11396#wpcf7-f5253-o1\" method=\"post\" class=\"wpcf7-form init\" aria-label=\"Formulario de contacto\" novalidate=\"novalidate\" data-status=\"init\">\n<div style=\"display: none;\">\n<input type=\"hidden\" name=\"_wpcf7\" value=\"5253\" \/>\n<input type=\"hidden\" name=\"_wpcf7_version\" value=\"5.7.3\" \/>\n<input type=\"hidden\" name=\"_wpcf7_locale\" value=\"es_ES\" \/>\n<input type=\"hidden\" name=\"_wpcf7_unit_tag\" value=\"wpcf7-f5253-o1\" \/>\n<input type=\"hidden\" name=\"_wpcf7_container_post\" value=\"0\" \/>\n<input type=\"hidden\" name=\"_wpcf7_posted_data_hash\" value=\"\" \/>\n<input type=\"hidden\" name=\"_wpcf7_recaptcha_response\" value=\"\" \/>\n<\/div>\n<div class=\"wpcf7-response-output\" aria-hidden=\"true\"><\/div>\n<div class='comment-form'>\n\t<div class=\"comment-form-inputs\">\n\t\t<p><span class=\"wpcf7-form-control-wrap\" data-name=\"nombre\"><input size=\"40\" class=\"wpcf7-form-control wpcf7-text wpcf7-validates-as-required\" id=\"nombre\" aria-required=\"true\" aria-invalid=\"false\" placeholder=\"Nom (requerit)\" value=\"\" type=\"text\" name=\"nombre\" \/><\/span>\n\t\t<\/p>\n\t\t<p><span class=\"wpcf7-form-control-wrap\" data-name=\"apellidos\"><input size=\"40\" class=\"wpcf7-form-control wpcf7-text wpcf7-validates-as-required\" id=\"apellidos\" aria-required=\"true\" aria-invalid=\"false\" placeholder=\"Cognoms (requerit)\" value=\"\" type=\"text\" name=\"apellidos\" \/><\/span>\n\t\t<\/p>\n\t\t<p><span class=\"wpcf7-form-control-wrap\" data-name=\"email\"><input size=\"40\" class=\"wpcf7-form-control wpcf7-text wpcf7-email wpcf7-validates-as-required wpcf7-validates-as-email\" id=\"email\" aria-required=\"true\" aria-invalid=\"false\" placeholder=\"Email (requerit)\" value=\"\" type=\"email\" name=\"email\" \/><\/span>\n\t\t<\/p>\n\t\t<p><span class=\"wpcf7-form-control-wrap\" data-name=\"telefono\"><input size=\"40\" class=\"wpcf7-form-control wpcf7-text wpcf7-tel wpcf7-validates-as-required wpcf7-validates-as-tel\" id=\"telefono\" aria-required=\"true\" aria-invalid=\"false\" placeholder=\"Tel\u00e8fon (requerit)\" value=\"\" type=\"tel\" name=\"telefono\" \/><\/span>\n\t\t<\/p>\n\t<\/div>\n\t<p><span class=\"wpcf7-form-control-wrap\" data-name=\"mensaje\"><textarea cols=\"39\" rows=\"10\" class=\"wpcf7-form-control wpcf7-textarea wpcf7-validates-as-required\" id=\"mensaje\" aria-required=\"true\" aria-invalid=\"false\" placeholder=\"Missatge (requerit)\" name=\"mensaje\"><\/textarea><\/span>\n\t<\/p>\n\t<p class=\"form-submit\"><input class=\"wpcf7-form-control has-spinner wpcf7-submit\" type=\"submit\" value=\"Enviar\" \/>\n\t<\/p>\n<\/div>\n<p style=\"text-align:justify; color:#383838;\"><br \/>\n<em>L\u2019informem que les dades recollides al present formulari, seran tractades per Corporaci\u00f3 d'Administraci\u00f3 Sanit\u00e0ria A.I.E., per poder atendre i donar resposta a la seva sol\u00b7licitud d\u2018informaci\u00f3. Si necessita m\u00e9s informaci\u00f3 o vol exercir els seus drets sobre aquestes dades consulti la nostra <a href=\"https:\/\/www.fisiogestion.com\/ca\/politica-privacidad\/\">Pol\u00edtica de Privacitat<\/a>.<\/em>\n<\/p>\n<\/form>\n<\/div>\n<\/div>\n","protected":false},"excerpt":{"rendered":"<p>Fisioter\u00e0pia dermatofuncional<\/p>\n","protected":false},"author":74,"featured_media":11410,"comment_status":"open","ping_status":"closed","sticky":true,"template":"","format":"standard","meta":[],"categories":[3707,469],"tags":[],"yoast_head":"<!-- This site is optimized with the Yoast SEO plugin v20.0 - https:\/\/yoast.com\/wordpress\/plugins\/seo\/ -->\n<title>Qu\u00e8 \u00e9s la fisioter\u00e0pia\u00a0dermatofuncional\u00a0o\u00a0fisioest\u00e9tica?<\/title>\n<meta name=\"description\" content=\"La fisioter\u00e0pia dermatofuncional, \u00e9s la branca de la fisioter\u00e0pia que s&#039;encarrega de prevenir, diagnosticar, i tractar les disfuncions relacionades amb la pell i el teixit subcutani, la funci\u00f3 muscular i totes les afeccions que poden estar relacionades. Aquesta branca de la fisioter\u00e0pia no sols tracta l&#039;aspecte est\u00e8tic de la pell, sin\u00f3 tamb\u00e9 la seva funci\u00f3, tant a nivell corporal com facial, sigui per una lesi\u00f3, patologia o pel mateix proc\u00e9s natural d&#039;envelliment.\" \/>\n<meta name=\"robots\" content=\"index, follow, max-snippet:-1, max-image-preview:large, max-video-preview:-1\" \/>\n<link rel=\"canonical\" href=\"https:\/\/www.activasalut.com\/ca\/que-es-la-fisioterapia-dermatofuncional-o-fisioestetica\/\" \/>\n<meta property=\"og:locale\" content=\"ca_ES\" \/>\n<meta property=\"og:type\" content=\"article\" \/>\n<meta property=\"og:title\" content=\"Qu\u00e8 \u00e9s la fisioter\u00e0pia\u00a0dermatofuncional\u00a0o\u00a0fisioest\u00e9tica?\" \/>\n<meta property=\"og:description\" content=\"La fisioter\u00e0pia dermatofuncional, \u00e9s la branca de la fisioter\u00e0pia que s&#039;encarrega de prevenir, diagnosticar, i tractar les disfuncions relacionades amb la pell i el teixit subcutani, la funci\u00f3 muscular i totes les afeccions que poden estar relacionades. Aquesta branca de la fisioter\u00e0pia no sols tracta l&#039;aspecte est\u00e8tic de la pell, sin\u00f3 tamb\u00e9 la seva funci\u00f3, tant a nivell corporal com facial, sigui per una lesi\u00f3, patologia o pel mateix proc\u00e9s natural d&#039;envelliment.\" \/>\n<meta property=\"og:url\" content=\"https:\/\/www.activasalut.com\/ca\/que-es-la-fisioterapia-dermatofuncional-o-fisioestetica\/\" \/>\n<meta property=\"og:site_name\" content=\"Corporaci\u00f3 Fisiogesti\u00f3\" \/>\n<meta property=\"article:published_time\" content=\"2025-02-10T14:38:02+00:00\" \/>\n<meta property=\"article:modified_time\" content=\"2025-02-11T08:41:05+00:00\" \/>\n<meta property=\"og:image\" content=\"https:\/\/www.activasalut.com\/wp-content\/uploads\/2025\/02\/pareja-fitness-pared-oscura.png\" \/>\n\t<meta property=\"og:image:width\" content=\"2000\" \/>\n\t<meta property=\"og:image:height\" content=\"1331\" \/>\n\t<meta property=\"og:image:type\" content=\"image\/png\" \/>\n<meta name=\"author\" content=\"Mar\u00eda Miaja\" \/>\n<meta name=\"twitter:label1\" content=\"Escrit per\" \/>\n\t<meta name=\"twitter:data1\" content=\"Mar\u00eda Miaja\" \/>\n\t<meta name=\"twitter:label2\" content=\"Temps estimat de lectura\" \/>\n\t<meta name=\"twitter:data2\" content=\"4 minuts\" \/>\n<script type=\"application\/ld+json\" class=\"yoast-schema-graph\">{\"@context\":\"https:\/\/schema.org\",\"@graph\":[{\"@type\":\"WebPage\",\"@id\":\"https:\/\/www.activasalut.com\/ca\/que-es-la-fisioterapia-dermatofuncional-o-fisioestetica\/\",\"url\":\"https:\/\/www.activasalut.com\/ca\/que-es-la-fisioterapia-dermatofuncional-o-fisioestetica\/\",\"name\":\"Qu\u00e8 \u00e9s la fisioter\u00e0pia\u00a0dermatofuncional\u00a0o\u00a0fisioest\u00e9tica?\",\"isPartOf\":{\"@id\":\"https:\/\/www.activasalut.com\/ca\/#website\"},\"datePublished\":\"2025-02-10T14:38:02+00:00\",\"dateModified\":\"2025-02-11T08:41:05+00:00\",\"author\":{\"@id\":\"https:\/\/www.activasalut.com\/ca\/#\/schema\/person\/182bc97c1217dc19ad64d2820b77b46a\"},\"description\":\"La fisioter\u00e0pia dermatofuncional, \u00e9s la branca de la fisioter\u00e0pia que s'encarrega de prevenir, diagnosticar, i tractar les disfuncions relacionades amb la pell i el teixit subcutani, la funci\u00f3 muscular i totes les afeccions que poden estar relacionades. Aquesta branca de la fisioter\u00e0pia no sols tracta l'aspecte est\u00e8tic de la pell, sin\u00f3 tamb\u00e9 la seva funci\u00f3, tant a nivell corporal com facial, sigui per una lesi\u00f3, patologia o pel mateix proc\u00e9s natural d'envelliment.\",\"breadcrumb\":{\"@id\":\"https:\/\/www.activasalut.com\/ca\/que-es-la-fisioterapia-dermatofuncional-o-fisioestetica\/#breadcrumb\"},\"inLanguage\":\"ca\",\"potentialAction\":[{\"@type\":\"ReadAction\",\"target\":[\"https:\/\/www.activasalut.com\/ca\/que-es-la-fisioterapia-dermatofuncional-o-fisioestetica\/\"]}]},{\"@type\":\"BreadcrumbList\",\"@id\":\"https:\/\/www.activasalut.com\/ca\/que-es-la-fisioterapia-dermatofuncional-o-fisioestetica\/#breadcrumb\",\"itemListElement\":[{\"@type\":\"ListItem\",\"position\":1,\"name\":\"Portada\",\"item\":\"https:\/\/www.activasalut.com\/ca\/\"},{\"@type\":\"ListItem\",\"position\":2,\"name\":\"Qu\u00e8 \u00e9s la fisioter\u00e0pia\u00a0dermatofuncional\u00a0o\u00a0fisioest\u00e8tica?\"}]},{\"@type\":\"WebSite\",\"@id\":\"https:\/\/www.activasalut.com\/ca\/#website\",\"url\":\"https:\/\/www.activasalut.com\/ca\/\",\"name\":\"Corporaci\u00f3n fisiogesti\u00f3n\",\"description\":\"Activa la teva salut\",\"potentialAction\":[{\"@type\":\"SearchAction\",\"target\":{\"@type\":\"EntryPoint\",\"urlTemplate\":\"https:\/\/www.activasalut.com\/ca\/?s={search_term_string}\"},\"query-input\":\"required name=search_term_string\"}],\"inLanguage\":\"ca\"},{\"@type\":\"Person\",\"@id\":\"https:\/\/www.activasalut.com\/ca\/#\/schema\/person\/182bc97c1217dc19ad64d2820b77b46a\",\"name\":\"Mar\u00eda Miaja\",\"image\":{\"@type\":\"ImageObject\",\"inLanguage\":\"ca\",\"@id\":\"https:\/\/www.activasalut.com\/ca\/#\/schema\/person\/image\/\",\"url\":\"https:\/\/secure.gravatar.com\/avatar\/91c9d07251edb64b765d9b733f680ed0?s=96&d=mm&r=g\",\"contentUrl\":\"https:\/\/secure.gravatar.com\/avatar\/91c9d07251edb64b765d9b733f680ed0?s=96&d=mm&r=g\",\"caption\":\"Mar\u00eda Miaja\"},\"description\":\"Fisioterapeuta en Corporaci\u00f3n Fisiogesti\u00f3n\",\"url\":\"https:\/\/www.activasalut.com\/ca\/author\/maria-miaja\/\"}]}<\/script>\n<!-- \/ Yoast SEO plugin. -->","yoast_head_json":{"title":"Qu\u00e8 \u00e9s la fisioter\u00e0pia\u00a0dermatofuncional\u00a0o\u00a0fisioest\u00e9tica?","description":"La fisioter\u00e0pia dermatofuncional, \u00e9s la branca de la fisioter\u00e0pia que s'encarrega de prevenir, diagnosticar, i tractar les disfuncions relacionades amb la pell i el teixit subcutani, la funci\u00f3 muscular i totes les afeccions que poden estar relacionades. Aquesta branca de la fisioter\u00e0pia no sols tracta l'aspecte est\u00e8tic de la pell, sin\u00f3 tamb\u00e9 la seva funci\u00f3, tant a nivell corporal com facial, sigui per una lesi\u00f3, patologia o pel mateix proc\u00e9s natural d'envelliment.","robots":{"index":"index","follow":"follow","max-snippet":"max-snippet:-1","max-image-preview":"max-image-preview:large","max-video-preview":"max-video-preview:-1"},"canonical":"https:\/\/www.activasalut.com\/ca\/que-es-la-fisioterapia-dermatofuncional-o-fisioestetica\/","og_locale":"ca_ES","og_type":"article","og_title":"Qu\u00e8 \u00e9s la fisioter\u00e0pia\u00a0dermatofuncional\u00a0o\u00a0fisioest\u00e9tica?","og_description":"La fisioter\u00e0pia dermatofuncional, \u00e9s la branca de la fisioter\u00e0pia que s'encarrega de prevenir, diagnosticar, i tractar les disfuncions relacionades amb la pell i el teixit subcutani, la funci\u00f3 muscular i totes les afeccions que poden estar relacionades. Aquesta branca de la fisioter\u00e0pia no sols tracta l'aspecte est\u00e8tic de la pell, sin\u00f3 tamb\u00e9 la seva funci\u00f3, tant a nivell corporal com facial, sigui per una lesi\u00f3, patologia o pel mateix proc\u00e9s natural d'envelliment.","og_url":"https:\/\/www.activasalut.com\/ca\/que-es-la-fisioterapia-dermatofuncional-o-fisioestetica\/","og_site_name":"Corporaci\u00f3 Fisiogesti\u00f3","article_published_time":"2025-02-10T14:38:02+00:00","article_modified_time":"2025-02-11T08:41:05+00:00","og_image":[{"width":2000,"height":1331,"url":"https:\/\/www.activasalut.com\/wp-content\/uploads\/2025\/02\/pareja-fitness-pared-oscura.png","type":"image\/png"}],"author":"Mar\u00eda Miaja","twitter_misc":{"Escrit per":"Mar\u00eda Miaja","Temps estimat de lectura":"4 minuts"},"schema":{"@context":"https:\/\/schema.org","@graph":[{"@type":"WebPage","@id":"https:\/\/www.activasalut.com\/ca\/que-es-la-fisioterapia-dermatofuncional-o-fisioestetica\/","url":"https:\/\/www.activasalut.com\/ca\/que-es-la-fisioterapia-dermatofuncional-o-fisioestetica\/","name":"Qu\u00e8 \u00e9s la fisioter\u00e0pia\u00a0dermatofuncional\u00a0o\u00a0fisioest\u00e9tica?","isPartOf":{"@id":"https:\/\/www.activasalut.com\/ca\/#website"},"datePublished":"2025-02-10T14:38:02+00:00","dateModified":"2025-02-11T08:41:05+00:00","author":{"@id":"https:\/\/www.activasalut.com\/ca\/#\/schema\/person\/182bc97c1217dc19ad64d2820b77b46a"},"description":"La fisioter\u00e0pia dermatofuncional, \u00e9s la branca de la fisioter\u00e0pia que s'encarrega de prevenir, diagnosticar, i tractar les disfuncions relacionades amb la pell i el teixit subcutani, la funci\u00f3 muscular i totes les afeccions que poden estar relacionades. Aquesta branca de la fisioter\u00e0pia no sols tracta l'aspecte est\u00e8tic de la pell, sin\u00f3 tamb\u00e9 la seva funci\u00f3, tant a nivell corporal com facial, sigui per una lesi\u00f3, patologia o pel mateix proc\u00e9s natural d'envelliment.","breadcrumb":{"@id":"https:\/\/www.activasalut.com\/ca\/que-es-la-fisioterapia-dermatofuncional-o-fisioestetica\/#breadcrumb"},"inLanguage":"ca","potentialAction":[{"@type":"ReadAction","target":["https:\/\/www.activasalut.com\/ca\/que-es-la-fisioterapia-dermatofuncional-o-fisioestetica\/"]}]},{"@type":"BreadcrumbList","@id":"https:\/\/www.activasalut.com\/ca\/que-es-la-fisioterapia-dermatofuncional-o-fisioestetica\/#breadcrumb","itemListElement":[{"@type":"ListItem","position":1,"name":"Portada","item":"https:\/\/www.activasalut.com\/ca\/"},{"@type":"ListItem","position":2,"name":"Qu\u00e8 \u00e9s la fisioter\u00e0pia\u00a0dermatofuncional\u00a0o\u00a0fisioest\u00e8tica?"}]},{"@type":"WebSite","@id":"https:\/\/www.activasalut.com\/ca\/#website","url":"https:\/\/www.activasalut.com\/ca\/","name":"Corporaci\u00f3n fisiogesti\u00f3n","description":"Activa la teva salut","potentialAction":[{"@type":"SearchAction","target":{"@type":"EntryPoint","urlTemplate":"https:\/\/www.activasalut.com\/ca\/?s={search_term_string}"},"query-input":"required name=search_term_string"}],"inLanguage":"ca"},{"@type":"Person","@id":"https:\/\/www.activasalut.com\/ca\/#\/schema\/person\/182bc97c1217dc19ad64d2820b77b46a","name":"Mar\u00eda Miaja","image":{"@type":"ImageObject","inLanguage":"ca","@id":"https:\/\/www.activasalut.com\/ca\/#\/schema\/person\/image\/","url":"https:\/\/secure.gravatar.com\/avatar\/91c9d07251edb64b765d9b733f680ed0?s=96&d=mm&r=g","contentUrl":"https:\/\/secure.gravatar.com\/avatar\/91c9d07251edb64b765d9b733f680ed0?s=96&d=mm&r=g","caption":"Mar\u00eda Miaja"},"description":"Fisioterapeuta en Corporaci\u00f3n Fisiogesti\u00f3n","url":"https:\/\/www.activasalut.com\/ca\/author\/maria-miaja\/"}]}},"_links":{"self":[{"href":"https:\/\/www.activasalut.com\/ca\/wp-json\/wp\/v2\/posts\/11396"}],"collection":[{"href":"https:\/\/www.activasalut.com\/ca\/wp-json\/wp\/v2\/posts"}],"about":[{"href":"https:\/\/www.activasalut.com\/ca\/wp-json\/wp\/v2\/types\/post"}],"author":[{"embeddable":true,"href":"https:\/\/www.activasalut.com\/ca\/wp-json\/wp\/v2\/users\/74"}],"replies":[{"embeddable":true,"href":"https:\/\/www.activasalut.com\/ca\/wp-json\/wp\/v2\/comments?post=11396"}],"version-history":[{"count":2,"href":"https:\/\/www.activasalut.com\/ca\/wp-json\/wp\/v2\/posts\/11396\/revisions"}],"predecessor-version":[{"id":11409,"href":"https:\/\/www.activasalut.com\/ca\/wp-json\/wp\/v2\/posts\/11396\/revisions\/11409"}],"wp:featuredmedia":[{"embeddable":true,"href":"https:\/\/www.activasalut.com\/ca\/wp-json\/wp\/v2\/media\/11410"}],"wp:attachment":[{"href":"https:\/\/www.activasalut.com\/ca\/wp-json\/wp\/v2\/media?parent=11396"}],"wp:term":[{"taxonomy":"category","embeddable":true,"href":"https:\/\/www.activasalut.com\/ca\/wp-json\/wp\/v2\/categories?post=11396"},{"taxonomy":"post_tag","embeddable":true,"href":"https:\/\/www.activasalut.com\/ca\/wp-json\/wp\/v2\/tags?post=11396"}],"curies":[{"name":"wp","href":"https:\/\/api.w.org\/{rel}","templated":true}]}}