{"id":11566,"date":"2025-03-14T09:53:39","date_gmt":"2025-03-14T08:53:39","guid":{"rendered":"https:\/\/www.activasalut.com\/?p=11566"},"modified":"2025-03-14T09:53:41","modified_gmt":"2025-03-14T08:53:41","slug":"saps-que-es-lendometriosi","status":"publish","type":"post","link":"https:\/\/www.activasalut.com\/ca\/saps-que-es-lendometriosi\/","title":{"rendered":"<strong>Saps qu\u00e8 \u00e9s l&#8217;endometriosi?<\/strong>"},"content":{"rendered":"\n<p>El 14 de mar\u00e7 de cada any, se celebra el Dia Mundial de l&#8217;Endometriosi, amb l&#8217;objectiu de donar a con\u00e8ixer aquesta malaltia, per aix\u00f2 avui volem explicar-te de qu\u00e8 es tracta en aquest post.<\/p>\n\n\n\n<p>L&#8217;endometriosi \u00e9s una malaltia cr\u00f2nica, que actualment afecta fins a un 10% de les dones en edat f\u00e8rtil. Es tracta d&#8217;una malaltia on un teixit que \u00e9s similar al que recobreix l&#8217;interior de l&#8217;\u00fater creix fora d&#8217;aquest.<\/p>\n\n\n\n<!--more-->\n\n\n\n<p>Aquest teixit es pot desenvolupar en qualsevol altra estructura, com als lligaments o tendons, als ovaris, a l&#8217;intest\u00ed o a les trompes de Fal\u00b7lopi, encara que \u00e9s poc freq\u00fcent que aquests creixements es trobin fora de la zona dels \u00f2rgans de la pelvis.<\/p>\n\n\n<div class=\"wp-block-image\">\n<figure class=\"aligncenter size-large is-resized\"><a href=\"https:\/\/www.activasalut.com\/wp-content\/uploads\/2025\/03\/10499872-1.jpg\"><img decoding=\"async\" loading=\"lazy\" src=\"https:\/\/www.activasalut.com\/wp-content\/uploads\/2025\/03\/10499872-1-1024x1024.jpg\" alt=\"\" class=\"wp-image-11567\" width=\"512\" height=\"512\" srcset=\"https:\/\/www.activasalut.com\/wp-content\/uploads\/2025\/03\/10499872-1-1024x1024.jpg 1024w, https:\/\/www.activasalut.com\/wp-content\/uploads\/2025\/03\/10499872-1-300x300.jpg 300w, https:\/\/www.activasalut.com\/wp-content\/uploads\/2025\/03\/10499872-1-150x150.jpg 150w, https:\/\/www.activasalut.com\/wp-content\/uploads\/2025\/03\/10499872-1-768x768.jpg 768w, https:\/\/www.activasalut.com\/wp-content\/uploads\/2025\/03\/10499872-1-1536x1536.jpg 1536w, https:\/\/www.activasalut.com\/wp-content\/uploads\/2025\/03\/10499872-1-220x220.jpg 220w, https:\/\/www.activasalut.com\/wp-content\/uploads\/2025\/03\/10499872-1.jpg 2000w\" sizes=\"(max-width: 512px) 100vw, 512px\" \/><\/a><\/figure><\/div>\n\n\n<div style=\"height:31px\" aria-hidden=\"true\" class=\"wp-block-spacer\"><\/div>\n\n\n\n<p>Entre altres s\u00edmptomes, en aquesta patologia predomina principalment el <strong>dolor pelvi\u00e0 <\/strong>que acaba cronificant-se per desgr\u00e0cia en molts casos. Aquest dolor es pot sentir molt m\u00e9s intens en les relacions sexuals, durant l&#8217;ovulaci\u00f3, durant la menstruaci\u00f3, en orinar i en defecar, tamb\u00e9 a la zona abdominal, lumbar i fins i tot a la zona tor\u00e0cica.<\/p>\n\n\n\n<p>Aquest dolor intens i perllongat en el temps pot arribar a provocar el fenomen de sensibilitzaci\u00f3 central, que \u00e9s un increment de la intensitat del senyal dolor\u00f3s de les vies encarregades de transmetre el dolor al cervell. El que vol dir, \u00e9s que la pacient rep com a molt dolor\u00f3s un est\u00edmul que normalment no ho seria, arribant-li afectar de manera seriosa la seva qualitat de vida.<\/p>\n\n\n<div class=\"wp-block-image\">\n<figure class=\"aligncenter size-large is-resized\"><a href=\"https:\/\/www.activasalut.com\/wp-content\/uploads\/2025\/03\/dolor-1-scaled.jpg\"><img decoding=\"async\" loading=\"lazy\" src=\"https:\/\/www.activasalut.com\/wp-content\/uploads\/2025\/03\/dolor-1-1024x683.jpg\" alt=\"\" class=\"wp-image-11569\" width=\"512\" height=\"342\" srcset=\"https:\/\/www.activasalut.com\/wp-content\/uploads\/2025\/03\/dolor-1-1024x683.jpg 1024w, https:\/\/www.activasalut.com\/wp-content\/uploads\/2025\/03\/dolor-1-300x200.jpg 300w, https:\/\/www.activasalut.com\/wp-content\/uploads\/2025\/03\/dolor-1-768x512.jpg 768w, https:\/\/www.activasalut.com\/wp-content\/uploads\/2025\/03\/dolor-1-1536x1024.jpg 1536w, https:\/\/www.activasalut.com\/wp-content\/uploads\/2025\/03\/dolor-1-2048x1366.jpg 2048w, https:\/\/www.activasalut.com\/wp-content\/uploads\/2025\/03\/dolor-1-604x402.jpg 604w\" sizes=\"(max-width: 512px) 100vw, 512px\" \/><\/a><\/figure><\/div>\n\n\n<div style=\"height:31px\" aria-hidden=\"true\" class=\"wp-block-spacer\"><\/div>\n\n\n\n<h3><strong>Com pot ajudar la Fisioter\u00e0pia?<\/strong><\/h3>\n\n\n\n<p>Des de la fisioter\u00e0pia disposem de diferents eines que poden ser efectives en el maneig i el control dels s\u00edmptomes.<\/p>\n\n\n\n<p>En aquest post, principalment us volem parlar d&#8217;una d\u2019elles, es tracta del <strong>tractament amb la tecnologia LPG <\/strong>, el principal objectiu del qual \u00e9s aconseguir una relaxaci\u00f3 general i una disminuci\u00f3 del dolor en les nostres pacients.<\/p>\n\n\n<div class=\"wp-block-image\">\n<figure class=\"aligncenter size-full is-resized\"><a href=\"https:\/\/www.activasalut.com\/wp-content\/uploads\/2025\/03\/LPG-endermologie-Cellu_M6Alliance-Machine-homepage-1.jpg\"><img decoding=\"async\" loading=\"lazy\" src=\"https:\/\/www.activasalut.com\/wp-content\/uploads\/2025\/03\/LPG-endermologie-Cellu_M6Alliance-Machine-homepage-1.jpg\" alt=\"\" class=\"wp-image-11571\" width=\"300\" height=\"400\" srcset=\"https:\/\/www.activasalut.com\/wp-content\/uploads\/2025\/03\/LPG-endermologie-Cellu_M6Alliance-Machine-homepage-1.jpg 600w, https:\/\/www.activasalut.com\/wp-content\/uploads\/2025\/03\/LPG-endermologie-Cellu_M6Alliance-Machine-homepage-1-225x300.jpg 225w\" sizes=\"(max-width: 300px) 100vw, 300px\" \/><\/a><\/figure><\/div>\n\n\n<div style=\"height:30px\" aria-hidden=\"true\" class=\"wp-block-spacer\"><\/div>\n\n\n\n<p>Amb la tecnologia LPG, provoquem una estimulaci\u00f3 circulat\u00f2ria, alliberament de la tensi\u00f3 muscular i fascial provocant un efecte calmant i relaxant. A m\u00e9s, podem fer tamb\u00e9 un treball efectiu sobre les cicatrius per disminuir les adher\u00e8ncies i la fibrosi dels teixits. Amb aix\u00f2 aconseguim disminuir la tensi\u00f3, el dolor i millorar aix\u00ed l&#8217;estat general de la pacient.<\/p>\n\n\n\n<p>\u00c9s important posar-se sempre en mans de professionals, perqu\u00e8 facin un bon diagn\u00f2stic, i a partir d&#8217;aqu\u00ed abordar el millor tractament per a cada pacient.<\/p>\n\n\n\n<p>A la nostra u<strong>nitat de fisiot<\/strong>e<strong>r\u00e0pia est\u00e8tica<\/strong>, disposem d&#8217;aquesta tecnologia al vostre abast.<\/p>\n\n\n\n<p>Pots escriure&#8217;ns si desitges m\u00e9s informaci\u00f3, o completar al seg\u00fcent formulari i contactarem amb tu.<\/p>\n\n\n\n<p>Gr\u00e0cies per llegir-nos!&#x1f60a;<\/p>\n\n\n\n<div style=\"height:60px\" aria-hidden=\"true\" class=\"wp-block-spacer\"><\/div>\n\n\n\n<div class=\"wp-block-contact-form-7-contact-form-selector\">\n<div class=\"wpcf7 no-js\" id=\"wpcf7-f5253-o1\" lang=\"es-ES\" dir=\"ltr\">\n<div class=\"screen-reader-response\"><p role=\"status\" aria-live=\"polite\" aria-atomic=\"true\"><\/p> <ul><\/ul><\/div>\n<form action=\"\/ca\/wp-json\/wp\/v2\/posts\/11566#wpcf7-f5253-o1\" method=\"post\" class=\"wpcf7-form init\" aria-label=\"Formulario de contacto\" novalidate=\"novalidate\" data-status=\"init\">\n<div style=\"display: none;\">\n<input type=\"hidden\" name=\"_wpcf7\" value=\"5253\" \/>\n<input type=\"hidden\" name=\"_wpcf7_version\" value=\"5.7.3\" \/>\n<input type=\"hidden\" name=\"_wpcf7_locale\" value=\"es_ES\" \/>\n<input type=\"hidden\" name=\"_wpcf7_unit_tag\" value=\"wpcf7-f5253-o1\" \/>\n<input type=\"hidden\" name=\"_wpcf7_container_post\" value=\"0\" \/>\n<input type=\"hidden\" name=\"_wpcf7_posted_data_hash\" value=\"\" \/>\n<input type=\"hidden\" name=\"_wpcf7_recaptcha_response\" value=\"\" \/>\n<\/div>\n<div class=\"wpcf7-response-output\" aria-hidden=\"true\"><\/div>\n<div class='comment-form'>\n\t<div class=\"comment-form-inputs\">\n\t\t<p><span class=\"wpcf7-form-control-wrap\" data-name=\"nombre\"><input size=\"40\" class=\"wpcf7-form-control wpcf7-text wpcf7-validates-as-required\" id=\"nombre\" aria-required=\"true\" aria-invalid=\"false\" placeholder=\"Nom (requerit)\" value=\"\" type=\"text\" name=\"nombre\" \/><\/span>\n\t\t<\/p>\n\t\t<p><span class=\"wpcf7-form-control-wrap\" data-name=\"apellidos\"><input size=\"40\" class=\"wpcf7-form-control wpcf7-text wpcf7-validates-as-required\" id=\"apellidos\" aria-required=\"true\" aria-invalid=\"false\" placeholder=\"Cognoms (requerit)\" value=\"\" type=\"text\" name=\"apellidos\" \/><\/span>\n\t\t<\/p>\n\t\t<p><span class=\"wpcf7-form-control-wrap\" data-name=\"email\"><input size=\"40\" class=\"wpcf7-form-control wpcf7-text wpcf7-email wpcf7-validates-as-required wpcf7-validates-as-email\" id=\"email\" aria-required=\"true\" aria-invalid=\"false\" placeholder=\"Email (requerit)\" value=\"\" type=\"email\" name=\"email\" \/><\/span>\n\t\t<\/p>\n\t\t<p><span class=\"wpcf7-form-control-wrap\" data-name=\"telefono\"><input size=\"40\" class=\"wpcf7-form-control wpcf7-text wpcf7-tel wpcf7-validates-as-required wpcf7-validates-as-tel\" id=\"telefono\" aria-required=\"true\" aria-invalid=\"false\" placeholder=\"Tel\u00e8fon (requerit)\" value=\"\" type=\"tel\" name=\"telefono\" \/><\/span>\n\t\t<\/p>\n\t<\/div>\n\t<p><span class=\"wpcf7-form-control-wrap\" data-name=\"mensaje\"><textarea cols=\"39\" rows=\"10\" class=\"wpcf7-form-control wpcf7-textarea wpcf7-validates-as-required\" id=\"mensaje\" aria-required=\"true\" aria-invalid=\"false\" placeholder=\"Missatge (requerit)\" name=\"mensaje\"><\/textarea><\/span>\n\t<\/p>\n\t<p class=\"form-submit\"><input class=\"wpcf7-form-control has-spinner wpcf7-submit\" type=\"submit\" value=\"Enviar\" \/>\n\t<\/p>\n<\/div>\n<p style=\"text-align:justify; color:#383838;\"><br \/>\n<em>L\u2019informem que les dades recollides al present formulari, seran tractades per Corporaci\u00f3 d'Administraci\u00f3 Sanit\u00e0ria A.I.E., per poder atendre i donar resposta a la seva sol\u00b7licitud d\u2018informaci\u00f3. Si necessita m\u00e9s informaci\u00f3 o vol exercir els seus drets sobre aquestes dades consulti la nostra <a href=\"https:\/\/www.fisiogestion.com\/ca\/politica-privacidad\/\">Pol\u00edtica de Privacitat<\/a>.<\/em>\n<\/p>\n<\/form>\n<\/div>\n<\/div>\n","protected":false},"excerpt":{"rendered":"<p>El 14 de mar\u00e7 de cada any, es celebra el Dia Mundial de l&#8217;Endometriosi, amb l&#8217;objectiu de donar a con\u00e8ixer aquesta malaltia.<\/p>\n","protected":false},"author":74,"featured_media":11564,"comment_status":"open","ping_status":"closed","sticky":false,"template":"","format":"standard","meta":[],"categories":[621],"tags":[1184,854],"yoast_head":"<!-- This site is optimized with the Yoast SEO plugin v20.0 - https:\/\/yoast.com\/wordpress\/plugins\/seo\/ -->\n<title>Saps qu\u00e8 \u00e9s l&#039;endometriosi?<\/title>\n<meta name=\"description\" content=\"El 14 de mar\u00e7 de cada any, se celebra el Dia Mundial de l&#039;Endometriosi, amb l&#039;objectiu de donar a con\u00e8ixer aquesta malaltia, per aix\u00f2 avui volem explicar-te de qu\u00e8 es tracta en aquest post. L&#039;endometriosi \u00e9s una malaltia cr\u00f2nica, que actualment afecta fins a un 10% de les dones en edat f\u00e8rtil. Es tracta d&#039;una malaltia on un teixit que \u00e9s similar al que recobreix l&#039;interior de l&#039;\u00fater creix fora d&#039;aquest.\" \/>\n<meta name=\"robots\" content=\"index, follow, max-snippet:-1, max-image-preview:large, max-video-preview:-1\" \/>\n<link rel=\"canonical\" href=\"https:\/\/www.activasalut.com\/ca\/saps-que-es-lendometriosi\/\" \/>\n<meta property=\"og:locale\" content=\"ca_ES\" \/>\n<meta property=\"og:type\" content=\"article\" \/>\n<meta property=\"og:title\" content=\"Saps qu\u00e8 \u00e9s l&#039;endometriosi?\" \/>\n<meta property=\"og:description\" content=\"El 14 de mar\u00e7 de cada any, se celebra el Dia Mundial de l&#039;Endometriosi, amb l&#039;objectiu de donar a con\u00e8ixer aquesta malaltia, per aix\u00f2 avui volem explicar-te de qu\u00e8 es tracta en aquest post. L&#039;endometriosi \u00e9s una malaltia cr\u00f2nica, que actualment afecta fins a un 10% de les dones en edat f\u00e8rtil. Es tracta d&#039;una malaltia on un teixit que \u00e9s similar al que recobreix l&#039;interior de l&#039;\u00fater creix fora d&#039;aquest.\" \/>\n<meta property=\"og:url\" content=\"https:\/\/www.activasalut.com\/ca\/saps-que-es-lendometriosi\/\" \/>\n<meta property=\"og:site_name\" content=\"Corporaci\u00f3 Fisiogesti\u00f3\" \/>\n<meta property=\"article:published_time\" content=\"2025-03-14T08:53:39+00:00\" \/>\n<meta property=\"article:modified_time\" content=\"2025-03-14T08:53:41+00:00\" \/>\n<meta property=\"og:image\" content=\"https:\/\/www.activasalut.com\/wp-content\/uploads\/2025\/03\/portada-scaled.jpg\" \/>\n\t<meta property=\"og:image:width\" content=\"2560\" \/>\n\t<meta property=\"og:image:height\" content=\"1707\" \/>\n\t<meta property=\"og:image:type\" content=\"image\/jpeg\" \/>\n<meta name=\"author\" content=\"Mar\u00eda Miaja\" \/>\n<meta name=\"twitter:label1\" content=\"Escrit per\" \/>\n\t<meta name=\"twitter:data1\" content=\"Mar\u00eda Miaja\" \/>\n\t<meta name=\"twitter:label2\" content=\"Temps estimat de lectura\" \/>\n\t<meta name=\"twitter:data2\" content=\"3 minuts\" \/>\n<script type=\"application\/ld+json\" class=\"yoast-schema-graph\">{\"@context\":\"https:\/\/schema.org\",\"@graph\":[{\"@type\":\"WebPage\",\"@id\":\"https:\/\/www.activasalut.com\/ca\/saps-que-es-lendometriosi\/\",\"url\":\"https:\/\/www.activasalut.com\/ca\/saps-que-es-lendometriosi\/\",\"name\":\"Saps qu\u00e8 \u00e9s l'endometriosi?\",\"isPartOf\":{\"@id\":\"https:\/\/www.activasalut.com\/ca\/#website\"},\"datePublished\":\"2025-03-14T08:53:39+00:00\",\"dateModified\":\"2025-03-14T08:53:41+00:00\",\"author\":{\"@id\":\"https:\/\/www.activasalut.com\/ca\/#\/schema\/person\/182bc97c1217dc19ad64d2820b77b46a\"},\"description\":\"El 14 de mar\u00e7 de cada any, se celebra el Dia Mundial de l'Endometriosi, amb l'objectiu de donar a con\u00e8ixer aquesta malaltia, per aix\u00f2 avui volem explicar-te de qu\u00e8 es tracta en aquest post. L'endometriosi \u00e9s una malaltia cr\u00f2nica, que actualment afecta fins a un 10% de les dones en edat f\u00e8rtil. Es tracta d'una malaltia on un teixit que \u00e9s similar al que recobreix l'interior de l'\u00fater creix fora d'aquest.\",\"breadcrumb\":{\"@id\":\"https:\/\/www.activasalut.com\/ca\/saps-que-es-lendometriosi\/#breadcrumb\"},\"inLanguage\":\"ca\",\"potentialAction\":[{\"@type\":\"ReadAction\",\"target\":[\"https:\/\/www.activasalut.com\/ca\/saps-que-es-lendometriosi\/\"]}]},{\"@type\":\"BreadcrumbList\",\"@id\":\"https:\/\/www.activasalut.com\/ca\/saps-que-es-lendometriosi\/#breadcrumb\",\"itemListElement\":[{\"@type\":\"ListItem\",\"position\":1,\"name\":\"Portada\",\"item\":\"https:\/\/www.activasalut.com\/ca\/\"},{\"@type\":\"ListItem\",\"position\":2,\"name\":\"Saps qu\u00e8 \u00e9s l&#8217;endometriosi?\"}]},{\"@type\":\"WebSite\",\"@id\":\"https:\/\/www.activasalut.com\/ca\/#website\",\"url\":\"https:\/\/www.activasalut.com\/ca\/\",\"name\":\"Corporaci\u00f3n fisiogesti\u00f3n\",\"description\":\"Activa la teva salut\",\"potentialAction\":[{\"@type\":\"SearchAction\",\"target\":{\"@type\":\"EntryPoint\",\"urlTemplate\":\"https:\/\/www.activasalut.com\/ca\/?s={search_term_string}\"},\"query-input\":\"required name=search_term_string\"}],\"inLanguage\":\"ca\"},{\"@type\":\"Person\",\"@id\":\"https:\/\/www.activasalut.com\/ca\/#\/schema\/person\/182bc97c1217dc19ad64d2820b77b46a\",\"name\":\"Mar\u00eda Miaja\",\"image\":{\"@type\":\"ImageObject\",\"inLanguage\":\"ca\",\"@id\":\"https:\/\/www.activasalut.com\/ca\/#\/schema\/person\/image\/\",\"url\":\"https:\/\/secure.gravatar.com\/avatar\/91c9d07251edb64b765d9b733f680ed0?s=96&d=mm&r=g\",\"contentUrl\":\"https:\/\/secure.gravatar.com\/avatar\/91c9d07251edb64b765d9b733f680ed0?s=96&d=mm&r=g\",\"caption\":\"Mar\u00eda Miaja\"},\"description\":\"Fisioterapeuta en Corporaci\u00f3n Fisiogesti\u00f3n\",\"url\":\"https:\/\/www.activasalut.com\/ca\/author\/maria-miaja\/\"}]}<\/script>\n<!-- \/ Yoast SEO plugin. -->","yoast_head_json":{"title":"Saps qu\u00e8 \u00e9s l'endometriosi?","description":"El 14 de mar\u00e7 de cada any, se celebra el Dia Mundial de l'Endometriosi, amb l'objectiu de donar a con\u00e8ixer aquesta malaltia, per aix\u00f2 avui volem explicar-te de qu\u00e8 es tracta en aquest post. L'endometriosi \u00e9s una malaltia cr\u00f2nica, que actualment afecta fins a un 10% de les dones en edat f\u00e8rtil. Es tracta d'una malaltia on un teixit que \u00e9s similar al que recobreix l'interior de l'\u00fater creix fora d'aquest.","robots":{"index":"index","follow":"follow","max-snippet":"max-snippet:-1","max-image-preview":"max-image-preview:large","max-video-preview":"max-video-preview:-1"},"canonical":"https:\/\/www.activasalut.com\/ca\/saps-que-es-lendometriosi\/","og_locale":"ca_ES","og_type":"article","og_title":"Saps qu\u00e8 \u00e9s l'endometriosi?","og_description":"El 14 de mar\u00e7 de cada any, se celebra el Dia Mundial de l'Endometriosi, amb l'objectiu de donar a con\u00e8ixer aquesta malaltia, per aix\u00f2 avui volem explicar-te de qu\u00e8 es tracta en aquest post. L'endometriosi \u00e9s una malaltia cr\u00f2nica, que actualment afecta fins a un 10% de les dones en edat f\u00e8rtil. Es tracta d'una malaltia on un teixit que \u00e9s similar al que recobreix l'interior de l'\u00fater creix fora d'aquest.","og_url":"https:\/\/www.activasalut.com\/ca\/saps-que-es-lendometriosi\/","og_site_name":"Corporaci\u00f3 Fisiogesti\u00f3","article_published_time":"2025-03-14T08:53:39+00:00","article_modified_time":"2025-03-14T08:53:41+00:00","og_image":[{"width":2560,"height":1707,"url":"https:\/\/www.activasalut.com\/wp-content\/uploads\/2025\/03\/portada-scaled.jpg","type":"image\/jpeg"}],"author":"Mar\u00eda Miaja","twitter_misc":{"Escrit per":"Mar\u00eda Miaja","Temps estimat de lectura":"3 minuts"},"schema":{"@context":"https:\/\/schema.org","@graph":[{"@type":"WebPage","@id":"https:\/\/www.activasalut.com\/ca\/saps-que-es-lendometriosi\/","url":"https:\/\/www.activasalut.com\/ca\/saps-que-es-lendometriosi\/","name":"Saps qu\u00e8 \u00e9s l'endometriosi?","isPartOf":{"@id":"https:\/\/www.activasalut.com\/ca\/#website"},"datePublished":"2025-03-14T08:53:39+00:00","dateModified":"2025-03-14T08:53:41+00:00","author":{"@id":"https:\/\/www.activasalut.com\/ca\/#\/schema\/person\/182bc97c1217dc19ad64d2820b77b46a"},"description":"El 14 de mar\u00e7 de cada any, se celebra el Dia Mundial de l'Endometriosi, amb l'objectiu de donar a con\u00e8ixer aquesta malaltia, per aix\u00f2 avui volem explicar-te de qu\u00e8 es tracta en aquest post. L'endometriosi \u00e9s una malaltia cr\u00f2nica, que actualment afecta fins a un 10% de les dones en edat f\u00e8rtil. Es tracta d'una malaltia on un teixit que \u00e9s similar al que recobreix l'interior de l'\u00fater creix fora d'aquest.","breadcrumb":{"@id":"https:\/\/www.activasalut.com\/ca\/saps-que-es-lendometriosi\/#breadcrumb"},"inLanguage":"ca","potentialAction":[{"@type":"ReadAction","target":["https:\/\/www.activasalut.com\/ca\/saps-que-es-lendometriosi\/"]}]},{"@type":"BreadcrumbList","@id":"https:\/\/www.activasalut.com\/ca\/saps-que-es-lendometriosi\/#breadcrumb","itemListElement":[{"@type":"ListItem","position":1,"name":"Portada","item":"https:\/\/www.activasalut.com\/ca\/"},{"@type":"ListItem","position":2,"name":"Saps qu\u00e8 \u00e9s l&#8217;endometriosi?"}]},{"@type":"WebSite","@id":"https:\/\/www.activasalut.com\/ca\/#website","url":"https:\/\/www.activasalut.com\/ca\/","name":"Corporaci\u00f3n fisiogesti\u00f3n","description":"Activa la teva salut","potentialAction":[{"@type":"SearchAction","target":{"@type":"EntryPoint","urlTemplate":"https:\/\/www.activasalut.com\/ca\/?s={search_term_string}"},"query-input":"required name=search_term_string"}],"inLanguage":"ca"},{"@type":"Person","@id":"https:\/\/www.activasalut.com\/ca\/#\/schema\/person\/182bc97c1217dc19ad64d2820b77b46a","name":"Mar\u00eda Miaja","image":{"@type":"ImageObject","inLanguage":"ca","@id":"https:\/\/www.activasalut.com\/ca\/#\/schema\/person\/image\/","url":"https:\/\/secure.gravatar.com\/avatar\/91c9d07251edb64b765d9b733f680ed0?s=96&d=mm&r=g","contentUrl":"https:\/\/secure.gravatar.com\/avatar\/91c9d07251edb64b765d9b733f680ed0?s=96&d=mm&r=g","caption":"Mar\u00eda Miaja"},"description":"Fisioterapeuta en Corporaci\u00f3n Fisiogesti\u00f3n","url":"https:\/\/www.activasalut.com\/ca\/author\/maria-miaja\/"}]}},"_links":{"self":[{"href":"https:\/\/www.activasalut.com\/ca\/wp-json\/wp\/v2\/posts\/11566"}],"collection":[{"href":"https:\/\/www.activasalut.com\/ca\/wp-json\/wp\/v2\/posts"}],"about":[{"href":"https:\/\/www.activasalut.com\/ca\/wp-json\/wp\/v2\/types\/post"}],"author":[{"embeddable":true,"href":"https:\/\/www.activasalut.com\/ca\/wp-json\/wp\/v2\/users\/74"}],"replies":[{"embeddable":true,"href":"https:\/\/www.activasalut.com\/ca\/wp-json\/wp\/v2\/comments?post=11566"}],"version-history":[{"count":1,"href":"https:\/\/www.activasalut.com\/ca\/wp-json\/wp\/v2\/posts\/11566\/revisions"}],"predecessor-version":[{"id":11573,"href":"https:\/\/www.activasalut.com\/ca\/wp-json\/wp\/v2\/posts\/11566\/revisions\/11573"}],"wp:featuredmedia":[{"embeddable":true,"href":"https:\/\/www.activasalut.com\/ca\/wp-json\/wp\/v2\/media\/11564"}],"wp:attachment":[{"href":"https:\/\/www.activasalut.com\/ca\/wp-json\/wp\/v2\/media?parent=11566"}],"wp:term":[{"taxonomy":"category","embeddable":true,"href":"https:\/\/www.activasalut.com\/ca\/wp-json\/wp\/v2\/categories?post=11566"},{"taxonomy":"post_tag","embeddable":true,"href":"https:\/\/www.activasalut.com\/ca\/wp-json\/wp\/v2\/tags?post=11566"}],"curies":[{"name":"wp","href":"https:\/\/api.w.org\/{rel}","templated":true}]}}