{"id":1780,"date":"2015-11-06T08:00:49","date_gmt":"2015-11-06T07:00:49","guid":{"rendered":"https:\/\/www.activasalut.com\/?p=1780"},"modified":"2015-11-05T14:06:08","modified_gmt":"2015-11-05T13:06:08","slug":"como-podemos-mejorar-la-comunicacion-en-personas-con-afasia","status":"publish","type":"post","link":"https:\/\/www.activasalut.com\/ca\/como-podemos-mejorar-la-comunicacion-en-personas-con-afasia\/","title":{"rendered":"Com podem millorar la comunicaci\u00f3 en persones amb Af\u00e0sia"},"content":{"rendered":"<p><strong>Qu\u00e8 \u00e9s l&#8217;Af\u00e0sia?<\/strong><\/p>\n<p><strong>L&#8217;Af\u00e0sia \u00e9s un trastorn de la comunicaci\u00f3 que es pot manifestar en dificultat en l&#8217;expressi\u00f3 i\/o en la comprensi\u00f3<\/strong>.<!--more--><\/p>\n<p>Diverses patologies poden provocar una Af\u00e0sia:<\/p>\n<ul>\n<li><strong>L&#8217;Accident Vascular Cerebral<\/strong> (AVC) pot produir fins a un 50% dels casos d&#8217;Af\u00e0sia, aproximadament el 20% de les persones que han sofert un ictus presenten Af\u00e0sia.<\/li>\n<li>El <strong>Traumatisme Cranioencef\u00e0lic<\/strong> (TCE) \u00e9s la segona causa m\u00e9s comuna d&#8217;Af\u00e0sia i aproximadament 1\/3 dels pacients amb TCE presenten trastorn del llenguatge o la parla.<\/li>\n<li>Els <strong>tumors cerebrals<\/strong>. Atenent a la localitzaci\u00f3 del tumor l&#8217;afectaci\u00f3 en la comunicaci\u00f3 variar\u00e0.<\/li>\n<li>Els <strong>trastorns neurodegeneratius<\/strong> com la malaltia d&#8217;Alzheimer, dem\u00e8ncia frontotemporal o Af\u00e0sia progressiva prim\u00e0ria.<\/li>\n<\/ul>\n<p>El pacient amb Af\u00e0sia pot presentar dificultats en totes les activitats que impliquin el llenguatge oral, la comprensi\u00f3 oral i\/o visual, la lectura, l&#8217;escriptura, l&#8217;orientaci\u00f3 i la mem\u00f2ria.<\/p>\n<p><strong style=\"line-height: 1.5;\">Com podem ajudar a la persona amb af\u00e0sia a millorar l&#8217;expressi\u00f3?<\/strong><\/p>\n<ul>\n<li>\u00c9s indispensable animar al pacient amb Af\u00e0sia a parlar, interessar-se pel que ens expressa.<\/li>\n<li>Donar-li temps perqu\u00e8 pugui elaborar el seu discurs, no tenir pressa!<\/li>\n<li>Respectar el torn de paraula, no interrompre-li ni acabar-li les frases, de nou insistim en la necessitat de donar-li temps.<\/li>\n<li>Animar-lo al fet que participi en reunions i celebracions, \u00e9s important que no s&#8217;a\u00eflli, que realitzi les activitats que els agraden.<\/li>\n<\/ul>\n<p><strong>Com podem ajudar a millorar la comprensi\u00f3?<\/strong><\/p>\n<ul>\n<li>Abans d&#8217;iniciar el di\u00e0leg captar l&#8217;atenci\u00f3 de la persona amb Af\u00e0sia, col\u00b7locar-se \u201ccara a cara\u201d.<\/li>\n<li>Utilitzar frases curtes i senzilles.<\/li>\n<li>Repetir el missatge amb altres paraules si observem que no ens ha ent\u00e8s.<\/li>\n<li>No cridar-li, recordem que l&#8217;Af\u00e0sia no \u00e9s conseq\u00fc\u00e8ncia d&#8217;una sordesa ni d&#8217;una lesi\u00f3 en la cordes vocals.<\/li>\n<li>Reduir la velocitat del parla, articular de manera clara, introduir pauses entre les paraules.<\/li>\n<li>Evitar situacions de molts interlocutors.<\/li>\n<li>No canviar de conversa sense previ av\u00eds.<\/li>\n<\/ul>\n<p>La logopeda els donar\u00e0 les pautes d&#8217;activitats adequades per practicar a casa, \u00e9s molt important que la fam\u00edlia i els amics propers s&#8217;impliquin en el proc\u00e9s terap\u00e8utic del pacient. El pacient s&#8217;ha de sentir acollit, acompanyat.<\/p>\n<p><strong>L&#8217;afecte, la comprensi\u00f3, el respecte i la tranquil\u00b7litat s\u00f3n els millors aliats per aconseguir una evoluci\u00f3 en la comunicaci\u00f3!<\/strong><\/p>\n","protected":false},"excerpt":{"rendered":"<p>Qu\u00e8 \u00e9s l&#8217;Af\u00e0sia? L&#8217;Af\u00e0sia \u00e9s un trastorn de la comunicaci\u00f3 que es pot manifestar en dificultat en l&#8217;expressi\u00f3 i\/o en la comprensi\u00f3.<\/p>\n","protected":false},"author":25,"featured_media":1777,"comment_status":"open","ping_status":"closed","sticky":false,"template":"","format":"standard","meta":[],"categories":[582,610,581,611],"tags":[1111,1101,1102,1112,1103,1104,1105,1106,1107,928,1108,1113,1114,1109,1115,1110],"yoast_head":"<!-- This site is optimized with the Yoast SEO plugin v20.0 - https:\/\/yoast.com\/wordpress\/plugins\/seo\/ -->\n<title>Millorar la comunicaci\u00f3 en persones amb Af\u00e0sia- Corporaci\u00f3 Fisiogesti\u00f3n<\/title>\n<meta name=\"description\" content=\"T&#039;expliquem qu\u00e8 \u00e9s l&#039;Af\u00e0sia, i et donem les claus sobre com tractar-la i ajudar a la persona que la pateix.\" \/>\n<meta name=\"robots\" content=\"index, follow, max-snippet:-1, max-image-preview:large, max-video-preview:-1\" \/>\n<link rel=\"canonical\" href=\"https:\/\/www.activasalut.com\/ca\/como-podemos-mejorar-la-comunicacion-en-personas-con-afasia\/\" \/>\n<meta property=\"og:locale\" content=\"ca_ES\" \/>\n<meta property=\"og:type\" content=\"article\" \/>\n<meta property=\"og:title\" content=\"C\u00f3mo ayudar a la persona que padece Afasia\" \/>\n<meta property=\"og:description\" content=\"La Afasia es un trastorno de la comunicaci\u00f3n. La coordinadora de Logopedia, Esther L\u00f3pez, te explica qu\u00e9 es y c\u00f3mo tratarla.\" \/>\n<meta property=\"og:url\" content=\"https:\/\/www.activasalut.com\/ca\/como-podemos-mejorar-la-comunicacion-en-personas-con-afasia\/\" \/>\n<meta property=\"og:site_name\" content=\"Corporaci\u00f3 Fisiogesti\u00f3\" \/>\n<meta property=\"article:published_time\" content=\"2015-11-06T07:00:49+00:00\" \/>\n<meta property=\"article:modified_time\" content=\"2015-11-05T13:06:08+00:00\" \/>\n<meta property=\"og:image\" content=\"https:\/\/www.activasalut.com\/wp-content\/uploads\/2015\/11\/logp.jpg\" \/>\n\t<meta property=\"og:image:width\" content=\"1200\" \/>\n\t<meta property=\"og:image:height\" content=\"628\" \/>\n\t<meta property=\"og:image:type\" content=\"image\/jpeg\" \/>\n<meta name=\"author\" content=\"Esther L\u00f3pez\" \/>\n<meta name=\"twitter:label1\" content=\"Escrit per\" \/>\n\t<meta name=\"twitter:data1\" content=\"Esther L\u00f3pez\" \/>\n\t<meta name=\"twitter:label2\" content=\"Temps estimat de lectura\" \/>\n\t<meta name=\"twitter:data2\" content=\"2 minuts\" \/>\n<script type=\"application\/ld+json\" class=\"yoast-schema-graph\">{\"@context\":\"https:\/\/schema.org\",\"@graph\":[{\"@type\":\"WebPage\",\"@id\":\"https:\/\/www.activasalut.com\/ca\/como-podemos-mejorar-la-comunicacion-en-personas-con-afasia\/\",\"url\":\"https:\/\/www.activasalut.com\/ca\/como-podemos-mejorar-la-comunicacion-en-personas-con-afasia\/\",\"name\":\"Millorar la comunicaci\u00f3 en persones amb Af\u00e0sia- Corporaci\u00f3 Fisiogesti\u00f3n\",\"isPartOf\":{\"@id\":\"https:\/\/www.activasalut.com\/ca\/#website\"},\"datePublished\":\"2015-11-06T07:00:49+00:00\",\"dateModified\":\"2015-11-05T13:06:08+00:00\",\"author\":{\"@id\":\"https:\/\/www.activasalut.com\/ca\/#\/schema\/person\/58c021e0d12eb6ce725a0f94ec2962cd\"},\"description\":\"T'expliquem qu\u00e8 \u00e9s l'Af\u00e0sia, i et donem les claus sobre com tractar-la i ajudar a la persona que la pateix.\",\"breadcrumb\":{\"@id\":\"https:\/\/www.activasalut.com\/ca\/como-podemos-mejorar-la-comunicacion-en-personas-con-afasia\/#breadcrumb\"},\"inLanguage\":\"ca\",\"potentialAction\":[{\"@type\":\"ReadAction\",\"target\":[\"https:\/\/www.activasalut.com\/ca\/como-podemos-mejorar-la-comunicacion-en-personas-con-afasia\/\"]}]},{\"@type\":\"BreadcrumbList\",\"@id\":\"https:\/\/www.activasalut.com\/ca\/como-podemos-mejorar-la-comunicacion-en-personas-con-afasia\/#breadcrumb\",\"itemListElement\":[{\"@type\":\"ListItem\",\"position\":1,\"name\":\"Portada\",\"item\":\"https:\/\/www.activasalut.com\/ca\/\"},{\"@type\":\"ListItem\",\"position\":2,\"name\":\"Com podem millorar la comunicaci\u00f3 en persones amb Af\u00e0sia\"}]},{\"@type\":\"WebSite\",\"@id\":\"https:\/\/www.activasalut.com\/ca\/#website\",\"url\":\"https:\/\/www.activasalut.com\/ca\/\",\"name\":\"Corporaci\u00f3n fisiogesti\u00f3n\",\"description\":\"Activa la teva salut\",\"potentialAction\":[{\"@type\":\"SearchAction\",\"target\":{\"@type\":\"EntryPoint\",\"urlTemplate\":\"https:\/\/www.activasalut.com\/ca\/?s={search_term_string}\"},\"query-input\":\"required name=search_term_string\"}],\"inLanguage\":\"ca\"},{\"@type\":\"Person\",\"@id\":\"https:\/\/www.activasalut.com\/ca\/#\/schema\/person\/58c021e0d12eb6ce725a0f94ec2962cd\",\"name\":\"Esther L\u00f3pez\",\"image\":{\"@type\":\"ImageObject\",\"inLanguage\":\"ca\",\"@id\":\"https:\/\/www.activasalut.com\/ca\/#\/schema\/person\/image\/\",\"url\":\"https:\/\/secure.gravatar.com\/avatar\/c44874e579f3b74c5601fbebe0a1a831?s=96&d=mm&r=g\",\"contentUrl\":\"https:\/\/secure.gravatar.com\/avatar\/c44874e579f3b74c5601fbebe0a1a831?s=96&d=mm&r=g\",\"caption\":\"Esther L\u00f3pez\"},\"url\":\"https:\/\/www.activasalut.com\/ca\/author\/esther-lopez\/\"}]}<\/script>\n<!-- \/ Yoast SEO plugin. -->","yoast_head_json":{"title":"Millorar la comunicaci\u00f3 en persones amb Af\u00e0sia- Corporaci\u00f3 Fisiogesti\u00f3n","description":"T'expliquem qu\u00e8 \u00e9s l'Af\u00e0sia, i et donem les claus sobre com tractar-la i ajudar a la persona que la pateix.","robots":{"index":"index","follow":"follow","max-snippet":"max-snippet:-1","max-image-preview":"max-image-preview:large","max-video-preview":"max-video-preview:-1"},"canonical":"https:\/\/www.activasalut.com\/ca\/como-podemos-mejorar-la-comunicacion-en-personas-con-afasia\/","og_locale":"ca_ES","og_type":"article","og_title":"C\u00f3mo ayudar a la persona que padece Afasia","og_description":"La Afasia es un trastorno de la comunicaci\u00f3n. La coordinadora de Logopedia, Esther L\u00f3pez, te explica qu\u00e9 es y c\u00f3mo tratarla.","og_url":"https:\/\/www.activasalut.com\/ca\/como-podemos-mejorar-la-comunicacion-en-personas-con-afasia\/","og_site_name":"Corporaci\u00f3 Fisiogesti\u00f3","article_published_time":"2015-11-06T07:00:49+00:00","article_modified_time":"2015-11-05T13:06:08+00:00","og_image":[{"width":1200,"height":628,"url":"https:\/\/www.activasalut.com\/wp-content\/uploads\/2015\/11\/logp.jpg","type":"image\/jpeg"}],"author":"Esther L\u00f3pez","twitter_misc":{"Escrit per":"Esther L\u00f3pez","Temps estimat de lectura":"2 minuts"},"schema":{"@context":"https:\/\/schema.org","@graph":[{"@type":"WebPage","@id":"https:\/\/www.activasalut.com\/ca\/como-podemos-mejorar-la-comunicacion-en-personas-con-afasia\/","url":"https:\/\/www.activasalut.com\/ca\/como-podemos-mejorar-la-comunicacion-en-personas-con-afasia\/","name":"Millorar la comunicaci\u00f3 en persones amb Af\u00e0sia- Corporaci\u00f3 Fisiogesti\u00f3n","isPartOf":{"@id":"https:\/\/www.activasalut.com\/ca\/#website"},"datePublished":"2015-11-06T07:00:49+00:00","dateModified":"2015-11-05T13:06:08+00:00","author":{"@id":"https:\/\/www.activasalut.com\/ca\/#\/schema\/person\/58c021e0d12eb6ce725a0f94ec2962cd"},"description":"T'expliquem qu\u00e8 \u00e9s l'Af\u00e0sia, i et donem les claus sobre com tractar-la i ajudar a la persona que la pateix.","breadcrumb":{"@id":"https:\/\/www.activasalut.com\/ca\/como-podemos-mejorar-la-comunicacion-en-personas-con-afasia\/#breadcrumb"},"inLanguage":"ca","potentialAction":[{"@type":"ReadAction","target":["https:\/\/www.activasalut.com\/ca\/como-podemos-mejorar-la-comunicacion-en-personas-con-afasia\/"]}]},{"@type":"BreadcrumbList","@id":"https:\/\/www.activasalut.com\/ca\/como-podemos-mejorar-la-comunicacion-en-personas-con-afasia\/#breadcrumb","itemListElement":[{"@type":"ListItem","position":1,"name":"Portada","item":"https:\/\/www.activasalut.com\/ca\/"},{"@type":"ListItem","position":2,"name":"Com podem millorar la comunicaci\u00f3 en persones amb Af\u00e0sia"}]},{"@type":"WebSite","@id":"https:\/\/www.activasalut.com\/ca\/#website","url":"https:\/\/www.activasalut.com\/ca\/","name":"Corporaci\u00f3n fisiogesti\u00f3n","description":"Activa la teva salut","potentialAction":[{"@type":"SearchAction","target":{"@type":"EntryPoint","urlTemplate":"https:\/\/www.activasalut.com\/ca\/?s={search_term_string}"},"query-input":"required name=search_term_string"}],"inLanguage":"ca"},{"@type":"Person","@id":"https:\/\/www.activasalut.com\/ca\/#\/schema\/person\/58c021e0d12eb6ce725a0f94ec2962cd","name":"Esther L\u00f3pez","image":{"@type":"ImageObject","inLanguage":"ca","@id":"https:\/\/www.activasalut.com\/ca\/#\/schema\/person\/image\/","url":"https:\/\/secure.gravatar.com\/avatar\/c44874e579f3b74c5601fbebe0a1a831?s=96&d=mm&r=g","contentUrl":"https:\/\/secure.gravatar.com\/avatar\/c44874e579f3b74c5601fbebe0a1a831?s=96&d=mm&r=g","caption":"Esther L\u00f3pez"},"url":"https:\/\/www.activasalut.com\/ca\/author\/esther-lopez\/"}]}},"_links":{"self":[{"href":"https:\/\/www.activasalut.com\/ca\/wp-json\/wp\/v2\/posts\/1780"}],"collection":[{"href":"https:\/\/www.activasalut.com\/ca\/wp-json\/wp\/v2\/posts"}],"about":[{"href":"https:\/\/www.activasalut.com\/ca\/wp-json\/wp\/v2\/types\/post"}],"author":[{"embeddable":true,"href":"https:\/\/www.activasalut.com\/ca\/wp-json\/wp\/v2\/users\/25"}],"replies":[{"embeddable":true,"href":"https:\/\/www.activasalut.com\/ca\/wp-json\/wp\/v2\/comments?post=1780"}],"version-history":[{"count":3,"href":"https:\/\/www.activasalut.com\/ca\/wp-json\/wp\/v2\/posts\/1780\/revisions"}],"predecessor-version":[{"id":1784,"href":"https:\/\/www.activasalut.com\/ca\/wp-json\/wp\/v2\/posts\/1780\/revisions\/1784"}],"wp:featuredmedia":[{"embeddable":true,"href":"https:\/\/www.activasalut.com\/ca\/wp-json\/wp\/v2\/media\/1777"}],"wp:attachment":[{"href":"https:\/\/www.activasalut.com\/ca\/wp-json\/wp\/v2\/media?parent=1780"}],"wp:term":[{"taxonomy":"category","embeddable":true,"href":"https:\/\/www.activasalut.com\/ca\/wp-json\/wp\/v2\/categories?post=1780"},{"taxonomy":"post_tag","embeddable":true,"href":"https:\/\/www.activasalut.com\/ca\/wp-json\/wp\/v2\/tags?post=1780"}],"curies":[{"name":"wp","href":"https:\/\/api.w.org\/{rel}","templated":true}]}}