{"id":1797,"date":"2015-11-13T10:41:29","date_gmt":"2015-11-13T09:41:29","guid":{"rendered":"https:\/\/www.activasalut.com\/agradecer-las-cosas-es-una-vitamina-emocional-gratuita-2\/"},"modified":"2015-11-13T11:16:03","modified_gmt":"2015-11-13T10:16:03","slug":"agradecer-las-cosas-es-una-vitamina-emocional-gratuita","status":"publish","type":"post","link":"https:\/\/www.activasalut.com\/ca\/agradecer-las-cosas-es-una-vitamina-emocional-gratuita\/","title":{"rendered":"\u201cAgrair les coses \u00e9s una vitamina emocional gratu\u00efta\u201d"},"content":{"rendered":"<p>Carme i Jordi, Jordi i Carme l\u2019ordre dels factors no altera el producte. Es defineixen com el <i>yin<\/i> i el <i>yang<\/i>. Un aporta el sentiment i l\u2019altre la posada en escena, on un no hi arriba l\u2019altre s\u00ed que ho fa. Tan \u00e9s qui fa qu\u00e8. El m\u00e9s important \u00e9s que junts formen un bon equip, es complementen, s\u2019entenen. D\u2019aquesta bona sintonia neix <b>Impulsa\u2019t<\/b>, el germ\u00e0 petit del curs de <i>Relacions Interpersonals<\/i>.<!--more-->En una organitzaci\u00f3 com Corporaci\u00f3 Fisiogesti\u00f3n, on el pacient \u00e9s la pe\u00e7a clau de l\u2019engranatge, \u00e9s molt important que els professionals que la conformen donin el millor servei i assoleixin l\u2019objectiu principal: <b>millorar la qualitat de vida de les persones que es tracten a la Corporaci\u00f3<\/b>. I com poden fer-ho? Comen\u00e7ant per cuidar-se ells mateixos.<\/p>\n<p><b>Impulsa\u2019t<\/b> s\u2019origina com a treball de final del <em>M\u00e1ster d\u2019Ecologia emocional<\/em> que realitzen el Jordi Pujol, coordinador del servei domiciliari de Corporaci\u00f3 Fisiogesti\u00f3n- Clot i la Carme Olivera, coordinadora de Terapia Ocupacional. Per\u00f2 d\u2019on surt aquest concepte? Tots tenim uns h\u00e0bits molt arrelats que entenem com a \u201ch\u00e0bits normals\u201d per\u00f2 les habilitats humanes no hi apareixen. L\u2019ecologia emocional ens aporta all\u00f2 que ens falta: recon\u00e8ixer quines emocions ens envaeixen i aix\u00ed saber com actuem en cada moment. \u201cCom tractem el pacient o com l\u2019atenem. Hi ha persones que s\u00f3n molt m\u00e9s sensibles que d\u2019altres\u201d, apunta Jordi Pujol. Una manera d\u2019apropar-se al pacient que pret\u00e9n millorar el servei des de la vessant m\u00e9s humana. Una formaci\u00f3 molt \u00fatil pel professional tal com reconeix Carme Olivera: \u201cL\u2019enfocament es la metodologia que t\u00e9 l\u2019ecologia emocional, un model que treballa el creixement personal, el coneixes un mateix, la gesti\u00f3 de les emocions, l\u2019impacte en tu i en els altres. \u00c9s una manera de retornar tot all\u00f2 que hem apr\u00e8s a l\u2019organitzaci\u00f3.\u201d<\/p>\n<p><b>Interioritzar el concepte solidari<\/b><\/p>\n<p>\u201cSi tu ets capa\u00e7 de donar, tens capacitat per rebre. I l\u2019evid\u00e8ncia demostra que si tu est\u00e0s b\u00e9 amb tu mateix donar\u00e0s el millor de tu.\u201d Segurament aquesta frase de Jordi Pujol reflecteix a la perfecci\u00f3 l\u2019esperit que pret\u00e9n fomentar <b>Impulsa\u2019t<\/b>. Una formaci\u00f3 que parteix i acaba en la dedicaci\u00f3 incondicional dels professionals de Fisiogesti\u00f3n.<\/p>\n<p>El curs no nom\u00e9s serveix per millorar el tracte i la proximitat del professional\u00a0amb el pacient, sin\u00f3 que t\u00e9 un efecte directe en cada un dels membres d\u2019aquesta entitat. Tal com reconeix Jordi Pujol aquesta formaci\u00f3 ajuda a <b>\u201ccohesionar l\u2019equip i l\u2019agra\u00efment. Agrair les coses \u00e9s una vitamina emocional gratu\u00efta que no val diners i que millora el benestar de l\u2019organitzaci\u00f3.\u201d <\/b><\/p>\n<p>O dit d\u2019una altra manera per la Carme Olivera, l\u2019altra pilar del projecte: \u201cLa persona \u00e9s \u00fanica i aporta molt. \u00danics, diferents i en evoluci\u00f3 constant tant f\u00edsic, espiritual i social.\u201d<\/p>\n<p>L\u2019<a href=\"http:\/\/www.ecologiaemocional.org\/ca\/inici\" target=\"_blank\">Institut d\u2019Ecologia Emocional<\/a> forma part d\u2019una \u00e0rea de la <a href=\"http:\/\/www.fundacioambit.org\/\" target=\"_blank\">Fundaci\u00f3 \u00c0mbit<\/a>, una entitat sense \u00e0nim de lucre dedicada al creixement personal i l\u2019educaci\u00f3 emocional. Al 2003, la <a href=\"http:\/\/www.ecologiaemocional.org\/ca\/ecologia-emocional\/autors\" target=\"_blank\">Merc\u00e9 Conangla i el Jaume Soler<\/a> van crear aquest model d\u2019ecologia emocional i que s\u2019aplica a Corporaci\u00f3 Fisiogesti\u00f3n amb <b>Impulsa\u2019t<\/b>. Sis edicions avalen aquest curs i encara en queden 10 m\u00e9s per realitzar entre els membres de l\u2019organitzaci\u00f3.<\/p>\n<p>Actualment, el Jordi Pujol i la Carme Olivera ja treballen en la pr\u00f2xima formaci\u00f3 pels professionals que seguir\u00e0 el <strong>model CAPA<\/strong>: persona <strong>Creativa, Aut\u00f2noma, Pacifica i Amorosa<\/strong>.<\/p>\n","protected":false},"excerpt":{"rendered":"<p>Carme i Jordi, Jordi i Carme l\u2019ordre dels factors no altera el producte. Es defineixen com el yin i el yang. Un aporta el<a class=\"moretag\" href=\"https:\/\/www.activasalut.com\/ca\/agradecer-las-cosas-es-una-vitamina-emocional-gratuita\/\">Llegeix m\u00e9s&#8230;<\/a><\/p>\n","protected":false},"author":34,"featured_media":1793,"comment_status":"open","ping_status":"closed","sticky":false,"template":"","format":"standard","meta":[],"categories":[783,88,471,626],"tags":[1121,1127,1122,1123,1124,938,1051,1128,1125,1129,1126,833],"yoast_head":"<!-- This site is optimized with the Yoast SEO plugin v20.0 - https:\/\/yoast.com\/wordpress\/plugins\/seo\/ -->\n<title>\u201cAgrair les coses \u00e9s una vitamina emocional gratu\u00efta\u201d- Corporaci\u00f3 Fisiogesti\u00f3n<\/title>\n<meta name=\"description\" content=\"Com l&#039;ecologia emocional pot ajudar a membres d&#039;una organitzaci\u00f3 com Corporaci\u00f3 Fisiogesti\u00f3n.\" \/>\n<meta name=\"robots\" content=\"index, follow, max-snippet:-1, max-image-preview:large, max-video-preview:-1\" \/>\n<link rel=\"canonical\" href=\"https:\/\/www.activasalut.com\/ca\/agradecer-las-cosas-es-una-vitamina-emocional-gratuita\/\" \/>\n<meta property=\"og:locale\" content=\"ca_ES\" \/>\n<meta property=\"og:type\" content=\"article\" \/>\n<meta property=\"og:title\" content=\"\u201cAgradecer las cosas es una vitamina emocional gratuita\u201d\" \/>\n<meta property=\"og:description\" content=\"C\u00f3mo la ecolog\u00eda emocional puede ayudar a miembros de una organizaci\u00f3n como Corporaci\u00f3n Fisiogesti\u00f3n\" \/>\n<meta property=\"og:url\" content=\"https:\/\/www.activasalut.com\/ca\/agradecer-las-cosas-es-una-vitamina-emocional-gratuita\/\" \/>\n<meta property=\"og:site_name\" content=\"Corporaci\u00f3 Fisiogesti\u00f3\" \/>\n<meta property=\"article:published_time\" content=\"2015-11-13T09:41:29+00:00\" \/>\n<meta property=\"article:modified_time\" content=\"2015-11-13T10:16:03+00:00\" \/>\n<meta property=\"og:image\" content=\"https:\/\/www.activasalut.com\/wp-content\/uploads\/2015\/11\/Impulsat1.jpg\" \/>\n\t<meta property=\"og:image:width\" content=\"1200\" \/>\n\t<meta property=\"og:image:height\" content=\"628\" \/>\n\t<meta property=\"og:image:type\" content=\"image\/jpeg\" \/>\n<meta name=\"author\" content=\"Neus Valeta\" \/>\n<meta name=\"twitter:label1\" content=\"Escrit per\" \/>\n\t<meta name=\"twitter:data1\" content=\"Neus Valeta\" \/>\n\t<meta name=\"twitter:label2\" content=\"Temps estimat de lectura\" \/>\n\t<meta name=\"twitter:data2\" content=\"3 minuts\" \/>\n<script type=\"application\/ld+json\" class=\"yoast-schema-graph\">{\"@context\":\"https:\/\/schema.org\",\"@graph\":[{\"@type\":\"WebPage\",\"@id\":\"https:\/\/www.activasalut.com\/ca\/agradecer-las-cosas-es-una-vitamina-emocional-gratuita\/\",\"url\":\"https:\/\/www.activasalut.com\/ca\/agradecer-las-cosas-es-una-vitamina-emocional-gratuita\/\",\"name\":\"\u201cAgrair les coses \u00e9s una vitamina emocional gratu\u00efta\u201d- Corporaci\u00f3 Fisiogesti\u00f3n\",\"isPartOf\":{\"@id\":\"https:\/\/www.activasalut.com\/ca\/#website\"},\"datePublished\":\"2015-11-13T09:41:29+00:00\",\"dateModified\":\"2015-11-13T10:16:03+00:00\",\"author\":{\"@id\":\"https:\/\/www.activasalut.com\/ca\/#\/schema\/person\/9d91dac150a18813583299386126224d\"},\"description\":\"Com l'ecologia emocional pot ajudar a membres d'una organitzaci\u00f3 com Corporaci\u00f3 Fisiogesti\u00f3n.\",\"breadcrumb\":{\"@id\":\"https:\/\/www.activasalut.com\/ca\/agradecer-las-cosas-es-una-vitamina-emocional-gratuita\/#breadcrumb\"},\"inLanguage\":\"ca\",\"potentialAction\":[{\"@type\":\"ReadAction\",\"target\":[\"https:\/\/www.activasalut.com\/ca\/agradecer-las-cosas-es-una-vitamina-emocional-gratuita\/\"]}]},{\"@type\":\"BreadcrumbList\",\"@id\":\"https:\/\/www.activasalut.com\/ca\/agradecer-las-cosas-es-una-vitamina-emocional-gratuita\/#breadcrumb\",\"itemListElement\":[{\"@type\":\"ListItem\",\"position\":1,\"name\":\"Portada\",\"item\":\"https:\/\/www.activasalut.com\/ca\/\"},{\"@type\":\"ListItem\",\"position\":2,\"name\":\"\u201cAgrair les coses \u00e9s una vitamina emocional gratu\u00efta\u201d\"}]},{\"@type\":\"WebSite\",\"@id\":\"https:\/\/www.activasalut.com\/ca\/#website\",\"url\":\"https:\/\/www.activasalut.com\/ca\/\",\"name\":\"Corporaci\u00f3n fisiogesti\u00f3n\",\"description\":\"Activa la teva salut\",\"potentialAction\":[{\"@type\":\"SearchAction\",\"target\":{\"@type\":\"EntryPoint\",\"urlTemplate\":\"https:\/\/www.activasalut.com\/ca\/?s={search_term_string}\"},\"query-input\":\"required name=search_term_string\"}],\"inLanguage\":\"ca\"},{\"@type\":\"Person\",\"@id\":\"https:\/\/www.activasalut.com\/ca\/#\/schema\/person\/9d91dac150a18813583299386126224d\",\"name\":\"Neus Valeta\",\"image\":{\"@type\":\"ImageObject\",\"inLanguage\":\"ca\",\"@id\":\"https:\/\/www.activasalut.com\/ca\/#\/schema\/person\/image\/\",\"url\":\"https:\/\/secure.gravatar.com\/avatar\/b2360992fe8d4bfca166752eb471b166?s=96&d=mm&r=g\",\"contentUrl\":\"https:\/\/secure.gravatar.com\/avatar\/b2360992fe8d4bfca166752eb471b166?s=96&d=mm&r=g\",\"caption\":\"Neus Valeta\"},\"url\":\"https:\/\/www.activasalut.com\/ca\/author\/neus-valeta\/\"}]}<\/script>\n<!-- \/ Yoast SEO plugin. -->","yoast_head_json":{"title":"\u201cAgrair les coses \u00e9s una vitamina emocional gratu\u00efta\u201d- Corporaci\u00f3 Fisiogesti\u00f3n","description":"Com l'ecologia emocional pot ajudar a membres d'una organitzaci\u00f3 com Corporaci\u00f3 Fisiogesti\u00f3n.","robots":{"index":"index","follow":"follow","max-snippet":"max-snippet:-1","max-image-preview":"max-image-preview:large","max-video-preview":"max-video-preview:-1"},"canonical":"https:\/\/www.activasalut.com\/ca\/agradecer-las-cosas-es-una-vitamina-emocional-gratuita\/","og_locale":"ca_ES","og_type":"article","og_title":"\u201cAgradecer las cosas es una vitamina emocional gratuita\u201d","og_description":"C\u00f3mo la ecolog\u00eda emocional puede ayudar a miembros de una organizaci\u00f3n como Corporaci\u00f3n Fisiogesti\u00f3n","og_url":"https:\/\/www.activasalut.com\/ca\/agradecer-las-cosas-es-una-vitamina-emocional-gratuita\/","og_site_name":"Corporaci\u00f3 Fisiogesti\u00f3","article_published_time":"2015-11-13T09:41:29+00:00","article_modified_time":"2015-11-13T10:16:03+00:00","og_image":[{"width":1200,"height":628,"url":"https:\/\/www.activasalut.com\/wp-content\/uploads\/2015\/11\/Impulsat1.jpg","type":"image\/jpeg"}],"author":"Neus Valeta","twitter_misc":{"Escrit per":"Neus Valeta","Temps estimat de lectura":"3 minuts"},"schema":{"@context":"https:\/\/schema.org","@graph":[{"@type":"WebPage","@id":"https:\/\/www.activasalut.com\/ca\/agradecer-las-cosas-es-una-vitamina-emocional-gratuita\/","url":"https:\/\/www.activasalut.com\/ca\/agradecer-las-cosas-es-una-vitamina-emocional-gratuita\/","name":"\u201cAgrair les coses \u00e9s una vitamina emocional gratu\u00efta\u201d- Corporaci\u00f3 Fisiogesti\u00f3n","isPartOf":{"@id":"https:\/\/www.activasalut.com\/ca\/#website"},"datePublished":"2015-11-13T09:41:29+00:00","dateModified":"2015-11-13T10:16:03+00:00","author":{"@id":"https:\/\/www.activasalut.com\/ca\/#\/schema\/person\/9d91dac150a18813583299386126224d"},"description":"Com l'ecologia emocional pot ajudar a membres d'una organitzaci\u00f3 com Corporaci\u00f3 Fisiogesti\u00f3n.","breadcrumb":{"@id":"https:\/\/www.activasalut.com\/ca\/agradecer-las-cosas-es-una-vitamina-emocional-gratuita\/#breadcrumb"},"inLanguage":"ca","potentialAction":[{"@type":"ReadAction","target":["https:\/\/www.activasalut.com\/ca\/agradecer-las-cosas-es-una-vitamina-emocional-gratuita\/"]}]},{"@type":"BreadcrumbList","@id":"https:\/\/www.activasalut.com\/ca\/agradecer-las-cosas-es-una-vitamina-emocional-gratuita\/#breadcrumb","itemListElement":[{"@type":"ListItem","position":1,"name":"Portada","item":"https:\/\/www.activasalut.com\/ca\/"},{"@type":"ListItem","position":2,"name":"\u201cAgrair les coses \u00e9s una vitamina emocional gratu\u00efta\u201d"}]},{"@type":"WebSite","@id":"https:\/\/www.activasalut.com\/ca\/#website","url":"https:\/\/www.activasalut.com\/ca\/","name":"Corporaci\u00f3n fisiogesti\u00f3n","description":"Activa la teva salut","potentialAction":[{"@type":"SearchAction","target":{"@type":"EntryPoint","urlTemplate":"https:\/\/www.activasalut.com\/ca\/?s={search_term_string}"},"query-input":"required name=search_term_string"}],"inLanguage":"ca"},{"@type":"Person","@id":"https:\/\/www.activasalut.com\/ca\/#\/schema\/person\/9d91dac150a18813583299386126224d","name":"Neus Valeta","image":{"@type":"ImageObject","inLanguage":"ca","@id":"https:\/\/www.activasalut.com\/ca\/#\/schema\/person\/image\/","url":"https:\/\/secure.gravatar.com\/avatar\/b2360992fe8d4bfca166752eb471b166?s=96&d=mm&r=g","contentUrl":"https:\/\/secure.gravatar.com\/avatar\/b2360992fe8d4bfca166752eb471b166?s=96&d=mm&r=g","caption":"Neus Valeta"},"url":"https:\/\/www.activasalut.com\/ca\/author\/neus-valeta\/"}]}},"_links":{"self":[{"href":"https:\/\/www.activasalut.com\/ca\/wp-json\/wp\/v2\/posts\/1797"}],"collection":[{"href":"https:\/\/www.activasalut.com\/ca\/wp-json\/wp\/v2\/posts"}],"about":[{"href":"https:\/\/www.activasalut.com\/ca\/wp-json\/wp\/v2\/types\/post"}],"author":[{"embeddable":true,"href":"https:\/\/www.activasalut.com\/ca\/wp-json\/wp\/v2\/users\/34"}],"replies":[{"embeddable":true,"href":"https:\/\/www.activasalut.com\/ca\/wp-json\/wp\/v2\/comments?post=1797"}],"version-history":[{"count":7,"href":"https:\/\/www.activasalut.com\/ca\/wp-json\/wp\/v2\/posts\/1797\/revisions"}],"predecessor-version":[{"id":1809,"href":"https:\/\/www.activasalut.com\/ca\/wp-json\/wp\/v2\/posts\/1797\/revisions\/1809"}],"wp:featuredmedia":[{"embeddable":true,"href":"https:\/\/www.activasalut.com\/ca\/wp-json\/wp\/v2\/media\/1793"}],"wp:attachment":[{"href":"https:\/\/www.activasalut.com\/ca\/wp-json\/wp\/v2\/media?parent=1797"}],"wp:term":[{"taxonomy":"category","embeddable":true,"href":"https:\/\/www.activasalut.com\/ca\/wp-json\/wp\/v2\/categories?post=1797"},{"taxonomy":"post_tag","embeddable":true,"href":"https:\/\/www.activasalut.com\/ca\/wp-json\/wp\/v2\/tags?post=1797"}],"curies":[{"name":"wp","href":"https:\/\/api.w.org\/{rel}","templated":true}]}}