{"id":2058,"date":"2016-04-08T07:30:18","date_gmt":"2016-04-08T05:30:18","guid":{"rendered":"https:\/\/www.activasalut.com\/ca\/?p=2058"},"modified":"2016-04-07T17:38:40","modified_gmt":"2016-04-07T15:38:40","slug":"la-confianza-entre-profesional-y-paciente-es-crucial","status":"publish","type":"post","link":"https:\/\/www.activasalut.com\/ca\/la-confianza-entre-profesional-y-paciente-es-crucial\/","title":{"rendered":"La confian\u00e7a entre professional i pacient \u00e9s crucial"},"content":{"rendered":"<p>Es diu Adoraci\u00f3n, per\u00f2 prefereix Dora. \u00c9s pacient de\u00a0<a href=\"http:\/\/www.fisiogestion.com\/centros-propios\/barcelona\/barcelona\/index.html\" target=\"_blank\">Corporaci\u00f3n Fisiogesti\u00f3n- Diagonal<\/a>.\u00a0Ha passat part de la seva vida entre fogons. Des que es va jubilar s&#8217;ha dedicat a ballar i viatjar. Als seus 74 anys la vitalitat d&#8217;aquesta dona \u00e9s sorprenent, en els \u00faltims anys ha estat a It\u00e0lia, Berl\u00edn, Par\u00eds\u2026 Balla sevillanes, sardanes, country\u2026<!--more--><\/p>\n<p>No obstant aix\u00f2, una s\u00e8rie de caigudes i l\u2019<a href=\"https:\/\/www.activasalut.com\/ca\/artrosi-i-postural-training\/\" target=\"_blank\">artrosi<\/a> que li van diagnosticar va haver de frenar l&#8217;activitat.<\/p>\n<blockquote><p>Dora ens explica que quan va comen\u00e7ar la rehabilitaci\u00f3 de maluc i genoll no podia gaireb\u00e9 caminar ni aixecar la cama: \u201c El Julio em fa treballar molt i els exercicis que em fa practicar tant en el centre com a casa em van molt b\u00e9 per recuperar i millorar la mobilitat\u201d.<\/p><\/blockquote>\n<p><a href=\"https:\/\/www.activasalut.com\/wp-content\/uploads\/2016\/04\/Adoracion.jpg\"><img decoding=\"async\" loading=\"lazy\" class=\"wp-image-2052 size-medium alignleft\" src=\"https:\/\/www.activasalut.com\/wp-content\/uploads\/2016\/04\/Adoracion-300x225.jpg\" alt=\"Paciente Adoraci\u00f3n\" width=\"300\" height=\"225\" srcset=\"https:\/\/www.activasalut.com\/wp-content\/uploads\/2016\/04\/Adoracion-300x225.jpg 300w, https:\/\/www.activasalut.com\/wp-content\/uploads\/2016\/04\/Adoracion-1024x768.jpg 1024w\" sizes=\"(max-width: 300px) 100vw, 300px\" \/><\/a><\/p>\n<p>El Julio S\u00e1nchez \u00e9s el fisioterapeuta que tracta a la Dora. Ella est\u00e0 molt contenta amb ell perqu\u00e8 li aporta tranquil\u00b7litat. <strong>La confian\u00e7a entre professional i pacient \u00e9s crucial perqu\u00e8 el tractament sigui m\u00e9s efica\u00e7<\/strong>. A m\u00e9s la Dora segueix al peu de la lletra les indicacions d\u2019en Julio, gr\u00e0cies a aix\u00f2 es troba molt millor.<\/p>\n<p>Ens porta una bossa plena de fotos de les seves aficions, ens les ensenya i ens explica el seu proper viatge. Dora est\u00e0 molt animada perqu\u00e8 observa els resultats del tractament i veu que pot tornar progressivament al seu ritme de vida normal: caminar molt, anar al gimn\u00e0s, viatjar i sobretot ballar.<\/p>\n","protected":false},"excerpt":{"rendered":"<p>Es diu Adoraci\u00f3n, per\u00f2 prefereix Dora. \u00c9s pacient de\u00a0Corporaci\u00f3n Fisiogesti\u00f3n- Diagonal.\u00a0Ha passat part de la seva vida entre fogons. Des que es va jubilar<a class=\"moretag\" href=\"https:\/\/www.activasalut.com\/ca\/la-confianza-entre-profesional-y-paciente-es-crucial\/\">Llegeix m\u00e9s&#8230;<\/a><\/p>\n","protected":false},"author":34,"featured_media":2055,"comment_status":"open","ping_status":"closed","sticky":false,"template":"","format":"standard","meta":[],"categories":[572,88,471,624,553,570,475],"tags":[1136,1409,895,1403,854,1404,1405,1408,1410,644],"yoast_head":"<!-- This site is optimized with the Yoast SEO plugin v20.0 - https:\/\/yoast.com\/wordpress\/plugins\/seo\/ -->\n<title>La confian\u00e7a entre professional i pacient \u00e9s crucial<\/title>\n<meta name=\"robots\" content=\"index, follow, max-snippet:-1, max-image-preview:large, max-video-preview:-1\" \/>\n<link rel=\"canonical\" href=\"https:\/\/www.activasalut.com\/ca\/la-confianza-entre-profesional-y-paciente-es-crucial\/\" \/>\n<meta property=\"og:locale\" content=\"ca_ES\" \/>\n<meta property=\"og:type\" content=\"article\" \/>\n<meta property=\"og:title\" content=\"La confian\u00e7a entre professional i pacient \u00e9s crucial\" \/>\n<meta property=\"og:description\" content=\"Es diu Adoraci\u00f3n, per\u00f2 prefereix Dora. \u00c9s pacient de\u00a0Corporaci\u00f3n Fisiogesti\u00f3n- Diagonal.\u00a0Ha passat part de la seva vida entre fogons. Des que es va jubilarLlegeix m\u00e9s...\" \/>\n<meta property=\"og:url\" content=\"https:\/\/www.activasalut.com\/ca\/la-confianza-entre-profesional-y-paciente-es-crucial\/\" \/>\n<meta property=\"og:site_name\" content=\"Corporaci\u00f3 Fisiogesti\u00f3\" \/>\n<meta property=\"article:published_time\" content=\"2016-04-08T05:30:18+00:00\" \/>\n<meta property=\"article:modified_time\" content=\"2016-04-07T15:38:40+00:00\" \/>\n<meta property=\"og:image\" content=\"https:\/\/www.activasalut.com\/wp-content\/uploads\/2016\/04\/Adoracion1.jpg\" \/>\n\t<meta property=\"og:image:width\" content=\"300\" \/>\n\t<meta property=\"og:image:height\" content=\"225\" \/>\n\t<meta property=\"og:image:type\" content=\"image\/jpeg\" \/>\n<meta name=\"author\" content=\"Neus Valeta\" \/>\n<meta name=\"twitter:label1\" content=\"Escrit per\" \/>\n\t<meta name=\"twitter:data1\" content=\"Neus Valeta\" \/>\n\t<meta name=\"twitter:label2\" content=\"Temps estimat de lectura\" \/>\n\t<meta name=\"twitter:data2\" content=\"1 minut\" \/>\n<script type=\"application\/ld+json\" class=\"yoast-schema-graph\">{\"@context\":\"https:\/\/schema.org\",\"@graph\":[{\"@type\":\"WebPage\",\"@id\":\"https:\/\/www.activasalut.com\/ca\/la-confianza-entre-profesional-y-paciente-es-crucial\/\",\"url\":\"https:\/\/www.activasalut.com\/ca\/la-confianza-entre-profesional-y-paciente-es-crucial\/\",\"name\":\"La confian\u00e7a entre professional i pacient \u00e9s crucial\",\"isPartOf\":{\"@id\":\"https:\/\/www.activasalut.com\/ca\/#website\"},\"datePublished\":\"2016-04-08T05:30:18+00:00\",\"dateModified\":\"2016-04-07T15:38:40+00:00\",\"author\":{\"@id\":\"https:\/\/www.activasalut.com\/ca\/#\/schema\/person\/9d91dac150a18813583299386126224d\"},\"breadcrumb\":{\"@id\":\"https:\/\/www.activasalut.com\/ca\/la-confianza-entre-profesional-y-paciente-es-crucial\/#breadcrumb\"},\"inLanguage\":\"ca\",\"potentialAction\":[{\"@type\":\"ReadAction\",\"target\":[\"https:\/\/www.activasalut.com\/ca\/la-confianza-entre-profesional-y-paciente-es-crucial\/\"]}]},{\"@type\":\"BreadcrumbList\",\"@id\":\"https:\/\/www.activasalut.com\/ca\/la-confianza-entre-profesional-y-paciente-es-crucial\/#breadcrumb\",\"itemListElement\":[{\"@type\":\"ListItem\",\"position\":1,\"name\":\"Portada\",\"item\":\"https:\/\/www.activasalut.com\/ca\/\"},{\"@type\":\"ListItem\",\"position\":2,\"name\":\"La confian\u00e7a entre professional i pacient \u00e9s crucial\"}]},{\"@type\":\"WebSite\",\"@id\":\"https:\/\/www.activasalut.com\/ca\/#website\",\"url\":\"https:\/\/www.activasalut.com\/ca\/\",\"name\":\"Corporaci\u00f3n fisiogesti\u00f3n\",\"description\":\"Activa la teva salut\",\"potentialAction\":[{\"@type\":\"SearchAction\",\"target\":{\"@type\":\"EntryPoint\",\"urlTemplate\":\"https:\/\/www.activasalut.com\/ca\/?s={search_term_string}\"},\"query-input\":\"required name=search_term_string\"}],\"inLanguage\":\"ca\"},{\"@type\":\"Person\",\"@id\":\"https:\/\/www.activasalut.com\/ca\/#\/schema\/person\/9d91dac150a18813583299386126224d\",\"name\":\"Neus Valeta\",\"image\":{\"@type\":\"ImageObject\",\"inLanguage\":\"ca\",\"@id\":\"https:\/\/www.activasalut.com\/ca\/#\/schema\/person\/image\/\",\"url\":\"https:\/\/secure.gravatar.com\/avatar\/b2360992fe8d4bfca166752eb471b166?s=96&d=mm&r=g\",\"contentUrl\":\"https:\/\/secure.gravatar.com\/avatar\/b2360992fe8d4bfca166752eb471b166?s=96&d=mm&r=g\",\"caption\":\"Neus Valeta\"},\"url\":\"https:\/\/www.activasalut.com\/ca\/author\/neus-valeta\/\"}]}<\/script>\n<!-- \/ Yoast SEO plugin. -->","yoast_head_json":{"title":"La confian\u00e7a entre professional i pacient \u00e9s crucial","robots":{"index":"index","follow":"follow","max-snippet":"max-snippet:-1","max-image-preview":"max-image-preview:large","max-video-preview":"max-video-preview:-1"},"canonical":"https:\/\/www.activasalut.com\/ca\/la-confianza-entre-profesional-y-paciente-es-crucial\/","og_locale":"ca_ES","og_type":"article","og_title":"La confian\u00e7a entre professional i pacient \u00e9s crucial","og_description":"Es diu Adoraci\u00f3n, per\u00f2 prefereix Dora. \u00c9s pacient de\u00a0Corporaci\u00f3n Fisiogesti\u00f3n- Diagonal.\u00a0Ha passat part de la seva vida entre fogons. Des que es va jubilarLlegeix m\u00e9s...","og_url":"https:\/\/www.activasalut.com\/ca\/la-confianza-entre-profesional-y-paciente-es-crucial\/","og_site_name":"Corporaci\u00f3 Fisiogesti\u00f3","article_published_time":"2016-04-08T05:30:18+00:00","article_modified_time":"2016-04-07T15:38:40+00:00","og_image":[{"width":300,"height":225,"url":"https:\/\/www.activasalut.com\/wp-content\/uploads\/2016\/04\/Adoracion1.jpg","type":"image\/jpeg"}],"author":"Neus Valeta","twitter_misc":{"Escrit per":"Neus Valeta","Temps estimat de lectura":"1 minut"},"schema":{"@context":"https:\/\/schema.org","@graph":[{"@type":"WebPage","@id":"https:\/\/www.activasalut.com\/ca\/la-confianza-entre-profesional-y-paciente-es-crucial\/","url":"https:\/\/www.activasalut.com\/ca\/la-confianza-entre-profesional-y-paciente-es-crucial\/","name":"La confian\u00e7a entre professional i pacient \u00e9s crucial","isPartOf":{"@id":"https:\/\/www.activasalut.com\/ca\/#website"},"datePublished":"2016-04-08T05:30:18+00:00","dateModified":"2016-04-07T15:38:40+00:00","author":{"@id":"https:\/\/www.activasalut.com\/ca\/#\/schema\/person\/9d91dac150a18813583299386126224d"},"breadcrumb":{"@id":"https:\/\/www.activasalut.com\/ca\/la-confianza-entre-profesional-y-paciente-es-crucial\/#breadcrumb"},"inLanguage":"ca","potentialAction":[{"@type":"ReadAction","target":["https:\/\/www.activasalut.com\/ca\/la-confianza-entre-profesional-y-paciente-es-crucial\/"]}]},{"@type":"BreadcrumbList","@id":"https:\/\/www.activasalut.com\/ca\/la-confianza-entre-profesional-y-paciente-es-crucial\/#breadcrumb","itemListElement":[{"@type":"ListItem","position":1,"name":"Portada","item":"https:\/\/www.activasalut.com\/ca\/"},{"@type":"ListItem","position":2,"name":"La confian\u00e7a entre professional i pacient \u00e9s crucial"}]},{"@type":"WebSite","@id":"https:\/\/www.activasalut.com\/ca\/#website","url":"https:\/\/www.activasalut.com\/ca\/","name":"Corporaci\u00f3n fisiogesti\u00f3n","description":"Activa la teva salut","potentialAction":[{"@type":"SearchAction","target":{"@type":"EntryPoint","urlTemplate":"https:\/\/www.activasalut.com\/ca\/?s={search_term_string}"},"query-input":"required name=search_term_string"}],"inLanguage":"ca"},{"@type":"Person","@id":"https:\/\/www.activasalut.com\/ca\/#\/schema\/person\/9d91dac150a18813583299386126224d","name":"Neus Valeta","image":{"@type":"ImageObject","inLanguage":"ca","@id":"https:\/\/www.activasalut.com\/ca\/#\/schema\/person\/image\/","url":"https:\/\/secure.gravatar.com\/avatar\/b2360992fe8d4bfca166752eb471b166?s=96&d=mm&r=g","contentUrl":"https:\/\/secure.gravatar.com\/avatar\/b2360992fe8d4bfca166752eb471b166?s=96&d=mm&r=g","caption":"Neus Valeta"},"url":"https:\/\/www.activasalut.com\/ca\/author\/neus-valeta\/"}]}},"_links":{"self":[{"href":"https:\/\/www.activasalut.com\/ca\/wp-json\/wp\/v2\/posts\/2058"}],"collection":[{"href":"https:\/\/www.activasalut.com\/ca\/wp-json\/wp\/v2\/posts"}],"about":[{"href":"https:\/\/www.activasalut.com\/ca\/wp-json\/wp\/v2\/types\/post"}],"author":[{"embeddable":true,"href":"https:\/\/www.activasalut.com\/ca\/wp-json\/wp\/v2\/users\/34"}],"replies":[{"embeddable":true,"href":"https:\/\/www.activasalut.com\/ca\/wp-json\/wp\/v2\/comments?post=2058"}],"version-history":[{"count":3,"href":"https:\/\/www.activasalut.com\/ca\/wp-json\/wp\/v2\/posts\/2058\/revisions"}],"predecessor-version":[{"id":2061,"href":"https:\/\/www.activasalut.com\/ca\/wp-json\/wp\/v2\/posts\/2058\/revisions\/2061"}],"wp:featuredmedia":[{"embeddable":true,"href":"https:\/\/www.activasalut.com\/ca\/wp-json\/wp\/v2\/media\/2055"}],"wp:attachment":[{"href":"https:\/\/www.activasalut.com\/ca\/wp-json\/wp\/v2\/media?parent=2058"}],"wp:term":[{"taxonomy":"category","embeddable":true,"href":"https:\/\/www.activasalut.com\/ca\/wp-json\/wp\/v2\/categories?post=2058"},{"taxonomy":"post_tag","embeddable":true,"href":"https:\/\/www.activasalut.com\/ca\/wp-json\/wp\/v2\/tags?post=2058"}],"curies":[{"name":"wp","href":"https:\/\/api.w.org\/{rel}","templated":true}]}}