{"id":2305,"date":"2016-09-02T07:07:23","date_gmt":"2016-09-02T05:07:23","guid":{"rendered":"https:\/\/www.activasalut.com\/ca\/?p=2305"},"modified":"2016-09-01T09:56:51","modified_gmt":"2016-09-01T07:56:51","slug":"las-manualidades-en-logopedia","status":"publish","type":"post","link":"https:\/\/www.activasalut.com\/ca\/las-manualidades-en-logopedia\/","title":{"rendered":"Les manualitats a logop\u00e8dia"},"content":{"rendered":"<p>Fa aproximadament un any, i casualment en paral\u00b7lel, van iniciar reeducaci\u00f3 logop\u00e8dica dos nens al centre, presentaven alteracions de la parla i del llenguatge.<!--more--><\/p>\n<p>Especialment un d\u00b4ells, l\u00b4Oriol, sovint em demanava construir <em>Lego<\/em>, pintar, retallar, enganxar i vaig comen\u00e7ar a fer la reeducaci\u00f3 des d\u00b4una perspectiva diferent: ell constru\u00efa, pintava, decorava\u2026creava! I jo li <strong>treballava la discriminaci\u00f3 auditiva, la repetici\u00f3 i tots dos junts l\u00b4automatitzaci\u00f3 dels sons, l\u00b4estructura del llenguatge, la interacci\u00f3<\/strong> etc.<\/p>\n<p>En ocasions, passada la novetat de les primeres sessions, els nens es mostren avorrits dels materials espec\u00edficament logop\u00e8dics i de la mateixa din\u00e0mica.<\/p>\n<p>A la J\u00falia, li passava el mateix, aviat va voler deixar de banda els materials t\u00edpics, i em demanava que li enseny\u00e9s il\u00b7lustracions, lleg\u00edssim juntes, munt\u00e9ssim <em>playmobils<\/em>, o pint\u00e9ssim\u2026<\/p>\n<p><a href=\"https:\/\/www.activasalut.com\/wp-content\/uploads\/2016\/09\/mon.jpg\"><img decoding=\"async\" loading=\"lazy\" class=\"alignleft wp-image-2300 size-full\" src=\"https:\/\/www.activasalut.com\/wp-content\/uploads\/2016\/09\/mon.jpg\" alt=\"Lego, logopedia, maualidades\" width=\"450\" height=\"150\" srcset=\"https:\/\/www.activasalut.com\/wp-content\/uploads\/2016\/09\/mon.jpg 450w, https:\/\/www.activasalut.com\/wp-content\/uploads\/2016\/09\/mon-300x100.jpg 300w\" sizes=\"(max-width: 450px) 100vw, 450px\" \/><\/a><\/p>\n<p>&nbsp;<\/p>\n<p>&nbsp;<\/p>\n<p>&nbsp;<\/p>\n<p>&nbsp;<\/p>\n<p>Coincidint amb festes populars o depenent de l\u00b4\u00e8poca de l\u00b4any, i amb l&#8217;<a href=\"http:\/\/descargarpinterest.net\/\" target=\"_blank\"><em>app Pinterest<\/em> <\/a>com a font d\u00b4inspiraci\u00f3 vam comen\u00e7ar a confeccionar manualitats. Adaptant a l\u00b4edat la tasca a realitzar. Les construccions de Lego tamb\u00e9 van comen\u00e7ar a formar part de les sessions.<\/p>\n<h6><strong>Ter\u00e0pia multisensorial y kinest\u00e8sica<\/strong><\/h6>\n<p>Donat que se\u2019ls veia estimulats, contents i receptius al seguiment de la ter\u00e0pia vaig comen\u00e7ar a integrar-ho en la reeducaci\u00f3, tant de la <strong>parla<\/strong>, del <strong>llenguatge<\/strong> com de la <strong>lecto-escriptura<\/strong> on la reeducaci\u00f3 ha de ser una <strong>ter\u00e0pia multisensorial i kinest\u00e8sica<\/strong>.<\/p>\n<p>Sovint, amb els nens de logop\u00e8dia \u00e9s dif\u00edcil sentir-los parlar distesa i espont\u00e0niament. Fent construccions, enganxant, pintant\u2026esdev\u00e9 l&#8217;efecte <strong><em>caixa de Pandora<\/em><\/strong>, s\u00b4obren a parlar, a explicar, a preguntar, incl\u00fas a cantar!<\/p>\n<blockquote><p><em>\u201cLes mans s\u00f3n l\u00b4instrument de la intel\u00b7lig\u00e8ncia\u201d. Les mans s\u00f3n el canal pel qual el cervell rep la informaci\u00f3. Ens donen informaci\u00f3 de la realitat. Maria Montessori.<\/em><\/p><\/blockquote>\n<p>Quan els nens estan realitzant manualitats, fan \u00fas de les seves capacitats creatives, fet que augmenta la confian\u00e7a en ells mateixos, obtenir resultats els fa sentir orgullosos de les seves creacions.<\/p>\n<p>Venir a logop\u00e8dia esdev\u00e9 a fer front al que m\u00e9s els costa, a evidenciar i treballar el que per molts representa una dificultat que els diferencia dels seus iguals. <strong>Fer murals i manualitats afegeix un est\u00edmul a venir<\/strong><strong> a la reeducaci\u00f3<\/strong>. Es veuen participatius, estimulats, et recorden el que vam acordar que far\u00edem fa una setmana. Mentre estan a la sala d\u00b4espera, ho mostren als familiars, a altres nens, se\u2019ls veu orgullosos de les seves creacions.<\/p>\n<p>Mitjan\u00e7ant el fet de retallar, pintar, enganxar, fer legos o plastilina estem treballant aspectes directament vinculats a <strong>funcions executives<\/strong> com: l\u00b4atenci\u00f3 i la concentraci\u00f3, classificaci\u00f3, identificaci\u00f3, l\u2019espontane\u00eftat i el pensament abstracte, \u00fas de l\u00b4espai etc. Pr\u00e8vies important\u00edssimes en el desenvolupament del llenguatge.<\/p>\n<p><strong>Les manualitats tamb\u00e9 preparen per la lectura i l\u00b4escriptura, afavoreixen el desenvolupament de la motricitat fina i la percepci\u00f3 visual.<\/strong><\/p>\n<p>Treballar i exercitar les mans i els dits afavorir\u00e0 l\u2019\u00fas dels llapissos, el tra\u00e7 i la concentraci\u00f3.<\/p>\n<h6>14 beneficis de les manualitats<\/h6>\n<ul>\n<li>Contribueix al desenvolupament de la <a href=\"http:\/\/entrepadres.imujer.com\/2011-04-22\/14563\/6-juegos-para-el-desarollo-de-la-motricidad-fina\">motricitat fina<\/a><\/li>\n<li>Desenvolupament de la coordinaci\u00f3 m\u00e0-ull<\/li>\n<li>Estimulaci\u00f3 de la percepci\u00f3 espaial<\/li>\n<li>Centrar l\u00b4atenci\u00f3 i els pensaments en una tasca<\/li>\n<li>Aprendre i ensenyar<\/li>\n<li>Ajuda a desenvolupar conceptes art\u00edstics: els colors , les formes\u2026<\/li>\n<li>Promou el pensament creatiu i original<\/li>\n<li>Augmenta l\u00b4 autoestima<\/li>\n<li>Estimula el contacte i la comunicaci\u00f3 oral<\/li>\n<li>Promou el treball en equip.<\/li>\n<li>Ajuda a desenvolupar la paci\u00e8ncia i la perseveran\u00e7a per desenvolupar diferents tasques.<\/li>\n<li>Ensenya paci\u00e8ncia i perseveran\u00e7a<\/li>\n<li>D\u00f3na sentiment d\u2019orgull i capacitat<\/li>\n<li>Facilita el desenvolupament de la mem\u00f2ria<\/li>\n<\/ul>\n","protected":false},"excerpt":{"rendered":"<p>Fa aproximadament un any, i casualment en paral\u00b7lel, van iniciar reeducaci\u00f3 logop\u00e8dica dos nens al centre, presentaven alteracions de la parla i del llenguatge.<\/p>\n","protected":false},"author":11,"featured_media":2304,"comment_status":"open","ping_status":"closed","sticky":false,"template":"","format":"standard","meta":[],"categories":[589,610,581,611],"tags":[1614,1624,1615,1625,1616,1105,1626,1617,1618,1619,1620,910,871,1107,1621,1627,1703,123,825,819,928,1628,1622,1629,1623],"yoast_head":"<!-- This site is optimized with the Yoast SEO plugin v20.0 - https:\/\/yoast.com\/wordpress\/plugins\/seo\/ -->\n<title>Les manualitats a logop\u00e8dia<\/title>\n<meta name=\"description\" content=\"Las manualidades preparan para la lectura y la escritura, favorecen el desarrollo de la motricidad fina y la percepci\u00f3n visual.\" \/>\n<meta name=\"robots\" content=\"index, follow, max-snippet:-1, max-image-preview:large, max-video-preview:-1\" \/>\n<link rel=\"canonical\" href=\"https:\/\/www.activasalut.com\/ca\/las-manualidades-en-logopedia\/\" \/>\n<meta property=\"og:locale\" content=\"ca_ES\" \/>\n<meta property=\"og:type\" content=\"article\" \/>\n<meta property=\"og:title\" content=\"C\u00f3mo las manualidades ayudan a la reeducaci\u00f3n logop\u00e9dica de los ni\u00f1os\" \/>\n<meta property=\"og:description\" content=\"La logopeda Marta S\u00e1nchez nos habla de esta beneficiosa t\u00e9cnica que aplica en ni\u00f1os con alteraciones en el habla y el lenguaje.\" \/>\n<meta property=\"og:url\" content=\"https:\/\/www.activasalut.com\/ca\/las-manualidades-en-logopedia\/\" \/>\n<meta property=\"og:site_name\" content=\"Corporaci\u00f3 Fisiogesti\u00f3\" \/>\n<meta property=\"article:published_time\" content=\"2016-09-02T05:07:23+00:00\" \/>\n<meta property=\"article:modified_time\" content=\"2016-09-01T07:56:51+00:00\" \/>\n<meta property=\"og:image\" content=\"https:\/\/www.activasalut.com\/wp-content\/uploads\/2016\/09\/fac4.jpg\" \/>\n\t<meta property=\"og:image:width\" content=\"470\" \/>\n\t<meta property=\"og:image:height\" content=\"246\" \/>\n\t<meta property=\"og:image:type\" content=\"image\/jpeg\" \/>\n<meta name=\"author\" content=\"Marta S\u00e1nchez\" \/>\n<meta name=\"twitter:label1\" content=\"Escrit per\" \/>\n\t<meta name=\"twitter:data1\" content=\"Marta S\u00e1nchez\" \/>\n\t<meta name=\"twitter:label2\" content=\"Temps estimat de lectura\" \/>\n\t<meta name=\"twitter:data2\" content=\"3 minuts\" \/>\n<script type=\"application\/ld+json\" class=\"yoast-schema-graph\">{\"@context\":\"https:\/\/schema.org\",\"@graph\":[{\"@type\":\"WebPage\",\"@id\":\"https:\/\/www.activasalut.com\/ca\/las-manualidades-en-logopedia\/\",\"url\":\"https:\/\/www.activasalut.com\/ca\/las-manualidades-en-logopedia\/\",\"name\":\"Les manualitats a logop\u00e8dia\",\"isPartOf\":{\"@id\":\"https:\/\/www.activasalut.com\/ca\/#website\"},\"datePublished\":\"2016-09-02T05:07:23+00:00\",\"dateModified\":\"2016-09-01T07:56:51+00:00\",\"author\":{\"@id\":\"https:\/\/www.activasalut.com\/ca\/#\/schema\/person\/d5143be2de4caf189b0d7ac707abe439\"},\"description\":\"Las manualidades preparan para la lectura y la escritura, favorecen el desarrollo de la motricidad fina y la percepci\u00f3n visual.\",\"breadcrumb\":{\"@id\":\"https:\/\/www.activasalut.com\/ca\/las-manualidades-en-logopedia\/#breadcrumb\"},\"inLanguage\":\"ca\",\"potentialAction\":[{\"@type\":\"ReadAction\",\"target\":[\"https:\/\/www.activasalut.com\/ca\/las-manualidades-en-logopedia\/\"]}]},{\"@type\":\"BreadcrumbList\",\"@id\":\"https:\/\/www.activasalut.com\/ca\/las-manualidades-en-logopedia\/#breadcrumb\",\"itemListElement\":[{\"@type\":\"ListItem\",\"position\":1,\"name\":\"Portada\",\"item\":\"https:\/\/www.activasalut.com\/ca\/\"},{\"@type\":\"ListItem\",\"position\":2,\"name\":\"Les manualitats a logop\u00e8dia\"}]},{\"@type\":\"WebSite\",\"@id\":\"https:\/\/www.activasalut.com\/ca\/#website\",\"url\":\"https:\/\/www.activasalut.com\/ca\/\",\"name\":\"Corporaci\u00f3n fisiogesti\u00f3n\",\"description\":\"Activa la teva salut\",\"potentialAction\":[{\"@type\":\"SearchAction\",\"target\":{\"@type\":\"EntryPoint\",\"urlTemplate\":\"https:\/\/www.activasalut.com\/ca\/?s={search_term_string}\"},\"query-input\":\"required name=search_term_string\"}],\"inLanguage\":\"ca\"},{\"@type\":\"Person\",\"@id\":\"https:\/\/www.activasalut.com\/ca\/#\/schema\/person\/d5143be2de4caf189b0d7ac707abe439\",\"name\":\"Marta S\u00e1nchez\",\"image\":{\"@type\":\"ImageObject\",\"inLanguage\":\"ca\",\"@id\":\"https:\/\/www.activasalut.com\/ca\/#\/schema\/person\/image\/\",\"url\":\"https:\/\/secure.gravatar.com\/avatar\/e1567da7ae4b7e10e7eae46b3fb124e4?s=96&d=mm&r=g\",\"contentUrl\":\"https:\/\/secure.gravatar.com\/avatar\/e1567da7ae4b7e10e7eae46b3fb124e4?s=96&d=mm&r=g\",\"caption\":\"Marta S\u00e1nchez\"},\"url\":\"https:\/\/www.activasalut.com\/ca\/author\/marta-sanchez\/\"}]}<\/script>\n<!-- \/ Yoast SEO plugin. -->","yoast_head_json":{"title":"Les manualitats a logop\u00e8dia","description":"Las manualidades preparan para la lectura y la escritura, favorecen el desarrollo de la motricidad fina y la percepci\u00f3n visual.","robots":{"index":"index","follow":"follow","max-snippet":"max-snippet:-1","max-image-preview":"max-image-preview:large","max-video-preview":"max-video-preview:-1"},"canonical":"https:\/\/www.activasalut.com\/ca\/las-manualidades-en-logopedia\/","og_locale":"ca_ES","og_type":"article","og_title":"C\u00f3mo las manualidades ayudan a la reeducaci\u00f3n logop\u00e9dica de los ni\u00f1os","og_description":"La logopeda Marta S\u00e1nchez nos habla de esta beneficiosa t\u00e9cnica que aplica en ni\u00f1os con alteraciones en el habla y el lenguaje.","og_url":"https:\/\/www.activasalut.com\/ca\/las-manualidades-en-logopedia\/","og_site_name":"Corporaci\u00f3 Fisiogesti\u00f3","article_published_time":"2016-09-02T05:07:23+00:00","article_modified_time":"2016-09-01T07:56:51+00:00","og_image":[{"width":470,"height":246,"url":"https:\/\/www.activasalut.com\/wp-content\/uploads\/2016\/09\/fac4.jpg","type":"image\/jpeg"}],"author":"Marta S\u00e1nchez","twitter_misc":{"Escrit per":"Marta S\u00e1nchez","Temps estimat de lectura":"3 minuts"},"schema":{"@context":"https:\/\/schema.org","@graph":[{"@type":"WebPage","@id":"https:\/\/www.activasalut.com\/ca\/las-manualidades-en-logopedia\/","url":"https:\/\/www.activasalut.com\/ca\/las-manualidades-en-logopedia\/","name":"Les manualitats a logop\u00e8dia","isPartOf":{"@id":"https:\/\/www.activasalut.com\/ca\/#website"},"datePublished":"2016-09-02T05:07:23+00:00","dateModified":"2016-09-01T07:56:51+00:00","author":{"@id":"https:\/\/www.activasalut.com\/ca\/#\/schema\/person\/d5143be2de4caf189b0d7ac707abe439"},"description":"Las manualidades preparan para la lectura y la escritura, favorecen el desarrollo de la motricidad fina y la percepci\u00f3n visual.","breadcrumb":{"@id":"https:\/\/www.activasalut.com\/ca\/las-manualidades-en-logopedia\/#breadcrumb"},"inLanguage":"ca","potentialAction":[{"@type":"ReadAction","target":["https:\/\/www.activasalut.com\/ca\/las-manualidades-en-logopedia\/"]}]},{"@type":"BreadcrumbList","@id":"https:\/\/www.activasalut.com\/ca\/las-manualidades-en-logopedia\/#breadcrumb","itemListElement":[{"@type":"ListItem","position":1,"name":"Portada","item":"https:\/\/www.activasalut.com\/ca\/"},{"@type":"ListItem","position":2,"name":"Les manualitats a logop\u00e8dia"}]},{"@type":"WebSite","@id":"https:\/\/www.activasalut.com\/ca\/#website","url":"https:\/\/www.activasalut.com\/ca\/","name":"Corporaci\u00f3n fisiogesti\u00f3n","description":"Activa la teva salut","potentialAction":[{"@type":"SearchAction","target":{"@type":"EntryPoint","urlTemplate":"https:\/\/www.activasalut.com\/ca\/?s={search_term_string}"},"query-input":"required name=search_term_string"}],"inLanguage":"ca"},{"@type":"Person","@id":"https:\/\/www.activasalut.com\/ca\/#\/schema\/person\/d5143be2de4caf189b0d7ac707abe439","name":"Marta S\u00e1nchez","image":{"@type":"ImageObject","inLanguage":"ca","@id":"https:\/\/www.activasalut.com\/ca\/#\/schema\/person\/image\/","url":"https:\/\/secure.gravatar.com\/avatar\/e1567da7ae4b7e10e7eae46b3fb124e4?s=96&d=mm&r=g","contentUrl":"https:\/\/secure.gravatar.com\/avatar\/e1567da7ae4b7e10e7eae46b3fb124e4?s=96&d=mm&r=g","caption":"Marta S\u00e1nchez"},"url":"https:\/\/www.activasalut.com\/ca\/author\/marta-sanchez\/"}]}},"_links":{"self":[{"href":"https:\/\/www.activasalut.com\/ca\/wp-json\/wp\/v2\/posts\/2305"}],"collection":[{"href":"https:\/\/www.activasalut.com\/ca\/wp-json\/wp\/v2\/posts"}],"about":[{"href":"https:\/\/www.activasalut.com\/ca\/wp-json\/wp\/v2\/types\/post"}],"author":[{"embeddable":true,"href":"https:\/\/www.activasalut.com\/ca\/wp-json\/wp\/v2\/users\/11"}],"replies":[{"embeddable":true,"href":"https:\/\/www.activasalut.com\/ca\/wp-json\/wp\/v2\/comments?post=2305"}],"version-history":[{"count":3,"href":"https:\/\/www.activasalut.com\/ca\/wp-json\/wp\/v2\/posts\/2305\/revisions"}],"predecessor-version":[{"id":2308,"href":"https:\/\/www.activasalut.com\/ca\/wp-json\/wp\/v2\/posts\/2305\/revisions\/2308"}],"wp:featuredmedia":[{"embeddable":true,"href":"https:\/\/www.activasalut.com\/ca\/wp-json\/wp\/v2\/media\/2304"}],"wp:attachment":[{"href":"https:\/\/www.activasalut.com\/ca\/wp-json\/wp\/v2\/media?parent=2305"}],"wp:term":[{"taxonomy":"category","embeddable":true,"href":"https:\/\/www.activasalut.com\/ca\/wp-json\/wp\/v2\/categories?post=2305"},{"taxonomy":"post_tag","embeddable":true,"href":"https:\/\/www.activasalut.com\/ca\/wp-json\/wp\/v2\/tags?post=2305"}],"curies":[{"name":"wp","href":"https:\/\/api.w.org\/{rel}","templated":true}]}}