{"id":2329,"date":"2016-09-16T10:48:00","date_gmt":"2016-09-16T08:48:00","guid":{"rendered":"https:\/\/www.activasalut.com\/ca\/artritis-reumatoide-consecuencias\/"},"modified":"2016-09-16T11:03:02","modified_gmt":"2016-09-16T09:03:02","slug":"artritis-reumatoide-consecuencias","status":"publish","type":"post","link":"https:\/\/www.activasalut.com\/ca\/artritis-reumatoide-consecuencias\/","title":{"rendered":"\u201cTinc por de no poder cuidar-la\u201d"},"content":{"rendered":"<p>Keri Skitch, 44 anys, professora, mare de tres nenes i cuidadora. Des de fa 22 anys pateix <a href=\"https:\/\/www.activasalut.com\/ca\/que-es-la-artritis\/\" target=\"_blank\">artritis reumatoide<\/a>, una malaltia inflamat\u00f2ria cr\u00f2nica d&#8217;etiologia desconeguda que pot afectar a diferents \u00f2rgans i a petites, mitjanes o grans articulacions.<br \/>\n<!--more--><\/p>\n<h5>El motiu<\/h5>\n<p>Des de fa un temps vaig comen\u00e7ar a notar que perdia for\u00e7a a les mans, va ser llavors quan li vaig demanar a la meva doctora venir a fer rehabilitaci\u00f3.<\/p>\n<p>Jo tinc tres nenes i una d&#8217;elles t\u00e9 una discapacitat important, no t\u00e9 mobilitat i l&#8217;haig d&#8217;agafar, aixecar, canviar\u2026 com encara \u00e9s petita he vist que necessito <strong>estar forta i cuidar-me per poder ocupar-me especialment d\u2019ella<\/strong>.<\/p>\n<p><a href=\"https:\/\/www.activasalut.com\/wp-content\/uploads\/2016\/09\/DSCF5942.jpg\"><img decoding=\"async\" loading=\"lazy\" class=\"wp-image-2323 size-large alignleft\" src=\"https:\/\/www.activasalut.com\/wp-content\/uploads\/2016\/09\/DSCF5942-1024x577.jpg\" alt=\"artritis reumatoide paciente keri\" width=\"604\" height=\"340\" srcset=\"https:\/\/www.activasalut.com\/wp-content\/uploads\/2016\/09\/DSCF5942-1024x577.jpg 1024w, https:\/\/www.activasalut.com\/wp-content\/uploads\/2016\/09\/DSCF5942-300x169.jpg 300w\" sizes=\"(max-width: 604px) 100vw, 604px\" \/><\/a><\/p>\n<p>&nbsp;<\/p>\n<p>&nbsp;<\/p>\n<p>&nbsp;<\/p>\n<p>&nbsp;<\/p>\n<p>&nbsp;<\/p>\n<p>&nbsp;<\/p>\n<p>&nbsp;<\/p>\n<p>&nbsp;<\/p>\n<h5>La conviv\u00e8ncia amb una malaltia cr\u00f2nica<\/h5>\n<p>Durant aquests anys he tingut contacte amb metges, en el meu cas, he anat empitjorant de manera gradual, gens sobtat. Aquesta malaltia requereix medicaci\u00f3, no desapareix, no obstant aix\u00f2 \u00e9s intentar controlar-la.<\/p>\n<h5>Pautes del professional<\/h5>\n<p>El terapeuta m&#8217;ensenya a manejar el dia a dia una mica millor. Per exemple, la Silvia Gargallo,<strong> terapeuta ocupacional<\/strong>, m\u2019ha mostrat com utilitzar alguns aparells adaptats que em serveixen per a la cuina (com un obridor de llaunes), a adequar coses que tinc a casa o a facilitar moviments que faig amb les mans per no fer tanta for\u00e7a i no deformar encara m\u00e9s les meves articulacions.<\/p>\n<blockquote><p><em>&#8220;Han passat sis anys i observo que la meva filla no aconseguir\u00e0 una mobilitat normal, per aix\u00f2 haig d&#8217;estar en les millors condicions per poder cuidar-la&#8221;<\/em><\/p><\/blockquote>\n<h5>Objectiu del tractament<\/h5>\n<p>Al tractar-se d\u2019una malaltia cr\u00f2nica, l&#8217;objectiu consisteix en com puc protegir-me, evitar que les deformacions vagin a pitjor i a augmentar la for\u00e7a.<\/p>\n<h5>H\u00e0bits de vida<\/h5>\n<p>Amb nens petits \u00e9s dif\u00edcil pel temps, per\u00f2 vaig al gimn\u00e0s, intento caminar, cuidar l&#8217;alimentaci\u00f3, per\u00f2 sempre dins de les meves possibilitats.<\/p>\n<h5>Paper de cuidadora<\/h5>\n<p>La Silvia m&#8217;assessora sobre com \u00e9s la millor manera perqu\u00e8 pugui cuidar de la meva petita sense que les articulacions de les meves mans pateixin m\u00e9s del necessari. Sempre utilitzar els m\u00fasculs grans, postures que no torcin massa&#8230; En general aquesta malaltia t&#8217;obliga en certa manera a diversificar les tasques di\u00e0ries. Per exemple, la neteja de la casa no es pot fer en un sol dia, intentem col\u00b7locar les coses de manera que jo pugui accedir amb facilitat (com el canviador de la nena), en definitiva buscar estrat\u00e8gies\u2026<\/p>\n<p><strong>La Keri ha volgut avan\u00e7ar-se a la malaltia i dur a terme un pla de prevenci\u00f3 abans que l\u2019artritis li impedeixi cuidar a la seva fam\u00edlia i principalment a la seva filla petita que \u00e9s la que m\u00e9s atencions requereix en aquest moment.<\/strong><\/p>\n<p>&nbsp;<\/p>\n","protected":false},"excerpt":{"rendered":"<p>Keri Skitch, 44 anys, professora, mare de tres nenes i cuidadora. Des de fa 22 anys pateix artritis reumatoide, una malaltia inflamat\u00f2ria cr\u00f2nica d&#8217;etiologia<a class=\"moretag\" href=\"https:\/\/www.activasalut.com\/ca\/artritis-reumatoide-consecuencias\/\">Llegeix m\u00e9s&#8230;<\/a><\/p>\n","protected":false},"author":34,"featured_media":2324,"comment_status":"open","ping_status":"closed","sticky":false,"template":"","format":"standard","meta":[],"categories":[571,783,610,570,599,831,467,612],"tags":[1642,900,1344,1636,1123,1643,1637,1383,1394,1184,1638,1644,1639,1645,1555,1553,1640,1641,1349],"yoast_head":"<!-- This site is optimized with the Yoast SEO plugin v20.0 - https:\/\/yoast.com\/wordpress\/plugins\/seo\/ -->\n<title>\u201cTinc por de no poder cuidar-la\u201d<\/title>\n<meta name=\"description\" content=\"Artritis reumatoide, una malaltia inflamat\u00f2ria cr\u00f2nica que pot afectar a diferents \u00f2rgans i a petites, mitjanes o grans articulacions.\" \/>\n<meta name=\"robots\" content=\"index, follow, max-snippet:-1, max-image-preview:large, max-video-preview:-1\" \/>\n<link rel=\"canonical\" href=\"https:\/\/www.activasalut.com\/ca\/artritis-reumatoide-consecuencias\/\" \/>\n<meta property=\"og:locale\" content=\"ca_ES\" \/>\n<meta property=\"og:type\" content=\"article\" \/>\n<meta property=\"og:title\" content=\"\u201cTengo miedo de no poder cuidarla\u201d\" \/>\n<meta property=\"og:description\" content=\"Keri Skitch hace 22 a\u00f1os que convive con una artritis reumatoide. Por iniciativa propia pidi\u00f3 a su m\u00e9dico ir a rehabilitaci\u00f3n como prevenci\u00f3n para aprender a controrarla...\" \/>\n<meta property=\"og:url\" content=\"https:\/\/www.activasalut.com\/ca\/artritis-reumatoide-consecuencias\/\" \/>\n<meta property=\"og:site_name\" content=\"Corporaci\u00f3 Fisiogesti\u00f3\" \/>\n<meta property=\"article:published_time\" content=\"2016-09-16T08:48:00+00:00\" \/>\n<meta property=\"article:modified_time\" content=\"2016-09-16T09:03:02+00:00\" \/>\n<meta property=\"og:image\" content=\"https:\/\/www.activasalut.com\/wp-content\/uploads\/2016\/09\/fac.jpg\" \/>\n\t<meta property=\"og:image:width\" content=\"470\" \/>\n\t<meta property=\"og:image:height\" content=\"246\" \/>\n\t<meta property=\"og:image:type\" content=\"image\/jpeg\" \/>\n<meta name=\"author\" content=\"Neus Valeta\" \/>\n<meta name=\"twitter:label1\" content=\"Escrit per\" \/>\n\t<meta name=\"twitter:data1\" content=\"Neus Valeta\" \/>\n\t<meta name=\"twitter:label2\" content=\"Temps estimat de lectura\" \/>\n\t<meta name=\"twitter:data2\" content=\"2 minuts\" \/>\n<script type=\"application\/ld+json\" class=\"yoast-schema-graph\">{\"@context\":\"https:\/\/schema.org\",\"@graph\":[{\"@type\":\"WebPage\",\"@id\":\"https:\/\/www.activasalut.com\/ca\/artritis-reumatoide-consecuencias\/\",\"url\":\"https:\/\/www.activasalut.com\/ca\/artritis-reumatoide-consecuencias\/\",\"name\":\"\u201cTinc por de no poder cuidar-la\u201d\",\"isPartOf\":{\"@id\":\"https:\/\/www.activasalut.com\/ca\/#website\"},\"datePublished\":\"2016-09-16T08:48:00+00:00\",\"dateModified\":\"2016-09-16T09:03:02+00:00\",\"author\":{\"@id\":\"https:\/\/www.activasalut.com\/ca\/#\/schema\/person\/9d91dac150a18813583299386126224d\"},\"description\":\"Artritis reumatoide, una malaltia inflamat\u00f2ria cr\u00f2nica que pot afectar a diferents \u00f2rgans i a petites, mitjanes o grans articulacions.\",\"breadcrumb\":{\"@id\":\"https:\/\/www.activasalut.com\/ca\/artritis-reumatoide-consecuencias\/#breadcrumb\"},\"inLanguage\":\"ca\",\"potentialAction\":[{\"@type\":\"ReadAction\",\"target\":[\"https:\/\/www.activasalut.com\/ca\/artritis-reumatoide-consecuencias\/\"]}]},{\"@type\":\"BreadcrumbList\",\"@id\":\"https:\/\/www.activasalut.com\/ca\/artritis-reumatoide-consecuencias\/#breadcrumb\",\"itemListElement\":[{\"@type\":\"ListItem\",\"position\":1,\"name\":\"Portada\",\"item\":\"https:\/\/www.activasalut.com\/ca\/\"},{\"@type\":\"ListItem\",\"position\":2,\"name\":\"\u201cTinc por de no poder cuidar-la\u201d\"}]},{\"@type\":\"WebSite\",\"@id\":\"https:\/\/www.activasalut.com\/ca\/#website\",\"url\":\"https:\/\/www.activasalut.com\/ca\/\",\"name\":\"Corporaci\u00f3n fisiogesti\u00f3n\",\"description\":\"Activa la teva salut\",\"potentialAction\":[{\"@type\":\"SearchAction\",\"target\":{\"@type\":\"EntryPoint\",\"urlTemplate\":\"https:\/\/www.activasalut.com\/ca\/?s={search_term_string}\"},\"query-input\":\"required name=search_term_string\"}],\"inLanguage\":\"ca\"},{\"@type\":\"Person\",\"@id\":\"https:\/\/www.activasalut.com\/ca\/#\/schema\/person\/9d91dac150a18813583299386126224d\",\"name\":\"Neus Valeta\",\"image\":{\"@type\":\"ImageObject\",\"inLanguage\":\"ca\",\"@id\":\"https:\/\/www.activasalut.com\/ca\/#\/schema\/person\/image\/\",\"url\":\"https:\/\/secure.gravatar.com\/avatar\/b2360992fe8d4bfca166752eb471b166?s=96&d=mm&r=g\",\"contentUrl\":\"https:\/\/secure.gravatar.com\/avatar\/b2360992fe8d4bfca166752eb471b166?s=96&d=mm&r=g\",\"caption\":\"Neus Valeta\"},\"url\":\"https:\/\/www.activasalut.com\/ca\/author\/neus-valeta\/\"}]}<\/script>\n<!-- \/ Yoast SEO plugin. -->","yoast_head_json":{"title":"\u201cTinc por de no poder cuidar-la\u201d","description":"Artritis reumatoide, una malaltia inflamat\u00f2ria cr\u00f2nica que pot afectar a diferents \u00f2rgans i a petites, mitjanes o grans articulacions.","robots":{"index":"index","follow":"follow","max-snippet":"max-snippet:-1","max-image-preview":"max-image-preview:large","max-video-preview":"max-video-preview:-1"},"canonical":"https:\/\/www.activasalut.com\/ca\/artritis-reumatoide-consecuencias\/","og_locale":"ca_ES","og_type":"article","og_title":"\u201cTengo miedo de no poder cuidarla\u201d","og_description":"Keri Skitch hace 22 a\u00f1os que convive con una artritis reumatoide. Por iniciativa propia pidi\u00f3 a su m\u00e9dico ir a rehabilitaci\u00f3n como prevenci\u00f3n para aprender a controrarla...","og_url":"https:\/\/www.activasalut.com\/ca\/artritis-reumatoide-consecuencias\/","og_site_name":"Corporaci\u00f3 Fisiogesti\u00f3","article_published_time":"2016-09-16T08:48:00+00:00","article_modified_time":"2016-09-16T09:03:02+00:00","og_image":[{"width":470,"height":246,"url":"https:\/\/www.activasalut.com\/wp-content\/uploads\/2016\/09\/fac.jpg","type":"image\/jpeg"}],"author":"Neus Valeta","twitter_misc":{"Escrit per":"Neus Valeta","Temps estimat de lectura":"2 minuts"},"schema":{"@context":"https:\/\/schema.org","@graph":[{"@type":"WebPage","@id":"https:\/\/www.activasalut.com\/ca\/artritis-reumatoide-consecuencias\/","url":"https:\/\/www.activasalut.com\/ca\/artritis-reumatoide-consecuencias\/","name":"\u201cTinc por de no poder cuidar-la\u201d","isPartOf":{"@id":"https:\/\/www.activasalut.com\/ca\/#website"},"datePublished":"2016-09-16T08:48:00+00:00","dateModified":"2016-09-16T09:03:02+00:00","author":{"@id":"https:\/\/www.activasalut.com\/ca\/#\/schema\/person\/9d91dac150a18813583299386126224d"},"description":"Artritis reumatoide, una malaltia inflamat\u00f2ria cr\u00f2nica que pot afectar a diferents \u00f2rgans i a petites, mitjanes o grans articulacions.","breadcrumb":{"@id":"https:\/\/www.activasalut.com\/ca\/artritis-reumatoide-consecuencias\/#breadcrumb"},"inLanguage":"ca","potentialAction":[{"@type":"ReadAction","target":["https:\/\/www.activasalut.com\/ca\/artritis-reumatoide-consecuencias\/"]}]},{"@type":"BreadcrumbList","@id":"https:\/\/www.activasalut.com\/ca\/artritis-reumatoide-consecuencias\/#breadcrumb","itemListElement":[{"@type":"ListItem","position":1,"name":"Portada","item":"https:\/\/www.activasalut.com\/ca\/"},{"@type":"ListItem","position":2,"name":"\u201cTinc por de no poder cuidar-la\u201d"}]},{"@type":"WebSite","@id":"https:\/\/www.activasalut.com\/ca\/#website","url":"https:\/\/www.activasalut.com\/ca\/","name":"Corporaci\u00f3n fisiogesti\u00f3n","description":"Activa la teva salut","potentialAction":[{"@type":"SearchAction","target":{"@type":"EntryPoint","urlTemplate":"https:\/\/www.activasalut.com\/ca\/?s={search_term_string}"},"query-input":"required name=search_term_string"}],"inLanguage":"ca"},{"@type":"Person","@id":"https:\/\/www.activasalut.com\/ca\/#\/schema\/person\/9d91dac150a18813583299386126224d","name":"Neus Valeta","image":{"@type":"ImageObject","inLanguage":"ca","@id":"https:\/\/www.activasalut.com\/ca\/#\/schema\/person\/image\/","url":"https:\/\/secure.gravatar.com\/avatar\/b2360992fe8d4bfca166752eb471b166?s=96&d=mm&r=g","contentUrl":"https:\/\/secure.gravatar.com\/avatar\/b2360992fe8d4bfca166752eb471b166?s=96&d=mm&r=g","caption":"Neus Valeta"},"url":"https:\/\/www.activasalut.com\/ca\/author\/neus-valeta\/"}]}},"_links":{"self":[{"href":"https:\/\/www.activasalut.com\/ca\/wp-json\/wp\/v2\/posts\/2329"}],"collection":[{"href":"https:\/\/www.activasalut.com\/ca\/wp-json\/wp\/v2\/posts"}],"about":[{"href":"https:\/\/www.activasalut.com\/ca\/wp-json\/wp\/v2\/types\/post"}],"author":[{"embeddable":true,"href":"https:\/\/www.activasalut.com\/ca\/wp-json\/wp\/v2\/users\/34"}],"replies":[{"embeddable":true,"href":"https:\/\/www.activasalut.com\/ca\/wp-json\/wp\/v2\/comments?post=2329"}],"version-history":[{"count":2,"href":"https:\/\/www.activasalut.com\/ca\/wp-json\/wp\/v2\/posts\/2329\/revisions"}],"predecessor-version":[{"id":2331,"href":"https:\/\/www.activasalut.com\/ca\/wp-json\/wp\/v2\/posts\/2329\/revisions\/2331"}],"wp:featuredmedia":[{"embeddable":true,"href":"https:\/\/www.activasalut.com\/ca\/wp-json\/wp\/v2\/media\/2324"}],"wp:attachment":[{"href":"https:\/\/www.activasalut.com\/ca\/wp-json\/wp\/v2\/media?parent=2329"}],"wp:term":[{"taxonomy":"category","embeddable":true,"href":"https:\/\/www.activasalut.com\/ca\/wp-json\/wp\/v2\/categories?post=2329"},{"taxonomy":"post_tag","embeddable":true,"href":"https:\/\/www.activasalut.com\/ca\/wp-json\/wp\/v2\/tags?post=2329"}],"curies":[{"name":"wp","href":"https:\/\/api.w.org\/{rel}","templated":true}]}}