{"id":2341,"date":"2016-09-23T08:00:14","date_gmt":"2016-09-23T06:00:14","guid":{"rendered":"https:\/\/www.activasalut.com\/ca\/?p=2341"},"modified":"2016-09-23T13:17:18","modified_gmt":"2016-09-23T11:17:18","slug":"alzheimer-el-bicho-del-olvido","status":"publish","type":"post","link":"https:\/\/www.activasalut.com\/ca\/alzheimer-el-bicho-del-olvido\/","title":{"rendered":"Alzheimer, la malaltia de l\u2019oblit"},"content":{"rendered":"<p>La <strong>Malaltia d&#8217;Alzheimer<\/strong> \u00e9s un proc\u00e9s neurol\u00f2gic de degeneraci\u00f3 progressiva que afecta el cervell. \u00c9s una forma de dem\u00e8ncia en la qual hi ha una destrucci\u00f3 progressiva de neurones i de la transmissi\u00f3 que hi ha entre elles.<!--more--> Aquesta degeneraci\u00f3 est\u00e0 potencialment indu\u00efda per l&#8217;acumulaci\u00f3 de subst\u00e0ncies (prote\u00efnes Tau i Beta-amiloide) en el cervell, que conformen cabdells neurofibril\u00b7lars i plaques neur\u00edtiques. Degeneren principalment c\u00e8l\u00b7lules neuronals de regions espec\u00edfiques del cervell, com <strong>l&#8217;hipocamp<\/strong> i <strong>l&#8217;escor\u00e7a<\/strong>, i <strong>comporten una p\u00e8rdua progressiva de la mem\u00f2ria<\/strong>, aix\u00ed com d&#8217;altres habilitats cognitives com la desorientaci\u00f3 o el raonament, de manera que l&#8217;autonomia de la persona per desenvolupar-se en la vida di\u00e0ria queda compromesa.<\/p>\n<h4><strong>Actualment, qu\u00e8 puc fer davant la malaltia?<\/strong><\/h4>\n<p>En l&#8217;actualitat no hi ha cura per a aquesta malaltia, per\u00f2 existeixen alguns tractaments, farmacol\u00f2gics i no farmacol\u00f2gics, que tenen l&#8217;objectiu de minorar la progressi\u00f3 de la malaltia, sobretot en estadis inicials.<\/p>\n<h5>Tractaments farmacol\u00f2gics<\/h5>\n<p>Contribueixen a alleujar els s\u00edmptomes cl\u00ednics en les primeres fases de la malaltia i disminueixen la intensitat dels trastorns conductuals associats, encara que no s\u00f3n capa\u00e7os de detenir o alentir de forma significativa la seva progressi\u00f3 en el temps. Actualment hi ha una gran quantitat de nous f\u00e0rmacs en fase d&#8217;experimentaci\u00f3 cl\u00ednica (<em>PBT2<\/em>,<em> bexaroten<\/em>\u2026), encara que de moment cap ha demostrat ser efica\u00e7 per prevenir o detenir l&#8217;avan\u00e7 ineludible d&#8217;aquesta malaltia.<\/p>\n<p><a href=\"https:\/\/www.activasalut.com\/wp-content\/uploads\/2016\/09\/Alzheimer_Estimulacio\u0301n-Cognitiva.jpg\"><img decoding=\"async\" loading=\"lazy\" class=\"alignleft wp-image-2335\" src=\"https:\/\/www.activasalut.com\/wp-content\/uploads\/2016\/09\/Alzheimer_Estimulacio\u0301n-Cognitiva.jpg\" alt=\"alzheimer_estimulacion-cognitiva\" width=\"440\" height=\"329\" srcset=\"https:\/\/www.activasalut.com\/wp-content\/uploads\/2016\/09\/Alzheimer_Estimulacio\u0301n-Cognitiva.jpg 640w, https:\/\/www.activasalut.com\/wp-content\/uploads\/2016\/09\/Alzheimer_Estimulacio\u0301n-Cognitiva-300x224.jpg 300w\" sizes=\"(max-width: 440px) 100vw, 440px\" \/><\/a><\/p>\n<p>&nbsp;<\/p>\n<h5>Tractaments no\u00a0farmacol\u00f2gics<\/h5>\n<p>Davant aquestes circumst\u00e0ncies les ter\u00e0pies <strong>no farmacol\u00f2giques<\/strong> han passat a un primer pl\u00e0nol. Els <strong>programes d&#8217;estimulaci\u00f3 cognitiva<\/strong> i d&#8217;entrenament de les activitats de la vida di\u00e0ria, especialment administrats en les etapes m\u00e9s inicials de la malaltia, semblen tenir efectes positius i estan sent avaluats i estudiats cada vegada amb m\u00e9s deteniment.<\/p>\n<p>Per altra banda, cada vegada m\u00e9s professionals opten per la intervenci\u00f3 en la Malaltia d&#8217;Alzheimer mitjan\u00e7ant un tractament combinat (f\u00e0rmacs + programes de psicoestimulaci\u00f3 integral), tenint l&#8217;<strong>Estimulaci\u00f3 Cognitiva<\/strong> un paper rellevant.<\/p>\n<p>Tampoc podem oblidar <a href=\"https:\/\/fpmaragall.org\/ca\/recerca-alzhehimer\/grups-terapeutics-alzheimer\/\" target=\"_blank\">els programes de suport, assessorament i formaci\u00f3 de cuidadors<\/a>, tant professionals com a familiars, ja que s\u00f3n essencials per contribuir al benestar dels pacients.<\/p>\n<h4><strong>Puc prevenir l&#8217;Alzheimer?<\/strong><\/h4>\n<p><strong>Si vost\u00e8 ha cuidat\u00a0la seva ment durant anys, i encara ho segueix fent\u2026 tindr\u00e0 recompensa!<\/strong> Un <a href=\"http:\/\/archneur.jamanetwork.com\/article.aspx?articleid=1149704\" target=\"_blank\">estudi<\/a> publicat per investigadors de la Universitat de Calif\u00f2rnia mostra que realitzar tasques que exigeixin una activitat cognitiva va associat a un menor risc d&#8217;acumular prote\u00efna beta-amiloide en el cervell, subst\u00e0ncia que forma unes plaques nocives per al cervell, caracter\u00edstiques de la Malaltia d&#8217;Alzheimer.<\/p>\n<p><strong>De moment, no existeix cap prova concloent que hi hagi medicament, subst\u00e0ncia nutricional o procediment cognitiu algun que eviti o disminueixi el risc de patir Alzheimer<\/strong>, malgrat aix\u00f2, en els \u00faltims anys nombrosos estudis suggereixen que tot all\u00f2 relacionat amb la <strong>prevenci\u00f3 de factors de risc de la malaltia cardiovascular<\/strong> (hipertensi\u00f3 arterial, diabetis, hipercolesterol\u00e8mia, etc.) i amb la <strong>promoci\u00f3 d&#8217;h\u00e0bits de vida saludables<\/strong> (cervell actiu, exercici f\u00edsic moderat i regular, dieta sana, una son reparadora, no fumar, no consumir alcohol de forma excessiva, etc.) podria contribuir a disminuir la incid\u00e8ncia d&#8217;aquest tipus de malalties.<\/p>\n<h4><strong>En qu\u00e8 s&#8217;est\u00e0 investigant en l&#8217;actualitat?<\/strong><\/h4>\n<p>En aquest moment, s&#8217;est\u00e0 investigant en diferents l\u00ednies, les priorit\u00e0ries se centren en el desenvolupament de noves tecnologies per al diagn\u00f2stic prec\u00eds i preco\u00e7 de persones que encara no han desenvolupat la malaltia i en la validaci\u00f3 de tractaments que alenteixin i previnguin el desenvolupament de la malaltia.<\/p>\n<p>&nbsp;<\/p>\n<p>&nbsp;<\/p>\n<h5><\/h5>\n","protected":false},"excerpt":{"rendered":"<p>La Malaltia d&#8217;Alzheimer \u00e9s un proc\u00e9s neurol\u00f2gic de degeneraci\u00f3 progressiva que afecta el cervell. \u00c9s una forma de dem\u00e8ncia en la qual hi ha<a class=\"moretag\" href=\"https:\/\/www.activasalut.com\/ca\/alzheimer-el-bicho-del-olvido\/\">Llegeix m\u00e9s&#8230;<\/a><\/p>\n","protected":false},"author":17,"featured_media":2336,"comment_status":"open","ping_status":"closed","sticky":false,"template":"","format":"standard","meta":[],"categories":[565,613,610,563,831,467,603,2302],"tags":[1651,921,1653,1658,647,1659,1073],"yoast_head":"<!-- This site is optimized with the Yoast SEO plugin v20.0 - https:\/\/yoast.com\/wordpress\/plugins\/seo\/ -->\n<title>Alzheimer, la malaltia de l\u2019oblit<\/title>\n<meta name=\"description\" content=\"L&#039;Alzheimer es un proc\u00e8s neurol\u00f2gic de degeneraci\u00f3 progressiva. Una forma de dem\u00e8ncia n la qual hi ha una destrucci\u00f3 progressiva de neurones...\" \/>\n<meta name=\"robots\" content=\"index, follow, max-snippet:-1, max-image-preview:large, max-video-preview:-1\" \/>\n<link rel=\"canonical\" href=\"https:\/\/www.activasalut.com\/ca\/alzheimer-el-bicho-del-olvido\/\" \/>\n<meta property=\"og:locale\" content=\"ca_ES\" \/>\n<meta property=\"og:type\" content=\"article\" \/>\n<meta property=\"og:title\" content=\"Alzheimer, el bicho del olvido\" \/>\n<meta property=\"og:description\" content=\"Lo primero que debes saber de esta devastadora enfermedad por la neuropsic\u00f3loga de Corporaci\u00f3n Fisiogesti\u00f3n, Judit S\u00e1nchez.\" \/>\n<meta property=\"og:url\" content=\"https:\/\/www.activasalut.com\/ca\/alzheimer-el-bicho-del-olvido\/\" \/>\n<meta property=\"og:site_name\" content=\"Corporaci\u00f3 Fisiogesti\u00f3\" \/>\n<meta property=\"article:published_time\" content=\"2016-09-23T06:00:14+00:00\" \/>\n<meta property=\"article:modified_time\" content=\"2016-09-23T11:17:18+00:00\" \/>\n<meta property=\"og:image\" content=\"https:\/\/www.activasalut.com\/wp-content\/uploads\/2016\/09\/al-fac.jpg\" \/>\n\t<meta property=\"og:image:width\" content=\"470\" \/>\n\t<meta property=\"og:image:height\" content=\"246\" \/>\n\t<meta property=\"og:image:type\" content=\"image\/jpeg\" \/>\n<meta name=\"author\" content=\"Judit S\u00e0nchez\" \/>\n<meta name=\"twitter:label1\" content=\"Escrit per\" \/>\n\t<meta name=\"twitter:data1\" content=\"Judit S\u00e0nchez\" \/>\n\t<meta name=\"twitter:label2\" content=\"Temps estimat de lectura\" \/>\n\t<meta name=\"twitter:data2\" content=\"3 minuts\" \/>\n<script type=\"application\/ld+json\" class=\"yoast-schema-graph\">{\"@context\":\"https:\/\/schema.org\",\"@graph\":[{\"@type\":\"WebPage\",\"@id\":\"https:\/\/www.activasalut.com\/ca\/alzheimer-el-bicho-del-olvido\/\",\"url\":\"https:\/\/www.activasalut.com\/ca\/alzheimer-el-bicho-del-olvido\/\",\"name\":\"Alzheimer, la malaltia de l\u2019oblit\",\"isPartOf\":{\"@id\":\"https:\/\/www.activasalut.com\/ca\/#website\"},\"datePublished\":\"2016-09-23T06:00:14+00:00\",\"dateModified\":\"2016-09-23T11:17:18+00:00\",\"author\":{\"@id\":\"https:\/\/www.activasalut.com\/ca\/#\/schema\/person\/d246593c417f1b95fe3cb830129105b0\"},\"description\":\"L'Alzheimer es un proc\u00e8s neurol\u00f2gic de degeneraci\u00f3 progressiva. Una forma de dem\u00e8ncia n la qual hi ha una destrucci\u00f3 progressiva de neurones...\",\"breadcrumb\":{\"@id\":\"https:\/\/www.activasalut.com\/ca\/alzheimer-el-bicho-del-olvido\/#breadcrumb\"},\"inLanguage\":\"ca\",\"potentialAction\":[{\"@type\":\"ReadAction\",\"target\":[\"https:\/\/www.activasalut.com\/ca\/alzheimer-el-bicho-del-olvido\/\"]}]},{\"@type\":\"BreadcrumbList\",\"@id\":\"https:\/\/www.activasalut.com\/ca\/alzheimer-el-bicho-del-olvido\/#breadcrumb\",\"itemListElement\":[{\"@type\":\"ListItem\",\"position\":1,\"name\":\"Portada\",\"item\":\"https:\/\/www.activasalut.com\/ca\/\"},{\"@type\":\"ListItem\",\"position\":2,\"name\":\"Alzheimer, la malaltia de l\u2019oblit\"}]},{\"@type\":\"WebSite\",\"@id\":\"https:\/\/www.activasalut.com\/ca\/#website\",\"url\":\"https:\/\/www.activasalut.com\/ca\/\",\"name\":\"Corporaci\u00f3n fisiogesti\u00f3n\",\"description\":\"Activa la teva salut\",\"potentialAction\":[{\"@type\":\"SearchAction\",\"target\":{\"@type\":\"EntryPoint\",\"urlTemplate\":\"https:\/\/www.activasalut.com\/ca\/?s={search_term_string}\"},\"query-input\":\"required name=search_term_string\"}],\"inLanguage\":\"ca\"},{\"@type\":\"Person\",\"@id\":\"https:\/\/www.activasalut.com\/ca\/#\/schema\/person\/d246593c417f1b95fe3cb830129105b0\",\"name\":\"Judit S\u00e0nchez\",\"image\":{\"@type\":\"ImageObject\",\"inLanguage\":\"ca\",\"@id\":\"https:\/\/www.activasalut.com\/ca\/#\/schema\/person\/image\/\",\"url\":\"https:\/\/secure.gravatar.com\/avatar\/a0afb386a482a2b5e5a6cff93fd8c6bf?s=96&d=mm&r=g\",\"contentUrl\":\"https:\/\/secure.gravatar.com\/avatar\/a0afb386a482a2b5e5a6cff93fd8c6bf?s=96&d=mm&r=g\",\"caption\":\"Judit S\u00e0nchez\"},\"url\":\"https:\/\/www.activasalut.com\/ca\/author\/judit-sanchez\/\"}]}<\/script>\n<!-- \/ Yoast SEO plugin. -->","yoast_head_json":{"title":"Alzheimer, la malaltia de l\u2019oblit","description":"L'Alzheimer es un proc\u00e8s neurol\u00f2gic de degeneraci\u00f3 progressiva. Una forma de dem\u00e8ncia n la qual hi ha una destrucci\u00f3 progressiva de neurones...","robots":{"index":"index","follow":"follow","max-snippet":"max-snippet:-1","max-image-preview":"max-image-preview:large","max-video-preview":"max-video-preview:-1"},"canonical":"https:\/\/www.activasalut.com\/ca\/alzheimer-el-bicho-del-olvido\/","og_locale":"ca_ES","og_type":"article","og_title":"Alzheimer, el bicho del olvido","og_description":"Lo primero que debes saber de esta devastadora enfermedad por la neuropsic\u00f3loga de Corporaci\u00f3n Fisiogesti\u00f3n, Judit S\u00e1nchez.","og_url":"https:\/\/www.activasalut.com\/ca\/alzheimer-el-bicho-del-olvido\/","og_site_name":"Corporaci\u00f3 Fisiogesti\u00f3","article_published_time":"2016-09-23T06:00:14+00:00","article_modified_time":"2016-09-23T11:17:18+00:00","og_image":[{"width":470,"height":246,"url":"https:\/\/www.activasalut.com\/wp-content\/uploads\/2016\/09\/al-fac.jpg","type":"image\/jpeg"}],"author":"Judit S\u00e0nchez","twitter_misc":{"Escrit per":"Judit S\u00e0nchez","Temps estimat de lectura":"3 minuts"},"schema":{"@context":"https:\/\/schema.org","@graph":[{"@type":"WebPage","@id":"https:\/\/www.activasalut.com\/ca\/alzheimer-el-bicho-del-olvido\/","url":"https:\/\/www.activasalut.com\/ca\/alzheimer-el-bicho-del-olvido\/","name":"Alzheimer, la malaltia de l\u2019oblit","isPartOf":{"@id":"https:\/\/www.activasalut.com\/ca\/#website"},"datePublished":"2016-09-23T06:00:14+00:00","dateModified":"2016-09-23T11:17:18+00:00","author":{"@id":"https:\/\/www.activasalut.com\/ca\/#\/schema\/person\/d246593c417f1b95fe3cb830129105b0"},"description":"L'Alzheimer es un proc\u00e8s neurol\u00f2gic de degeneraci\u00f3 progressiva. Una forma de dem\u00e8ncia n la qual hi ha una destrucci\u00f3 progressiva de neurones...","breadcrumb":{"@id":"https:\/\/www.activasalut.com\/ca\/alzheimer-el-bicho-del-olvido\/#breadcrumb"},"inLanguage":"ca","potentialAction":[{"@type":"ReadAction","target":["https:\/\/www.activasalut.com\/ca\/alzheimer-el-bicho-del-olvido\/"]}]},{"@type":"BreadcrumbList","@id":"https:\/\/www.activasalut.com\/ca\/alzheimer-el-bicho-del-olvido\/#breadcrumb","itemListElement":[{"@type":"ListItem","position":1,"name":"Portada","item":"https:\/\/www.activasalut.com\/ca\/"},{"@type":"ListItem","position":2,"name":"Alzheimer, la malaltia de l\u2019oblit"}]},{"@type":"WebSite","@id":"https:\/\/www.activasalut.com\/ca\/#website","url":"https:\/\/www.activasalut.com\/ca\/","name":"Corporaci\u00f3n fisiogesti\u00f3n","description":"Activa la teva salut","potentialAction":[{"@type":"SearchAction","target":{"@type":"EntryPoint","urlTemplate":"https:\/\/www.activasalut.com\/ca\/?s={search_term_string}"},"query-input":"required name=search_term_string"}],"inLanguage":"ca"},{"@type":"Person","@id":"https:\/\/www.activasalut.com\/ca\/#\/schema\/person\/d246593c417f1b95fe3cb830129105b0","name":"Judit S\u00e0nchez","image":{"@type":"ImageObject","inLanguage":"ca","@id":"https:\/\/www.activasalut.com\/ca\/#\/schema\/person\/image\/","url":"https:\/\/secure.gravatar.com\/avatar\/a0afb386a482a2b5e5a6cff93fd8c6bf?s=96&d=mm&r=g","contentUrl":"https:\/\/secure.gravatar.com\/avatar\/a0afb386a482a2b5e5a6cff93fd8c6bf?s=96&d=mm&r=g","caption":"Judit S\u00e0nchez"},"url":"https:\/\/www.activasalut.com\/ca\/author\/judit-sanchez\/"}]}},"_links":{"self":[{"href":"https:\/\/www.activasalut.com\/ca\/wp-json\/wp\/v2\/posts\/2341"}],"collection":[{"href":"https:\/\/www.activasalut.com\/ca\/wp-json\/wp\/v2\/posts"}],"about":[{"href":"https:\/\/www.activasalut.com\/ca\/wp-json\/wp\/v2\/types\/post"}],"author":[{"embeddable":true,"href":"https:\/\/www.activasalut.com\/ca\/wp-json\/wp\/v2\/users\/17"}],"replies":[{"embeddable":true,"href":"https:\/\/www.activasalut.com\/ca\/wp-json\/wp\/v2\/comments?post=2341"}],"version-history":[{"count":3,"href":"https:\/\/www.activasalut.com\/ca\/wp-json\/wp\/v2\/posts\/2341\/revisions"}],"predecessor-version":[{"id":2345,"href":"https:\/\/www.activasalut.com\/ca\/wp-json\/wp\/v2\/posts\/2341\/revisions\/2345"}],"wp:featuredmedia":[{"embeddable":true,"href":"https:\/\/www.activasalut.com\/ca\/wp-json\/wp\/v2\/media\/2336"}],"wp:attachment":[{"href":"https:\/\/www.activasalut.com\/ca\/wp-json\/wp\/v2\/media?parent=2341"}],"wp:term":[{"taxonomy":"category","embeddable":true,"href":"https:\/\/www.activasalut.com\/ca\/wp-json\/wp\/v2\/categories?post=2341"},{"taxonomy":"post_tag","embeddable":true,"href":"https:\/\/www.activasalut.com\/ca\/wp-json\/wp\/v2\/tags?post=2341"}],"curies":[{"name":"wp","href":"https:\/\/api.w.org\/{rel}","templated":true}]}}