{"id":2449,"date":"2016-11-10T08:00:14","date_gmt":"2016-11-10T07:00:14","guid":{"rendered":"https:\/\/www.activasalut.com\/ca\/?p=2449"},"modified":"2016-11-10T10:50:30","modified_gmt":"2016-11-10T09:50:30","slug":"la-evolucion-social-de-los-cuentos","status":"publish","type":"post","link":"https:\/\/www.activasalut.com\/ca\/la-evolucion-social-de-los-cuentos\/","title":{"rendered":"L&#8217;evoluci\u00f3 social dels continguts als contes. Pr\u00ednceps i princeses?"},"content":{"rendered":"<p><strong>Durant massa temps les protagonistes femenines dels contes han estat princeses que busquen i necessiten un pr\u00edncep blau<\/strong>. Dones amb la necessitat d&#8217;un home per a completar-se i viure boniques, id\u00edl.liques i perfectes hist\u00f2ries d&#8217;amor.<!--more--><\/p>\n<h3>Pr\u00ednceps i princeses<\/h3>\n<p>Pr\u00ednceps amb el rol de protector de la dona i amb una gran fortalesa. Princeses maqu\u00edssimes, primes, perfectes amb unes caracter\u00edstiques f\u00edsiques i est\u00e8tiques i amb una vida fora dels c\u00e0nons de l&#8217;actualitat, gens ajustades a la realitat.<\/p>\n<p><strong>Els contes de princeses creen estereotips i missatges subliminals gens recomanables que no afavoreixen la igualtat entre dones i homes<\/strong>.<\/p>\n<h3>&#8220;No veur\u00e0s una princesa discapacitada&#8221;<\/h3>\n<p><a href=\"http:\/\/www.abc.es\/familia-educacion\/20150906\/abci-princesas-machismo-educacion-201509031813.html\" target=\"_blank\">Rebeca Cordero, <em>directora acad\u00e8mica d&#8217;Educaci\u00f3 i professora de Sociologia Aplicada a la Universitat Europea<\/em>, parla amb <em>ABC<\/em> d&#8217;aquest <em>\u00abs\u00edndrome de la princesa\u00bb<\/em> i afirma que, en efecte, aquests continguts contribueixen a difondre uns valors tremendament marcats per una societat patriarcal el que, en opini\u00f3 de l&#8217;experta, <strong><em>\u00abinfluir\u00e0 de manera decisiva en el comportament dels nostres fills\u00bb<\/em><\/strong><\/a><\/p>\n<h3>Contes Petita<strong><em>\u00a0&amp; Gran<\/em><\/strong><\/h3>\n<p>L&#8217;<a href=\"http:\/\/www.albaeditorial.es\/php\/sl.php?shop.showprod&amp;nt=7455&amp;ref=97884-90650820&amp;fldr=523#.WCRCNuHhDJw\" target=\"_blank\">editorial Alba ha publicat una col.lecci\u00f3 de contes <strong><em>Petita &amp; Gran<\/em><\/strong><\/a>, <strong>on s&#8217;explica la vida de dones de la hist\u00f2ria contempor\u00e0nia que van fer dels seus somnis grans hist\u00f2ries.<\/strong><\/p>\n<ul>\n<li><strong><a href=\"http:\/\/www.albaeditorial.es\/php\/sl.php?shop.showprod&amp;nt=7455&amp;ref=97884-90650820&amp;fldr=0#.WCNDN-HhA3g\" target=\"_blank\">Frida Kahlo<\/a><\/strong>, pintora destacada de l&#8217;art mexic\u00e0. Exemple de tenacitat, lluita i valentia que avui segueix inspirant milions de dones.<\/li>\n<li><strong><a href=\"http:\/\/www.albaeditorial.es\/php\/sl.php?shop.showprod&amp;nt=7455&amp;ref=97884-90652312&amp;fldr=0#.WCNDQ-HhA3g\" target=\"_blank\">Marie Curie<\/a><\/strong>, primera dona doctora en Ci\u00e8ncies, primera persona en rebre dos premis Nobels, dona senzilla de fe altruista. \u00c9s considerada la dona m\u00e9s inspiradora de la ci\u00e8ncia moderna.<\/li>\n<li><strong><a href=\"http:\/\/www.albaeditorial.es\/php\/sl.php?shop.showprod&amp;nt=7455&amp;ref=97884-90651957&amp;fldr=0#.WCNDVeHhA3g\" target=\"_blank\">Agatha Christie<\/a>, <a href=\"http:\/\/www.albaeditorial.es\/php\/sl.php?shop.showprod&amp;nt=7455&amp;ref=97884-90650400&amp;fldr=0#.WCNDZeHhA3g\" target=\"_blank\">Coco Chanel<\/a>, <a href=\"http:\/\/www.albaeditorial.es\/php\/sl.php?shop.showprod&amp;nt=7455&amp;ref=97884-90651124&amp;fldr=0#.WCNDd-HhA3g\" target=\"_blank\">Audrey Hepburn<\/a>\u2026 <\/strong><\/li>\n<\/ul>\n<p>Dones emprenedores, lluitadores, modernes per a la seva \u00e8poca, amb una hist\u00f2ria per a con\u00e8ixer, dones meravelloses de les que aprendre i amb les que identificar-se.<\/p>\n<p>L&#8217;autora\u00a0<a href=\"https:\/\/www.linkedin.com\/in\/mariaisabelsanchezvegara\" target=\"_blank\">M\u00aa Isabel S\u00e1nchez Vergara<\/a> juntament amb altres autores i l&#8217;<em>editorial Alba<\/em> publiquen aquesta col.lecci\u00f3 de contes.<\/p>\n<p><a href=\"https:\/\/www.activasalut.com\/wp-content\/uploads\/2016\/11\/IMG_3539.jpg\"><img decoding=\"async\" loading=\"lazy\" class=\"alignleft wp-image-2438 size-medium\" src=\"https:\/\/www.activasalut.com\/wp-content\/uploads\/2016\/11\/IMG_3539-300x300.jpg\" alt=\"La evoluci\u00f3n social de los contenidos a los cuentos. \u00bfPr\u00edncipes y princesas? \" width=\"300\" height=\"300\" srcset=\"https:\/\/www.activasalut.com\/wp-content\/uploads\/2016\/11\/IMG_3539-300x300.jpg 300w, https:\/\/www.activasalut.com\/wp-content\/uploads\/2016\/11\/IMG_3539-150x150.jpg 150w, https:\/\/www.activasalut.com\/wp-content\/uploads\/2016\/11\/IMG_3539-220x220.jpg 220w, https:\/\/www.activasalut.com\/wp-content\/uploads\/2016\/11\/IMG_3539.jpg 320w\" sizes=\"(max-width: 300px) 100vw, 300px\" \/><\/a><\/p>\n<p>&nbsp;<\/p>\n<ul>\n<li>T\u00edtol (s): Frida Kahlo, Coco Chanel, Autrey Hepburn, Marie Curie, Agatha Chistie, Amelia Earhart<\/li>\n<li>Autor: M\u00aa Isabel S\u00e1nchez Vergara., E. Muns\u00f3, I. Frau, Mariadiamantes, A Albero, Gee Fan Eng, A Arrazola<\/li>\n<li>Edici\u00f3 : Ed Alba, Barcelona 2005. 28 p\u00e0gines.<\/li>\n<li>Edat: 5-8 anys<\/li>\n<li>Idioma: catal\u00e0 i castell\u00e0<\/li>\n<\/ul>\n<blockquote><p><strong>La nostra realitat, \u00e9s ben diferent, i \u00e9s per aquest motiu que el prototip d&#8217;hist\u00f2ria, de conte, de narraci\u00f3 ha de tenir un altre rerafons. <\/strong><\/p><\/blockquote>\n<p>&nbsp;<\/p>\n","protected":false},"excerpt":{"rendered":"<p>Durant massa temps les protagonistes femenines dels contes han estat princeses que busquen i necessiten un pr\u00edncep blau. Dones amb la necessitat d&#8217;un home<a class=\"moretag\" href=\"https:\/\/www.activasalut.com\/ca\/la-evolucion-social-de-los-cuentos\/\">Llegeix m\u00e9s&#8230;<\/a><\/p>\n","protected":false},"author":11,"featured_media":2448,"comment_status":"open","ping_status":"closed","sticky":false,"template":"","format":"standard","meta":[],"categories":[608,589,610,581,611,831,467],"tags":[1742,1752,1743,1744,1745,1626,1617,1618,1107,1703,1754,825,1746,819,1753,1755,1747,1748,1749,1750,1751,1756],"yoast_head":"<!-- This site is optimized with the Yoast SEO plugin v20.0 - https:\/\/yoast.com\/wordpress\/plugins\/seo\/ -->\n<title>La evoluci\u00f3n social de los cuentos- Corporaci\u00f3n Fisiogesti\u00f3n<\/title>\n<meta name=\"description\" content=\"Durante demasiado tiempo las protagonistas femeninas de los cuentos han sido princesas que buscan y necesitan un pr\u00edncipe azul.\" \/>\n<meta name=\"robots\" content=\"index, follow, max-snippet:-1, max-image-preview:large, max-video-preview:-1\" \/>\n<link rel=\"canonical\" href=\"https:\/\/www.activasalut.com\/ca\/la-evolucion-social-de-los-cuentos\/\" \/>\n<meta property=\"og:locale\" content=\"ca_ES\" \/>\n<meta property=\"og:type\" content=\"article\" \/>\n<meta property=\"og:title\" content=\"La evoluci\u00f3n social de los contenidos a los cuentos. \u00bfPr\u00edncipes y princesas?\" \/>\n<meta property=\"og:description\" content=\"Durante demasiado tiempo las protagonistas femeninas de los cuentos han sido princesas que buscan y necesitan un pr\u00edncipe azul. La logopeda Marta S\u00e1nchez te recomienda cuentos con valores muy diferentes.\" \/>\n<meta property=\"og:url\" content=\"https:\/\/www.activasalut.com\/ca\/la-evolucion-social-de-los-cuentos\/\" \/>\n<meta property=\"og:site_name\" content=\"Corporaci\u00f3 Fisiogesti\u00f3\" \/>\n<meta property=\"article:published_time\" content=\"2016-11-10T07:00:14+00:00\" \/>\n<meta property=\"article:modified_time\" content=\"2016-11-10T09:50:30+00:00\" \/>\n<meta property=\"og:image\" content=\"https:\/\/www.activasalut.com\/wp-content\/uploads\/2016\/11\/fac1.jpg\" \/>\n\t<meta property=\"og:image:width\" content=\"470\" \/>\n\t<meta property=\"og:image:height\" content=\"246\" \/>\n\t<meta property=\"og:image:type\" content=\"image\/jpeg\" \/>\n<meta name=\"author\" content=\"Marta S\u00e1nchez\" \/>\n<meta name=\"twitter:label1\" content=\"Escrit per\" \/>\n\t<meta name=\"twitter:data1\" content=\"Marta S\u00e1nchez\" \/>\n\t<meta name=\"twitter:label2\" content=\"Temps estimat de lectura\" \/>\n\t<meta name=\"twitter:data2\" content=\"2 minuts\" \/>\n<script type=\"application\/ld+json\" class=\"yoast-schema-graph\">{\"@context\":\"https:\/\/schema.org\",\"@graph\":[{\"@type\":\"WebPage\",\"@id\":\"https:\/\/www.activasalut.com\/ca\/la-evolucion-social-de-los-cuentos\/\",\"url\":\"https:\/\/www.activasalut.com\/ca\/la-evolucion-social-de-los-cuentos\/\",\"name\":\"La evoluci\u00f3n social de los cuentos- Corporaci\u00f3n Fisiogesti\u00f3n\",\"isPartOf\":{\"@id\":\"https:\/\/www.activasalut.com\/ca\/#website\"},\"datePublished\":\"2016-11-10T07:00:14+00:00\",\"dateModified\":\"2016-11-10T09:50:30+00:00\",\"author\":{\"@id\":\"https:\/\/www.activasalut.com\/ca\/#\/schema\/person\/d5143be2de4caf189b0d7ac707abe439\"},\"description\":\"Durante demasiado tiempo las protagonistas femeninas de los cuentos han sido princesas que buscan y necesitan un pr\u00edncipe azul.\",\"breadcrumb\":{\"@id\":\"https:\/\/www.activasalut.com\/ca\/la-evolucion-social-de-los-cuentos\/#breadcrumb\"},\"inLanguage\":\"ca\",\"potentialAction\":[{\"@type\":\"ReadAction\",\"target\":[\"https:\/\/www.activasalut.com\/ca\/la-evolucion-social-de-los-cuentos\/\"]}]},{\"@type\":\"BreadcrumbList\",\"@id\":\"https:\/\/www.activasalut.com\/ca\/la-evolucion-social-de-los-cuentos\/#breadcrumb\",\"itemListElement\":[{\"@type\":\"ListItem\",\"position\":1,\"name\":\"Portada\",\"item\":\"https:\/\/www.activasalut.com\/ca\/\"},{\"@type\":\"ListItem\",\"position\":2,\"name\":\"L&#8217;evoluci\u00f3 social dels continguts als contes. Pr\u00ednceps i princeses?\"}]},{\"@type\":\"WebSite\",\"@id\":\"https:\/\/www.activasalut.com\/ca\/#website\",\"url\":\"https:\/\/www.activasalut.com\/ca\/\",\"name\":\"Corporaci\u00f3n fisiogesti\u00f3n\",\"description\":\"Activa la teva salut\",\"potentialAction\":[{\"@type\":\"SearchAction\",\"target\":{\"@type\":\"EntryPoint\",\"urlTemplate\":\"https:\/\/www.activasalut.com\/ca\/?s={search_term_string}\"},\"query-input\":\"required name=search_term_string\"}],\"inLanguage\":\"ca\"},{\"@type\":\"Person\",\"@id\":\"https:\/\/www.activasalut.com\/ca\/#\/schema\/person\/d5143be2de4caf189b0d7ac707abe439\",\"name\":\"Marta S\u00e1nchez\",\"image\":{\"@type\":\"ImageObject\",\"inLanguage\":\"ca\",\"@id\":\"https:\/\/www.activasalut.com\/ca\/#\/schema\/person\/image\/\",\"url\":\"https:\/\/secure.gravatar.com\/avatar\/e1567da7ae4b7e10e7eae46b3fb124e4?s=96&d=mm&r=g\",\"contentUrl\":\"https:\/\/secure.gravatar.com\/avatar\/e1567da7ae4b7e10e7eae46b3fb124e4?s=96&d=mm&r=g\",\"caption\":\"Marta S\u00e1nchez\"},\"url\":\"https:\/\/www.activasalut.com\/ca\/author\/marta-sanchez\/\"}]}<\/script>\n<!-- \/ Yoast SEO plugin. -->","yoast_head_json":{"title":"La evoluci\u00f3n social de los cuentos- Corporaci\u00f3n Fisiogesti\u00f3n","description":"Durante demasiado tiempo las protagonistas femeninas de los cuentos han sido princesas que buscan y necesitan un pr\u00edncipe azul.","robots":{"index":"index","follow":"follow","max-snippet":"max-snippet:-1","max-image-preview":"max-image-preview:large","max-video-preview":"max-video-preview:-1"},"canonical":"https:\/\/www.activasalut.com\/ca\/la-evolucion-social-de-los-cuentos\/","og_locale":"ca_ES","og_type":"article","og_title":"La evoluci\u00f3n social de los contenidos a los cuentos. \u00bfPr\u00edncipes y princesas?","og_description":"Durante demasiado tiempo las protagonistas femeninas de los cuentos han sido princesas que buscan y necesitan un pr\u00edncipe azul. La logopeda Marta S\u00e1nchez te recomienda cuentos con valores muy diferentes.","og_url":"https:\/\/www.activasalut.com\/ca\/la-evolucion-social-de-los-cuentos\/","og_site_name":"Corporaci\u00f3 Fisiogesti\u00f3","article_published_time":"2016-11-10T07:00:14+00:00","article_modified_time":"2016-11-10T09:50:30+00:00","og_image":[{"width":470,"height":246,"url":"https:\/\/www.activasalut.com\/wp-content\/uploads\/2016\/11\/fac1.jpg","type":"image\/jpeg"}],"author":"Marta S\u00e1nchez","twitter_misc":{"Escrit per":"Marta S\u00e1nchez","Temps estimat de lectura":"2 minuts"},"schema":{"@context":"https:\/\/schema.org","@graph":[{"@type":"WebPage","@id":"https:\/\/www.activasalut.com\/ca\/la-evolucion-social-de-los-cuentos\/","url":"https:\/\/www.activasalut.com\/ca\/la-evolucion-social-de-los-cuentos\/","name":"La evoluci\u00f3n social de los cuentos- Corporaci\u00f3n Fisiogesti\u00f3n","isPartOf":{"@id":"https:\/\/www.activasalut.com\/ca\/#website"},"datePublished":"2016-11-10T07:00:14+00:00","dateModified":"2016-11-10T09:50:30+00:00","author":{"@id":"https:\/\/www.activasalut.com\/ca\/#\/schema\/person\/d5143be2de4caf189b0d7ac707abe439"},"description":"Durante demasiado tiempo las protagonistas femeninas de los cuentos han sido princesas que buscan y necesitan un pr\u00edncipe azul.","breadcrumb":{"@id":"https:\/\/www.activasalut.com\/ca\/la-evolucion-social-de-los-cuentos\/#breadcrumb"},"inLanguage":"ca","potentialAction":[{"@type":"ReadAction","target":["https:\/\/www.activasalut.com\/ca\/la-evolucion-social-de-los-cuentos\/"]}]},{"@type":"BreadcrumbList","@id":"https:\/\/www.activasalut.com\/ca\/la-evolucion-social-de-los-cuentos\/#breadcrumb","itemListElement":[{"@type":"ListItem","position":1,"name":"Portada","item":"https:\/\/www.activasalut.com\/ca\/"},{"@type":"ListItem","position":2,"name":"L&#8217;evoluci\u00f3 social dels continguts als contes. Pr\u00ednceps i princeses?"}]},{"@type":"WebSite","@id":"https:\/\/www.activasalut.com\/ca\/#website","url":"https:\/\/www.activasalut.com\/ca\/","name":"Corporaci\u00f3n fisiogesti\u00f3n","description":"Activa la teva salut","potentialAction":[{"@type":"SearchAction","target":{"@type":"EntryPoint","urlTemplate":"https:\/\/www.activasalut.com\/ca\/?s={search_term_string}"},"query-input":"required name=search_term_string"}],"inLanguage":"ca"},{"@type":"Person","@id":"https:\/\/www.activasalut.com\/ca\/#\/schema\/person\/d5143be2de4caf189b0d7ac707abe439","name":"Marta S\u00e1nchez","image":{"@type":"ImageObject","inLanguage":"ca","@id":"https:\/\/www.activasalut.com\/ca\/#\/schema\/person\/image\/","url":"https:\/\/secure.gravatar.com\/avatar\/e1567da7ae4b7e10e7eae46b3fb124e4?s=96&d=mm&r=g","contentUrl":"https:\/\/secure.gravatar.com\/avatar\/e1567da7ae4b7e10e7eae46b3fb124e4?s=96&d=mm&r=g","caption":"Marta S\u00e1nchez"},"url":"https:\/\/www.activasalut.com\/ca\/author\/marta-sanchez\/"}]}},"_links":{"self":[{"href":"https:\/\/www.activasalut.com\/ca\/wp-json\/wp\/v2\/posts\/2449"}],"collection":[{"href":"https:\/\/www.activasalut.com\/ca\/wp-json\/wp\/v2\/posts"}],"about":[{"href":"https:\/\/www.activasalut.com\/ca\/wp-json\/wp\/v2\/types\/post"}],"author":[{"embeddable":true,"href":"https:\/\/www.activasalut.com\/ca\/wp-json\/wp\/v2\/users\/11"}],"replies":[{"embeddable":true,"href":"https:\/\/www.activasalut.com\/ca\/wp-json\/wp\/v2\/comments?post=2449"}],"version-history":[{"count":7,"href":"https:\/\/www.activasalut.com\/ca\/wp-json\/wp\/v2\/posts\/2449\/revisions"}],"predecessor-version":[{"id":2459,"href":"https:\/\/www.activasalut.com\/ca\/wp-json\/wp\/v2\/posts\/2449\/revisions\/2459"}],"wp:featuredmedia":[{"embeddable":true,"href":"https:\/\/www.activasalut.com\/ca\/wp-json\/wp\/v2\/media\/2448"}],"wp:attachment":[{"href":"https:\/\/www.activasalut.com\/ca\/wp-json\/wp\/v2\/media?parent=2449"}],"wp:term":[{"taxonomy":"category","embeddable":true,"href":"https:\/\/www.activasalut.com\/ca\/wp-json\/wp\/v2\/categories?post=2449"},{"taxonomy":"post_tag","embeddable":true,"href":"https:\/\/www.activasalut.com\/ca\/wp-json\/wp\/v2\/tags?post=2449"}],"curies":[{"name":"wp","href":"https:\/\/api.w.org\/{rel}","templated":true}]}}