{"id":2472,"date":"2016-11-16T15:26:27","date_gmt":"2016-11-16T14:26:27","guid":{"rendered":"https:\/\/www.activasalut.com\/ca\/el-otono-en-logopedia\/"},"modified":"2018-10-18T16:29:49","modified_gmt":"2018-10-18T14:29:49","slug":"el-otono-en-logopedia","status":"publish","type":"post","link":"https:\/\/www.activasalut.com\/ca\/el-otono-en-logopedia\/","title":{"rendered":"La tardor a Logopedia"},"content":{"rendered":"<p><a href=\"http:\/\/www.fisiogestion.com\/centros-propios\/barcelona\/barcelona\/index.html\" target=\"_blank\" rel=\"noopener\">A\u00a0Logopedia Corporaci\u00f3 Fisiogesti\u00f3n- Roger de Ll\u00faria<\/a>\u00a0hem aprofitat <strong>la tardor per treballar la psicomotricitat fina, el grafisme, l&#8217;atenci\u00f3 i la percepci\u00f3 visual<\/strong>.<\/p>\n<p><!--more--><\/p>\n<h3>Amb els m\u00e9s petits\u2026<\/h3>\n<p><a href=\"https:\/\/www.activasalut.com\/wp-content\/uploads\/2016\/11\/IMG_4614.jpg\"><img decoding=\"async\" loading=\"lazy\" class=\"alignleft wp-image-2463 size-thumbnail\" src=\"https:\/\/www.activasalut.com\/wp-content\/uploads\/2016\/11\/IMG_4614-150x150.jpg\" alt=\" El oto\u00f1o en Logopedia\" width=\"150\" height=\"150\" srcset=\"https:\/\/www.activasalut.com\/wp-content\/uploads\/2016\/11\/IMG_4614-150x150.jpg 150w, https:\/\/www.activasalut.com\/wp-content\/uploads\/2016\/11\/IMG_4614-220x220.jpg 220w\" sizes=\"(max-width: 150px) 100vw, 150px\" \/><\/a><\/p>\n<p>Ens hem centrat en <strong>el tra\u00e7<\/strong>: pintant castanyes, glas i bolets, coneixent vocabulari espec\u00edfic i els colors de la tardor. Tamb\u00e9 <strong>l\u2019esquema corporal<\/strong> utilitzant fulles seques com a tronc.<\/p>\n<h3>I amb els m\u00e9s grans\u2026<\/h3>\n<p>Amb els que comencen a escriure, han fet amb <strong>lletra lligada<\/strong> i <strong>lletra de pal<\/strong> el nom de fruits de tardor. Per \u00faltim, amb els que ja en saben una mica m\u00e9s&#8230; <strong>frases fetes<\/strong>, treballant <strong>consci\u00e8ncia fonol\u00f2gica <\/strong>i <strong>mem\u00f2ria<\/strong>.<\/p>\n<h3>Conclusi\u00f3 i m\u00e9s important<\/h3>\n<p><a href=\"https:\/\/www.activasalut.com\/wp-content\/uploads\/2016\/11\/Mural.jpg\"><img decoding=\"async\" loading=\"lazy\" class=\"alignleft wp-image-2465 size-full\" src=\"https:\/\/www.activasalut.com\/wp-content\/uploads\/2016\/11\/Mural.jpg\" alt=\" El oto\u00f1o en Logopedia\" width=\"600\" height=\"246\" srcset=\"https:\/\/www.activasalut.com\/wp-content\/uploads\/2016\/11\/Mural.jpg 600w, https:\/\/www.activasalut.com\/wp-content\/uploads\/2016\/11\/Mural-300x123.jpg 300w\" sizes=\"(max-width: 600px) 100vw, 600px\" \/><\/a><\/p>\n<p><strong>Exposar les seves \u201cfeinetes\u201d a la sala d&#8217;espera de logop\u00e8dia els omple d&#8217;orgull i els fa treballar amb atenci\u00f3 i cura!<\/strong><\/p>\n<p>En breu\u2026Nadal!!!\u00a0&#x1f44f;&#x1f44f;&#x1f44f;&#x1f44f;&#x1f44f;&#x1f44f;<\/p>\n","protected":false},"excerpt":{"rendered":"<p>A\u00a0Logopedia Corporaci\u00f3 Fisiogesti\u00f3n- Roger de Ll\u00faria\u00a0hem aprofitat la tardor per treballar la psicomotricitat fina, el grafisme, l&#8217;atenci\u00f3 i la percepci\u00f3 visual.<\/p>\n","protected":false},"author":11,"featured_media":2467,"comment_status":"open","ping_status":"closed","sticky":false,"template":"","format":"standard","meta":[],"categories":[608,589,610,581,611,831,467,2302],"tags":[1705,987,458,1770,909,1626,825,1769,1771],"yoast_head":"<!-- This site is optimized with the Yoast SEO plugin v20.0 - https:\/\/yoast.com\/wordpress\/plugins\/seo\/ -->\n<title>La tardor a Logopedia<\/title>\n<meta name=\"description\" content=\"En Logopedia de Corporaci\u00f3n Fisiogesti\u00f3n-Roger de Ll\u00faria aprovechamos el oto\u00f1o para trabajar la psicomotricidad fina, el grafismo, la atenci\u00f3n...\" \/>\n<meta name=\"robots\" content=\"index, follow, max-snippet:-1, max-image-preview:large, max-video-preview:-1\" \/>\n<link rel=\"canonical\" href=\"https:\/\/www.activasalut.com\/ca\/el-otono-en-logopedia\/\" \/>\n<meta property=\"og:locale\" content=\"ca_ES\" \/>\n<meta property=\"og:type\" content=\"article\" \/>\n<meta property=\"og:title\" content=\"El oto\u00f1o en Logopedia\" \/>\n<meta property=\"og:description\" content=\"Los m\u00e1s peque\u00f1os han decorado la sala de espera de Corporaci\u00f3n Fisiogesti\u00f3n- Roger de Ll\u00faria. La logopeda Marta S\u00e1nchez te cuenta los objetivos...\" \/>\n<meta property=\"og:url\" content=\"https:\/\/www.activasalut.com\/ca\/el-otono-en-logopedia\/\" \/>\n<meta property=\"og:site_name\" content=\"Corporaci\u00f3 Fisiogesti\u00f3\" \/>\n<meta property=\"article:published_time\" content=\"2016-11-16T14:26:27+00:00\" \/>\n<meta property=\"article:modified_time\" content=\"2018-10-18T14:29:49+00:00\" \/>\n<meta property=\"og:image\" content=\"https:\/\/www.activasalut.com\/wp-content\/uploads\/2016\/11\/fac.jpg\" \/>\n\t<meta property=\"og:image:width\" content=\"470\" \/>\n\t<meta property=\"og:image:height\" content=\"246\" \/>\n\t<meta property=\"og:image:type\" content=\"image\/jpeg\" \/>\n<meta name=\"author\" content=\"Marta S\u00e1nchez\" \/>\n<meta name=\"twitter:label1\" content=\"Escrit per\" \/>\n\t<meta name=\"twitter:data1\" content=\"Marta S\u00e1nchez\" \/>\n\t<meta name=\"twitter:label2\" content=\"Temps estimat de lectura\" \/>\n\t<meta name=\"twitter:data2\" content=\"1 minut\" \/>\n<script type=\"application\/ld+json\" class=\"yoast-schema-graph\">{\"@context\":\"https:\/\/schema.org\",\"@graph\":[{\"@type\":\"WebPage\",\"@id\":\"https:\/\/www.activasalut.com\/ca\/el-otono-en-logopedia\/\",\"url\":\"https:\/\/www.activasalut.com\/ca\/el-otono-en-logopedia\/\",\"name\":\"La tardor a Logopedia\",\"isPartOf\":{\"@id\":\"https:\/\/www.activasalut.com\/ca\/#website\"},\"datePublished\":\"2016-11-16T14:26:27+00:00\",\"dateModified\":\"2018-10-18T14:29:49+00:00\",\"author\":{\"@id\":\"https:\/\/www.activasalut.com\/ca\/#\/schema\/person\/d5143be2de4caf189b0d7ac707abe439\"},\"description\":\"En Logopedia de Corporaci\u00f3n Fisiogesti\u00f3n-Roger de Ll\u00faria aprovechamos el oto\u00f1o para trabajar la psicomotricidad fina, el grafismo, la atenci\u00f3n...\",\"breadcrumb\":{\"@id\":\"https:\/\/www.activasalut.com\/ca\/el-otono-en-logopedia\/#breadcrumb\"},\"inLanguage\":\"ca\",\"potentialAction\":[{\"@type\":\"ReadAction\",\"target\":[\"https:\/\/www.activasalut.com\/ca\/el-otono-en-logopedia\/\"]}]},{\"@type\":\"BreadcrumbList\",\"@id\":\"https:\/\/www.activasalut.com\/ca\/el-otono-en-logopedia\/#breadcrumb\",\"itemListElement\":[{\"@type\":\"ListItem\",\"position\":1,\"name\":\"Portada\",\"item\":\"https:\/\/www.activasalut.com\/ca\/\"},{\"@type\":\"ListItem\",\"position\":2,\"name\":\"La tardor a Logopedia\"}]},{\"@type\":\"WebSite\",\"@id\":\"https:\/\/www.activasalut.com\/ca\/#website\",\"url\":\"https:\/\/www.activasalut.com\/ca\/\",\"name\":\"Corporaci\u00f3n fisiogesti\u00f3n\",\"description\":\"Activa la teva salut\",\"potentialAction\":[{\"@type\":\"SearchAction\",\"target\":{\"@type\":\"EntryPoint\",\"urlTemplate\":\"https:\/\/www.activasalut.com\/ca\/?s={search_term_string}\"},\"query-input\":\"required name=search_term_string\"}],\"inLanguage\":\"ca\"},{\"@type\":\"Person\",\"@id\":\"https:\/\/www.activasalut.com\/ca\/#\/schema\/person\/d5143be2de4caf189b0d7ac707abe439\",\"name\":\"Marta S\u00e1nchez\",\"image\":{\"@type\":\"ImageObject\",\"inLanguage\":\"ca\",\"@id\":\"https:\/\/www.activasalut.com\/ca\/#\/schema\/person\/image\/\",\"url\":\"https:\/\/secure.gravatar.com\/avatar\/e1567da7ae4b7e10e7eae46b3fb124e4?s=96&d=mm&r=g\",\"contentUrl\":\"https:\/\/secure.gravatar.com\/avatar\/e1567da7ae4b7e10e7eae46b3fb124e4?s=96&d=mm&r=g\",\"caption\":\"Marta S\u00e1nchez\"},\"url\":\"https:\/\/www.activasalut.com\/ca\/author\/marta-sanchez\/\"}]}<\/script>\n<!-- \/ Yoast SEO plugin. -->","yoast_head_json":{"title":"La tardor a Logopedia","description":"En Logopedia de Corporaci\u00f3n Fisiogesti\u00f3n-Roger de Ll\u00faria aprovechamos el oto\u00f1o para trabajar la psicomotricidad fina, el grafismo, la atenci\u00f3n...","robots":{"index":"index","follow":"follow","max-snippet":"max-snippet:-1","max-image-preview":"max-image-preview:large","max-video-preview":"max-video-preview:-1"},"canonical":"https:\/\/www.activasalut.com\/ca\/el-otono-en-logopedia\/","og_locale":"ca_ES","og_type":"article","og_title":"El oto\u00f1o en Logopedia","og_description":"Los m\u00e1s peque\u00f1os han decorado la sala de espera de Corporaci\u00f3n Fisiogesti\u00f3n- Roger de Ll\u00faria. La logopeda Marta S\u00e1nchez te cuenta los objetivos...","og_url":"https:\/\/www.activasalut.com\/ca\/el-otono-en-logopedia\/","og_site_name":"Corporaci\u00f3 Fisiogesti\u00f3","article_published_time":"2016-11-16T14:26:27+00:00","article_modified_time":"2018-10-18T14:29:49+00:00","og_image":[{"width":470,"height":246,"url":"https:\/\/www.activasalut.com\/wp-content\/uploads\/2016\/11\/fac.jpg","type":"image\/jpeg"}],"author":"Marta S\u00e1nchez","twitter_misc":{"Escrit per":"Marta S\u00e1nchez","Temps estimat de lectura":"1 minut"},"schema":{"@context":"https:\/\/schema.org","@graph":[{"@type":"WebPage","@id":"https:\/\/www.activasalut.com\/ca\/el-otono-en-logopedia\/","url":"https:\/\/www.activasalut.com\/ca\/el-otono-en-logopedia\/","name":"La tardor a Logopedia","isPartOf":{"@id":"https:\/\/www.activasalut.com\/ca\/#website"},"datePublished":"2016-11-16T14:26:27+00:00","dateModified":"2018-10-18T14:29:49+00:00","author":{"@id":"https:\/\/www.activasalut.com\/ca\/#\/schema\/person\/d5143be2de4caf189b0d7ac707abe439"},"description":"En Logopedia de Corporaci\u00f3n Fisiogesti\u00f3n-Roger de Ll\u00faria aprovechamos el oto\u00f1o para trabajar la psicomotricidad fina, el grafismo, la atenci\u00f3n...","breadcrumb":{"@id":"https:\/\/www.activasalut.com\/ca\/el-otono-en-logopedia\/#breadcrumb"},"inLanguage":"ca","potentialAction":[{"@type":"ReadAction","target":["https:\/\/www.activasalut.com\/ca\/el-otono-en-logopedia\/"]}]},{"@type":"BreadcrumbList","@id":"https:\/\/www.activasalut.com\/ca\/el-otono-en-logopedia\/#breadcrumb","itemListElement":[{"@type":"ListItem","position":1,"name":"Portada","item":"https:\/\/www.activasalut.com\/ca\/"},{"@type":"ListItem","position":2,"name":"La tardor a Logopedia"}]},{"@type":"WebSite","@id":"https:\/\/www.activasalut.com\/ca\/#website","url":"https:\/\/www.activasalut.com\/ca\/","name":"Corporaci\u00f3n fisiogesti\u00f3n","description":"Activa la teva salut","potentialAction":[{"@type":"SearchAction","target":{"@type":"EntryPoint","urlTemplate":"https:\/\/www.activasalut.com\/ca\/?s={search_term_string}"},"query-input":"required name=search_term_string"}],"inLanguage":"ca"},{"@type":"Person","@id":"https:\/\/www.activasalut.com\/ca\/#\/schema\/person\/d5143be2de4caf189b0d7ac707abe439","name":"Marta S\u00e1nchez","image":{"@type":"ImageObject","inLanguage":"ca","@id":"https:\/\/www.activasalut.com\/ca\/#\/schema\/person\/image\/","url":"https:\/\/secure.gravatar.com\/avatar\/e1567da7ae4b7e10e7eae46b3fb124e4?s=96&d=mm&r=g","contentUrl":"https:\/\/secure.gravatar.com\/avatar\/e1567da7ae4b7e10e7eae46b3fb124e4?s=96&d=mm&r=g","caption":"Marta S\u00e1nchez"},"url":"https:\/\/www.activasalut.com\/ca\/author\/marta-sanchez\/"}]}},"_links":{"self":[{"href":"https:\/\/www.activasalut.com\/ca\/wp-json\/wp\/v2\/posts\/2472"}],"collection":[{"href":"https:\/\/www.activasalut.com\/ca\/wp-json\/wp\/v2\/posts"}],"about":[{"href":"https:\/\/www.activasalut.com\/ca\/wp-json\/wp\/v2\/types\/post"}],"author":[{"embeddable":true,"href":"https:\/\/www.activasalut.com\/ca\/wp-json\/wp\/v2\/users\/11"}],"replies":[{"embeddable":true,"href":"https:\/\/www.activasalut.com\/ca\/wp-json\/wp\/v2\/comments?post=2472"}],"version-history":[{"count":4,"href":"https:\/\/www.activasalut.com\/ca\/wp-json\/wp\/v2\/posts\/2472\/revisions"}],"predecessor-version":[{"id":3979,"href":"https:\/\/www.activasalut.com\/ca\/wp-json\/wp\/v2\/posts\/2472\/revisions\/3979"}],"wp:featuredmedia":[{"embeddable":true,"href":"https:\/\/www.activasalut.com\/ca\/wp-json\/wp\/v2\/media\/2467"}],"wp:attachment":[{"href":"https:\/\/www.activasalut.com\/ca\/wp-json\/wp\/v2\/media?parent=2472"}],"wp:term":[{"taxonomy":"category","embeddable":true,"href":"https:\/\/www.activasalut.com\/ca\/wp-json\/wp\/v2\/categories?post=2472"},{"taxonomy":"post_tag","embeddable":true,"href":"https:\/\/www.activasalut.com\/ca\/wp-json\/wp\/v2\/tags?post=2472"}],"curies":[{"name":"wp","href":"https:\/\/api.w.org\/{rel}","templated":true}]}}