{"id":2649,"date":"2017-01-18T17:39:38","date_gmt":"2017-01-18T16:39:38","guid":{"rendered":"https:\/\/www.activasalut.com\/ca\/vocabulario-y-la-comprension-lectora\/"},"modified":"2017-01-18T18:16:04","modified_gmt":"2017-01-18T17:16:04","slug":"vocabulario-y-la-comprension-lectora","status":"publish","type":"post","link":"https:\/\/www.activasalut.com\/ca\/vocabulario-y-la-comprension-lectora\/","title":{"rendered":"Com influeix el vocabulari en la comprensi\u00f3 lectora?"},"content":{"rendered":"<p>El llenguatge \u00e9s el mitj\u00e0 de comunicaci\u00f3 exclusiu de l&#8217;\u00e9sser hum\u00e0 i un dels aprenentatges m\u00e9s complexos que aquest fa al llarg de la seva vida. En altres articles desenvoluparem l&#8217;interessant tema de l&#8217;estimulaci\u00f3 del llenguatge. Avui ens centrarem <strong>en la import\u00e0ncia del vocabulari<\/strong>.<!--more--><\/p>\n<h3>Vocabulari<\/h3>\n<p>Hi ha estudis que confirmen la relaci\u00f3 directa entre: l<strong>&#8216;aprenentatge i la compet\u00e8ncia en la comprensi\u00f3 lectora i el vocabulari<\/strong> que el nen t\u00e9 (entre altres aspectes).<\/p>\n<blockquote><p>Les investigacions indiquen que els estudiants amb el vocabulari ben desenvolupat aprenen moltes m\u00e9s paraules indirectament a trav\u00e9s de la lectura que de la instrucci\u00f3. Cunningham i Stanovich, 2001; Nagy i Herman, 1985.<\/p><\/blockquote>\n<h3>Beneficis<\/h3>\n<p>En edats primerenques, llegir als nens o m\u00e9s endavant la lectura compartida, \u00e9s una estrat\u00e8gia d&#8217;\u00e8xit tant per adquirir nou vocabulari, com per fomentar la comprensi\u00f3 lectora.<\/p>\n<p>Llegir-los en veu alta \u00e9s molt positiu per fomentar l&#8217;aprenentatge de les paraules, aix\u00ed com per enfortir un vincle afectiu\/ positiu.<\/p>\n<p>Com m\u00e9s vocabulari posseeix, m\u00e9s aptituds per a la comprensi\u00f3 lectora tindr\u00e0.<\/p>\n<h3>Una bona estrat\u00e8gia \u00e9s repetir les lectures<\/h3>\n<p>Com a recomanaci\u00f3 dir, que les festes t\u00edpiques, les estacions, les \u00e8poques de l&#8217;any o fets puntuals de l&#8217;entorn o temes propers al nen (naixement d\u2019un germanet, gelosia, pors) s\u00f3n exemples de tem\u00e0tiques per escollir un llibre. Com ja vam comentar en Com escollir un bon llibre? l&#8217;important sempre \u00e9s escollir alguna cosa propera i interessant per al nen.<\/p>\n<p>Avui, com no podia ser d&#8217;una altra manera, recomanem un llibre de tem\u00e0tica \u201cmolt freda\u201d:<\/p>\n<h3>La gran nevada<\/h3>\n<p><a href=\"https:\/\/www.activasalut.com\/wp-content\/uploads\/2017\/01\/IMG_7474.jpg\"><img decoding=\"async\" loading=\"lazy\" class=\"alignleft wp-image-2644 size-full\" src=\"https:\/\/www.activasalut.com\/wp-content\/uploads\/2017\/01\/IMG_7474.jpg\" alt=\"\u00bfC\u00f3mo influye el vocabulario en la comprensi\u00f3n lectora?\" width=\"400\" height=\"466\" srcset=\"https:\/\/www.activasalut.com\/wp-content\/uploads\/2017\/01\/IMG_7474.jpg 400w, https:\/\/www.activasalut.com\/wp-content\/uploads\/2017\/01\/IMG_7474-258x300.jpg 258w\" sizes=\"(max-width: 400px) 100vw, 400px\" \/><\/a><\/p>\n<p>Aquest llibre explica una hist\u00f2ria real; Quan l&#8217;autor del llibre tenia 10 anys va nevar durant dos dies a la seva ciutat, tot va quedar cobert per m\u00e9s d&#8217;un metre de neu. Les m\u00e0quines llevaneus van trigar una setmana a arribar. El llibre explica com el protagonista va aconseguir anar a comprar menjar a un quil\u00f2metre i mig, per a la seva fam\u00edlia i alguns dels seus ve\u00efns.<\/p>\n<p><strong>Contingut amb vocabulari referent al camp sem\u00e0ntic hivern. Clara introducci\u00f3, nus i desenlla\u00e7, la qual cosa afavoreix a la comprensi\u00f3 i a la posterior explicaci\u00f3 oral.<\/strong><\/p>\n<p>Les il\u00b7lustracions s\u00f3n precioses i en la part posterior del llibre hi ha una fotografia dels protagonistes aut\u00e8ntics, als nens els encanta veure-la i saber que la hist\u00f2ria va passar realment.<\/p>\n<ul>\n<li>T\u00edtol: La gran nevada<\/li>\n<li>Autor \/ Il\u00b7lustrador: John Rocco Rocco<\/li>\n<li>Edici\u00f3: <a href=\"http:\/\/www.tramuntanaeditorial.com\/ca\/cataleg\/la-gran-nevada\" target=\"_blank\">Tramuntana Editorial<\/a>, 2015.<\/li>\n<li>P\u00e0gines: 52<\/li>\n<li>Edat: 4-8<\/li>\n<\/ul>\n","protected":false},"excerpt":{"rendered":"<p>El llenguatge \u00e9s el mitj\u00e0 de comunicaci\u00f3 exclusiu de l&#8217;\u00e9sser hum\u00e0 i un dels aprenentatges m\u00e9s complexos que aquest fa al llarg de la<a class=\"moretag\" href=\"https:\/\/www.activasalut.com\/ca\/vocabulario-y-la-comprension-lectora\/\">Llegeix m\u00e9s&#8230;<\/a><\/p>\n","protected":false},"author":11,"featured_media":2642,"comment_status":"open","ping_status":"closed","sticky":false,"template":"","format":"standard","meta":[],"categories":[608,471,589,1064,610,581,611,831],"tags":[1705,1925,1926,1927,1845,1745,1923,1618,910,871,1868,1107,1703,1846,932],"yoast_head":"<!-- This site is optimized with the Yoast SEO plugin v20.0 - https:\/\/yoast.com\/wordpress\/plugins\/seo\/ -->\n<title>Vocabulario y comprensi\u00f3n lectora- Corporaci\u00f3n Fisiogesti\u00f3n<\/title>\n<meta name=\"description\" content=\"Hay estudios que confirman la relaci\u00f3n directa entre: el aprendizaje y la competencia en la comprensi\u00f3n lectora y el vocabulario que el ni\u00f1o tiene.\" \/>\n<meta name=\"robots\" content=\"index, follow, max-snippet:-1, max-image-preview:large, max-video-preview:-1\" \/>\n<link rel=\"canonical\" href=\"https:\/\/www.activasalut.com\/ca\/vocabulario-y-la-comprension-lectora\/\" \/>\n<meta property=\"og:locale\" content=\"ca_ES\" \/>\n<meta property=\"og:type\" content=\"article\" \/>\n<meta property=\"og:title\" content=\"\u00bfC\u00f3mo influye el vocabulario en la comprensi\u00f3n lectora?\" \/>\n<meta property=\"og:description\" content=\"\u00bfCu\u00e1l es la relaci\u00f3n entre el aprendizaje y la competencia en la comprensi\u00f3n lectora y el vocabulario que el ni\u00f1o tiene?\" \/>\n<meta property=\"og:url\" content=\"https:\/\/www.activasalut.com\/ca\/vocabulario-y-la-comprension-lectora\/\" \/>\n<meta property=\"og:site_name\" content=\"Corporaci\u00f3 Fisiogesti\u00f3\" \/>\n<meta property=\"article:published_time\" content=\"2017-01-18T16:39:38+00:00\" \/>\n<meta property=\"article:modified_time\" content=\"2017-01-18T17:16:04+00:00\" \/>\n<meta property=\"og:image\" content=\"https:\/\/www.activasalut.com\/wp-content\/uploads\/2017\/01\/fac2.jpg\" \/>\n\t<meta property=\"og:image:width\" content=\"470\" \/>\n\t<meta property=\"og:image:height\" content=\"246\" \/>\n\t<meta property=\"og:image:type\" content=\"image\/jpeg\" \/>\n<meta name=\"author\" content=\"Marta S\u00e1nchez\" \/>\n<meta name=\"twitter:label1\" content=\"Escrit per\" \/>\n\t<meta name=\"twitter:data1\" content=\"Marta S\u00e1nchez\" \/>\n\t<meta name=\"twitter:label2\" content=\"Temps estimat de lectura\" \/>\n\t<meta name=\"twitter:data2\" content=\"2 minuts\" \/>\n<script type=\"application\/ld+json\" class=\"yoast-schema-graph\">{\"@context\":\"https:\/\/schema.org\",\"@graph\":[{\"@type\":\"WebPage\",\"@id\":\"https:\/\/www.activasalut.com\/ca\/vocabulario-y-la-comprension-lectora\/\",\"url\":\"https:\/\/www.activasalut.com\/ca\/vocabulario-y-la-comprension-lectora\/\",\"name\":\"Vocabulario y comprensi\u00f3n lectora- Corporaci\u00f3n Fisiogesti\u00f3n\",\"isPartOf\":{\"@id\":\"https:\/\/www.activasalut.com\/ca\/#website\"},\"datePublished\":\"2017-01-18T16:39:38+00:00\",\"dateModified\":\"2017-01-18T17:16:04+00:00\",\"author\":{\"@id\":\"https:\/\/www.activasalut.com\/ca\/#\/schema\/person\/d5143be2de4caf189b0d7ac707abe439\"},\"description\":\"Hay estudios que confirman la relaci\u00f3n directa entre: el aprendizaje y la competencia en la comprensi\u00f3n lectora y el vocabulario que el ni\u00f1o tiene.\",\"breadcrumb\":{\"@id\":\"https:\/\/www.activasalut.com\/ca\/vocabulario-y-la-comprension-lectora\/#breadcrumb\"},\"inLanguage\":\"ca\",\"potentialAction\":[{\"@type\":\"ReadAction\",\"target\":[\"https:\/\/www.activasalut.com\/ca\/vocabulario-y-la-comprension-lectora\/\"]}]},{\"@type\":\"BreadcrumbList\",\"@id\":\"https:\/\/www.activasalut.com\/ca\/vocabulario-y-la-comprension-lectora\/#breadcrumb\",\"itemListElement\":[{\"@type\":\"ListItem\",\"position\":1,\"name\":\"Portada\",\"item\":\"https:\/\/www.activasalut.com\/ca\/\"},{\"@type\":\"ListItem\",\"position\":2,\"name\":\"Com influeix el vocabulari en la comprensi\u00f3 lectora?\"}]},{\"@type\":\"WebSite\",\"@id\":\"https:\/\/www.activasalut.com\/ca\/#website\",\"url\":\"https:\/\/www.activasalut.com\/ca\/\",\"name\":\"Corporaci\u00f3n fisiogesti\u00f3n\",\"description\":\"Activa la teva salut\",\"potentialAction\":[{\"@type\":\"SearchAction\",\"target\":{\"@type\":\"EntryPoint\",\"urlTemplate\":\"https:\/\/www.activasalut.com\/ca\/?s={search_term_string}\"},\"query-input\":\"required name=search_term_string\"}],\"inLanguage\":\"ca\"},{\"@type\":\"Person\",\"@id\":\"https:\/\/www.activasalut.com\/ca\/#\/schema\/person\/d5143be2de4caf189b0d7ac707abe439\",\"name\":\"Marta S\u00e1nchez\",\"image\":{\"@type\":\"ImageObject\",\"inLanguage\":\"ca\",\"@id\":\"https:\/\/www.activasalut.com\/ca\/#\/schema\/person\/image\/\",\"url\":\"https:\/\/secure.gravatar.com\/avatar\/e1567da7ae4b7e10e7eae46b3fb124e4?s=96&d=mm&r=g\",\"contentUrl\":\"https:\/\/secure.gravatar.com\/avatar\/e1567da7ae4b7e10e7eae46b3fb124e4?s=96&d=mm&r=g\",\"caption\":\"Marta S\u00e1nchez\"},\"url\":\"https:\/\/www.activasalut.com\/ca\/author\/marta-sanchez\/\"}]}<\/script>\n<!-- \/ Yoast SEO plugin. -->","yoast_head_json":{"title":"Vocabulario y comprensi\u00f3n lectora- Corporaci\u00f3n Fisiogesti\u00f3n","description":"Hay estudios que confirman la relaci\u00f3n directa entre: el aprendizaje y la competencia en la comprensi\u00f3n lectora y el vocabulario que el ni\u00f1o tiene.","robots":{"index":"index","follow":"follow","max-snippet":"max-snippet:-1","max-image-preview":"max-image-preview:large","max-video-preview":"max-video-preview:-1"},"canonical":"https:\/\/www.activasalut.com\/ca\/vocabulario-y-la-comprension-lectora\/","og_locale":"ca_ES","og_type":"article","og_title":"\u00bfC\u00f3mo influye el vocabulario en la comprensi\u00f3n lectora?","og_description":"\u00bfCu\u00e1l es la relaci\u00f3n entre el aprendizaje y la competencia en la comprensi\u00f3n lectora y el vocabulario que el ni\u00f1o tiene?","og_url":"https:\/\/www.activasalut.com\/ca\/vocabulario-y-la-comprension-lectora\/","og_site_name":"Corporaci\u00f3 Fisiogesti\u00f3","article_published_time":"2017-01-18T16:39:38+00:00","article_modified_time":"2017-01-18T17:16:04+00:00","og_image":[{"width":470,"height":246,"url":"https:\/\/www.activasalut.com\/wp-content\/uploads\/2017\/01\/fac2.jpg","type":"image\/jpeg"}],"author":"Marta S\u00e1nchez","twitter_misc":{"Escrit per":"Marta S\u00e1nchez","Temps estimat de lectura":"2 minuts"},"schema":{"@context":"https:\/\/schema.org","@graph":[{"@type":"WebPage","@id":"https:\/\/www.activasalut.com\/ca\/vocabulario-y-la-comprension-lectora\/","url":"https:\/\/www.activasalut.com\/ca\/vocabulario-y-la-comprension-lectora\/","name":"Vocabulario y comprensi\u00f3n lectora- Corporaci\u00f3n Fisiogesti\u00f3n","isPartOf":{"@id":"https:\/\/www.activasalut.com\/ca\/#website"},"datePublished":"2017-01-18T16:39:38+00:00","dateModified":"2017-01-18T17:16:04+00:00","author":{"@id":"https:\/\/www.activasalut.com\/ca\/#\/schema\/person\/d5143be2de4caf189b0d7ac707abe439"},"description":"Hay estudios que confirman la relaci\u00f3n directa entre: el aprendizaje y la competencia en la comprensi\u00f3n lectora y el vocabulario que el ni\u00f1o tiene.","breadcrumb":{"@id":"https:\/\/www.activasalut.com\/ca\/vocabulario-y-la-comprension-lectora\/#breadcrumb"},"inLanguage":"ca","potentialAction":[{"@type":"ReadAction","target":["https:\/\/www.activasalut.com\/ca\/vocabulario-y-la-comprension-lectora\/"]}]},{"@type":"BreadcrumbList","@id":"https:\/\/www.activasalut.com\/ca\/vocabulario-y-la-comprension-lectora\/#breadcrumb","itemListElement":[{"@type":"ListItem","position":1,"name":"Portada","item":"https:\/\/www.activasalut.com\/ca\/"},{"@type":"ListItem","position":2,"name":"Com influeix el vocabulari en la comprensi\u00f3 lectora?"}]},{"@type":"WebSite","@id":"https:\/\/www.activasalut.com\/ca\/#website","url":"https:\/\/www.activasalut.com\/ca\/","name":"Corporaci\u00f3n fisiogesti\u00f3n","description":"Activa la teva salut","potentialAction":[{"@type":"SearchAction","target":{"@type":"EntryPoint","urlTemplate":"https:\/\/www.activasalut.com\/ca\/?s={search_term_string}"},"query-input":"required name=search_term_string"}],"inLanguage":"ca"},{"@type":"Person","@id":"https:\/\/www.activasalut.com\/ca\/#\/schema\/person\/d5143be2de4caf189b0d7ac707abe439","name":"Marta S\u00e1nchez","image":{"@type":"ImageObject","inLanguage":"ca","@id":"https:\/\/www.activasalut.com\/ca\/#\/schema\/person\/image\/","url":"https:\/\/secure.gravatar.com\/avatar\/e1567da7ae4b7e10e7eae46b3fb124e4?s=96&d=mm&r=g","contentUrl":"https:\/\/secure.gravatar.com\/avatar\/e1567da7ae4b7e10e7eae46b3fb124e4?s=96&d=mm&r=g","caption":"Marta S\u00e1nchez"},"url":"https:\/\/www.activasalut.com\/ca\/author\/marta-sanchez\/"}]}},"_links":{"self":[{"href":"https:\/\/www.activasalut.com\/ca\/wp-json\/wp\/v2\/posts\/2649"}],"collection":[{"href":"https:\/\/www.activasalut.com\/ca\/wp-json\/wp\/v2\/posts"}],"about":[{"href":"https:\/\/www.activasalut.com\/ca\/wp-json\/wp\/v2\/types\/post"}],"author":[{"embeddable":true,"href":"https:\/\/www.activasalut.com\/ca\/wp-json\/wp\/v2\/users\/11"}],"replies":[{"embeddable":true,"href":"https:\/\/www.activasalut.com\/ca\/wp-json\/wp\/v2\/comments?post=2649"}],"version-history":[{"count":2,"href":"https:\/\/www.activasalut.com\/ca\/wp-json\/wp\/v2\/posts\/2649\/revisions"}],"predecessor-version":[{"id":2651,"href":"https:\/\/www.activasalut.com\/ca\/wp-json\/wp\/v2\/posts\/2649\/revisions\/2651"}],"wp:featuredmedia":[{"embeddable":true,"href":"https:\/\/www.activasalut.com\/ca\/wp-json\/wp\/v2\/media\/2642"}],"wp:attachment":[{"href":"https:\/\/www.activasalut.com\/ca\/wp-json\/wp\/v2\/media?parent=2649"}],"wp:term":[{"taxonomy":"category","embeddable":true,"href":"https:\/\/www.activasalut.com\/ca\/wp-json\/wp\/v2\/categories?post=2649"},{"taxonomy":"post_tag","embeddable":true,"href":"https:\/\/www.activasalut.com\/ca\/wp-json\/wp\/v2\/tags?post=2649"}],"curies":[{"name":"wp","href":"https:\/\/api.w.org\/{rel}","templated":true}]}}