{"id":2705,"date":"2017-02-10T08:00:48","date_gmt":"2017-02-10T07:00:48","guid":{"rendered":"https:\/\/www.activasalut.com\/ca\/?p=2705"},"modified":"2017-02-09T19:05:27","modified_gmt":"2017-02-09T18:05:27","slug":"el-descubrimiento-de-una-nueva-voz","status":"publish","type":"post","link":"https:\/\/www.activasalut.com\/ca\/el-descubrimiento-de-una-nueva-voz\/","title":{"rendered":"El descobriment d&#8217;una nova veu"},"content":{"rendered":"<p>La capacitat per a la parla i el di\u00e0leg constitueix un dels pilars b\u00e0sics a l&#8217;hora d&#8217;establir les bases de la comunicaci\u00f3. <strong>Per a aquelles persones que, arran d&#8217;un c\u00e0ncer, han sofert l&#8217;extirpaci\u00f3 total de la laringe, la seva posterior recuperaci\u00f3 implica aprendre de nou a parlar sense l&#8217;<em>aparell fonatori<\/em> responsable d&#8217;aquesta funci\u00f3<\/strong>.<!--more--><\/p>\n<blockquote><p><a href=\"https:\/\/www.activasalut.com\/wp-content\/uploads\/2017\/02\/fac1.jpg\"><img decoding=\"async\" loading=\"lazy\" class=\"alignleft wp-image-2695 size-full\" src=\"https:\/\/www.activasalut.com\/wp-content\/uploads\/2017\/02\/fac1.jpg\" alt=\"El descubrimiento de una nueva voz\" width=\"470\" height=\"246\" srcset=\"https:\/\/www.activasalut.com\/wp-content\/uploads\/2017\/02\/fac1.jpg 470w, https:\/\/www.activasalut.com\/wp-content\/uploads\/2017\/02\/fac1-300x157.jpg 300w\" sizes=\"(max-width: 470px) 100vw, 470px\" \/><\/a><\/p>\n<p>&nbsp;<\/p>\n<p>&nbsp;<\/p>\n<p>&nbsp;<\/p>\n<p>&nbsp;<\/p>\n<p>&nbsp;<\/p>\n<p>&nbsp;<\/p>\n<p>Un proc\u00e9s dif\u00edcil per\u00f2 factible en el qual l&#8217;esfor\u00e7 i voluntat de superaci\u00f3 juguen un paper fonamental<\/p><\/blockquote>\n<h3>Estad\u00edstica<\/h3>\n<p>Els tumors malignes en la laringe apareixen de manera exclusiva (en m\u00e9s del 90 per cent dels casos) entre fumadors i afecten amb major freq\u00fc\u00e8ncia als homes.<\/p>\n<h3>Quins s\u00f3n els canvis derivats despr\u00e9s de l&#8217;operaci\u00f3?<\/h3>\n<p>La laringe ha estat extirpada i el cirurgi\u00e0 ha separat la laringe de la tr\u00e0quea, la tr\u00e0quea desemboca ara cap a davant en la paret anterior del coll, a l&#8217;hora de respirar, l&#8217;aire entra als pulmons i surt a l&#8217;exterior a trav\u00e9s de l&#8217;estoma (orifici del coll). D&#8217;aix\u00f2 resulta que l&#8217;aire dels pulmons ja no pugui circular ni per la boca ni pel nas, la qual cosa impossibilita la capacitat per bufar, xiular, fer olor i sonar-se.<\/p>\n<h3>L&#8217;objectiu de la logopeda<\/h3>\n<p>\u00c9s ensenyar-li la <em>veu esof\u00e0gica<\/em> perqu\u00e8 pugui reinserir-se socialment i aix\u00ed recuperar la confian\u00e7a en si mateix.<\/p>\n<p>La veu esof\u00e0gica utilitza la boca de l&#8217;es\u00f2fag (<em>esf\u00ednter cricofaringi<\/em>) per fer vibrar l&#8217;aire que produir\u00e0 el so. El so produ\u00eft semblant al rot s&#8217;articula en vocals, s\u00edl\u00b7labes, paraules i frases.<\/p>\n<h3>Recomanacions<\/h3>\n<ul>\n<li>tenir una bona higiene de la c\u00e0nula<\/li>\n<li>portar protegit l&#8217;estoma sempre amb un mocador de seda<\/li>\n<li>beure molta aigua per estar ben hidratat i que les mucositats siguin flu\u00efdes<\/li>\n<li>anar amb compte en el moment de la dutxa que no entre aigua dins de l&#8217;estoma<\/li>\n<li>seguir una alimentaci\u00f3 saludable<\/li>\n<li>practicar a casa els exercicis pautats per la logopeda<\/li>\n<\/ul>\n<blockquote><p>La fam\u00edlia \u00e9s un suport important\u00edssim en la rehabilitaci\u00f3 ja que amb el seu \u00e0nim constant fa que el laringectomitzat vagi utilitzant la veu esof\u00e0gica en el seu dia a dia.<\/p>\n<p>&nbsp;<\/p><\/blockquote>\n<p><iframe loading=\"lazy\" src=\"https:\/\/www.youtube.com\/embed\/xYPRrI_UkbQ\" width=\"560\" height=\"315\" frameborder=\"0\" allowfullscreen=\"allowfullscreen\"><\/iframe><\/p>\n","protected":false},"excerpt":{"rendered":"<p>La capacitat per a la parla i el di\u00e0leg constitueix un dels pilars b\u00e0sics a l&#8217;hora d&#8217;establir les bases de la comunicaci\u00f3. Per a<a class=\"moretag\" href=\"https:\/\/www.activasalut.com\/ca\/el-descubrimiento-de-una-nueva-voz\/\">Llegeix m\u00e9s&#8230;<\/a><\/p>\n","protected":false},"author":56,"featured_media":2694,"comment_status":"open","ping_status":"closed","sticky":false,"template":"","format":"standard","meta":[],"categories":[608,610,588,581,611,831,467],"tags":[1987,1995,1996,1988,933,1989,1997,1990,1105,1991,1992,1993,1106,1107,928,1289,1282,1994,1545,1543],"yoast_head":"<!-- This site is optimized with the Yoast SEO plugin v20.0 - https:\/\/yoast.com\/wordpress\/plugins\/seo\/ -->\n<title>El descobriment d&#039;una nova veu<\/title>\n<meta name=\"description\" content=\"Para aquellas personas que, a ra\u00edz de un c\u00e1ncer, han sufrido la extirpaci\u00f3n total de la laringe. Estos pacientes descubrir\u00e1n una nueva voz.\" \/>\n<meta name=\"robots\" content=\"index, follow, max-snippet:-1, max-image-preview:large, max-video-preview:-1\" \/>\n<link rel=\"canonical\" href=\"https:\/\/www.activasalut.com\/ca\/el-descubrimiento-de-una-nueva-voz\/\" \/>\n<meta property=\"og:locale\" content=\"ca_ES\" \/>\n<meta property=\"og:type\" content=\"article\" \/>\n<meta property=\"og:title\" content=\"El descubrimiento de una nueva voz\" \/>\n<meta property=\"og:description\" content=\"Personas que, a ra\u00edz de un c\u00e1ncer, han sufrido la extirpaci\u00f3n total de la laringe. Estos pacientes descubrir\u00e1n una nueva voz.\" \/>\n<meta property=\"og:url\" content=\"https:\/\/www.activasalut.com\/ca\/el-descubrimiento-de-una-nueva-voz\/\" \/>\n<meta property=\"og:site_name\" content=\"Corporaci\u00f3 Fisiogesti\u00f3\" \/>\n<meta property=\"article:published_time\" content=\"2017-02-10T07:00:48+00:00\" \/>\n<meta property=\"article:modified_time\" content=\"2017-02-09T18:05:27+00:00\" \/>\n<meta property=\"og:image\" content=\"https:\/\/www.activasalut.com\/wp-content\/uploads\/2017\/02\/fac1.jpg\" \/>\n\t<meta property=\"og:image:width\" content=\"470\" \/>\n\t<meta property=\"og:image:height\" content=\"246\" \/>\n\t<meta property=\"og:image:type\" content=\"image\/jpeg\" \/>\n<meta name=\"author\" content=\"Teresa Zurera\" \/>\n<meta name=\"twitter:label1\" content=\"Escrit per\" \/>\n\t<meta name=\"twitter:data1\" content=\"Teresa Zurera\" \/>\n\t<meta name=\"twitter:label2\" content=\"Temps estimat de lectura\" \/>\n\t<meta name=\"twitter:data2\" content=\"2 minuts\" \/>\n<script type=\"application\/ld+json\" class=\"yoast-schema-graph\">{\"@context\":\"https:\/\/schema.org\",\"@graph\":[{\"@type\":\"WebPage\",\"@id\":\"https:\/\/www.activasalut.com\/ca\/el-descubrimiento-de-una-nueva-voz\/\",\"url\":\"https:\/\/www.activasalut.com\/ca\/el-descubrimiento-de-una-nueva-voz\/\",\"name\":\"El descobriment d'una nova veu\",\"isPartOf\":{\"@id\":\"https:\/\/www.activasalut.com\/ca\/#website\"},\"datePublished\":\"2017-02-10T07:00:48+00:00\",\"dateModified\":\"2017-02-09T18:05:27+00:00\",\"author\":{\"@id\":\"https:\/\/www.activasalut.com\/ca\/#\/schema\/person\/b85edd81338207b4a95573e041a7e6de\"},\"description\":\"Para aquellas personas que, a ra\u00edz de un c\u00e1ncer, han sufrido la extirpaci\u00f3n total de la laringe. Estos pacientes descubrir\u00e1n una nueva voz.\",\"breadcrumb\":{\"@id\":\"https:\/\/www.activasalut.com\/ca\/el-descubrimiento-de-una-nueva-voz\/#breadcrumb\"},\"inLanguage\":\"ca\",\"potentialAction\":[{\"@type\":\"ReadAction\",\"target\":[\"https:\/\/www.activasalut.com\/ca\/el-descubrimiento-de-una-nueva-voz\/\"]}]},{\"@type\":\"BreadcrumbList\",\"@id\":\"https:\/\/www.activasalut.com\/ca\/el-descubrimiento-de-una-nueva-voz\/#breadcrumb\",\"itemListElement\":[{\"@type\":\"ListItem\",\"position\":1,\"name\":\"Portada\",\"item\":\"https:\/\/www.activasalut.com\/ca\/\"},{\"@type\":\"ListItem\",\"position\":2,\"name\":\"El descobriment d&#8217;una nova veu\"}]},{\"@type\":\"WebSite\",\"@id\":\"https:\/\/www.activasalut.com\/ca\/#website\",\"url\":\"https:\/\/www.activasalut.com\/ca\/\",\"name\":\"Corporaci\u00f3n fisiogesti\u00f3n\",\"description\":\"Activa la teva salut\",\"potentialAction\":[{\"@type\":\"SearchAction\",\"target\":{\"@type\":\"EntryPoint\",\"urlTemplate\":\"https:\/\/www.activasalut.com\/ca\/?s={search_term_string}\"},\"query-input\":\"required name=search_term_string\"}],\"inLanguage\":\"ca\"},{\"@type\":\"Person\",\"@id\":\"https:\/\/www.activasalut.com\/ca\/#\/schema\/person\/b85edd81338207b4a95573e041a7e6de\",\"name\":\"Teresa Zurera\",\"image\":{\"@type\":\"ImageObject\",\"inLanguage\":\"ca\",\"@id\":\"https:\/\/www.activasalut.com\/ca\/#\/schema\/person\/image\/\",\"url\":\"https:\/\/secure.gravatar.com\/avatar\/0306f7e4aeb78d10782a1044713490d3?s=96&d=mm&r=g\",\"contentUrl\":\"https:\/\/secure.gravatar.com\/avatar\/0306f7e4aeb78d10782a1044713490d3?s=96&d=mm&r=g\",\"caption\":\"Teresa Zurera\"},\"url\":\"https:\/\/www.activasalut.com\/ca\/author\/teresa-zurera\/\"}]}<\/script>\n<!-- \/ Yoast SEO plugin. -->","yoast_head_json":{"title":"El descobriment d'una nova veu","description":"Para aquellas personas que, a ra\u00edz de un c\u00e1ncer, han sufrido la extirpaci\u00f3n total de la laringe. Estos pacientes descubrir\u00e1n una nueva voz.","robots":{"index":"index","follow":"follow","max-snippet":"max-snippet:-1","max-image-preview":"max-image-preview:large","max-video-preview":"max-video-preview:-1"},"canonical":"https:\/\/www.activasalut.com\/ca\/el-descubrimiento-de-una-nueva-voz\/","og_locale":"ca_ES","og_type":"article","og_title":"El descubrimiento de una nueva voz","og_description":"Personas que, a ra\u00edz de un c\u00e1ncer, han sufrido la extirpaci\u00f3n total de la laringe. Estos pacientes descubrir\u00e1n una nueva voz.","og_url":"https:\/\/www.activasalut.com\/ca\/el-descubrimiento-de-una-nueva-voz\/","og_site_name":"Corporaci\u00f3 Fisiogesti\u00f3","article_published_time":"2017-02-10T07:00:48+00:00","article_modified_time":"2017-02-09T18:05:27+00:00","og_image":[{"width":470,"height":246,"url":"https:\/\/www.activasalut.com\/wp-content\/uploads\/2017\/02\/fac1.jpg","type":"image\/jpeg"}],"author":"Teresa Zurera","twitter_misc":{"Escrit per":"Teresa Zurera","Temps estimat de lectura":"2 minuts"},"schema":{"@context":"https:\/\/schema.org","@graph":[{"@type":"WebPage","@id":"https:\/\/www.activasalut.com\/ca\/el-descubrimiento-de-una-nueva-voz\/","url":"https:\/\/www.activasalut.com\/ca\/el-descubrimiento-de-una-nueva-voz\/","name":"El descobriment d'una nova veu","isPartOf":{"@id":"https:\/\/www.activasalut.com\/ca\/#website"},"datePublished":"2017-02-10T07:00:48+00:00","dateModified":"2017-02-09T18:05:27+00:00","author":{"@id":"https:\/\/www.activasalut.com\/ca\/#\/schema\/person\/b85edd81338207b4a95573e041a7e6de"},"description":"Para aquellas personas que, a ra\u00edz de un c\u00e1ncer, han sufrido la extirpaci\u00f3n total de la laringe. Estos pacientes descubrir\u00e1n una nueva voz.","breadcrumb":{"@id":"https:\/\/www.activasalut.com\/ca\/el-descubrimiento-de-una-nueva-voz\/#breadcrumb"},"inLanguage":"ca","potentialAction":[{"@type":"ReadAction","target":["https:\/\/www.activasalut.com\/ca\/el-descubrimiento-de-una-nueva-voz\/"]}]},{"@type":"BreadcrumbList","@id":"https:\/\/www.activasalut.com\/ca\/el-descubrimiento-de-una-nueva-voz\/#breadcrumb","itemListElement":[{"@type":"ListItem","position":1,"name":"Portada","item":"https:\/\/www.activasalut.com\/ca\/"},{"@type":"ListItem","position":2,"name":"El descobriment d&#8217;una nova veu"}]},{"@type":"WebSite","@id":"https:\/\/www.activasalut.com\/ca\/#website","url":"https:\/\/www.activasalut.com\/ca\/","name":"Corporaci\u00f3n fisiogesti\u00f3n","description":"Activa la teva salut","potentialAction":[{"@type":"SearchAction","target":{"@type":"EntryPoint","urlTemplate":"https:\/\/www.activasalut.com\/ca\/?s={search_term_string}"},"query-input":"required name=search_term_string"}],"inLanguage":"ca"},{"@type":"Person","@id":"https:\/\/www.activasalut.com\/ca\/#\/schema\/person\/b85edd81338207b4a95573e041a7e6de","name":"Teresa Zurera","image":{"@type":"ImageObject","inLanguage":"ca","@id":"https:\/\/www.activasalut.com\/ca\/#\/schema\/person\/image\/","url":"https:\/\/secure.gravatar.com\/avatar\/0306f7e4aeb78d10782a1044713490d3?s=96&d=mm&r=g","contentUrl":"https:\/\/secure.gravatar.com\/avatar\/0306f7e4aeb78d10782a1044713490d3?s=96&d=mm&r=g","caption":"Teresa Zurera"},"url":"https:\/\/www.activasalut.com\/ca\/author\/teresa-zurera\/"}]}},"_links":{"self":[{"href":"https:\/\/www.activasalut.com\/ca\/wp-json\/wp\/v2\/posts\/2705"}],"collection":[{"href":"https:\/\/www.activasalut.com\/ca\/wp-json\/wp\/v2\/posts"}],"about":[{"href":"https:\/\/www.activasalut.com\/ca\/wp-json\/wp\/v2\/types\/post"}],"author":[{"embeddable":true,"href":"https:\/\/www.activasalut.com\/ca\/wp-json\/wp\/v2\/users\/56"}],"replies":[{"embeddable":true,"href":"https:\/\/www.activasalut.com\/ca\/wp-json\/wp\/v2\/comments?post=2705"}],"version-history":[{"count":3,"href":"https:\/\/www.activasalut.com\/ca\/wp-json\/wp\/v2\/posts\/2705\/revisions"}],"predecessor-version":[{"id":2708,"href":"https:\/\/www.activasalut.com\/ca\/wp-json\/wp\/v2\/posts\/2705\/revisions\/2708"}],"wp:featuredmedia":[{"embeddable":true,"href":"https:\/\/www.activasalut.com\/ca\/wp-json\/wp\/v2\/media\/2694"}],"wp:attachment":[{"href":"https:\/\/www.activasalut.com\/ca\/wp-json\/wp\/v2\/media?parent=2705"}],"wp:term":[{"taxonomy":"category","embeddable":true,"href":"https:\/\/www.activasalut.com\/ca\/wp-json\/wp\/v2\/categories?post=2705"},{"taxonomy":"post_tag","embeddable":true,"href":"https:\/\/www.activasalut.com\/ca\/wp-json\/wp\/v2\/tags?post=2705"}],"curies":[{"name":"wp","href":"https:\/\/api.w.org\/{rel}","templated":true}]}}