{"id":2778,"date":"2017-03-17T09:00:20","date_gmt":"2017-03-17T08:00:20","guid":{"rendered":"https:\/\/www.activasalut.com\/ca\/?p=2778"},"modified":"2017-03-17T14:24:28","modified_gmt":"2017-03-17T13:24:28","slug":"dislexia-2","status":"publish","type":"post","link":"https:\/\/www.activasalut.com\/ca\/dislexia-2\/","title":{"rendered":"Els nostres campions disl\u00e8xics"},"content":{"rendered":"<header class=\"entry-header\">El Ra\u00fal t\u00e9 onze anys, a l\u2019agost en far\u00e0 12. Fa 6\u00e8 de Prim\u00e0ria. Li agraden els <em>playmobils<\/em>, muntar <em>legos<\/em>, que se li dona molt b\u00e9! i tocar el violoncel. El Ra\u00fal t\u00e9 sentit de l\u2019humor, \u00e9s s\u00faper cariny\u00f3s, obert i de f\u00e0cil relaci\u00f3. De gran voldria ser un infermer violoncel\u00b7lista.<\/header>\n<p><!--more--><\/p>\n<div class=\"entry-content\">\n<h3>La vida d&#8217;en Ra\u00fal<\/h3>\n<p>Els dilluns quan surt de l\u2019escola, fa logop\u00e8dia i despr\u00e9s va a nataci\u00f3. L\u2019any passat feia logop\u00e8dia dilluns i dijous i quan sortia d\u2019aqu\u00ed, els dijous anava a la psic\u00f2loga, ara li han donat un descans terap\u00e8utic.<\/p>\n<p>Els dimarts t\u00e9 un refor\u00e7 escolar a casa, els dimecres nataci\u00f3, els dijous refor\u00e7 a casa i violoncel despr\u00e9s i els divendres lliure.<\/p>\n<p>El Ra\u00fal explica que ve a logop\u00e8dia perqu\u00e8: \u201c<em>confonc lletres a l\u2019hora de llegir i de vegades paraules i, a l\u2019escriptura faig fallos\u201d.<\/em> El meu \u00eddol \u00e9s l\u2019Albert Einstein perqu\u00e8 tamb\u00e9 era disl\u00e8xic i ara \u2026mira\u2026!<\/p>\n<h3>Empieza la odisea<\/h3>\n<p>Des de ben petit ha fet logop\u00e8dia. Va comen\u00e7ar en un centre concertat de <em>CatSalut (Servei Catal\u00e0 de la Salut)<\/em> als 4 anys, perqu\u00e8 parlava malament i va assistir un any aproximadament.<\/p>\n<p>Al principi va ser a una escola concertada, on sovint el\u00a0castigaven per portar-se malament i no treballar. A 2\u00ba de Prim\u00e0ria, els pares van decidir canviar-lo d&#8217;escola.<\/p>\n<p>Tot i que\u00a0mai ning\u00fa va derivar en Ra\u00fal a realitzar una valoraci\u00f3 i reeducaci\u00f3 logop\u00e8dica, va ser la mare (infermera de professi\u00f3 i extreballadora de l&#8217;ONCE) qui va prendre la decisi\u00f3, donades les dificultats que veia que el seu fill tenia en el seguiment escolar i en l&#8217;aprenentatge de la lectura i l&#8217;escriptura.<\/p>\n<p>Paral\u00b7lelament al tractament de logop\u00e8dia, havia realitzat una <em>Ter\u00e0pia de Neuroplasticitat<\/em>, durant un any. Realitzava exercicis diaris de coordinaci\u00f3, psicomotricitat i ter\u00e0pia visual durant 1h i 15 minuts, di\u00e0riament a la seva casa. Ho supervisaven en el centre mensualment.<\/p>\n<h3>L\u2019arribada a Corporaci\u00f3 Fisiogesti\u00f3n<\/h3>\n<p>El 14 de gener del 2015 va arribar al nostre centre de Logop\u00e8dia. El Ra\u00fal feia 4art de prim\u00e0ria. Venia amb un diagn\u00f2stic de TDH, realitzat a una Unitat especialitzada en d\u00e8ficits d\u00b4atenci\u00f3 d\u2019un hospital. Per\u00f2 el <a href=\"http:\/\/salutmental.csa.cat\/index.php?md=articles&amp;id=2561&amp;lg=cat\" target=\"_blank\">Centre de Salut Mental Infantojuvenil (CSMIJ)<\/a>\u00a0no estava d\u00b4acord amb aquest diagn\u00f2stic (&#8230;)<\/p>\n<p>El Ra\u00fal presentava dificultats importants en:<\/p>\n<ul>\n<li>lectura<\/li>\n<li>comprensi\u00f3<\/li>\n<li>per a realitzar \u201cbona lletra\u201d<\/li>\n<li>per copiar de la pissarra i en el quadern<\/li>\n<li>per planificar i redactar<\/li>\n<li>les lleng\u00fces estrangeres<\/li>\n<li>l\u2019expressi\u00f3 oral<\/li>\n<\/ul>\n<p>Tamb\u00e9 barrejava el catal\u00e0 i el castell\u00e0 al parlar i presentava conductes disruptives a l\u2019escola, per\u00f2 no tenia cap diagn\u00f2stic.<\/p>\n<h3>Disl\u00e8xia<\/h3>\n<p>Va ser al nostre centre on vam realitzar el diagn\u00f2stic: <strong><a href=\"https:\/\/www.activasalut.com\/ca\/diagnostic-i-intervencio-precoc-en-la-dislexia\/\" target=\"_blank\">Disl\u00e8xia<\/a><\/strong>. <strong>El Ra\u00fal \u00e9s disl\u00e8xic<\/strong>. Com vam procedir:<\/p>\n<ol>\n<li>sol\u00b7licitar una reuni\u00f3 a l\u2019escola. Van assistir: directora, psic\u00f2leg, tutora i representant de l\u2019EAP. Per part nostra: la directora del centre i la logopeda. Ens van explicar quines eren les dificultats amb les que es trobaven amb el Ra\u00fal i vam acordar punts a treballar i comunicar-nos peri\u00f2dicament.<\/li>\n<li>realitzar una reuni\u00f3 de retorn d\u2019informaci\u00f3 amb la mare per explicar-li la trobada amb l\u2019escola. A m\u00e9s d\u2019aconsellar-li la necessitat de realitzar una ter\u00e0pia psicol\u00f2gica, un acompanyament emocional paral\u00b7lel a la logop\u00e8dia, per tractar aspectes conductuals:<\/li>\n<\/ol>\n<ul>\n<li>impulsivitat<\/li>\n<li>atenci\u00f3<\/li>\n<li>autocontrol<\/li>\n<li>gesti\u00f3 de la frustraci\u00f3<\/li>\n<li>Tamb\u00e9 per ajudar a la mare a gestionar tots aquests aspectes<\/li>\n<\/ul>\n<h3>Un gran suport<\/h3>\n<p>La Montse, la mare del Ra\u00fal, l\u2019acompanya i li facilita eines de suport acad\u00e8miques i emocionals per tirar endavant, aix\u00ed com l\u2019ajut dels professionals externs.<\/p>\n<div id=\"attachment_2782\" style=\"width: 250px\" class=\"wp-caption alignnone\"><a href=\"https:\/\/www.activasalut.com\/wp-content\/uploads\/2017\/03\/IMG_59331.jpg\"><img aria-describedby=\"caption-attachment-2782\" decoding=\"async\" loading=\"lazy\" class=\"size-full wp-image-2782\" src=\"https:\/\/www.activasalut.com\/wp-content\/uploads\/2017\/03\/IMG_59331.jpg\" alt=\"per treballar els rius i les muntanyes van comprar una maqueta i ho van treballar amb plastilina.\" width=\"240\" height=\"320\" srcset=\"https:\/\/www.activasalut.com\/wp-content\/uploads\/2017\/03\/IMG_59331.jpg 240w, https:\/\/www.activasalut.com\/wp-content\/uploads\/2017\/03\/IMG_59331-225x300.jpg 225w\" sizes=\"(max-width: 240px) 100vw, 240px\" \/><\/a><p id=\"caption-attachment-2782\" class=\"wp-caption-text\">Per treballar els rius i les muntanyes van comprar una maqueta i ho van treballar amb plastilina.<\/p><\/div>\n<p>Durant un any sencer i paral\u00b7lelament a la nostra reeducaci\u00f3, i de nou per iniciativa de la Montse, el Ra\u00fal va estar realitzant una nova metodologia, un projecte d\u2019investigaci\u00f3 de la Universitat de Barcelona, per millorar les habilitats lectores.<\/p>\n<h3>Conclusi\u00f3<\/h3>\n<p>No tenir un diagn\u00f2stic diferencial, no tenir ajudes espec\u00edfiques, ni un Pla Individualitzat de treball (PI) a l&#8217;escola, suspendre recurrentment l&#8217;angl\u00e8s, rebre correccions de les faltes d&#8217;ortografia en vermell i haver-les de copiar, dificultat a automatitzar nocions temporals i espacials, tant la lectura com l&#8217;expressi\u00f3 oral no sol ser flu\u00efda \u2026<\/p>\n<p>Aquest \u201crecorregut\u201d d&#8217;escoles, centres de logop\u00e8dia, ter\u00e0pies paral\u00b7leles i complement\u00e0ries, incomprensi\u00f3 d&#8217;altres professionals\u2026 \u00e9s inicialment freq\u00fcent a l&#8217;entorn dels nens amb disl\u00e8xia. No hi ha un sol culpable ni una mala praxi, hi ha molta manca d&#8217;informaci\u00f3.<\/p>\n<p>Cal tenir sensibilitat, empatia, informaci\u00f3 i formaci\u00f3 per ajudar a aquests nens i als seus pares. Acompanyar-los en els seus anys acad\u00e8mics amb aquest sistema educatiu tan escassament adaptat, amb el menys sofriment possible, donant-los eines i estrat\u00e8gies per tirar endavant, preservar l&#8217;autoestima i forjar grans persones. LA DISL\u00c8XIA NO IMPEDEIX EL DESENVOLUPAMENT PROFESSIONAL. Que no perdin pel cam\u00ed acad\u00e8mic l&#8217;ess\u00e8ncia de la persona.<\/p>\n<blockquote><p><a href=\"http:\/\/ecommerce.fisiogestion.com\/ca\/producte\/logopedia\/\" target=\"_blank\">Propiciar l&#8217;\u00e8xit, en lloc del frac\u00e0s que estan acostumats a recollir<\/a><\/p><\/blockquote>\n<p>&#x1f4dd; \u00a0Direcciones de inter\u00e9s:<\/p>\n<ul>\n<li><a href=\"http:\/\/blocs.xtec.cat\/\" target=\"_blank\">XTECBlocs<\/a><\/li>\n<li><a href=\"http:\/\/www.disfam.org\/\" target=\"_blank\">DISFAM<\/a><\/li>\n<li><a href=\"http:\/\/www.ladislexia.net\/\" target=\"_blank\">ladislexia.net<\/a><\/li>\n<li><a href=\"http:\/\/elbrot.es\/\" target=\"_blank\">El Brot<\/a><\/li>\n<\/ul>\n<div class=\"addtoany_share_save_container addtoany_content_bottom\"><\/div>\n<\/div>\n","protected":false},"excerpt":{"rendered":"<p>El Ra\u00fal t\u00e9 onze anys, a l\u2019agost en far\u00e0 12. Fa 6\u00e8 de Prim\u00e0ria. Li agraden els playmobils, muntar legos, que se li dona<a class=\"moretag\" href=\"https:\/\/www.activasalut.com\/ca\/dislexia-2\/\">Llegeix m\u00e9s&#8230;<\/a><\/p>\n","protected":false},"author":11,"featured_media":2772,"comment_status":"open","ping_status":"closed","sticky":false,"template":"","format":"standard","meta":[],"categories":[608,589,581,611,831],"tags":[1705,987,880,2043,2044,2045,2051,2046,2047,2052,1616,2048,2053,2054,2049,2050,2055,1745,1618,2008,1703,1846,1841,1059,1053],"yoast_head":"<!-- This site is optimized with the Yoast SEO plugin v20.0 - https:\/\/yoast.com\/wordpress\/plugins\/seo\/ -->\n<title>La dislexia en ni\u00f1os- Corporaci\u00f3n Fisiogesti\u00f3n<\/title>\n<meta name=\"description\" content=\"La dislexia infantil es muy com\u00fan. Descubre el caso de Ra\u00fal, su historia es un ejemplo de c\u00f3mo combatirla. \u00c9l no se rinde.\" \/>\n<meta name=\"robots\" content=\"index, follow, max-snippet:-1, max-image-preview:large, max-video-preview:-1\" \/>\n<link rel=\"canonical\" href=\"https:\/\/www.activasalut.com\/ca\/dislexia-2\/\" \/>\n<meta property=\"og:locale\" content=\"ca_ES\" \/>\n<meta property=\"og:type\" content=\"article\" \/>\n<meta property=\"og:title\" content=\"Nuestros campeones disl\u00e9xicos\" \/>\n<meta property=\"og:description\" content=\"La logopeda Marta S\u00e1nchez nos habla de un caso real sobre dislexia. Conoce a Ra\u00fal y su historia.\" \/>\n<meta property=\"og:url\" content=\"https:\/\/www.activasalut.com\/ca\/dislexia-2\/\" \/>\n<meta property=\"og:site_name\" content=\"Corporaci\u00f3 Fisiogesti\u00f3\" \/>\n<meta property=\"article:published_time\" content=\"2017-03-17T08:00:20+00:00\" \/>\n<meta property=\"article:modified_time\" content=\"2017-03-17T13:24:28+00:00\" \/>\n<meta property=\"og:image\" content=\"https:\/\/www.activasalut.com\/wp-content\/uploads\/2017\/03\/fac2.jpg\" \/>\n\t<meta property=\"og:image:width\" content=\"470\" \/>\n\t<meta property=\"og:image:height\" content=\"246\" \/>\n\t<meta property=\"og:image:type\" content=\"image\/jpeg\" \/>\n<meta name=\"author\" content=\"Marta S\u00e1nchez\" \/>\n<meta name=\"twitter:label1\" content=\"Escrit per\" \/>\n\t<meta name=\"twitter:data1\" content=\"Marta S\u00e1nchez\" \/>\n\t<meta name=\"twitter:label2\" content=\"Temps estimat de lectura\" \/>\n\t<meta name=\"twitter:data2\" content=\"4 minuts\" \/>\n<script type=\"application\/ld+json\" class=\"yoast-schema-graph\">{\"@context\":\"https:\/\/schema.org\",\"@graph\":[{\"@type\":\"WebPage\",\"@id\":\"https:\/\/www.activasalut.com\/ca\/dislexia-2\/\",\"url\":\"https:\/\/www.activasalut.com\/ca\/dislexia-2\/\",\"name\":\"La dislexia en ni\u00f1os- Corporaci\u00f3n Fisiogesti\u00f3n\",\"isPartOf\":{\"@id\":\"https:\/\/www.activasalut.com\/ca\/#website\"},\"datePublished\":\"2017-03-17T08:00:20+00:00\",\"dateModified\":\"2017-03-17T13:24:28+00:00\",\"author\":{\"@id\":\"https:\/\/www.activasalut.com\/ca\/#\/schema\/person\/d5143be2de4caf189b0d7ac707abe439\"},\"description\":\"La dislexia infantil es muy com\u00fan. Descubre el caso de Ra\u00fal, su historia es un ejemplo de c\u00f3mo combatirla. \u00c9l no se rinde.\",\"breadcrumb\":{\"@id\":\"https:\/\/www.activasalut.com\/ca\/dislexia-2\/#breadcrumb\"},\"inLanguage\":\"ca\",\"potentialAction\":[{\"@type\":\"ReadAction\",\"target\":[\"https:\/\/www.activasalut.com\/ca\/dislexia-2\/\"]}]},{\"@type\":\"BreadcrumbList\",\"@id\":\"https:\/\/www.activasalut.com\/ca\/dislexia-2\/#breadcrumb\",\"itemListElement\":[{\"@type\":\"ListItem\",\"position\":1,\"name\":\"Portada\",\"item\":\"https:\/\/www.activasalut.com\/ca\/\"},{\"@type\":\"ListItem\",\"position\":2,\"name\":\"Els nostres campions disl\u00e8xics\"}]},{\"@type\":\"WebSite\",\"@id\":\"https:\/\/www.activasalut.com\/ca\/#website\",\"url\":\"https:\/\/www.activasalut.com\/ca\/\",\"name\":\"Corporaci\u00f3n fisiogesti\u00f3n\",\"description\":\"Activa la teva salut\",\"potentialAction\":[{\"@type\":\"SearchAction\",\"target\":{\"@type\":\"EntryPoint\",\"urlTemplate\":\"https:\/\/www.activasalut.com\/ca\/?s={search_term_string}\"},\"query-input\":\"required name=search_term_string\"}],\"inLanguage\":\"ca\"},{\"@type\":\"Person\",\"@id\":\"https:\/\/www.activasalut.com\/ca\/#\/schema\/person\/d5143be2de4caf189b0d7ac707abe439\",\"name\":\"Marta S\u00e1nchez\",\"image\":{\"@type\":\"ImageObject\",\"inLanguage\":\"ca\",\"@id\":\"https:\/\/www.activasalut.com\/ca\/#\/schema\/person\/image\/\",\"url\":\"https:\/\/secure.gravatar.com\/avatar\/e1567da7ae4b7e10e7eae46b3fb124e4?s=96&d=mm&r=g\",\"contentUrl\":\"https:\/\/secure.gravatar.com\/avatar\/e1567da7ae4b7e10e7eae46b3fb124e4?s=96&d=mm&r=g\",\"caption\":\"Marta S\u00e1nchez\"},\"url\":\"https:\/\/www.activasalut.com\/ca\/author\/marta-sanchez\/\"}]}<\/script>\n<!-- \/ Yoast SEO plugin. -->","yoast_head_json":{"title":"La dislexia en ni\u00f1os- Corporaci\u00f3n Fisiogesti\u00f3n","description":"La dislexia infantil es muy com\u00fan. Descubre el caso de Ra\u00fal, su historia es un ejemplo de c\u00f3mo combatirla. \u00c9l no se rinde.","robots":{"index":"index","follow":"follow","max-snippet":"max-snippet:-1","max-image-preview":"max-image-preview:large","max-video-preview":"max-video-preview:-1"},"canonical":"https:\/\/www.activasalut.com\/ca\/dislexia-2\/","og_locale":"ca_ES","og_type":"article","og_title":"Nuestros campeones disl\u00e9xicos","og_description":"La logopeda Marta S\u00e1nchez nos habla de un caso real sobre dislexia. Conoce a Ra\u00fal y su historia.","og_url":"https:\/\/www.activasalut.com\/ca\/dislexia-2\/","og_site_name":"Corporaci\u00f3 Fisiogesti\u00f3","article_published_time":"2017-03-17T08:00:20+00:00","article_modified_time":"2017-03-17T13:24:28+00:00","og_image":[{"width":470,"height":246,"url":"https:\/\/www.activasalut.com\/wp-content\/uploads\/2017\/03\/fac2.jpg","type":"image\/jpeg"}],"author":"Marta S\u00e1nchez","twitter_misc":{"Escrit per":"Marta S\u00e1nchez","Temps estimat de lectura":"4 minuts"},"schema":{"@context":"https:\/\/schema.org","@graph":[{"@type":"WebPage","@id":"https:\/\/www.activasalut.com\/ca\/dislexia-2\/","url":"https:\/\/www.activasalut.com\/ca\/dislexia-2\/","name":"La dislexia en ni\u00f1os- Corporaci\u00f3n Fisiogesti\u00f3n","isPartOf":{"@id":"https:\/\/www.activasalut.com\/ca\/#website"},"datePublished":"2017-03-17T08:00:20+00:00","dateModified":"2017-03-17T13:24:28+00:00","author":{"@id":"https:\/\/www.activasalut.com\/ca\/#\/schema\/person\/d5143be2de4caf189b0d7ac707abe439"},"description":"La dislexia infantil es muy com\u00fan. Descubre el caso de Ra\u00fal, su historia es un ejemplo de c\u00f3mo combatirla. \u00c9l no se rinde.","breadcrumb":{"@id":"https:\/\/www.activasalut.com\/ca\/dislexia-2\/#breadcrumb"},"inLanguage":"ca","potentialAction":[{"@type":"ReadAction","target":["https:\/\/www.activasalut.com\/ca\/dislexia-2\/"]}]},{"@type":"BreadcrumbList","@id":"https:\/\/www.activasalut.com\/ca\/dislexia-2\/#breadcrumb","itemListElement":[{"@type":"ListItem","position":1,"name":"Portada","item":"https:\/\/www.activasalut.com\/ca\/"},{"@type":"ListItem","position":2,"name":"Els nostres campions disl\u00e8xics"}]},{"@type":"WebSite","@id":"https:\/\/www.activasalut.com\/ca\/#website","url":"https:\/\/www.activasalut.com\/ca\/","name":"Corporaci\u00f3n fisiogesti\u00f3n","description":"Activa la teva salut","potentialAction":[{"@type":"SearchAction","target":{"@type":"EntryPoint","urlTemplate":"https:\/\/www.activasalut.com\/ca\/?s={search_term_string}"},"query-input":"required name=search_term_string"}],"inLanguage":"ca"},{"@type":"Person","@id":"https:\/\/www.activasalut.com\/ca\/#\/schema\/person\/d5143be2de4caf189b0d7ac707abe439","name":"Marta S\u00e1nchez","image":{"@type":"ImageObject","inLanguage":"ca","@id":"https:\/\/www.activasalut.com\/ca\/#\/schema\/person\/image\/","url":"https:\/\/secure.gravatar.com\/avatar\/e1567da7ae4b7e10e7eae46b3fb124e4?s=96&d=mm&r=g","contentUrl":"https:\/\/secure.gravatar.com\/avatar\/e1567da7ae4b7e10e7eae46b3fb124e4?s=96&d=mm&r=g","caption":"Marta S\u00e1nchez"},"url":"https:\/\/www.activasalut.com\/ca\/author\/marta-sanchez\/"}]}},"_links":{"self":[{"href":"https:\/\/www.activasalut.com\/ca\/wp-json\/wp\/v2\/posts\/2778"}],"collection":[{"href":"https:\/\/www.activasalut.com\/ca\/wp-json\/wp\/v2\/posts"}],"about":[{"href":"https:\/\/www.activasalut.com\/ca\/wp-json\/wp\/v2\/types\/post"}],"author":[{"embeddable":true,"href":"https:\/\/www.activasalut.com\/ca\/wp-json\/wp\/v2\/users\/11"}],"replies":[{"embeddable":true,"href":"https:\/\/www.activasalut.com\/ca\/wp-json\/wp\/v2\/comments?post=2778"}],"version-history":[{"count":4,"href":"https:\/\/www.activasalut.com\/ca\/wp-json\/wp\/v2\/posts\/2778\/revisions"}],"predecessor-version":[{"id":2786,"href":"https:\/\/www.activasalut.com\/ca\/wp-json\/wp\/v2\/posts\/2778\/revisions\/2786"}],"wp:featuredmedia":[{"embeddable":true,"href":"https:\/\/www.activasalut.com\/ca\/wp-json\/wp\/v2\/media\/2772"}],"wp:attachment":[{"href":"https:\/\/www.activasalut.com\/ca\/wp-json\/wp\/v2\/media?parent=2778"}],"wp:term":[{"taxonomy":"category","embeddable":true,"href":"https:\/\/www.activasalut.com\/ca\/wp-json\/wp\/v2\/categories?post=2778"},{"taxonomy":"post_tag","embeddable":true,"href":"https:\/\/www.activasalut.com\/ca\/wp-json\/wp\/v2\/tags?post=2778"}],"curies":[{"name":"wp","href":"https:\/\/api.w.org\/{rel}","templated":true}]}}