{"id":2795,"date":"2017-03-24T08:00:47","date_gmt":"2017-03-24T07:00:47","guid":{"rendered":"https:\/\/www.activasalut.com\/ca\/?p=2795"},"modified":"2017-03-23T11:44:08","modified_gmt":"2017-03-23T10:44:08","slug":"dificultades-visuales-y-lectoescritura","status":"publish","type":"post","link":"https:\/\/www.activasalut.com\/ca\/dificultades-visuales-y-lectoescritura\/","title":{"rendered":"Dificultats visuals i lectoescriptura"},"content":{"rendered":"<p>Per a qualsevol <strong>aprenentatge escolar la visi\u00f3 i l\u2019audici\u00f3 s\u00f3n la via d\u2019acc\u00e9s a la informaci\u00f3<\/strong>. Les dificultats de lectoescriptura poden tenir una etiologia diversa i \u00e9s important que a m\u00e9s de l\u2019avaluaci\u00f3 de les tasques de lectura i escriptura per part del <strong>logopeda<\/strong>, <strong>descartem dificultats a nivell visual i\/o auditives per tal de realitzar un diagn\u00f2stic m\u00e9s complet.\u00a0<\/strong><br \/>\n<!--more--><\/p>\n<p><a href=\"https:\/\/www.activasalut.com\/wp-content\/uploads\/2017\/03\/fac3.jpg\"><img decoding=\"async\" loading=\"lazy\" class=\"alignnone size-full wp-image-2793\" src=\"https:\/\/www.activasalut.com\/wp-content\/uploads\/2017\/03\/fac3.jpg\" alt=\"Dificultades visuales y lectoescritura\" width=\"470\" height=\"246\" srcset=\"https:\/\/www.activasalut.com\/wp-content\/uploads\/2017\/03\/fac3.jpg 470w, https:\/\/www.activasalut.com\/wp-content\/uploads\/2017\/03\/fac3-300x157.jpg 300w\" sizes=\"(max-width: 470px) 100vw, 470px\" \/><\/a><\/p>\n<h3>Visi\u00f3<\/h3>\n<p>Quan s\u2019inicia la lectoescriptura, la <strong>visi\u00f3<\/strong> <strong>ens ajudar\u00e0 a analitzar els signes del llenguatge escrit i, juntament amb altres habilitats cognitives, descodificar-los accedint-hi al missatge<\/strong>. Per\u00f2, que vol dir visi\u00f3? \u00c9s el mateix que vista?<\/p>\n<h3>Vista<\/h3>\n<p>Quan parlem <strong>de vista ens referim a la nostra agudesa visual, per\u00f2 la visi\u00f3 \u00e9s encara m\u00e9s complexa i inclou el que anomenem habilitats visuals.<\/strong> Algunes d\u2019elles com la <strong>motilitat ocular<\/strong>, que ens ajuda a fer el salt d\u2019una l\u00ednia a l\u2019altra en la lectura, o l\u2019<strong>acomodaci\u00f3<\/strong> que \u00e9s la capacitat per enfocar a diferents dist\u00e0ncies, <strong>seran essencials per llegir o copiar un text de la pissarra<\/strong>.<\/p>\n<h3>Signes d&#8217;alerta<\/h3>\n<p>\u00c9s important que estiguem atents a la informaci\u00f3 que ens transmeten els nens quan llegeixen: observar si es queixen de visi\u00f3 borrosa,<\/p>\n<ul>\n<li>es graten els ulls en exc\u00e9s, els tanquen,<\/li>\n<li>si els fa mal el cap quan llegeixen,<\/li>\n<li>si mouen el cap a dreta i esquerra mentre segueixen la lectura,<\/li>\n<li>si fan molts errors en copiar,<\/li>\n<li>si tenen dificultats per recon\u00e8ixer lletres, paraules, o formes simples.<\/li>\n<\/ul>\n<p>Si algun d\u2019aquests signes es presenta durant les activitats de lectura o escriptura \u00e9s aconsellable que descartem possibles dificultats visuals que estiguin impedint l\u2019acc\u00e9s a l\u2019aprenentatge de la lectoescriptura. El professional d\u2019elecci\u00f3 ser\u00e0 <strong>l\u2019optometrista i terapeuta visual<\/strong>, que avaluar\u00e0 i tractar\u00e0 la visi\u00f3 del nen o nena.<\/p>\n","protected":false},"excerpt":{"rendered":"<p>Per a qualsevol aprenentatge escolar la visi\u00f3 i l\u2019audici\u00f3 s\u00f3n la via d\u2019acc\u00e9s a la informaci\u00f3. Les dificultats de lectoescriptura poden tenir una etiologia<a class=\"moretag\" href=\"https:\/\/www.activasalut.com\/ca\/dificultades-visuales-y-lectoescritura\/\">Llegeix m\u00e9s&#8230;<\/a><\/p>\n","protected":false},"author":59,"featured_media":2792,"comment_status":"open","ping_status":"closed","sticky":false,"template":"","format":"standard","meta":[],"categories":[608,589,610,581,611,831,467],"tags":[1614,1624,2047,2052,1027,2069,1626,1619,910,1106,1039,2062,1846,2070,2063,2064,2071,1578,2065,2072,2066,2073,2067,2068],"yoast_head":"<!-- This site is optimized with the Yoast SEO plugin v20.0 - https:\/\/yoast.com\/wordpress\/plugins\/seo\/ -->\n<title>Dificultats visuals i lectoescriptura<\/title>\n<meta name=\"description\" content=\"Para cualquier aprendizaje escolar la visi\u00f3n y la audici\u00f3n son la v\u00eda de acceso a la informaci\u00f3n. En lectoescritura es importante descartar dificultades...\" \/>\n<meta name=\"robots\" content=\"index, follow, max-snippet:-1, max-image-preview:large, max-video-preview:-1\" \/>\n<link rel=\"canonical\" href=\"https:\/\/www.activasalut.com\/ca\/dificultades-visuales-y-lectoescritura\/\" \/>\n<meta property=\"og:locale\" content=\"ca_ES\" \/>\n<meta property=\"og:type\" content=\"article\" \/>\n<meta property=\"og:title\" content=\"Dificultades visuales y lectoescritura\" \/>\n<meta property=\"og:description\" content=\"Para cualquier aprendizaje escolar la visi\u00f3n y la audici\u00f3n son la v\u00eda de acceso a la informaci\u00f3n. En lectoescritura es importante descartar dificultades...\" \/>\n<meta property=\"og:url\" content=\"https:\/\/www.activasalut.com\/ca\/dificultades-visuales-y-lectoescritura\/\" \/>\n<meta property=\"og:site_name\" content=\"Corporaci\u00f3 Fisiogesti\u00f3\" \/>\n<meta property=\"article:published_time\" content=\"2017-03-24T07:00:47+00:00\" \/>\n<meta property=\"article:modified_time\" content=\"2017-03-23T10:44:08+00:00\" \/>\n<meta property=\"og:image\" content=\"https:\/\/www.activasalut.com\/wp-content\/uploads\/2017\/03\/fac3.jpg\" \/>\n\t<meta property=\"og:image:width\" content=\"470\" \/>\n\t<meta property=\"og:image:height\" content=\"246\" \/>\n\t<meta property=\"og:image:type\" content=\"image\/jpeg\" \/>\n<meta name=\"author\" content=\"N\u00faria Catal\u00e0 &amp; Rebeca S\u00e1nchez\" \/>\n<meta name=\"twitter:label1\" content=\"Escrit per\" \/>\n\t<meta name=\"twitter:data1\" content=\"N\u00faria Catal\u00e0 &amp; Rebeca S\u00e1nchez\" \/>\n\t<meta name=\"twitter:label2\" content=\"Temps estimat de lectura\" \/>\n\t<meta name=\"twitter:data2\" content=\"2 minuts\" \/>\n<script type=\"application\/ld+json\" class=\"yoast-schema-graph\">{\"@context\":\"https:\/\/schema.org\",\"@graph\":[{\"@type\":\"WebPage\",\"@id\":\"https:\/\/www.activasalut.com\/ca\/dificultades-visuales-y-lectoescritura\/\",\"url\":\"https:\/\/www.activasalut.com\/ca\/dificultades-visuales-y-lectoescritura\/\",\"name\":\"Dificultats visuals i lectoescriptura\",\"isPartOf\":{\"@id\":\"https:\/\/www.activasalut.com\/ca\/#website\"},\"datePublished\":\"2017-03-24T07:00:47+00:00\",\"dateModified\":\"2017-03-23T10:44:08+00:00\",\"author\":{\"@id\":\"https:\/\/www.activasalut.com\/ca\/#\/schema\/person\/5517455b33c138946c9cab8cd5625492\"},\"description\":\"Para cualquier aprendizaje escolar la visi\u00f3n y la audici\u00f3n son la v\u00eda de acceso a la informaci\u00f3n. En lectoescritura es importante descartar dificultades...\",\"breadcrumb\":{\"@id\":\"https:\/\/www.activasalut.com\/ca\/dificultades-visuales-y-lectoescritura\/#breadcrumb\"},\"inLanguage\":\"ca\",\"potentialAction\":[{\"@type\":\"ReadAction\",\"target\":[\"https:\/\/www.activasalut.com\/ca\/dificultades-visuales-y-lectoescritura\/\"]}]},{\"@type\":\"BreadcrumbList\",\"@id\":\"https:\/\/www.activasalut.com\/ca\/dificultades-visuales-y-lectoescritura\/#breadcrumb\",\"itemListElement\":[{\"@type\":\"ListItem\",\"position\":1,\"name\":\"Portada\",\"item\":\"https:\/\/www.activasalut.com\/ca\/\"},{\"@type\":\"ListItem\",\"position\":2,\"name\":\"Dificultats visuals i lectoescriptura\"}]},{\"@type\":\"WebSite\",\"@id\":\"https:\/\/www.activasalut.com\/ca\/#website\",\"url\":\"https:\/\/www.activasalut.com\/ca\/\",\"name\":\"Corporaci\u00f3n fisiogesti\u00f3n\",\"description\":\"Activa la teva salut\",\"potentialAction\":[{\"@type\":\"SearchAction\",\"target\":{\"@type\":\"EntryPoint\",\"urlTemplate\":\"https:\/\/www.activasalut.com\/ca\/?s={search_term_string}\"},\"query-input\":\"required name=search_term_string\"}],\"inLanguage\":\"ca\"},{\"@type\":\"Person\",\"@id\":\"https:\/\/www.activasalut.com\/ca\/#\/schema\/person\/5517455b33c138946c9cab8cd5625492\",\"name\":\"N\u00faria Catal\u00e0 &amp; Rebeca S\u00e1nchez\",\"image\":{\"@type\":\"ImageObject\",\"inLanguage\":\"ca\",\"@id\":\"https:\/\/www.activasalut.com\/ca\/#\/schema\/person\/image\/\",\"url\":\"https:\/\/secure.gravatar.com\/avatar\/63bec3ed803c9fbab944edb11e2e3bd7?s=96&d=mm&r=g\",\"contentUrl\":\"https:\/\/secure.gravatar.com\/avatar\/63bec3ed803c9fbab944edb11e2e3bd7?s=96&d=mm&r=g\",\"caption\":\"N\u00faria Catal\u00e0 &amp; Rebeca S\u00e1nchez\"},\"url\":\"https:\/\/www.activasalut.com\/ca\/author\/nuria-catalan-y-rebeca-sanchez\/\"}]}<\/script>\n<!-- \/ Yoast SEO plugin. -->","yoast_head_json":{"title":"Dificultats visuals i lectoescriptura","description":"Para cualquier aprendizaje escolar la visi\u00f3n y la audici\u00f3n son la v\u00eda de acceso a la informaci\u00f3n. En lectoescritura es importante descartar dificultades...","robots":{"index":"index","follow":"follow","max-snippet":"max-snippet:-1","max-image-preview":"max-image-preview:large","max-video-preview":"max-video-preview:-1"},"canonical":"https:\/\/www.activasalut.com\/ca\/dificultades-visuales-y-lectoescritura\/","og_locale":"ca_ES","og_type":"article","og_title":"Dificultades visuales y lectoescritura","og_description":"Para cualquier aprendizaje escolar la visi\u00f3n y la audici\u00f3n son la v\u00eda de acceso a la informaci\u00f3n. En lectoescritura es importante descartar dificultades...","og_url":"https:\/\/www.activasalut.com\/ca\/dificultades-visuales-y-lectoescritura\/","og_site_name":"Corporaci\u00f3 Fisiogesti\u00f3","article_published_time":"2017-03-24T07:00:47+00:00","article_modified_time":"2017-03-23T10:44:08+00:00","og_image":[{"width":470,"height":246,"url":"https:\/\/www.activasalut.com\/wp-content\/uploads\/2017\/03\/fac3.jpg","type":"image\/jpeg"}],"author":"N\u00faria Catal\u00e0 &amp; Rebeca S\u00e1nchez","twitter_misc":{"Escrit per":"N\u00faria Catal\u00e0 &amp; Rebeca S\u00e1nchez","Temps estimat de lectura":"2 minuts"},"schema":{"@context":"https:\/\/schema.org","@graph":[{"@type":"WebPage","@id":"https:\/\/www.activasalut.com\/ca\/dificultades-visuales-y-lectoescritura\/","url":"https:\/\/www.activasalut.com\/ca\/dificultades-visuales-y-lectoescritura\/","name":"Dificultats visuals i lectoescriptura","isPartOf":{"@id":"https:\/\/www.activasalut.com\/ca\/#website"},"datePublished":"2017-03-24T07:00:47+00:00","dateModified":"2017-03-23T10:44:08+00:00","author":{"@id":"https:\/\/www.activasalut.com\/ca\/#\/schema\/person\/5517455b33c138946c9cab8cd5625492"},"description":"Para cualquier aprendizaje escolar la visi\u00f3n y la audici\u00f3n son la v\u00eda de acceso a la informaci\u00f3n. En lectoescritura es importante descartar dificultades...","breadcrumb":{"@id":"https:\/\/www.activasalut.com\/ca\/dificultades-visuales-y-lectoescritura\/#breadcrumb"},"inLanguage":"ca","potentialAction":[{"@type":"ReadAction","target":["https:\/\/www.activasalut.com\/ca\/dificultades-visuales-y-lectoescritura\/"]}]},{"@type":"BreadcrumbList","@id":"https:\/\/www.activasalut.com\/ca\/dificultades-visuales-y-lectoescritura\/#breadcrumb","itemListElement":[{"@type":"ListItem","position":1,"name":"Portada","item":"https:\/\/www.activasalut.com\/ca\/"},{"@type":"ListItem","position":2,"name":"Dificultats visuals i lectoescriptura"}]},{"@type":"WebSite","@id":"https:\/\/www.activasalut.com\/ca\/#website","url":"https:\/\/www.activasalut.com\/ca\/","name":"Corporaci\u00f3n fisiogesti\u00f3n","description":"Activa la teva salut","potentialAction":[{"@type":"SearchAction","target":{"@type":"EntryPoint","urlTemplate":"https:\/\/www.activasalut.com\/ca\/?s={search_term_string}"},"query-input":"required name=search_term_string"}],"inLanguage":"ca"},{"@type":"Person","@id":"https:\/\/www.activasalut.com\/ca\/#\/schema\/person\/5517455b33c138946c9cab8cd5625492","name":"N\u00faria Catal\u00e0 &amp; Rebeca S\u00e1nchez","image":{"@type":"ImageObject","inLanguage":"ca","@id":"https:\/\/www.activasalut.com\/ca\/#\/schema\/person\/image\/","url":"https:\/\/secure.gravatar.com\/avatar\/63bec3ed803c9fbab944edb11e2e3bd7?s=96&d=mm&r=g","contentUrl":"https:\/\/secure.gravatar.com\/avatar\/63bec3ed803c9fbab944edb11e2e3bd7?s=96&d=mm&r=g","caption":"N\u00faria Catal\u00e0 &amp; Rebeca S\u00e1nchez"},"url":"https:\/\/www.activasalut.com\/ca\/author\/nuria-catalan-y-rebeca-sanchez\/"}]}},"_links":{"self":[{"href":"https:\/\/www.activasalut.com\/ca\/wp-json\/wp\/v2\/posts\/2795"}],"collection":[{"href":"https:\/\/www.activasalut.com\/ca\/wp-json\/wp\/v2\/posts"}],"about":[{"href":"https:\/\/www.activasalut.com\/ca\/wp-json\/wp\/v2\/types\/post"}],"author":[{"embeddable":true,"href":"https:\/\/www.activasalut.com\/ca\/wp-json\/wp\/v2\/users\/59"}],"replies":[{"embeddable":true,"href":"https:\/\/www.activasalut.com\/ca\/wp-json\/wp\/v2\/comments?post=2795"}],"version-history":[{"count":2,"href":"https:\/\/www.activasalut.com\/ca\/wp-json\/wp\/v2\/posts\/2795\/revisions"}],"predecessor-version":[{"id":2797,"href":"https:\/\/www.activasalut.com\/ca\/wp-json\/wp\/v2\/posts\/2795\/revisions\/2797"}],"wp:featuredmedia":[{"embeddable":true,"href":"https:\/\/www.activasalut.com\/ca\/wp-json\/wp\/v2\/media\/2792"}],"wp:attachment":[{"href":"https:\/\/www.activasalut.com\/ca\/wp-json\/wp\/v2\/media?parent=2795"}],"wp:term":[{"taxonomy":"category","embeddable":true,"href":"https:\/\/www.activasalut.com\/ca\/wp-json\/wp\/v2\/categories?post=2795"},{"taxonomy":"post_tag","embeddable":true,"href":"https:\/\/www.activasalut.com\/ca\/wp-json\/wp\/v2\/tags?post=2795"}],"curies":[{"name":"wp","href":"https:\/\/api.w.org\/{rel}","templated":true}]}}