{"id":2807,"date":"2017-03-29T18:58:04","date_gmt":"2017-03-29T16:58:04","guid":{"rendered":"https:\/\/www.activasalut.com\/ca\/musica-lenguaje-lectura\/"},"modified":"2017-03-29T20:13:25","modified_gmt":"2017-03-29T18:13:25","slug":"musica-lenguaje-lectura","status":"publish","type":"post","link":"https:\/\/www.activasalut.com\/ca\/musica-lenguaje-lectura\/","title":{"rendered":"Quina relaci\u00f3 t\u00e9 la m\u00fasica, el llenguatge i la lectura?"},"content":{"rendered":"<p>La percepci\u00f3 auditiva \u00e9s l&#8217;habilitat per entendre el que sents. <strong>La mem\u00f2ria, l&#8217;associaci\u00f3 i la discriminaci\u00f3 auditiva<\/strong>, s\u00f3n conceptes diferents per\u00f2 tots ells s\u00f3n aptituds psicoling\u00fc\u00edstiques indispensables perqu\u00e8 el nen desenvolupi correctament el l<strong>lenguatge<\/strong>.<!--more--><\/p>\n<h3>Consideraci\u00f3<\/h3>\n<p>\u00c9s molt recomanable estimular totes aquestes habilitats per prendre consci\u00e8ncia auditiva, mitjan\u00e7ant diferents sorolls i sons de l&#8217;entorn.<\/p>\n<h3>M\u00fasica i llenguatge<\/h3>\n<p>La m\u00fasica estimula sensorial y cognitivamente. Diferentes estudios demuestran el important\u00edsimo v\u00ednculo entre la m\u00fasica y el desarrollo del lenguaje.<\/p>\n<p>El llibre que avui us recomanem cont\u00e9 en poques fulles una barreja de:<\/p>\n<ul>\n<li>estimulaci\u00f3 auditiva<\/li>\n<li>introducci\u00f3 a diferents sorolls i sons<\/li>\n<li>interacci\u00f3 i psicomotricitat fina<\/li>\n<\/ul>\n<blockquote><p>Una petita mostra de m\u00fasica cl\u00e0ssica i una lectura f\u00e0cil i entretinguda.<\/p><\/blockquote>\n<p><iframe loading=\"lazy\" src=\"https:\/\/www.youtube.com\/embed\/pWHyGFkiocw\" width=\"560\" height=\"315\" frameborder=\"0\" allowfullscreen=\"allowfullscreen\"><\/iframe><\/p>\n<h3>Beneficis<\/h3>\n<p>Tot unit fomentar\u00e0:<\/p>\n<ul>\n<li>les habilitats auditives<\/li>\n<li>el desenvolupament del llenguatge<\/li>\n<li>el gust per la lectura<\/li>\n<\/ul>\n<p>Quantes menys coses realitzi una joguina, m\u00e9s far\u00e0 que el nen desenvolupi la seva imaginaci\u00f3, doncs b\u00e9, amb els llibres opino el mateix. No obstant aix\u00f2, el llibre <strong><em>Paco i l\u2019orquestra<\/em><\/strong>, \u00e9s molt recomanable amb <strong>la finalitat del treball auditiu<\/strong>.<\/p>\n<p>Recordeu que davant el dubte sobre la correcta evoluci\u00f3 del llenguatge sempre cal consultar amb un professional, no quedar-vos amb el <em>\u201cja parlar\u00e0\u201d<\/em>, <em>\u201cencara \u00e9s petit\u201d<\/em>. M\u00e9s endavant dedicarem un post a aquest tema.<\/p>\n<h3>PACO I L&#8217;ORQUESTRA<\/h3>\n<p>Paco est\u00e0 molt content perqu\u00e8 aquesta nit hi ha un concert en el bosc. Coneixerem diferents animals, diferents instruments musicals i el so de cadascun d&#8217;ells, prement icones sentirem la m\u00fasica i al final del llibre podem jugar a recon\u00e8ixer els instruments.<\/p>\n<p><iframe loading=\"lazy\" src=\"https:\/\/www.youtube.com\/embed\/F4wGecdExcY\" width=\"560\" height=\"315\" frameborder=\"0\" allowfullscreen=\"allowfullscreen\"><\/iframe><\/p>\n<ul>\n<li>T\u00edtol: <em><a href=\"https:\/\/www.planetadelibros.com\/libro-paco-y-la-orquesta-libro-musical\/189208\" target=\"_blank\">Paco i l&#8217;orquestra<\/a><\/em> (catal\u00e0 i\u00a0castell\u00e0)<\/li>\n<li>(Altres t\u00edtols disponibles): <em>Paco i el rock<\/em> (catal\u00e0 i castell\u00e0), <em>Paco et li jazz<\/em>, <em>Paco et Mozart<\/em> (franc\u00e8s)<\/li>\n<li>Text: Magali Li Huche<\/li>\n<li>Editorial: <a href=\"https:\/\/www.planetadelibros.com\/libros\/infantil\/00026\" target=\"_blank\">Timunmas<\/a><\/li>\n<\/ul>\n","protected":false},"excerpt":{"rendered":"<p>La percepci\u00f3 auditiva \u00e9s l&#8217;habilitat per entendre el que sents. La mem\u00f2ria, l&#8217;associaci\u00f3 i la discriminaci\u00f3 auditiva, s\u00f3n conceptes diferents per\u00f2 tots ells s\u00f3n<a class=\"moretag\" href=\"https:\/\/www.activasalut.com\/ca\/musica-lenguaje-lectura\/\">Llegeix m\u00e9s&#8230;<\/a><\/p>\n","protected":false},"author":11,"featured_media":2803,"comment_status":"open","ping_status":"closed","sticky":false,"template":"","format":"standard","meta":[],"categories":[608,589,610,581,611,467],"tags":[2086,2087,2088,2083,1618,1107,1703,1656,1840,2089,2085],"yoast_head":"<!-- This site is optimized with the Yoast SEO plugin v20.0 - https:\/\/yoast.com\/wordpress\/plugins\/seo\/ -->\n<title>M\u00fasica, lenguaje y lectura- Corporaci\u00f3n Fisiogesti\u00f3n<\/title>\n<meta name=\"robots\" content=\"index, follow, max-snippet:-1, max-image-preview:large, max-video-preview:-1\" \/>\n<link rel=\"canonical\" href=\"https:\/\/www.activasalut.com\/ca\/musica-lenguaje-lectura\/\" \/>\n<meta property=\"og:locale\" content=\"ca_ES\" \/>\n<meta property=\"og:type\" content=\"article\" \/>\n<meta property=\"og:title\" content=\"\u00bfQu\u00e9 relaci\u00f3n tiene la m\u00fasica, el lenguaje y la lectura?\" \/>\n<meta property=\"og:description\" content=\"La percepci\u00f3 auditiva \u00e9s l&#8217;habilitat per entendre el que sents. La mem\u00f2ria, l&#8217;associaci\u00f3 i la discriminaci\u00f3 auditiva, s\u00f3n conceptes diferents per\u00f2 tots ells s\u00f3nLlegeix m\u00e9s...\" \/>\n<meta property=\"og:url\" content=\"https:\/\/www.activasalut.com\/ca\/musica-lenguaje-lectura\/\" \/>\n<meta property=\"og:site_name\" content=\"Corporaci\u00f3 Fisiogesti\u00f3\" \/>\n<meta property=\"article:published_time\" content=\"2017-03-29T16:58:04+00:00\" \/>\n<meta property=\"article:modified_time\" content=\"2017-03-29T18:13:25+00:00\" \/>\n<meta property=\"og:image\" content=\"https:\/\/www.activasalut.com\/wp-content\/uploads\/2017\/03\/fac4.jpg\" \/>\n\t<meta property=\"og:image:width\" content=\"470\" \/>\n\t<meta property=\"og:image:height\" content=\"246\" \/>\n\t<meta property=\"og:image:type\" content=\"image\/jpeg\" \/>\n<meta name=\"author\" content=\"Marta S\u00e1nchez\" \/>\n<meta name=\"twitter:label1\" content=\"Escrit per\" \/>\n\t<meta name=\"twitter:data1\" content=\"Marta S\u00e1nchez\" \/>\n\t<meta name=\"twitter:label2\" content=\"Temps estimat de lectura\" \/>\n\t<meta name=\"twitter:data2\" content=\"2 minuts\" \/>\n<script type=\"application\/ld+json\" class=\"yoast-schema-graph\">{\"@context\":\"https:\/\/schema.org\",\"@graph\":[{\"@type\":\"WebPage\",\"@id\":\"https:\/\/www.activasalut.com\/ca\/musica-lenguaje-lectura\/\",\"url\":\"https:\/\/www.activasalut.com\/ca\/musica-lenguaje-lectura\/\",\"name\":\"M\u00fasica, lenguaje y lectura- Corporaci\u00f3n Fisiogesti\u00f3n\",\"isPartOf\":{\"@id\":\"https:\/\/www.activasalut.com\/ca\/#website\"},\"datePublished\":\"2017-03-29T16:58:04+00:00\",\"dateModified\":\"2017-03-29T18:13:25+00:00\",\"author\":{\"@id\":\"https:\/\/www.activasalut.com\/ca\/#\/schema\/person\/d5143be2de4caf189b0d7ac707abe439\"},\"breadcrumb\":{\"@id\":\"https:\/\/www.activasalut.com\/ca\/musica-lenguaje-lectura\/#breadcrumb\"},\"inLanguage\":\"ca\",\"potentialAction\":[{\"@type\":\"ReadAction\",\"target\":[\"https:\/\/www.activasalut.com\/ca\/musica-lenguaje-lectura\/\"]}]},{\"@type\":\"BreadcrumbList\",\"@id\":\"https:\/\/www.activasalut.com\/ca\/musica-lenguaje-lectura\/#breadcrumb\",\"itemListElement\":[{\"@type\":\"ListItem\",\"position\":1,\"name\":\"Portada\",\"item\":\"https:\/\/www.activasalut.com\/ca\/\"},{\"@type\":\"ListItem\",\"position\":2,\"name\":\"Quina relaci\u00f3 t\u00e9 la m\u00fasica, el llenguatge i la lectura?\"}]},{\"@type\":\"WebSite\",\"@id\":\"https:\/\/www.activasalut.com\/ca\/#website\",\"url\":\"https:\/\/www.activasalut.com\/ca\/\",\"name\":\"Corporaci\u00f3n fisiogesti\u00f3n\",\"description\":\"Activa la teva salut\",\"potentialAction\":[{\"@type\":\"SearchAction\",\"target\":{\"@type\":\"EntryPoint\",\"urlTemplate\":\"https:\/\/www.activasalut.com\/ca\/?s={search_term_string}\"},\"query-input\":\"required name=search_term_string\"}],\"inLanguage\":\"ca\"},{\"@type\":\"Person\",\"@id\":\"https:\/\/www.activasalut.com\/ca\/#\/schema\/person\/d5143be2de4caf189b0d7ac707abe439\",\"name\":\"Marta S\u00e1nchez\",\"image\":{\"@type\":\"ImageObject\",\"inLanguage\":\"ca\",\"@id\":\"https:\/\/www.activasalut.com\/ca\/#\/schema\/person\/image\/\",\"url\":\"https:\/\/secure.gravatar.com\/avatar\/e1567da7ae4b7e10e7eae46b3fb124e4?s=96&d=mm&r=g\",\"contentUrl\":\"https:\/\/secure.gravatar.com\/avatar\/e1567da7ae4b7e10e7eae46b3fb124e4?s=96&d=mm&r=g\",\"caption\":\"Marta S\u00e1nchez\"},\"url\":\"https:\/\/www.activasalut.com\/ca\/author\/marta-sanchez\/\"}]}<\/script>\n<!-- \/ Yoast SEO plugin. -->","yoast_head_json":{"title":"M\u00fasica, lenguaje y lectura- Corporaci\u00f3n Fisiogesti\u00f3n","robots":{"index":"index","follow":"follow","max-snippet":"max-snippet:-1","max-image-preview":"max-image-preview:large","max-video-preview":"max-video-preview:-1"},"canonical":"https:\/\/www.activasalut.com\/ca\/musica-lenguaje-lectura\/","og_locale":"ca_ES","og_type":"article","og_title":"\u00bfQu\u00e9 relaci\u00f3n tiene la m\u00fasica, el lenguaje y la lectura?","og_description":"La percepci\u00f3 auditiva \u00e9s l&#8217;habilitat per entendre el que sents. La mem\u00f2ria, l&#8217;associaci\u00f3 i la discriminaci\u00f3 auditiva, s\u00f3n conceptes diferents per\u00f2 tots ells s\u00f3nLlegeix m\u00e9s...","og_url":"https:\/\/www.activasalut.com\/ca\/musica-lenguaje-lectura\/","og_site_name":"Corporaci\u00f3 Fisiogesti\u00f3","article_published_time":"2017-03-29T16:58:04+00:00","article_modified_time":"2017-03-29T18:13:25+00:00","og_image":[{"width":470,"height":246,"url":"https:\/\/www.activasalut.com\/wp-content\/uploads\/2017\/03\/fac4.jpg","type":"image\/jpeg"}],"author":"Marta S\u00e1nchez","twitter_misc":{"Escrit per":"Marta S\u00e1nchez","Temps estimat de lectura":"2 minuts"},"schema":{"@context":"https:\/\/schema.org","@graph":[{"@type":"WebPage","@id":"https:\/\/www.activasalut.com\/ca\/musica-lenguaje-lectura\/","url":"https:\/\/www.activasalut.com\/ca\/musica-lenguaje-lectura\/","name":"M\u00fasica, lenguaje y lectura- Corporaci\u00f3n Fisiogesti\u00f3n","isPartOf":{"@id":"https:\/\/www.activasalut.com\/ca\/#website"},"datePublished":"2017-03-29T16:58:04+00:00","dateModified":"2017-03-29T18:13:25+00:00","author":{"@id":"https:\/\/www.activasalut.com\/ca\/#\/schema\/person\/d5143be2de4caf189b0d7ac707abe439"},"breadcrumb":{"@id":"https:\/\/www.activasalut.com\/ca\/musica-lenguaje-lectura\/#breadcrumb"},"inLanguage":"ca","potentialAction":[{"@type":"ReadAction","target":["https:\/\/www.activasalut.com\/ca\/musica-lenguaje-lectura\/"]}]},{"@type":"BreadcrumbList","@id":"https:\/\/www.activasalut.com\/ca\/musica-lenguaje-lectura\/#breadcrumb","itemListElement":[{"@type":"ListItem","position":1,"name":"Portada","item":"https:\/\/www.activasalut.com\/ca\/"},{"@type":"ListItem","position":2,"name":"Quina relaci\u00f3 t\u00e9 la m\u00fasica, el llenguatge i la lectura?"}]},{"@type":"WebSite","@id":"https:\/\/www.activasalut.com\/ca\/#website","url":"https:\/\/www.activasalut.com\/ca\/","name":"Corporaci\u00f3n fisiogesti\u00f3n","description":"Activa la teva salut","potentialAction":[{"@type":"SearchAction","target":{"@type":"EntryPoint","urlTemplate":"https:\/\/www.activasalut.com\/ca\/?s={search_term_string}"},"query-input":"required name=search_term_string"}],"inLanguage":"ca"},{"@type":"Person","@id":"https:\/\/www.activasalut.com\/ca\/#\/schema\/person\/d5143be2de4caf189b0d7ac707abe439","name":"Marta S\u00e1nchez","image":{"@type":"ImageObject","inLanguage":"ca","@id":"https:\/\/www.activasalut.com\/ca\/#\/schema\/person\/image\/","url":"https:\/\/secure.gravatar.com\/avatar\/e1567da7ae4b7e10e7eae46b3fb124e4?s=96&d=mm&r=g","contentUrl":"https:\/\/secure.gravatar.com\/avatar\/e1567da7ae4b7e10e7eae46b3fb124e4?s=96&d=mm&r=g","caption":"Marta S\u00e1nchez"},"url":"https:\/\/www.activasalut.com\/ca\/author\/marta-sanchez\/"}]}},"_links":{"self":[{"href":"https:\/\/www.activasalut.com\/ca\/wp-json\/wp\/v2\/posts\/2807"}],"collection":[{"href":"https:\/\/www.activasalut.com\/ca\/wp-json\/wp\/v2\/posts"}],"about":[{"href":"https:\/\/www.activasalut.com\/ca\/wp-json\/wp\/v2\/types\/post"}],"author":[{"embeddable":true,"href":"https:\/\/www.activasalut.com\/ca\/wp-json\/wp\/v2\/users\/11"}],"replies":[{"embeddable":true,"href":"https:\/\/www.activasalut.com\/ca\/wp-json\/wp\/v2\/comments?post=2807"}],"version-history":[{"count":3,"href":"https:\/\/www.activasalut.com\/ca\/wp-json\/wp\/v2\/posts\/2807\/revisions"}],"predecessor-version":[{"id":2811,"href":"https:\/\/www.activasalut.com\/ca\/wp-json\/wp\/v2\/posts\/2807\/revisions\/2811"}],"wp:featuredmedia":[{"embeddable":true,"href":"https:\/\/www.activasalut.com\/ca\/wp-json\/wp\/v2\/media\/2803"}],"wp:attachment":[{"href":"https:\/\/www.activasalut.com\/ca\/wp-json\/wp\/v2\/media?parent=2807"}],"wp:term":[{"taxonomy":"category","embeddable":true,"href":"https:\/\/www.activasalut.com\/ca\/wp-json\/wp\/v2\/categories?post=2807"},{"taxonomy":"post_tag","embeddable":true,"href":"https:\/\/www.activasalut.com\/ca\/wp-json\/wp\/v2\/tags?post=2807"}],"curies":[{"name":"wp","href":"https:\/\/api.w.org\/{rel}","templated":true}]}}