{"id":2964,"date":"2017-06-02T08:00:32","date_gmt":"2017-06-02T06:00:32","guid":{"rendered":"https:\/\/www.activasalut.com\/ca\/?p=2964"},"modified":"2017-06-01T16:45:40","modified_gmt":"2017-06-01T14:45:40","slug":"que-son-las-necesidades-educativas-especiales","status":"publish","type":"post","link":"https:\/\/www.activasalut.com\/ca\/que-son-las-necesidades-educativas-especiales\/","title":{"rendered":"Qu\u00e8 s\u00f3n les Necessitats Educatives Especials?"},"content":{"rendered":"<p>El nen amb <strong>Necessitats Educatives Especials (NEE)<\/strong> \u00e9s aquell que en comparaci\u00f3 dels seus iguals (per edat i curs) no segueix els aprenentatges escolars, b\u00e9 per estar molt per sota o molt per sobre del nivell mitj\u00e0. Per aquest motiu requereix suports especials.<!--more--><\/p>\n<h3><strong>Necessitats Educatives Especials (NEE)<\/strong><\/h3>\n<p>Les <strong>NEE<\/strong>, sorgeixen quan una defici\u00e8ncia f\u00edsica, sensorial, intel\u00b7lectual, emocional o qualsevol combinaci\u00f3 d&#8217;aquestes afecta a l&#8217;aprenentatge. Poden\u00a0<strong>ser temporals o permanents i de diferents nivells: de lleu a greu<\/strong>.<\/p>\n<ul>\n<li>El Sistema Educatiu disposar\u00e0 (ha de disposar!) de recursos per a l&#8217;atenci\u00f3 d&#8217;alumnes amb aquestes necessitats<\/li>\n<li>El diagn\u00f2stic el realitzaran professionals especialitzats<\/li>\n<li>\u00c9s necess\u00e0ria una avaluaci\u00f3 cont\u00ednua i un seguiment per modificar el pla d&#8217;actuaci\u00f3<\/li>\n<li>Requereixen professionals especials i material did\u00e0ctic amb atenci\u00f3 personalitzada<\/li>\n<\/ul>\n<h3>Punts b\u00e0sics en la intervenci\u00f3 logop\u00e8dica a nens amb NEE<\/h3>\n<ul>\n<li>Iniciar-la el m\u00e9s aviat possible (atenci\u00f3 primerenca)<\/li>\n<li>Evitar etiquetes<\/li>\n<li>Implicar a la fam\u00edlia en la intervenci\u00f3<\/li>\n<li>Intervenci\u00f3 individualitzada<\/li>\n<\/ul>\n<p>A principi del curs escolar es poden sol\u00b7licitar <a href=\"https:\/\/www.mecd.gob.es\" target=\"_blank\">Beques de Necessitats Educatives Especials<\/a> (Beca MEC)<\/p>\n<pre>Bibliografia: Manual de logop\u00e8dia escolar. J.R Gallardo Ruiz\/ J.L Gallardo Ortega. Ed. Aljub<\/pre>\n<p><strong style=\"background-color: #ffffff; color: #141412; font-family: 'Source Sans Pro', Helvetica, sans-serif; font-size: 16px;\">EL\u00a0CASS\u00d3 DEL GERARD<\/strong><\/p>\n<div style=\"position: relative; height: 0; padding-bottom: 56.25%;\"><iframe loading=\"lazy\" style=\"position: absolute; width: 100%; height: 100%; left: 0;\" src=\"https:\/\/www.youtube.com\/embed\/xQ_rbKMOzag?ecver=2\" width=\"640\" height=\"360\" frameborder=\"0\" allowfullscreen=\"allowfullscreen\"><\/iframe><\/div>\n<p>&nbsp;<\/p>\n<p>En Gerard sempre arrossega un cass\u00f3 darrere d&#8217;ell\u2026un dia li va caure damunt\u2026sempre se li embussa a tot arreu i li impedeix avan\u00e7ar\u2026Un dia, en Gerard troba a una persona amable que li ensenya com seguir endavant amb el cass\u00f3, per\u00f2 sense que aquest li obstaculitzi el dia a dia.<\/p>\n<p>Isabelle Carrier, l&#8217;autora del llibre recrea el dia a dia d&#8217;un nen diferent: les seves dificultats, qualitats, obstacles\u2026<\/p>\n<p>El cass\u00f3 vermell simbolitza la discapacitat, \u00e9s cert que impedeix una vida normal, per\u00f2 \u00e9s preferible portar-ho de forma creativa que intentar desfer-se d&#8217;ell.<\/p>\n<p>Conte metaf\u00f2ric per parlar de les difer\u00e8ncies als m\u00e9s petits.<\/p>\n<p>A partir de 5\/6 anys.<\/p>\n<ul>\n<li>T\u00edtol: <a href=\"http:\/\/www.editorialjuventud.es\/3782.html\" target=\"_blank\">El cass\u00f3\u00a0del Gerard<\/a><\/li>\n<li>Text: Isabelle Carrier<\/li>\n<li>Editorial: <a href=\"http:\/\/www.editorialjuventud.es\/\" target=\"_blank\">Joventut, 2010<\/a><\/li>\n<\/ul>\n<p>&nbsp;<\/p>\n","protected":false},"excerpt":{"rendered":"<p>El nen amb Necessitats Educatives Especials (NEE) \u00e9s aquell que en comparaci\u00f3 dels seus iguals (per edat i curs) no segueix els aprenentatges escolars,<a class=\"moretag\" href=\"https:\/\/www.activasalut.com\/ca\/que-son-las-necesidades-educativas-especiales\/\">Llegeix m\u00e9s&#8230;<\/a><\/p>\n","protected":false},"author":11,"featured_media":2961,"comment_status":"open","ping_status":"closed","sticky":false,"template":"","format":"standard","meta":[],"categories":[608,589,610,581,611,831,467,469],"tags":[987,2255,2256,1106,1107,1703,2257,2254],"yoast_head":"<!-- This site is optimized with the Yoast SEO plugin v20.0 - https:\/\/yoast.com\/wordpress\/plugins\/seo\/ -->\n<title>Necesidades Educativas Especiales- Corporaci\u00f3n Fisiogesti\u00f3n<\/title>\n<meta name=\"description\" content=\"Los ni\u00f1os con Necesidades Educativas Especiales (NEE) requieren apoyos concretos. El cazo de Lorenzo nos ense\u00f1a c\u00f3mo adaptarse.\" \/>\n<meta name=\"robots\" content=\"index, follow, max-snippet:-1, max-image-preview:large, max-video-preview:-1\" \/>\n<link rel=\"canonical\" href=\"https:\/\/www.activasalut.com\/ca\/que-son-las-necesidades-educativas-especiales\/\" \/>\n<meta property=\"og:locale\" content=\"ca_ES\" \/>\n<meta property=\"og:type\" content=\"article\" \/>\n<meta property=\"og:title\" content=\"\u00bfQu\u00e9 son las Necesidades Educativas Especiales?\" \/>\n<meta property=\"og:description\" content=\"El cazo de Lorenzo un libro que explica muy gr\u00e1ficamente qu\u00e9 son las Necesidades Educativas Especiales.\" \/>\n<meta property=\"og:url\" content=\"https:\/\/www.activasalut.com\/ca\/que-son-las-necesidades-educativas-especiales\/\" \/>\n<meta property=\"og:site_name\" content=\"Corporaci\u00f3 Fisiogesti\u00f3\" \/>\n<meta property=\"article:published_time\" content=\"2017-06-02T06:00:32+00:00\" \/>\n<meta property=\"article:modified_time\" content=\"2017-06-01T14:45:40+00:00\" \/>\n<meta property=\"og:image\" content=\"https:\/\/www.activasalut.com\/wp-content\/uploads\/2017\/06\/fac.jpg\" \/>\n\t<meta property=\"og:image:width\" content=\"470\" \/>\n\t<meta property=\"og:image:height\" content=\"246\" \/>\n\t<meta property=\"og:image:type\" content=\"image\/jpeg\" \/>\n<meta name=\"author\" content=\"Marta S\u00e1nchez\" \/>\n<meta name=\"twitter:label1\" content=\"Escrit per\" \/>\n\t<meta name=\"twitter:data1\" content=\"Marta S\u00e1nchez\" \/>\n\t<meta name=\"twitter:label2\" content=\"Temps estimat de lectura\" \/>\n\t<meta name=\"twitter:data2\" content=\"2 minuts\" \/>\n<script type=\"application\/ld+json\" class=\"yoast-schema-graph\">{\"@context\":\"https:\/\/schema.org\",\"@graph\":[{\"@type\":\"WebPage\",\"@id\":\"https:\/\/www.activasalut.com\/ca\/que-son-las-necesidades-educativas-especiales\/\",\"url\":\"https:\/\/www.activasalut.com\/ca\/que-son-las-necesidades-educativas-especiales\/\",\"name\":\"Necesidades Educativas Especiales- Corporaci\u00f3n Fisiogesti\u00f3n\",\"isPartOf\":{\"@id\":\"https:\/\/www.activasalut.com\/ca\/#website\"},\"datePublished\":\"2017-06-02T06:00:32+00:00\",\"dateModified\":\"2017-06-01T14:45:40+00:00\",\"author\":{\"@id\":\"https:\/\/www.activasalut.com\/ca\/#\/schema\/person\/d5143be2de4caf189b0d7ac707abe439\"},\"description\":\"Los ni\u00f1os con Necesidades Educativas Especiales (NEE) requieren apoyos concretos. El cazo de Lorenzo nos ense\u00f1a c\u00f3mo adaptarse.\",\"breadcrumb\":{\"@id\":\"https:\/\/www.activasalut.com\/ca\/que-son-las-necesidades-educativas-especiales\/#breadcrumb\"},\"inLanguage\":\"ca\",\"potentialAction\":[{\"@type\":\"ReadAction\",\"target\":[\"https:\/\/www.activasalut.com\/ca\/que-son-las-necesidades-educativas-especiales\/\"]}]},{\"@type\":\"BreadcrumbList\",\"@id\":\"https:\/\/www.activasalut.com\/ca\/que-son-las-necesidades-educativas-especiales\/#breadcrumb\",\"itemListElement\":[{\"@type\":\"ListItem\",\"position\":1,\"name\":\"Portada\",\"item\":\"https:\/\/www.activasalut.com\/ca\/\"},{\"@type\":\"ListItem\",\"position\":2,\"name\":\"Qu\u00e8 s\u00f3n les Necessitats Educatives Especials?\"}]},{\"@type\":\"WebSite\",\"@id\":\"https:\/\/www.activasalut.com\/ca\/#website\",\"url\":\"https:\/\/www.activasalut.com\/ca\/\",\"name\":\"Corporaci\u00f3n fisiogesti\u00f3n\",\"description\":\"Activa la teva salut\",\"potentialAction\":[{\"@type\":\"SearchAction\",\"target\":{\"@type\":\"EntryPoint\",\"urlTemplate\":\"https:\/\/www.activasalut.com\/ca\/?s={search_term_string}\"},\"query-input\":\"required name=search_term_string\"}],\"inLanguage\":\"ca\"},{\"@type\":\"Person\",\"@id\":\"https:\/\/www.activasalut.com\/ca\/#\/schema\/person\/d5143be2de4caf189b0d7ac707abe439\",\"name\":\"Marta S\u00e1nchez\",\"image\":{\"@type\":\"ImageObject\",\"inLanguage\":\"ca\",\"@id\":\"https:\/\/www.activasalut.com\/ca\/#\/schema\/person\/image\/\",\"url\":\"https:\/\/secure.gravatar.com\/avatar\/e1567da7ae4b7e10e7eae46b3fb124e4?s=96&d=mm&r=g\",\"contentUrl\":\"https:\/\/secure.gravatar.com\/avatar\/e1567da7ae4b7e10e7eae46b3fb124e4?s=96&d=mm&r=g\",\"caption\":\"Marta S\u00e1nchez\"},\"url\":\"https:\/\/www.activasalut.com\/ca\/author\/marta-sanchez\/\"}]}<\/script>\n<!-- \/ Yoast SEO plugin. -->","yoast_head_json":{"title":"Necesidades Educativas Especiales- Corporaci\u00f3n Fisiogesti\u00f3n","description":"Los ni\u00f1os con Necesidades Educativas Especiales (NEE) requieren apoyos concretos. El cazo de Lorenzo nos ense\u00f1a c\u00f3mo adaptarse.","robots":{"index":"index","follow":"follow","max-snippet":"max-snippet:-1","max-image-preview":"max-image-preview:large","max-video-preview":"max-video-preview:-1"},"canonical":"https:\/\/www.activasalut.com\/ca\/que-son-las-necesidades-educativas-especiales\/","og_locale":"ca_ES","og_type":"article","og_title":"\u00bfQu\u00e9 son las Necesidades Educativas Especiales?","og_description":"El cazo de Lorenzo un libro que explica muy gr\u00e1ficamente qu\u00e9 son las Necesidades Educativas Especiales.","og_url":"https:\/\/www.activasalut.com\/ca\/que-son-las-necesidades-educativas-especiales\/","og_site_name":"Corporaci\u00f3 Fisiogesti\u00f3","article_published_time":"2017-06-02T06:00:32+00:00","article_modified_time":"2017-06-01T14:45:40+00:00","og_image":[{"width":470,"height":246,"url":"https:\/\/www.activasalut.com\/wp-content\/uploads\/2017\/06\/fac.jpg","type":"image\/jpeg"}],"author":"Marta S\u00e1nchez","twitter_misc":{"Escrit per":"Marta S\u00e1nchez","Temps estimat de lectura":"2 minuts"},"schema":{"@context":"https:\/\/schema.org","@graph":[{"@type":"WebPage","@id":"https:\/\/www.activasalut.com\/ca\/que-son-las-necesidades-educativas-especiales\/","url":"https:\/\/www.activasalut.com\/ca\/que-son-las-necesidades-educativas-especiales\/","name":"Necesidades Educativas Especiales- Corporaci\u00f3n Fisiogesti\u00f3n","isPartOf":{"@id":"https:\/\/www.activasalut.com\/ca\/#website"},"datePublished":"2017-06-02T06:00:32+00:00","dateModified":"2017-06-01T14:45:40+00:00","author":{"@id":"https:\/\/www.activasalut.com\/ca\/#\/schema\/person\/d5143be2de4caf189b0d7ac707abe439"},"description":"Los ni\u00f1os con Necesidades Educativas Especiales (NEE) requieren apoyos concretos. El cazo de Lorenzo nos ense\u00f1a c\u00f3mo adaptarse.","breadcrumb":{"@id":"https:\/\/www.activasalut.com\/ca\/que-son-las-necesidades-educativas-especiales\/#breadcrumb"},"inLanguage":"ca","potentialAction":[{"@type":"ReadAction","target":["https:\/\/www.activasalut.com\/ca\/que-son-las-necesidades-educativas-especiales\/"]}]},{"@type":"BreadcrumbList","@id":"https:\/\/www.activasalut.com\/ca\/que-son-las-necesidades-educativas-especiales\/#breadcrumb","itemListElement":[{"@type":"ListItem","position":1,"name":"Portada","item":"https:\/\/www.activasalut.com\/ca\/"},{"@type":"ListItem","position":2,"name":"Qu\u00e8 s\u00f3n les Necessitats Educatives Especials?"}]},{"@type":"WebSite","@id":"https:\/\/www.activasalut.com\/ca\/#website","url":"https:\/\/www.activasalut.com\/ca\/","name":"Corporaci\u00f3n fisiogesti\u00f3n","description":"Activa la teva salut","potentialAction":[{"@type":"SearchAction","target":{"@type":"EntryPoint","urlTemplate":"https:\/\/www.activasalut.com\/ca\/?s={search_term_string}"},"query-input":"required name=search_term_string"}],"inLanguage":"ca"},{"@type":"Person","@id":"https:\/\/www.activasalut.com\/ca\/#\/schema\/person\/d5143be2de4caf189b0d7ac707abe439","name":"Marta S\u00e1nchez","image":{"@type":"ImageObject","inLanguage":"ca","@id":"https:\/\/www.activasalut.com\/ca\/#\/schema\/person\/image\/","url":"https:\/\/secure.gravatar.com\/avatar\/e1567da7ae4b7e10e7eae46b3fb124e4?s=96&d=mm&r=g","contentUrl":"https:\/\/secure.gravatar.com\/avatar\/e1567da7ae4b7e10e7eae46b3fb124e4?s=96&d=mm&r=g","caption":"Marta S\u00e1nchez"},"url":"https:\/\/www.activasalut.com\/ca\/author\/marta-sanchez\/"}]}},"_links":{"self":[{"href":"https:\/\/www.activasalut.com\/ca\/wp-json\/wp\/v2\/posts\/2964"}],"collection":[{"href":"https:\/\/www.activasalut.com\/ca\/wp-json\/wp\/v2\/posts"}],"about":[{"href":"https:\/\/www.activasalut.com\/ca\/wp-json\/wp\/v2\/types\/post"}],"author":[{"embeddable":true,"href":"https:\/\/www.activasalut.com\/ca\/wp-json\/wp\/v2\/users\/11"}],"replies":[{"embeddable":true,"href":"https:\/\/www.activasalut.com\/ca\/wp-json\/wp\/v2\/comments?post=2964"}],"version-history":[{"count":2,"href":"https:\/\/www.activasalut.com\/ca\/wp-json\/wp\/v2\/posts\/2964\/revisions"}],"predecessor-version":[{"id":2966,"href":"https:\/\/www.activasalut.com\/ca\/wp-json\/wp\/v2\/posts\/2964\/revisions\/2966"}],"wp:featuredmedia":[{"embeddable":true,"href":"https:\/\/www.activasalut.com\/ca\/wp-json\/wp\/v2\/media\/2961"}],"wp:attachment":[{"href":"https:\/\/www.activasalut.com\/ca\/wp-json\/wp\/v2\/media?parent=2964"}],"wp:term":[{"taxonomy":"category","embeddable":true,"href":"https:\/\/www.activasalut.com\/ca\/wp-json\/wp\/v2\/categories?post=2964"},{"taxonomy":"post_tag","embeddable":true,"href":"https:\/\/www.activasalut.com\/ca\/wp-json\/wp\/v2\/tags?post=2964"}],"curies":[{"name":"wp","href":"https:\/\/api.w.org\/{rel}","templated":true}]}}