{"id":3167,"date":"2017-09-08T12:29:09","date_gmt":"2017-09-08T10:29:09","guid":{"rendered":"https:\/\/www.activasalut.com\/ca\/?p=3167"},"modified":"2017-09-08T12:35:39","modified_gmt":"2017-09-08T10:35:39","slug":"memoria-feskits","status":"publish","type":"post","link":"https:\/\/www.activasalut.com\/ca\/memoria-feskits\/","title":{"rendered":"Ja no tinc les mateixes capacitats que abans, per qu\u00e8?"},"content":{"rendered":"<p>L&#8217;edat, el simple passar dels anys, <strong>provoca que anem perdent la mem\u00f2ria, la capacitat d&#8217;orientar-nos, concentrar-nos o raonar\u2026<\/strong> En altres casos, la causa \u00e9s que patim una malaltia que accelera aquest proc\u00e9s, o b\u00e9 una condici\u00f3 que ens limita un desenvolupament normalitzat de les <a href=\"https:\/\/www.activasalut.com\/ca\/que-estimula-el-cerebro\/\" target=\"_blank\">habilitats cognitives<\/a>.<!--more--><\/p>\n<p>El resultat \u00e9s que sentim frustraci\u00f3 en veure que perdem efic\u00e0cia, i no podem seguir el ritme habitual dels altres, per la qual cosa deixem de fer activitats que ens agraden. Lentament aquests canvis poden afectar tant a la nostra qualitat de vida com a la nostra autoestima.<\/p>\n<h3>Quines capacitats poden quedar afectades?<\/h3>\n<p>Est\u00e0 descrit que patir determinats tipus de malaltia o simplement l&#8217;edat, pot afectar algunes capacitats mentals com:<\/p>\n<ul>\n<li>Atenci\u00f3 i concentraci\u00f3<\/li>\n<li>Mem\u00f2ria<\/li>\n<li>Funcionis executives (raonament, planificaci\u00f3)<\/li>\n<li>Llenguatge<\/li>\n<li>C\u00e0lcul<\/li>\n<li>Percepci\u00f3 i reconeixement<\/li>\n<li>Orientaci\u00f3 espacial i temporal<\/li>\n<\/ul>\n<h3>Per\u00f2, puc fer alguna cosa?<\/h3>\n<p>Per retardar la deterioraci\u00f3 o activar les funcions afectades \u00e9s necessari estimular-les a trav\u00e9s d&#8217;un programa estructurat d&#8217;exercicis com els que proposa <strong>FesKits<\/strong>.<\/p>\n<p>Per sort, els grans avan\u00e7os en el coneixement del cervell han perm\u00e8s con\u00e8ixer una mica m\u00e9s com funciona la nostra ment i com podem mantenir-la activa. D&#8217;aquest coneixement va sorgir <strong>FesKits, un programa estructurat elaborat per experts en el qual s&#8217;estimulen totes les \u00e0rees del cervell durant el temps adequat per a cadascun dels casos de forma espec\u00edfica.<\/strong><\/p>\n<blockquote><p>Utilitzar el programa FesKits \u00e9s tan senzill com fer alguns passatemps dels quals apareixen en les revistes i els diaris, la difer\u00e8ncia \u00e9s que les tasques proposades estan elaborades per experts i estan estructurades sobre la base de la dificultat i a les necessitats espec\u00edfiques de cada usuari.<\/p><\/blockquote>\n<h3>Beneficis<\/h3>\n<p>Seguir el programa d&#8217;estimulaci\u00f3 cognitiva <strong>FesKits<\/strong> t\u00e9 <strong>importants beneficis<\/strong>, que han estat provats en diferents estudis cl\u00ednics:<\/p>\n<ul>\n<li>Optimitza el rendiment de les habilitats cognitives preservades<\/li>\n<li>Estimula i activa les habilitats compromeses<\/li>\n<li>Fomenta la capacitat de treball aut\u00f2nom i l&#8217;autoestima<\/li>\n<li>Afavoreix l&#8217;adquisici\u00f3 d&#8217;h\u00e0bits d&#8217;aprenentatge<\/li>\n<li>Augmenta la motivaci\u00f3 i implicaci\u00f3 de l&#8217;usuari en el treball d&#8217;estimulaci\u00f3<\/li>\n<\/ul>\n<h3>En qu\u00e8 consisteix FesKits?<\/h3>\n<p><strong>FesKits<\/strong> \u00e9s un <strong>m\u00e8tode d&#8217;Estimulaci\u00f3 Cognitiva Online personalitzat<\/strong> que adapta el nivell de dificultat de les tasques sobre la base del rendiment del propi usuari, per tant tenint en compte les seves pr\u00f2pies manques i habilitats.<\/p>\n<p>Consisteix en un <strong>programa d&#8217;exercicis pr\u00e0ctics<\/strong> pensats per millorar les diferents funcions del cervell com <strong>la mem\u00f2ria, l&#8217;atenci\u00f3, el raonament, la percepci\u00f3<\/strong>\u2026 <strong>FesKits <\/strong>pot fer-se de forma presencial en algun dels centres que disposen del programa o b\u00e9 <strong>des del teu propi domicili<\/strong>, solament necessites un ordinador amb connexi\u00f3 a Internet.<\/p>\n<h3>Quina \u00e9s la din\u00e0mica?<\/h3>\n<ul>\n<li>Un tractament est\u00e0 estructurat en m\u00f2duls de <strong>30 sessions d&#8217;exercicis<\/strong>.<\/li>\n<li>Cada sessi\u00f3 t\u00e9 una durada d&#8217;entre <strong>30 i 50 minuts<\/strong>.<\/li>\n<li>Finalitzat el m\u00f2dul, si ho requereixes, pots accedir a un altre, en el qual s&#8217;ajustaran els objectius terap\u00e8utics sobre la base del rendiment demostrat.<\/li>\n<li>Es recomana una regularitat de <strong>2-3 sessions a la setmana<\/strong>, per la qual cosa els m\u00f2duls de 30 sessions acostumen a durar uns tres mesos, en funci\u00f3 de la freq\u00fc\u00e8ncia de treball.<\/li>\n<\/ul>\n<p>\u2757\ufe0f I no estar\u00e0s sol, <strong>un expert t&#8217;acompanyar\u00e0 durant el tractament i establir\u00e0 el patr\u00f3 d&#8217;exercicis espec\u00edfic<\/strong>, segons les teves necessitats i en funci\u00f3 del diagn\u00f2stic. Durant el tractament l&#8217;especialista et donar\u00e0 suport i far\u00e0 el seguiment terap\u00e8utic de les sessions realitzades. En finalitzar el tractament, l&#8217;especialista de refer\u00e8ncia et lliurar\u00e0 un informe en el qual es reflecteix el rendiment i l&#8217;evoluci\u00f3 observada.<\/p>\n<h3>Quines persones poden beneficiar-se del tractament amb FesKits?<\/h3>\n<p><strong>Persones grans<\/strong> que desitgen seguir un programa preventiu o <strong>persones que presenten una alteraci\u00f3 cognitiva<\/strong> per diverses causes:<\/p>\n<ul>\n<li>Lesi\u00f3 cerebral (<a href=\"https:\/\/www.activasalut.com\/ca\/el-antes-y-el-despues-de-un-ictus\/\" target=\"_blank\">Ictus<\/a>, traumatisme cranioencef\u00e0lic\u2026)<\/li>\n<li><em>Malaltia neurodegenerativa<\/em> en estat lleu o moderat (<a href=\"https:\/\/www.activasalut.com\/ca\/alzheimer-el-bicho-del-olvido\/\" target=\"_blank\"><em>Alzheimer<\/em> <\/a>i altres dem\u00e8ncies, <em>Esclerosi M\u00faltiple<\/em>, <em>Parkinson<\/em>, <em>Huntington<\/em>\u2026)<\/li>\n<li>Discapacitat Intel\u00b7lectual (<em>S\u00edndrome de Down<\/em>, <em>S\u00edndrome de X-Fr\u00e0gil<\/em>&#8230;)<\/li>\n<\/ul>\n<p>&#x1f449; Visita el nostre programa d\u2019<a href=\"http:\/\/ecommerce.fisiogestion.com\/ca\/producte\/estimulacio-cognitiva-online\/\" target=\"_blank\">Estimulaci\u00f3 Cognitiva Online<\/a><\/p>\n<div class=\"addtoany_share_save_container addtoany_content_bottom\"><\/div>\n","protected":false},"excerpt":{"rendered":"<p>L&#8217;edat, el simple passar dels anys, provoca que anem perdent la mem\u00f2ria, la capacitat d&#8217;orientar-nos, concentrar-nos o raonar\u2026 En altres casos, la causa \u00e9s<a class=\"moretag\" href=\"https:\/\/www.activasalut.com\/ca\/memoria-feskits\/\">Llegeix m\u00e9s&#8230;<\/a><\/p>\n","protected":false},"author":17,"featured_media":3165,"comment_status":"open","ping_status":"closed","sticky":false,"template":"","format":"standard","meta":[],"categories":[471,613,1064,469,2302],"tags":[1651,1441,1447,1574,921,2393,1185,1655,2389,1071,1066,897,1498,2391,1552,1656,2387,967,977,2390,2388,1501,2392,1114,1109],"yoast_head":"<!-- This site is optimized with the Yoast SEO plugin v20.0 - https:\/\/yoast.com\/wordpress\/plugins\/seo\/ -->\n<title>Memoria, FesKits- Corporaci\u00f3n Fisiogesti\u00f3n<\/title>\n<meta name=\"description\" content=\"El programa online de estimulaci\u00f3n cognitiva- FesKits nos ayuda a conservar durante m\u00e1s tiempo las funciones mentales como la memoria...\" \/>\n<meta name=\"robots\" content=\"index, follow, max-snippet:-1, max-image-preview:large, max-video-preview:-1\" \/>\n<link rel=\"canonical\" href=\"https:\/\/www.activasalut.com\/ca\/memoria-feskits\/\" \/>\n<meta property=\"og:locale\" content=\"ca_ES\" \/>\n<meta property=\"og:type\" content=\"article\" \/>\n<meta property=\"og:title\" content=\"Memoria, FesKits- Corporaci\u00f3n Fisiogesti\u00f3n\" \/>\n<meta property=\"og:description\" content=\"El programa online de estimulaci\u00f3n cognitiva- FesKits nos ayuda a conservar durante m\u00e1s tiempo las funciones mentales como la memoria...\" \/>\n<meta property=\"og:url\" content=\"https:\/\/www.activasalut.com\/ca\/memoria-feskits\/\" \/>\n<meta property=\"og:site_name\" content=\"Corporaci\u00f3 Fisiogesti\u00f3\" \/>\n<meta property=\"article:published_time\" content=\"2017-09-08T10:29:09+00:00\" \/>\n<meta property=\"article:modified_time\" content=\"2017-09-08T10:35:39+00:00\" \/>\n<meta property=\"og:image\" content=\"https:\/\/www.activasalut.com\/wp-content\/uploads\/2017\/09\/blog.jpg\" \/>\n\t<meta property=\"og:image:width\" content=\"300\" \/>\n\t<meta property=\"og:image:height\" content=\"225\" \/>\n\t<meta property=\"og:image:type\" content=\"image\/jpeg\" \/>\n<meta name=\"author\" content=\"Judit S\u00e0nchez\" \/>\n<meta name=\"twitter:label1\" content=\"Escrit per\" \/>\n\t<meta name=\"twitter:data1\" content=\"Judit S\u00e0nchez\" \/>\n\t<meta name=\"twitter:label2\" content=\"Temps estimat de lectura\" \/>\n\t<meta name=\"twitter:data2\" content=\"3 minuts\" \/>\n<script type=\"application\/ld+json\" class=\"yoast-schema-graph\">{\"@context\":\"https:\/\/schema.org\",\"@graph\":[{\"@type\":\"WebPage\",\"@id\":\"https:\/\/www.activasalut.com\/ca\/memoria-feskits\/\",\"url\":\"https:\/\/www.activasalut.com\/ca\/memoria-feskits\/\",\"name\":\"Memoria, FesKits- Corporaci\u00f3n Fisiogesti\u00f3n\",\"isPartOf\":{\"@id\":\"https:\/\/www.activasalut.com\/ca\/#website\"},\"datePublished\":\"2017-09-08T10:29:09+00:00\",\"dateModified\":\"2017-09-08T10:35:39+00:00\",\"author\":{\"@id\":\"https:\/\/www.activasalut.com\/ca\/#\/schema\/person\/d246593c417f1b95fe3cb830129105b0\"},\"description\":\"El programa online de estimulaci\u00f3n cognitiva- FesKits nos ayuda a conservar durante m\u00e1s tiempo las funciones mentales como la memoria...\",\"breadcrumb\":{\"@id\":\"https:\/\/www.activasalut.com\/ca\/memoria-feskits\/#breadcrumb\"},\"inLanguage\":\"ca\",\"potentialAction\":[{\"@type\":\"ReadAction\",\"target\":[\"https:\/\/www.activasalut.com\/ca\/memoria-feskits\/\"]}]},{\"@type\":\"BreadcrumbList\",\"@id\":\"https:\/\/www.activasalut.com\/ca\/memoria-feskits\/#breadcrumb\",\"itemListElement\":[{\"@type\":\"ListItem\",\"position\":1,\"name\":\"Portada\",\"item\":\"https:\/\/www.activasalut.com\/ca\/\"},{\"@type\":\"ListItem\",\"position\":2,\"name\":\"Ja no tinc les mateixes capacitats que abans, per qu\u00e8?\"}]},{\"@type\":\"WebSite\",\"@id\":\"https:\/\/www.activasalut.com\/ca\/#website\",\"url\":\"https:\/\/www.activasalut.com\/ca\/\",\"name\":\"Corporaci\u00f3n fisiogesti\u00f3n\",\"description\":\"Activa la teva salut\",\"potentialAction\":[{\"@type\":\"SearchAction\",\"target\":{\"@type\":\"EntryPoint\",\"urlTemplate\":\"https:\/\/www.activasalut.com\/ca\/?s={search_term_string}\"},\"query-input\":\"required name=search_term_string\"}],\"inLanguage\":\"ca\"},{\"@type\":\"Person\",\"@id\":\"https:\/\/www.activasalut.com\/ca\/#\/schema\/person\/d246593c417f1b95fe3cb830129105b0\",\"name\":\"Judit S\u00e0nchez\",\"image\":{\"@type\":\"ImageObject\",\"inLanguage\":\"ca\",\"@id\":\"https:\/\/www.activasalut.com\/ca\/#\/schema\/person\/image\/\",\"url\":\"https:\/\/secure.gravatar.com\/avatar\/a0afb386a482a2b5e5a6cff93fd8c6bf?s=96&d=mm&r=g\",\"contentUrl\":\"https:\/\/secure.gravatar.com\/avatar\/a0afb386a482a2b5e5a6cff93fd8c6bf?s=96&d=mm&r=g\",\"caption\":\"Judit S\u00e0nchez\"},\"url\":\"https:\/\/www.activasalut.com\/ca\/author\/judit-sanchez\/\"}]}<\/script>\n<!-- \/ Yoast SEO plugin. -->","yoast_head_json":{"title":"Memoria, FesKits- Corporaci\u00f3n Fisiogesti\u00f3n","description":"El programa online de estimulaci\u00f3n cognitiva- FesKits nos ayuda a conservar durante m\u00e1s tiempo las funciones mentales como la memoria...","robots":{"index":"index","follow":"follow","max-snippet":"max-snippet:-1","max-image-preview":"max-image-preview:large","max-video-preview":"max-video-preview:-1"},"canonical":"https:\/\/www.activasalut.com\/ca\/memoria-feskits\/","og_locale":"ca_ES","og_type":"article","og_title":"Memoria, FesKits- Corporaci\u00f3n Fisiogesti\u00f3n","og_description":"El programa online de estimulaci\u00f3n cognitiva- FesKits nos ayuda a conservar durante m\u00e1s tiempo las funciones mentales como la memoria...","og_url":"https:\/\/www.activasalut.com\/ca\/memoria-feskits\/","og_site_name":"Corporaci\u00f3 Fisiogesti\u00f3","article_published_time":"2017-09-08T10:29:09+00:00","article_modified_time":"2017-09-08T10:35:39+00:00","og_image":[{"width":300,"height":225,"url":"https:\/\/www.activasalut.com\/wp-content\/uploads\/2017\/09\/blog.jpg","type":"image\/jpeg"}],"author":"Judit S\u00e0nchez","twitter_misc":{"Escrit per":"Judit S\u00e0nchez","Temps estimat de lectura":"3 minuts"},"schema":{"@context":"https:\/\/schema.org","@graph":[{"@type":"WebPage","@id":"https:\/\/www.activasalut.com\/ca\/memoria-feskits\/","url":"https:\/\/www.activasalut.com\/ca\/memoria-feskits\/","name":"Memoria, FesKits- Corporaci\u00f3n Fisiogesti\u00f3n","isPartOf":{"@id":"https:\/\/www.activasalut.com\/ca\/#website"},"datePublished":"2017-09-08T10:29:09+00:00","dateModified":"2017-09-08T10:35:39+00:00","author":{"@id":"https:\/\/www.activasalut.com\/ca\/#\/schema\/person\/d246593c417f1b95fe3cb830129105b0"},"description":"El programa online de estimulaci\u00f3n cognitiva- FesKits nos ayuda a conservar durante m\u00e1s tiempo las funciones mentales como la memoria...","breadcrumb":{"@id":"https:\/\/www.activasalut.com\/ca\/memoria-feskits\/#breadcrumb"},"inLanguage":"ca","potentialAction":[{"@type":"ReadAction","target":["https:\/\/www.activasalut.com\/ca\/memoria-feskits\/"]}]},{"@type":"BreadcrumbList","@id":"https:\/\/www.activasalut.com\/ca\/memoria-feskits\/#breadcrumb","itemListElement":[{"@type":"ListItem","position":1,"name":"Portada","item":"https:\/\/www.activasalut.com\/ca\/"},{"@type":"ListItem","position":2,"name":"Ja no tinc les mateixes capacitats que abans, per qu\u00e8?"}]},{"@type":"WebSite","@id":"https:\/\/www.activasalut.com\/ca\/#website","url":"https:\/\/www.activasalut.com\/ca\/","name":"Corporaci\u00f3n fisiogesti\u00f3n","description":"Activa la teva salut","potentialAction":[{"@type":"SearchAction","target":{"@type":"EntryPoint","urlTemplate":"https:\/\/www.activasalut.com\/ca\/?s={search_term_string}"},"query-input":"required name=search_term_string"}],"inLanguage":"ca"},{"@type":"Person","@id":"https:\/\/www.activasalut.com\/ca\/#\/schema\/person\/d246593c417f1b95fe3cb830129105b0","name":"Judit S\u00e0nchez","image":{"@type":"ImageObject","inLanguage":"ca","@id":"https:\/\/www.activasalut.com\/ca\/#\/schema\/person\/image\/","url":"https:\/\/secure.gravatar.com\/avatar\/a0afb386a482a2b5e5a6cff93fd8c6bf?s=96&d=mm&r=g","contentUrl":"https:\/\/secure.gravatar.com\/avatar\/a0afb386a482a2b5e5a6cff93fd8c6bf?s=96&d=mm&r=g","caption":"Judit S\u00e0nchez"},"url":"https:\/\/www.activasalut.com\/ca\/author\/judit-sanchez\/"}]}},"_links":{"self":[{"href":"https:\/\/www.activasalut.com\/ca\/wp-json\/wp\/v2\/posts\/3167"}],"collection":[{"href":"https:\/\/www.activasalut.com\/ca\/wp-json\/wp\/v2\/posts"}],"about":[{"href":"https:\/\/www.activasalut.com\/ca\/wp-json\/wp\/v2\/types\/post"}],"author":[{"embeddable":true,"href":"https:\/\/www.activasalut.com\/ca\/wp-json\/wp\/v2\/users\/17"}],"replies":[{"embeddable":true,"href":"https:\/\/www.activasalut.com\/ca\/wp-json\/wp\/v2\/comments?post=3167"}],"version-history":[{"count":4,"href":"https:\/\/www.activasalut.com\/ca\/wp-json\/wp\/v2\/posts\/3167\/revisions"}],"predecessor-version":[{"id":3172,"href":"https:\/\/www.activasalut.com\/ca\/wp-json\/wp\/v2\/posts\/3167\/revisions\/3172"}],"wp:featuredmedia":[{"embeddable":true,"href":"https:\/\/www.activasalut.com\/ca\/wp-json\/wp\/v2\/media\/3165"}],"wp:attachment":[{"href":"https:\/\/www.activasalut.com\/ca\/wp-json\/wp\/v2\/media?parent=3167"}],"wp:term":[{"taxonomy":"category","embeddable":true,"href":"https:\/\/www.activasalut.com\/ca\/wp-json\/wp\/v2\/categories?post=3167"},{"taxonomy":"post_tag","embeddable":true,"href":"https:\/\/www.activasalut.com\/ca\/wp-json\/wp\/v2\/tags?post=3167"}],"curies":[{"name":"wp","href":"https:\/\/api.w.org\/{rel}","templated":true}]}}