{"id":3179,"date":"2017-09-15T08:00:56","date_gmt":"2017-09-15T06:00:56","guid":{"rendered":"https:\/\/www.activasalut.com\/ca\/?p=3179"},"modified":"2017-10-19T14:41:09","modified_gmt":"2017-10-19T12:41:09","slug":"discapacidad-intelectual","status":"publish","type":"post","link":"https:\/\/www.activasalut.com\/ca\/discapacidad-intelectual\/","title":{"rendered":"Estimulaci\u00f3 Cognitiva i discapacitat intel\u00b7lectual"},"content":{"rendered":"<p>S\u00f3n moltes les discapacitats que cursen amb d\u00e8ficit en alguna de les funcions cognitives, per\u00f2&#8230; Quin tipus de tractaments existeixen per millorar-les?<!--more--><\/p>\n<h3><strong>S\u00edndrome de Down<\/strong><\/h3>\n<p>Hi ha moltes causes de discapacitat intel\u00b7lectual, i la <strong>S\u00edndrome de Down (SD)<\/strong> \u00e9s la causa m\u00e9s comuna d&#8217;origen gen\u00e8tic; <strong>es calcula que afecta aproximadament a una de cada 1.000 persones al m\u00f3n<\/strong>.<\/p>\n<p>Malgrat els compostos experimentals provats en assajos cl\u00ednics durant anys, no va ser fins al 2016 que un assaig cl\u00ednic, en el qual participem amb el nostre programa d&#8217;<a href=\"http:\/\/www.fisiogestion.com\/ca\/estimulacion-cognitiva\/\" target=\"_blank\">Estimulaci\u00f3 Cognitiva FesKits<\/a>, va obtenir resultats satisfactoris per a les persones amb S\u00edndrome de Down (SD), llegir estudi publicat en <a href=\"http:\/\/www.thelancet.com\/journals\/laneur\/article\/PIIS1474-4422%2816%2930034-5\/fulltext\" target=\"_blank\">The Lancet Neurology<\/a>.<\/p>\n<h3>Estimulaci\u00f3 cognitiva i extracte de te verd<\/h3>\n<p>Mitjan\u00e7ant el tractament combinat d&#8217;<a href=\"https:\/\/www.activasalut.com\/ca\/un-compuesto-del-te-verde-y-estimulacion-cognitiva-para-mejorar-las-capacidades-en-sindrome-de-down\/\" target=\"_blank\">estimulaci\u00f3 cognitiva + un compost d&#8217;extracte de te verd<\/a> no nom\u00e9s es van obtenir <strong>millores en les capacitats cognitives<\/strong> (mem\u00f2ria visual i atenci\u00f3) sin\u00f3 que tamb\u00e9 es van registrar <strong>millores en les compet\u00e8ncies funcionals de la vida quotidiana<\/strong> (acte-control, comportament adaptatiu i autonomia), aspectes tan rellevants per aconseguir una vida independent.<\/p>\n<h3>Nou estudi<\/h3>\n<p>Despr\u00e9s d&#8217;aquests brillants resultats, l&#8217;equip d&#8217;investigaci\u00f3 (IMIM i CRG) i pioner en aquest camp, <strong>va replicar l&#8217;estudi a persones amb un altre tipus de discapacitat intel\u00b7lectual<\/strong> com \u00e9s <strong>la S\u00edndrome de X-Fr\u00e0gil<\/strong> que tamb\u00e9 comporta alteracions cognitives. Els resultats es publicaran pr\u00f2ximament, per\u00f2 tot sembla indicar que van en la mateixa l\u00ednia, per la qual cosa novament es revelarien avan\u00e7os en aquest \u00e0mbit tan poc investigat.<\/p>\n<h3>FontUp i FesKits<\/h3>\n<p>El tractament de nou combina l&#8217;\u00fas d&#8217;un compost amb extracte de te verd (actualment comercialitzat com <a href=\"http:\/\/www.ordesa.es\/fontactiv\/gama\/fontup\" target=\"_blank\">FontUp<\/a>) juntament amb un tractament d&#8217;estimulaci\u00f3 cognitiva mitjan\u00e7ant el programa online <a href=\"http:\/\/ecommerce.fisiogestion.com\/ca\/producte\/estimulacio-cognitiva-online\/\" target=\"_blank\">FesKits<\/a>, un bon t\u00e0ndem que s&#8217;est\u00e0 postulant com a <strong>intervenci\u00f3 terap\u00e8utica d&#8217;\u00e8xit amb efectes beneficiosos en el dia a dia de les persones amb Discapacitat Intel\u00b7lectual.<\/strong><\/p>\n<p>&#x1f449; Visita el nostre programa d\u2019<a href=\"http:\/\/ecommerce.fisiogestion.com\/ca\/producte\/estimulacio-cognitiva-online\/\" target=\"_blank\">Estimulaci\u00f3 Cognitiva Online<\/a><\/p>\n","protected":false},"excerpt":{"rendered":"<p>S\u00f3n moltes les discapacitats que cursen amb d\u00e8ficit en alguna de les funcions cognitives, per\u00f2&#8230; Quin tipus de tractaments existeixen per millorar-les?<\/p>\n","protected":false},"author":17,"featured_media":3174,"comment_status":"open","ping_status":"closed","sticky":false,"template":"","format":"standard","meta":[],"categories":[471,613,1064,469,2302],"tags":[880,2043,2398,2393,1071,1066,1072,1067,873,1656,2399,1501,1507,1502],"yoast_head":"<!-- This site is optimized with the Yoast SEO plugin v20.0 - https:\/\/yoast.com\/wordpress\/plugins\/seo\/ -->\n<title>Discapacidad intelectual- Corporaci\u00f3n Fisiogesti\u00f3n<\/title>\n<meta name=\"description\" content=\"Una discapacidad intelectual puede cursar con d\u00e9ficit en alguna de las funciones cognitivas, pero... \u00bfQu\u00e9 tipo de tratamientos existen para mejorarla?\" \/>\n<meta name=\"robots\" content=\"index, follow, max-snippet:-1, max-image-preview:large, max-video-preview:-1\" \/>\n<link rel=\"canonical\" href=\"https:\/\/www.activasalut.com\/ca\/discapacidad-intelectual\/\" \/>\n<meta property=\"og:locale\" content=\"ca_ES\" \/>\n<meta property=\"og:type\" content=\"article\" \/>\n<meta property=\"og:title\" content=\"Estimulaci\u00f3n Cognitiva y discapacidad intelectual\" \/>\n<meta property=\"og:description\" content=\"Son muchas las discapacidades que cursan con d\u00e9ficit en alguna de las funciones cognitivas, pero... \u00bfQu\u00e9 tipo de tratamientos existen para mejorarlas?\" \/>\n<meta property=\"og:url\" content=\"https:\/\/www.activasalut.com\/ca\/discapacidad-intelectual\/\" \/>\n<meta property=\"og:site_name\" content=\"Corporaci\u00f3 Fisiogesti\u00f3\" \/>\n<meta property=\"article:published_time\" content=\"2017-09-15T06:00:56+00:00\" \/>\n<meta property=\"article:modified_time\" content=\"2017-10-19T12:41:09+00:00\" \/>\n<meta property=\"og:image\" content=\"https:\/\/www.activasalut.com\/wp-content\/uploads\/2017\/09\/facI.jpg\" \/>\n\t<meta property=\"og:image:width\" content=\"470\" \/>\n\t<meta property=\"og:image:height\" content=\"246\" \/>\n\t<meta property=\"og:image:type\" content=\"image\/jpeg\" \/>\n<meta name=\"author\" content=\"Judit S\u00e0nchez\" \/>\n<meta name=\"twitter:label1\" content=\"Escrit per\" \/>\n\t<meta name=\"twitter:data1\" content=\"Judit S\u00e0nchez\" \/>\n\t<meta name=\"twitter:label2\" content=\"Temps estimat de lectura\" \/>\n\t<meta name=\"twitter:data2\" content=\"2 minuts\" \/>\n<script type=\"application\/ld+json\" class=\"yoast-schema-graph\">{\"@context\":\"https:\/\/schema.org\",\"@graph\":[{\"@type\":\"WebPage\",\"@id\":\"https:\/\/www.activasalut.com\/ca\/discapacidad-intelectual\/\",\"url\":\"https:\/\/www.activasalut.com\/ca\/discapacidad-intelectual\/\",\"name\":\"Discapacidad intelectual- Corporaci\u00f3n Fisiogesti\u00f3n\",\"isPartOf\":{\"@id\":\"https:\/\/www.activasalut.com\/ca\/#website\"},\"datePublished\":\"2017-09-15T06:00:56+00:00\",\"dateModified\":\"2017-10-19T12:41:09+00:00\",\"author\":{\"@id\":\"https:\/\/www.activasalut.com\/ca\/#\/schema\/person\/d246593c417f1b95fe3cb830129105b0\"},\"description\":\"Una discapacidad intelectual puede cursar con d\u00e9ficit en alguna de las funciones cognitivas, pero... \u00bfQu\u00e9 tipo de tratamientos existen para mejorarla?\",\"breadcrumb\":{\"@id\":\"https:\/\/www.activasalut.com\/ca\/discapacidad-intelectual\/#breadcrumb\"},\"inLanguage\":\"ca\",\"potentialAction\":[{\"@type\":\"ReadAction\",\"target\":[\"https:\/\/www.activasalut.com\/ca\/discapacidad-intelectual\/\"]}]},{\"@type\":\"BreadcrumbList\",\"@id\":\"https:\/\/www.activasalut.com\/ca\/discapacidad-intelectual\/#breadcrumb\",\"itemListElement\":[{\"@type\":\"ListItem\",\"position\":1,\"name\":\"Portada\",\"item\":\"https:\/\/www.activasalut.com\/ca\/\"},{\"@type\":\"ListItem\",\"position\":2,\"name\":\"Estimulaci\u00f3 Cognitiva i discapacitat intel\u00b7lectual\"}]},{\"@type\":\"WebSite\",\"@id\":\"https:\/\/www.activasalut.com\/ca\/#website\",\"url\":\"https:\/\/www.activasalut.com\/ca\/\",\"name\":\"Corporaci\u00f3n fisiogesti\u00f3n\",\"description\":\"Activa la teva salut\",\"potentialAction\":[{\"@type\":\"SearchAction\",\"target\":{\"@type\":\"EntryPoint\",\"urlTemplate\":\"https:\/\/www.activasalut.com\/ca\/?s={search_term_string}\"},\"query-input\":\"required name=search_term_string\"}],\"inLanguage\":\"ca\"},{\"@type\":\"Person\",\"@id\":\"https:\/\/www.activasalut.com\/ca\/#\/schema\/person\/d246593c417f1b95fe3cb830129105b0\",\"name\":\"Judit S\u00e0nchez\",\"image\":{\"@type\":\"ImageObject\",\"inLanguage\":\"ca\",\"@id\":\"https:\/\/www.activasalut.com\/ca\/#\/schema\/person\/image\/\",\"url\":\"https:\/\/secure.gravatar.com\/avatar\/a0afb386a482a2b5e5a6cff93fd8c6bf?s=96&d=mm&r=g\",\"contentUrl\":\"https:\/\/secure.gravatar.com\/avatar\/a0afb386a482a2b5e5a6cff93fd8c6bf?s=96&d=mm&r=g\",\"caption\":\"Judit S\u00e0nchez\"},\"url\":\"https:\/\/www.activasalut.com\/ca\/author\/judit-sanchez\/\"}]}<\/script>\n<!-- \/ Yoast SEO plugin. -->","yoast_head_json":{"title":"Discapacidad intelectual- Corporaci\u00f3n Fisiogesti\u00f3n","description":"Una discapacidad intelectual puede cursar con d\u00e9ficit en alguna de las funciones cognitivas, pero... \u00bfQu\u00e9 tipo de tratamientos existen para mejorarla?","robots":{"index":"index","follow":"follow","max-snippet":"max-snippet:-1","max-image-preview":"max-image-preview:large","max-video-preview":"max-video-preview:-1"},"canonical":"https:\/\/www.activasalut.com\/ca\/discapacidad-intelectual\/","og_locale":"ca_ES","og_type":"article","og_title":"Estimulaci\u00f3n Cognitiva y discapacidad intelectual","og_description":"Son muchas las discapacidades que cursan con d\u00e9ficit en alguna de las funciones cognitivas, pero... \u00bfQu\u00e9 tipo de tratamientos existen para mejorarlas?","og_url":"https:\/\/www.activasalut.com\/ca\/discapacidad-intelectual\/","og_site_name":"Corporaci\u00f3 Fisiogesti\u00f3","article_published_time":"2017-09-15T06:00:56+00:00","article_modified_time":"2017-10-19T12:41:09+00:00","og_image":[{"width":470,"height":246,"url":"https:\/\/www.activasalut.com\/wp-content\/uploads\/2017\/09\/facI.jpg","type":"image\/jpeg"}],"author":"Judit S\u00e0nchez","twitter_misc":{"Escrit per":"Judit S\u00e0nchez","Temps estimat de lectura":"2 minuts"},"schema":{"@context":"https:\/\/schema.org","@graph":[{"@type":"WebPage","@id":"https:\/\/www.activasalut.com\/ca\/discapacidad-intelectual\/","url":"https:\/\/www.activasalut.com\/ca\/discapacidad-intelectual\/","name":"Discapacidad intelectual- Corporaci\u00f3n Fisiogesti\u00f3n","isPartOf":{"@id":"https:\/\/www.activasalut.com\/ca\/#website"},"datePublished":"2017-09-15T06:00:56+00:00","dateModified":"2017-10-19T12:41:09+00:00","author":{"@id":"https:\/\/www.activasalut.com\/ca\/#\/schema\/person\/d246593c417f1b95fe3cb830129105b0"},"description":"Una discapacidad intelectual puede cursar con d\u00e9ficit en alguna de las funciones cognitivas, pero... \u00bfQu\u00e9 tipo de tratamientos existen para mejorarla?","breadcrumb":{"@id":"https:\/\/www.activasalut.com\/ca\/discapacidad-intelectual\/#breadcrumb"},"inLanguage":"ca","potentialAction":[{"@type":"ReadAction","target":["https:\/\/www.activasalut.com\/ca\/discapacidad-intelectual\/"]}]},{"@type":"BreadcrumbList","@id":"https:\/\/www.activasalut.com\/ca\/discapacidad-intelectual\/#breadcrumb","itemListElement":[{"@type":"ListItem","position":1,"name":"Portada","item":"https:\/\/www.activasalut.com\/ca\/"},{"@type":"ListItem","position":2,"name":"Estimulaci\u00f3 Cognitiva i discapacitat intel\u00b7lectual"}]},{"@type":"WebSite","@id":"https:\/\/www.activasalut.com\/ca\/#website","url":"https:\/\/www.activasalut.com\/ca\/","name":"Corporaci\u00f3n fisiogesti\u00f3n","description":"Activa la teva salut","potentialAction":[{"@type":"SearchAction","target":{"@type":"EntryPoint","urlTemplate":"https:\/\/www.activasalut.com\/ca\/?s={search_term_string}"},"query-input":"required name=search_term_string"}],"inLanguage":"ca"},{"@type":"Person","@id":"https:\/\/www.activasalut.com\/ca\/#\/schema\/person\/d246593c417f1b95fe3cb830129105b0","name":"Judit S\u00e0nchez","image":{"@type":"ImageObject","inLanguage":"ca","@id":"https:\/\/www.activasalut.com\/ca\/#\/schema\/person\/image\/","url":"https:\/\/secure.gravatar.com\/avatar\/a0afb386a482a2b5e5a6cff93fd8c6bf?s=96&d=mm&r=g","contentUrl":"https:\/\/secure.gravatar.com\/avatar\/a0afb386a482a2b5e5a6cff93fd8c6bf?s=96&d=mm&r=g","caption":"Judit S\u00e0nchez"},"url":"https:\/\/www.activasalut.com\/ca\/author\/judit-sanchez\/"}]}},"_links":{"self":[{"href":"https:\/\/www.activasalut.com\/ca\/wp-json\/wp\/v2\/posts\/3179"}],"collection":[{"href":"https:\/\/www.activasalut.com\/ca\/wp-json\/wp\/v2\/posts"}],"about":[{"href":"https:\/\/www.activasalut.com\/ca\/wp-json\/wp\/v2\/types\/post"}],"author":[{"embeddable":true,"href":"https:\/\/www.activasalut.com\/ca\/wp-json\/wp\/v2\/users\/17"}],"replies":[{"embeddable":true,"href":"https:\/\/www.activasalut.com\/ca\/wp-json\/wp\/v2\/comments?post=3179"}],"version-history":[{"count":4,"href":"https:\/\/www.activasalut.com\/ca\/wp-json\/wp\/v2\/posts\/3179\/revisions"}],"predecessor-version":[{"id":3246,"href":"https:\/\/www.activasalut.com\/ca\/wp-json\/wp\/v2\/posts\/3179\/revisions\/3246"}],"wp:featuredmedia":[{"embeddable":true,"href":"https:\/\/www.activasalut.com\/ca\/wp-json\/wp\/v2\/media\/3174"}],"wp:attachment":[{"href":"https:\/\/www.activasalut.com\/ca\/wp-json\/wp\/v2\/media?parent=3179"}],"wp:term":[{"taxonomy":"category","embeddable":true,"href":"https:\/\/www.activasalut.com\/ca\/wp-json\/wp\/v2\/categories?post=3179"},{"taxonomy":"post_tag","embeddable":true,"href":"https:\/\/www.activasalut.com\/ca\/wp-json\/wp\/v2\/tags?post=3179"}],"curies":[{"name":"wp","href":"https:\/\/api.w.org\/{rel}","templated":true}]}}