{"id":3203,"date":"2017-09-29T08:00:30","date_gmt":"2017-09-29T06:00:30","guid":{"rendered":"https:\/\/www.activasalut.com\/ca\/?p=3203"},"modified":"2017-10-27T09:51:18","modified_gmt":"2017-10-27T07:51:18","slug":"alzheimer-abuelos-memoria","status":"publish","type":"post","link":"https:\/\/www.activasalut.com\/ca\/alzheimer-abuelos-memoria\/","title":{"rendered":"Com explicar als m\u00e9s petits qu\u00e8 s\u00f3n les malalties neurodegeneratives"},"content":{"rendered":"<p>L&#8217;estimulaci\u00f3 cognitiva \u00e9s el conjunt d&#8217;accions, t\u00e8cnica i\/o estrat\u00e8gies dirigides a mantenir o millorar el funcionament de les funcions superiors, mitjan\u00e7ant exercicis de&#8230;<!--more--><\/p>\n<ul>\n<li>mem\u00f2ria<\/li>\n<li>percepci\u00f3<\/li>\n<li>atenci\u00f3<\/li>\n<li>llenguatge<\/li>\n<li>funcionis executives<\/li>\n<li>praxias visoespaciales<\/li>\n<\/ul>\n<h3>Objectiu<\/h3>\n<p>L&#8217;objectiu de tal estimulaci\u00f3 \u00e9s mantenir, millorar i\/o ralentir la deterioraci\u00f3 cognitiva.<\/p>\n<h3>Perfil del pacient<\/h3>\n<p>A logop\u00e8dia realitzem aquest tipus de ter\u00e0pia a pacients amb:<\/p>\n<ul>\n<li>problemes de mem\u00f2ria associats a l&#8217;edat<\/li>\n<li>af\u00e0sia<\/li>\n<li>dem\u00e8ncia tipus Alzheimer<\/li>\n<li>Malalties neurodegeneratives<\/li>\n<\/ul>\n<p>En l&#8217;estimulaci\u00f3 cognitiva \u00e9s molt important treballar a partir de les capacitats que encara conserva la persona, amb l&#8217;objectiu de no frustrar al pacient, millorant tamb\u00e9 la conducta, l&#8217;autoestima i l&#8217;estat d&#8217;\u00e0nim d&#8217;est.<\/p>\n<h3>Dia Mundial de l&#8217;Alzheimer<\/h3>\n<p>El 21 de setembre va ser el dia mundial de sensibilitzaci\u00f3 de l&#8217;Alzheimer. <strong>En el post d&#8217;aquesta setmana us recomanem unes lectures, a trav\u00e9s de les quals podem apropar als nostres nens (fills, nebots, alumnes i\/o pacients) al m\u00f3n de la tercera edat, les malalties neurodegeneratives i\/o l&#8217;Alzheimer.<\/strong><\/p>\n<p>S\u00f3n 2 llibres preciosos, tendres i pedag\u00f2gics amb il\u00b7lustracions meravelloses, en els quals els protagonistes s\u00f3n els avis, figures importants en la fam\u00edlia.<\/p>\n<h3><em>L&#8217;AVIA DORMENT<\/em><\/h3>\n<p><a href=\"http:\/\/www.kalandraka.com\/ca\/collecions\/nom-de-colleccio\/detall-de-llibre\/ver\/-eb1fbcdc08\/\" target=\"_blank\">Abans de quedar-se dormida, l&#8217;\u00e0via cuinava, llegia i explicava contes; despr\u00e9s va comen\u00e7ar a fer coses estranyes. Un bonic llibre per recordar que qualsevol pot perdre la mem\u00f2ria.<\/a><\/p>\n<ul>\n<li>T\u00edtol: <em><a href=\"http:\/\/www.kalandraka.com\/colecciones\/nombre-coleccion\/detalle-libro\/ver\/-eb1fbcdc08\/\" target=\"_blank\">La abuela durmiente<\/a><\/em><\/li>\n<li>Text: <a href=\"https:\/\/www.facebook.com\/roberto.parmeggiani\" target=\"_blank\">Roberto Parmeggiani<\/a><\/li>\n<li>Il\u00b7lustracions: <a href=\"http:\/\/www.jvazcarvalho.com\/\" target=\"_blank\">Joao Vaz de Carvalho<\/a><\/li>\n<li>Editorial: <a href=\"http:\/\/www.kalandraka.com\/es\/\" target=\"_blank\">Kalandraka<\/a><\/li>\n<\/ul>\n<h3><em>A CASA DELS MEUS AVIS<\/em><\/h3>\n<p><a href=\"http:\/\/www.ekare.com\/ekare\/en-casa-de-mis-abuelos\/\" target=\"_blank\">A l&#8217;estiu, la casa dels avis es converteix en un refugi divertit. Quan arriba la tardor i els nens han marxat, els avis els troben a faltar, per\u00f2 l&#8217;atzar far\u00e0 que els seus n\u00e9ts estiguin presents en qualsevol estaci\u00f3 de l&#8217;any.<\/a><\/p>\n<ul>\n<li>T\u00edtol: <em><a href=\"http:\/\/www.ekare.com\/ekare\/en-casa-de-mis-abuelos\/\" target=\"_blank\">En casa de mis abuelos<\/a><\/em><\/li>\n<li>Text: <a href=\"https:\/\/www.linkedin.com\/in\/arianna-squilloni-3183b1a9\/?ppe=1\" target=\"_blank\">Arianna Esquilloni<\/a><\/li>\n<li>Il\u00b7lustracions: <a href=\"http:\/\/albamarinarivera.com\/\" target=\"_blank\">Alba Marina Rivera<\/a><\/li>\n<li>Editorial:<a href=\"http:\/\/www.ekare.com\/\" target=\"_blank\"> Ekar\u00e9<\/a><\/li>\n<\/ul>\n<p>&#x1f449; Visita el nostre programa d\u2019<a href=\"http:\/\/ecommerce.fisiogestion.com\/ca\/producte\/estimulacio-cognitiva-online\/\" target=\"_blank\">Estimulaci\u00f3 Cognitiva Online<\/a><\/p>\n","protected":false},"excerpt":{"rendered":"<p>L&#8217;estimulaci\u00f3 cognitiva \u00e9s el conjunt d&#8217;accions, t\u00e8cnica i\/o estrat\u00e8gies dirigides a mantenir o millorar el funcionament de les funcions superiors, mitjan\u00e7ant exercicis de&#8230;<\/p>\n","protected":false},"author":11,"featured_media":3200,"comment_status":"open","ping_status":"closed","sticky":false,"template":"","format":"standard","meta":[],"categories":[582,608,471,565,613,1064,581,611,563,831,603,469,2302],"tags":[2414,880,2043,2417,814,2415,2416,1071,1066,2007,1618,1620,2348,871,2352,2418,1656,825,819],"yoast_head":"<!-- This site is optimized with the Yoast SEO plugin v20.0 - https:\/\/yoast.com\/wordpress\/plugins\/seo\/ -->\n<title>Abuelos, aventuras y memoria- Corporaci\u00f3n Fisiogesti\u00f3n<\/title>\n<meta name=\"description\" content=\"Recomendaci\u00f3n de dos lecturas para explicar a los ni\u00f1os qu\u00e9 son las enfermedades neurodegenerativas que en algunos casos padecen sus abuelos...\" \/>\n<meta name=\"robots\" content=\"index, follow, max-snippet:-1, max-image-preview:large, max-video-preview:-1\" \/>\n<link rel=\"canonical\" href=\"https:\/\/www.activasalut.com\/ca\/alzheimer-abuelos-memoria\/\" \/>\n<meta property=\"og:locale\" content=\"ca_ES\" \/>\n<meta property=\"og:type\" content=\"article\" \/>\n<meta property=\"og:title\" content=\"C\u00f3mo explicar a los m\u00e1s peque\u00f1os qu\u00e9 son las enfermedades neurodegenerativas\" \/>\n<meta property=\"og:description\" content=\"Recomendaci\u00f3n de dos lecturas para explicar a los ni\u00f1os qu\u00e9 son las enfermedades neurodegenerativas que en algunos casos padecen sus abuelos.\" \/>\n<meta property=\"og:url\" content=\"https:\/\/www.activasalut.com\/ca\/alzheimer-abuelos-memoria\/\" \/>\n<meta property=\"og:site_name\" content=\"Corporaci\u00f3 Fisiogesti\u00f3\" \/>\n<meta property=\"article:published_time\" content=\"2017-09-29T06:00:30+00:00\" \/>\n<meta property=\"article:modified_time\" content=\"2017-10-27T07:51:18+00:00\" \/>\n<meta property=\"og:image\" content=\"https:\/\/www.activasalut.com\/wp-content\/uploads\/2017\/09\/fac-.jpg\" \/>\n\t<meta property=\"og:image:width\" content=\"470\" \/>\n\t<meta property=\"og:image:height\" content=\"246\" \/>\n\t<meta property=\"og:image:type\" content=\"image\/jpeg\" \/>\n<meta name=\"author\" content=\"Marta S\u00e1nchez\" \/>\n<meta name=\"twitter:label1\" content=\"Escrit per\" \/>\n\t<meta name=\"twitter:data1\" content=\"Marta S\u00e1nchez\" \/>\n\t<meta name=\"twitter:label2\" content=\"Temps estimat de lectura\" \/>\n\t<meta name=\"twitter:data2\" content=\"2 minuts\" \/>\n<script type=\"application\/ld+json\" class=\"yoast-schema-graph\">{\"@context\":\"https:\/\/schema.org\",\"@graph\":[{\"@type\":\"WebPage\",\"@id\":\"https:\/\/www.activasalut.com\/ca\/alzheimer-abuelos-memoria\/\",\"url\":\"https:\/\/www.activasalut.com\/ca\/alzheimer-abuelos-memoria\/\",\"name\":\"Abuelos, aventuras y memoria- Corporaci\u00f3n Fisiogesti\u00f3n\",\"isPartOf\":{\"@id\":\"https:\/\/www.activasalut.com\/ca\/#website\"},\"datePublished\":\"2017-09-29T06:00:30+00:00\",\"dateModified\":\"2017-10-27T07:51:18+00:00\",\"author\":{\"@id\":\"https:\/\/www.activasalut.com\/ca\/#\/schema\/person\/d5143be2de4caf189b0d7ac707abe439\"},\"description\":\"Recomendaci\u00f3n de dos lecturas para explicar a los ni\u00f1os qu\u00e9 son las enfermedades neurodegenerativas que en algunos casos padecen sus abuelos...\",\"breadcrumb\":{\"@id\":\"https:\/\/www.activasalut.com\/ca\/alzheimer-abuelos-memoria\/#breadcrumb\"},\"inLanguage\":\"ca\",\"potentialAction\":[{\"@type\":\"ReadAction\",\"target\":[\"https:\/\/www.activasalut.com\/ca\/alzheimer-abuelos-memoria\/\"]}]},{\"@type\":\"BreadcrumbList\",\"@id\":\"https:\/\/www.activasalut.com\/ca\/alzheimer-abuelos-memoria\/#breadcrumb\",\"itemListElement\":[{\"@type\":\"ListItem\",\"position\":1,\"name\":\"Portada\",\"item\":\"https:\/\/www.activasalut.com\/ca\/\"},{\"@type\":\"ListItem\",\"position\":2,\"name\":\"Com explicar als m\u00e9s petits qu\u00e8 s\u00f3n les malalties neurodegeneratives\"}]},{\"@type\":\"WebSite\",\"@id\":\"https:\/\/www.activasalut.com\/ca\/#website\",\"url\":\"https:\/\/www.activasalut.com\/ca\/\",\"name\":\"Corporaci\u00f3n fisiogesti\u00f3n\",\"description\":\"Activa la teva salut\",\"potentialAction\":[{\"@type\":\"SearchAction\",\"target\":{\"@type\":\"EntryPoint\",\"urlTemplate\":\"https:\/\/www.activasalut.com\/ca\/?s={search_term_string}\"},\"query-input\":\"required name=search_term_string\"}],\"inLanguage\":\"ca\"},{\"@type\":\"Person\",\"@id\":\"https:\/\/www.activasalut.com\/ca\/#\/schema\/person\/d5143be2de4caf189b0d7ac707abe439\",\"name\":\"Marta S\u00e1nchez\",\"image\":{\"@type\":\"ImageObject\",\"inLanguage\":\"ca\",\"@id\":\"https:\/\/www.activasalut.com\/ca\/#\/schema\/person\/image\/\",\"url\":\"https:\/\/secure.gravatar.com\/avatar\/e1567da7ae4b7e10e7eae46b3fb124e4?s=96&d=mm&r=g\",\"contentUrl\":\"https:\/\/secure.gravatar.com\/avatar\/e1567da7ae4b7e10e7eae46b3fb124e4?s=96&d=mm&r=g\",\"caption\":\"Marta S\u00e1nchez\"},\"url\":\"https:\/\/www.activasalut.com\/ca\/author\/marta-sanchez\/\"}]}<\/script>\n<!-- \/ Yoast SEO plugin. -->","yoast_head_json":{"title":"Abuelos, aventuras y memoria- Corporaci\u00f3n Fisiogesti\u00f3n","description":"Recomendaci\u00f3n de dos lecturas para explicar a los ni\u00f1os qu\u00e9 son las enfermedades neurodegenerativas que en algunos casos padecen sus abuelos...","robots":{"index":"index","follow":"follow","max-snippet":"max-snippet:-1","max-image-preview":"max-image-preview:large","max-video-preview":"max-video-preview:-1"},"canonical":"https:\/\/www.activasalut.com\/ca\/alzheimer-abuelos-memoria\/","og_locale":"ca_ES","og_type":"article","og_title":"C\u00f3mo explicar a los m\u00e1s peque\u00f1os qu\u00e9 son las enfermedades neurodegenerativas","og_description":"Recomendaci\u00f3n de dos lecturas para explicar a los ni\u00f1os qu\u00e9 son las enfermedades neurodegenerativas que en algunos casos padecen sus abuelos.","og_url":"https:\/\/www.activasalut.com\/ca\/alzheimer-abuelos-memoria\/","og_site_name":"Corporaci\u00f3 Fisiogesti\u00f3","article_published_time":"2017-09-29T06:00:30+00:00","article_modified_time":"2017-10-27T07:51:18+00:00","og_image":[{"width":470,"height":246,"url":"https:\/\/www.activasalut.com\/wp-content\/uploads\/2017\/09\/fac-.jpg","type":"image\/jpeg"}],"author":"Marta S\u00e1nchez","twitter_misc":{"Escrit per":"Marta S\u00e1nchez","Temps estimat de lectura":"2 minuts"},"schema":{"@context":"https:\/\/schema.org","@graph":[{"@type":"WebPage","@id":"https:\/\/www.activasalut.com\/ca\/alzheimer-abuelos-memoria\/","url":"https:\/\/www.activasalut.com\/ca\/alzheimer-abuelos-memoria\/","name":"Abuelos, aventuras y memoria- Corporaci\u00f3n Fisiogesti\u00f3n","isPartOf":{"@id":"https:\/\/www.activasalut.com\/ca\/#website"},"datePublished":"2017-09-29T06:00:30+00:00","dateModified":"2017-10-27T07:51:18+00:00","author":{"@id":"https:\/\/www.activasalut.com\/ca\/#\/schema\/person\/d5143be2de4caf189b0d7ac707abe439"},"description":"Recomendaci\u00f3n de dos lecturas para explicar a los ni\u00f1os qu\u00e9 son las enfermedades neurodegenerativas que en algunos casos padecen sus abuelos...","breadcrumb":{"@id":"https:\/\/www.activasalut.com\/ca\/alzheimer-abuelos-memoria\/#breadcrumb"},"inLanguage":"ca","potentialAction":[{"@type":"ReadAction","target":["https:\/\/www.activasalut.com\/ca\/alzheimer-abuelos-memoria\/"]}]},{"@type":"BreadcrumbList","@id":"https:\/\/www.activasalut.com\/ca\/alzheimer-abuelos-memoria\/#breadcrumb","itemListElement":[{"@type":"ListItem","position":1,"name":"Portada","item":"https:\/\/www.activasalut.com\/ca\/"},{"@type":"ListItem","position":2,"name":"Com explicar als m\u00e9s petits qu\u00e8 s\u00f3n les malalties neurodegeneratives"}]},{"@type":"WebSite","@id":"https:\/\/www.activasalut.com\/ca\/#website","url":"https:\/\/www.activasalut.com\/ca\/","name":"Corporaci\u00f3n fisiogesti\u00f3n","description":"Activa la teva salut","potentialAction":[{"@type":"SearchAction","target":{"@type":"EntryPoint","urlTemplate":"https:\/\/www.activasalut.com\/ca\/?s={search_term_string}"},"query-input":"required name=search_term_string"}],"inLanguage":"ca"},{"@type":"Person","@id":"https:\/\/www.activasalut.com\/ca\/#\/schema\/person\/d5143be2de4caf189b0d7ac707abe439","name":"Marta S\u00e1nchez","image":{"@type":"ImageObject","inLanguage":"ca","@id":"https:\/\/www.activasalut.com\/ca\/#\/schema\/person\/image\/","url":"https:\/\/secure.gravatar.com\/avatar\/e1567da7ae4b7e10e7eae46b3fb124e4?s=96&d=mm&r=g","contentUrl":"https:\/\/secure.gravatar.com\/avatar\/e1567da7ae4b7e10e7eae46b3fb124e4?s=96&d=mm&r=g","caption":"Marta S\u00e1nchez"},"url":"https:\/\/www.activasalut.com\/ca\/author\/marta-sanchez\/"}]}},"_links":{"self":[{"href":"https:\/\/www.activasalut.com\/ca\/wp-json\/wp\/v2\/posts\/3203"}],"collection":[{"href":"https:\/\/www.activasalut.com\/ca\/wp-json\/wp\/v2\/posts"}],"about":[{"href":"https:\/\/www.activasalut.com\/ca\/wp-json\/wp\/v2\/types\/post"}],"author":[{"embeddable":true,"href":"https:\/\/www.activasalut.com\/ca\/wp-json\/wp\/v2\/users\/11"}],"replies":[{"embeddable":true,"href":"https:\/\/www.activasalut.com\/ca\/wp-json\/wp\/v2\/comments?post=3203"}],"version-history":[{"count":5,"href":"https:\/\/www.activasalut.com\/ca\/wp-json\/wp\/v2\/posts\/3203\/revisions"}],"predecessor-version":[{"id":3208,"href":"https:\/\/www.activasalut.com\/ca\/wp-json\/wp\/v2\/posts\/3203\/revisions\/3208"}],"wp:featuredmedia":[{"embeddable":true,"href":"https:\/\/www.activasalut.com\/ca\/wp-json\/wp\/v2\/media\/3200"}],"wp:attachment":[{"href":"https:\/\/www.activasalut.com\/ca\/wp-json\/wp\/v2\/media?parent=3203"}],"wp:term":[{"taxonomy":"category","embeddable":true,"href":"https:\/\/www.activasalut.com\/ca\/wp-json\/wp\/v2\/categories?post=3203"},{"taxonomy":"post_tag","embeddable":true,"href":"https:\/\/www.activasalut.com\/ca\/wp-json\/wp\/v2\/tags?post=3203"}],"curies":[{"name":"wp","href":"https:\/\/api.w.org\/{rel}","templated":true}]}}