{"id":3229,"date":"2017-10-13T08:06:58","date_gmt":"2017-10-13T06:06:58","guid":{"rendered":"https:\/\/www.activasalut.com\/ca\/?p=3229"},"modified":"2017-10-12T14:17:23","modified_gmt":"2017-10-12T12:17:23","slug":"disfasia","status":"publish","type":"post","link":"https:\/\/www.activasalut.com\/ca\/disfasia\/","title":{"rendered":"Disf\u00e0sia, Trastorn espec\u00edfic del llenguatge (TEL)"},"content":{"rendered":"<p><strong>La disf\u00e0sia, tamb\u00e9 coneguda com a <em>Trastorn espec\u00edfic del llenguatge (TEL)<\/em> consisteix en la dificultat per adquirir el llenguatge. <\/strong>A\u00a0difer\u00e8ncia de l&#8217;<a href=\"https:\/\/www.activasalut.com\/ca\/como-podemos-mejorar-la-comunicacion-en-personas-con-afasia\/\" target=\"_blank\">af\u00e0sia<\/a>, que \u00e9s la p\u00e8rdua de llenguatge provocada per una lesi\u00f3 cerebral (com un traumatisme o un ACV).\u00a0<!--more--><\/p>\n<h3>Diagn\u00f2stic<\/h3>\n<p>Per diagnosticar la <strong>disf\u00e0sia<\/strong>, ha de descartar-se que la dificultat de llenguatge estigui causada per un altre trastorn, com sordesa, d\u00e8ficit intel\u00b7lectual, etc. <strong>Els nens amb disf\u00e0sia tenen afectada \u00fanicament l&#8217;\u00e0rea del llenguatge.<\/strong><\/p>\n<h3>Disf\u00e0sia<\/h3>\n<p>Es caracteritza per la dificultat per expressar-se o comprendre el llenguatge oral. No obstant aix\u00f2, els pacients amb disf\u00e0sia poden presentar un quadre molt divers de s\u00edmptomes, entre els quals solen destacar:<\/p>\n<ul>\n<li>Introversi\u00f3 o manca d\u2019intenci\u00f3 comunicativa.<\/li>\n<li>D\u00e8ficit d&#8217;habilitats comunicatives: no inicia converses, no mira als ulls, no demana ajuda o expressa sentiments.<\/li>\n<li>D\u00e8ficit en el nivell expressiu:\n<ul>\n<li>Dificultats en l&#8217;articulaci\u00f3, de vegades presenten una parla incomprensible.<\/li>\n<li>Dificultats en l&#8217;estructura de l&#8217;oraci\u00f3: frases desordenades, dificultat per a la concordan\u00e7a de g\u00e8nere i nombre o per conjugar els verbs.<\/li>\n<li>Dificultats a nivell l\u00e8xic: nivell de vocabulari baix per a la seva edat, utilitzen paraules gen\u00e8riques <em>(\u201caix\u00f2\u201d, \u201ccosa\u201d)<\/em>, utilitzen gestos i realitzen circumloquis, \u00e9s a dir, donar una <em>\u201crodeig\u201d<\/em> per evitar dir una paraula (\u201c\u00e9s una cosa que serveix per asseure&#8217;s\u201d)<\/li>\n<li>Dificultats a nivell discursiu: Els costa fer narracions o descripcions, s\u00f3n desorganitzats a l&#8217;hora d&#8217;explicar una hist\u00f2ria.<\/li>\n<\/ul>\n<\/li>\n<li>D\u00e8ficit a nivell comprensiu: Problemes per comprendre vocabulari, ordres simples o complexes, absurds, met\u00e0fores, etc.<\/li>\n<\/ul>\n<h3>Conseq\u00fc\u00e8ncies<\/h3>\n<p>Els nens amb disf\u00e0sia solen presentar frustraci\u00f3 al no poder expressar amb \u00e8xit els seus pensaments o sentiments, aix\u00ed com per no comprendre total o parcialment el que se&#8217;ls diu.<\/p>\n<h3>Tractament<\/h3>\n<p>El tractament de la <strong>disf\u00e0sia<\/strong> est\u00e0 basat en l\u2019exercitaci\u00f3 de les \u00e0rees en les quals presenten m\u00e9s dificultats mitjan\u00e7ant jocs que els resultin interessants i estimulants, alguns d&#8217;ells poden ser: <strong>oques, domin\u00f3s o bingos d&#8217;imatges, l\u00e0mines, jocs d&#8217;ordenar hist\u00f2ries\u2026 <\/strong>Amb aquest <strong>material podem treballar l&#8217;articulaci\u00f3 de les paraules, vocabulari, comprensi\u00f3, ordenaci\u00f3 temporal, narraci\u00f3 i estructura d&#8217;oracions.<\/strong><\/p>\n<h3>Ajuda de la fam\u00edlia<\/h3>\n<p>Tamb\u00e9 \u00e9s important orientar als familiars per estimular el llenguatge a casa, per exemple:<\/p>\n<ul>\n<li>Parlar a poc a poc i de forma clara.<\/li>\n<li>Respectar el seu temps necessari per contestar.<\/li>\n<li>Respectar torns de conversa.<\/li>\n<li>Repetir les vegades que el nen necessiti.<\/li>\n<li>Utilitzar preguntes obertes.<\/li>\n<li>Eliminar correccions, en el seu lloc repetir-ho de forma correcta i fins i tot ampliar: <em>\u201cla taxa \u00e9s banca\u201d \u201csi, la TASSA \u00e9s BLANCA i gran.\u201d<\/em><\/li>\n<\/ul>\n<p>&#x1f449; \u00a0Visita el nostre servei\u00a0<a href=\"http:\/\/ecommerce.fisiogestion.com\/ca\/producte\/logopedia\/\" target=\"_blank\">Logop\u00e8dia<\/a><\/p>\n<p><iframe loading=\"lazy\" src=\"https:\/\/www.youtube.com\/embed\/MlTVPv8WxOA\" width=\"560\" height=\"315\" frameborder=\"0\" allowfullscreen=\"allowfullscreen\"><\/iframe><\/p>\n<p>&nbsp;<\/p>\n","protected":false},"excerpt":{"rendered":"<p>La disf\u00e0sia, tamb\u00e9 coneguda com a Trastorn espec\u00edfic del llenguatge (TEL) consisteix en la dificultat per adquirir el llenguatge. A\u00a0difer\u00e8ncia de l&#8217;af\u00e0sia, que \u00e9s<a class=\"moretag\" href=\"https:\/\/www.activasalut.com\/ca\/disfasia\/\">Llegeix m\u00e9s&#8230;<\/a><\/p>\n","protected":false},"author":66,"featured_media":3226,"comment_status":"open","ping_status":"closed","sticky":false,"template":"","format":"standard","meta":[],"categories":[608,586,581,611,831,467,469,2302],"tags":[2432,1705,987,2425,944,1912,1618,1619,910,2008,825,819,2434,2433,1422],"yoast_head":"<!-- This site is optimized with the Yoast SEO plugin v20.0 - https:\/\/yoast.com\/wordpress\/plugins\/seo\/ -->\n<title>\u00bfQu\u00e9 es la disfasia?- Corporaci\u00f3n Fisiogesti\u00f3n<\/title>\n<meta name=\"description\" content=\"Disfasia, tambi\u00e9n conocida como Trastorno espec\u00edfico del lenguaje (TEL) consiste en la dificultad para adquirir el lenguaje...\" \/>\n<meta name=\"robots\" content=\"index, follow, max-snippet:-1, max-image-preview:large, max-video-preview:-1\" \/>\n<link rel=\"canonical\" href=\"https:\/\/www.activasalut.com\/ca\/disfasia\/\" \/>\n<meta property=\"og:locale\" content=\"ca_ES\" \/>\n<meta property=\"og:type\" content=\"article\" \/>\n<meta property=\"og:title\" content=\"Disfasia, Trastorno espec\u00edfico del lenguaje (TEL)\" \/>\n<meta property=\"og:description\" content=\"La disfasia, tambi\u00e9n conocida como Trastorno espec\u00edfico del lenguaje (TEL) consiste en la dificultad para adquirir el lenguaje. Cu\u00e1l es su tratamiento y c\u00f3mo podemos ayudar a los ni\u00f1os que la padecen\" \/>\n<meta property=\"og:url\" content=\"https:\/\/www.activasalut.com\/ca\/disfasia\/\" \/>\n<meta property=\"og:site_name\" content=\"Corporaci\u00f3 Fisiogesti\u00f3\" \/>\n<meta property=\"article:published_time\" content=\"2017-10-13T06:06:58+00:00\" \/>\n<meta property=\"article:modified_time\" content=\"2017-10-12T12:17:23+00:00\" \/>\n<meta property=\"og:image\" content=\"https:\/\/www.activasalut.com\/wp-content\/uploads\/2017\/10\/fac1.jpg\" \/>\n\t<meta property=\"og:image:width\" content=\"470\" \/>\n\t<meta property=\"og:image:height\" content=\"246\" \/>\n\t<meta property=\"og:image:type\" content=\"image\/jpeg\" \/>\n<meta name=\"author\" content=\"Anabel Liranzo\" \/>\n<meta name=\"twitter:label1\" content=\"Escrit per\" \/>\n\t<meta name=\"twitter:data1\" content=\"Anabel Liranzo\" \/>\n\t<meta name=\"twitter:label2\" content=\"Temps estimat de lectura\" \/>\n\t<meta name=\"twitter:data2\" content=\"2 minuts\" \/>\n<script type=\"application\/ld+json\" class=\"yoast-schema-graph\">{\"@context\":\"https:\/\/schema.org\",\"@graph\":[{\"@type\":\"WebPage\",\"@id\":\"https:\/\/www.activasalut.com\/ca\/disfasia\/\",\"url\":\"https:\/\/www.activasalut.com\/ca\/disfasia\/\",\"name\":\"\u00bfQu\u00e9 es la disfasia?- Corporaci\u00f3n Fisiogesti\u00f3n\",\"isPartOf\":{\"@id\":\"https:\/\/www.activasalut.com\/ca\/#website\"},\"datePublished\":\"2017-10-13T06:06:58+00:00\",\"dateModified\":\"2017-10-12T12:17:23+00:00\",\"author\":{\"@id\":\"https:\/\/www.activasalut.com\/ca\/#\/schema\/person\/2b9ef74879229a6d2f43c8cdd97f4bce\"},\"description\":\"Disfasia, tambi\u00e9n conocida como Trastorno espec\u00edfico del lenguaje (TEL) consiste en la dificultad para adquirir el lenguaje...\",\"breadcrumb\":{\"@id\":\"https:\/\/www.activasalut.com\/ca\/disfasia\/#breadcrumb\"},\"inLanguage\":\"ca\",\"potentialAction\":[{\"@type\":\"ReadAction\",\"target\":[\"https:\/\/www.activasalut.com\/ca\/disfasia\/\"]}]},{\"@type\":\"BreadcrumbList\",\"@id\":\"https:\/\/www.activasalut.com\/ca\/disfasia\/#breadcrumb\",\"itemListElement\":[{\"@type\":\"ListItem\",\"position\":1,\"name\":\"Portada\",\"item\":\"https:\/\/www.activasalut.com\/ca\/\"},{\"@type\":\"ListItem\",\"position\":2,\"name\":\"Disf\u00e0sia, Trastorn espec\u00edfic del llenguatge (TEL)\"}]},{\"@type\":\"WebSite\",\"@id\":\"https:\/\/www.activasalut.com\/ca\/#website\",\"url\":\"https:\/\/www.activasalut.com\/ca\/\",\"name\":\"Corporaci\u00f3n fisiogesti\u00f3n\",\"description\":\"Activa la teva salut\",\"potentialAction\":[{\"@type\":\"SearchAction\",\"target\":{\"@type\":\"EntryPoint\",\"urlTemplate\":\"https:\/\/www.activasalut.com\/ca\/?s={search_term_string}\"},\"query-input\":\"required name=search_term_string\"}],\"inLanguage\":\"ca\"},{\"@type\":\"Person\",\"@id\":\"https:\/\/www.activasalut.com\/ca\/#\/schema\/person\/2b9ef74879229a6d2f43c8cdd97f4bce\",\"name\":\"Anabel Liranzo\",\"image\":{\"@type\":\"ImageObject\",\"inLanguage\":\"ca\",\"@id\":\"https:\/\/www.activasalut.com\/ca\/#\/schema\/person\/image\/\",\"url\":\"https:\/\/secure.gravatar.com\/avatar\/de9604737c08fe5408898d786bc7ff98?s=96&d=mm&r=g\",\"contentUrl\":\"https:\/\/secure.gravatar.com\/avatar\/de9604737c08fe5408898d786bc7ff98?s=96&d=mm&r=g\",\"caption\":\"Anabel Liranzo\"},\"url\":\"https:\/\/www.activasalut.com\/ca\/author\/anabel-liranzo\/\"}]}<\/script>\n<!-- \/ Yoast SEO plugin. -->","yoast_head_json":{"title":"\u00bfQu\u00e9 es la disfasia?- Corporaci\u00f3n Fisiogesti\u00f3n","description":"Disfasia, tambi\u00e9n conocida como Trastorno espec\u00edfico del lenguaje (TEL) consiste en la dificultad para adquirir el lenguaje...","robots":{"index":"index","follow":"follow","max-snippet":"max-snippet:-1","max-image-preview":"max-image-preview:large","max-video-preview":"max-video-preview:-1"},"canonical":"https:\/\/www.activasalut.com\/ca\/disfasia\/","og_locale":"ca_ES","og_type":"article","og_title":"Disfasia, Trastorno espec\u00edfico del lenguaje (TEL)","og_description":"La disfasia, tambi\u00e9n conocida como Trastorno espec\u00edfico del lenguaje (TEL) consiste en la dificultad para adquirir el lenguaje. Cu\u00e1l es su tratamiento y c\u00f3mo podemos ayudar a los ni\u00f1os que la padecen","og_url":"https:\/\/www.activasalut.com\/ca\/disfasia\/","og_site_name":"Corporaci\u00f3 Fisiogesti\u00f3","article_published_time":"2017-10-13T06:06:58+00:00","article_modified_time":"2017-10-12T12:17:23+00:00","og_image":[{"width":470,"height":246,"url":"https:\/\/www.activasalut.com\/wp-content\/uploads\/2017\/10\/fac1.jpg","type":"image\/jpeg"}],"author":"Anabel Liranzo","twitter_misc":{"Escrit per":"Anabel Liranzo","Temps estimat de lectura":"2 minuts"},"schema":{"@context":"https:\/\/schema.org","@graph":[{"@type":"WebPage","@id":"https:\/\/www.activasalut.com\/ca\/disfasia\/","url":"https:\/\/www.activasalut.com\/ca\/disfasia\/","name":"\u00bfQu\u00e9 es la disfasia?- Corporaci\u00f3n Fisiogesti\u00f3n","isPartOf":{"@id":"https:\/\/www.activasalut.com\/ca\/#website"},"datePublished":"2017-10-13T06:06:58+00:00","dateModified":"2017-10-12T12:17:23+00:00","author":{"@id":"https:\/\/www.activasalut.com\/ca\/#\/schema\/person\/2b9ef74879229a6d2f43c8cdd97f4bce"},"description":"Disfasia, tambi\u00e9n conocida como Trastorno espec\u00edfico del lenguaje (TEL) consiste en la dificultad para adquirir el lenguaje...","breadcrumb":{"@id":"https:\/\/www.activasalut.com\/ca\/disfasia\/#breadcrumb"},"inLanguage":"ca","potentialAction":[{"@type":"ReadAction","target":["https:\/\/www.activasalut.com\/ca\/disfasia\/"]}]},{"@type":"BreadcrumbList","@id":"https:\/\/www.activasalut.com\/ca\/disfasia\/#breadcrumb","itemListElement":[{"@type":"ListItem","position":1,"name":"Portada","item":"https:\/\/www.activasalut.com\/ca\/"},{"@type":"ListItem","position":2,"name":"Disf\u00e0sia, Trastorn espec\u00edfic del llenguatge (TEL)"}]},{"@type":"WebSite","@id":"https:\/\/www.activasalut.com\/ca\/#website","url":"https:\/\/www.activasalut.com\/ca\/","name":"Corporaci\u00f3n fisiogesti\u00f3n","description":"Activa la teva salut","potentialAction":[{"@type":"SearchAction","target":{"@type":"EntryPoint","urlTemplate":"https:\/\/www.activasalut.com\/ca\/?s={search_term_string}"},"query-input":"required name=search_term_string"}],"inLanguage":"ca"},{"@type":"Person","@id":"https:\/\/www.activasalut.com\/ca\/#\/schema\/person\/2b9ef74879229a6d2f43c8cdd97f4bce","name":"Anabel Liranzo","image":{"@type":"ImageObject","inLanguage":"ca","@id":"https:\/\/www.activasalut.com\/ca\/#\/schema\/person\/image\/","url":"https:\/\/secure.gravatar.com\/avatar\/de9604737c08fe5408898d786bc7ff98?s=96&d=mm&r=g","contentUrl":"https:\/\/secure.gravatar.com\/avatar\/de9604737c08fe5408898d786bc7ff98?s=96&d=mm&r=g","caption":"Anabel Liranzo"},"url":"https:\/\/www.activasalut.com\/ca\/author\/anabel-liranzo\/"}]}},"_links":{"self":[{"href":"https:\/\/www.activasalut.com\/ca\/wp-json\/wp\/v2\/posts\/3229"}],"collection":[{"href":"https:\/\/www.activasalut.com\/ca\/wp-json\/wp\/v2\/posts"}],"about":[{"href":"https:\/\/www.activasalut.com\/ca\/wp-json\/wp\/v2\/types\/post"}],"author":[{"embeddable":true,"href":"https:\/\/www.activasalut.com\/ca\/wp-json\/wp\/v2\/users\/66"}],"replies":[{"embeddable":true,"href":"https:\/\/www.activasalut.com\/ca\/wp-json\/wp\/v2\/comments?post=3229"}],"version-history":[{"count":3,"href":"https:\/\/www.activasalut.com\/ca\/wp-json\/wp\/v2\/posts\/3229\/revisions"}],"predecessor-version":[{"id":3232,"href":"https:\/\/www.activasalut.com\/ca\/wp-json\/wp\/v2\/posts\/3229\/revisions\/3232"}],"wp:featuredmedia":[{"embeddable":true,"href":"https:\/\/www.activasalut.com\/ca\/wp-json\/wp\/v2\/media\/3226"}],"wp:attachment":[{"href":"https:\/\/www.activasalut.com\/ca\/wp-json\/wp\/v2\/media?parent=3229"}],"wp:term":[{"taxonomy":"category","embeddable":true,"href":"https:\/\/www.activasalut.com\/ca\/wp-json\/wp\/v2\/categories?post=3229"},{"taxonomy":"post_tag","embeddable":true,"href":"https:\/\/www.activasalut.com\/ca\/wp-json\/wp\/v2\/tags?post=3229"}],"curies":[{"name":"wp","href":"https:\/\/api.w.org\/{rel}","templated":true}]}}