{"id":3307,"date":"2017-11-24T08:00:20","date_gmt":"2017-11-24T07:00:20","guid":{"rendered":"https:\/\/www.activasalut.com\/ca\/?p=3307"},"modified":"2017-11-24T14:40:05","modified_gmt":"2017-11-24T13:40:05","slug":"el-lenguaje-en-el-aprendizaje-del-nino","status":"publish","type":"post","link":"https:\/\/www.activasalut.com\/ca\/el-lenguaje-en-el-aprendizaje-del-nino\/","title":{"rendered":"La import\u00e0ncia del llenguatge en l&#8217;aprenentatge de la lectoescriptura i el desenvolupament emocional"},"content":{"rendered":"<p>Dia a dia veiem en els nostres centres de logop\u00e8dia, com preocupen m\u00e9s les dificultats de l&#8217;aprenentatge de la lectoescriptura que les dificultats del llenguatge. L&#8217;objectiu d&#8217;aquest article \u00e9s informar de la <strong>prioritat del llenguatge<\/strong>.<!--more--><\/p>\n<h3>Habilitats ling\u00fc\u00edstiques<\/h3>\n<p>Les <strong>habilitats ling\u00fc\u00edstiques<\/strong> estan vinculades a una eficient lectura.<\/p>\n<p>La correcta adquisici\u00f3 i desenvolupament del llenguatge s\u00f3n habilitats estretament relacionades amb la posterior adquisici\u00f3 de la lectura.<\/p>\n<h3>Consci\u00e8ncia fonol\u00f2gica<\/h3>\n<p><strong>La consci\u00e8ncia fonol\u00f2gica \u00e9s l&#8217;habilitat d&#8217;identificar i manipular les unitats m\u00e9s petites del parla, els fonemes<\/strong>, (el que equival a les lletres, individualment, en escriptura).<\/p>\n<blockquote><p>Treballar la consci\u00e8ncia fonol\u00f2gica \u00e9s tan benefici\u00f3s per a la lectura com per a la comprensi\u00f3 lectora<\/p><\/blockquote>\n<p>Com <strong>m\u00e9s vocabulari i compet\u00e8ncia ling\u00fc\u00edstica<\/strong> tingui un nen m\u00e9s f\u00e0cilment aprendr\u00e0 a llegir i millor comprensi\u00f3 lectora tindr\u00e0.<\/p>\n<h3>Conseq\u00fc\u00e8ncies negatives<\/h3>\n<p>Com <strong>menys habilitats lectores<\/strong> tenen, <strong>tendeixen a un acte-concepte pitjor i eviten la lectura o llegeixen menys<\/strong>. Els nens que llegeixen amb dificultats tendeixen a percebre&#8217;s com menys capa\u00e7os i la seva autoestima disminueix.<\/p>\n<p>La majoria de nens amb dificultats de lectura en prim\u00e0ria, continuar\u00e0 tenint dificultats per llegir m\u00e9s endavant.<\/p>\n<p>\u00c9s per aquests motius la import\u00e0ncia de la intervenci\u00f3 primerenca en el llenguatge.<\/p>\n<blockquote><p>La lectura en els nens \u00e9s imprescindible. No deixem de llegir-los!<\/p><\/blockquote>\n<h3>Recordeu<\/h3>\n<ul>\n<li>L&#8217;adult li llegeix al nen<\/li>\n<li>Aprenen vocabulari<\/li>\n<li>Llegim els mateixos llibres diverses vegades<\/li>\n<li>Que observin les il\u00b7lustracions<\/li>\n<\/ul>\n<p>Dilluns passat dia 20 de novembre se celebrava el Dia Mundial dels Drets dels nens. El llibre proposat en aquest post cont\u00e9 els drets dels nens explicats per la pr\u00f2pia <strong><a href=\"http:\/\/www.gloriafuertes.org\/\" target=\"_blank\">Gloria Fuertes<\/a>, \u00e9s una defensa de la inf\u00e0ncia i dels somnis dels nens per sobre de totes les coses<\/strong><\/p>\n<h3><a href=\"https:\/\/www.blackiebooks.org\/catalogo\/el-libro-de-gloria-fuertes-para-ninas-y-ninos\/\" target=\"_blank\">EL LLIBRE DE GLORIA FUERTES PER A NENS I NENES<\/a><\/h3>\n<p>El llibre cont\u00e9 contes i poemes, ens apropa al m\u00f3n de la <strong>poesia, mitjan\u00e7ant les rimes fomentem la consci\u00e8ncia fonol\u00f2gica.<\/strong><\/p>\n<p>Cal destacar les meravelloses i precioses il\u00b7lustracions de <strong>Marta Alt\u00e9s<\/strong> que acompanyen el text i faran gaudir als m\u00e9s petits mentre l&#8217;adult llegeix.<\/p>\n<ul>\n<li><strong>T\u00edtol:<\/strong> El llibre de Gloria\u00a0Fuertes per a nens i nenes<\/li>\n<li><strong>Il\u00b7lustracions: <a href=\"http:\/\/www.martaltes.com\/\" target=\"_blank\">Marta Alt\u00e9s<\/a><\/strong><\/li>\n<li><strong>Editorial: <a href=\"https:\/\/www.blackiebooks.org\/blackie-little\/\" target=\"_blank\">Blackie Books<\/a>, Novembre 2017<\/strong><\/li>\n<li><strong>P\u00e0gines: 384<\/strong><\/li>\n<li><strong>Edat: de 3 a 99 anys<\/strong><\/li>\n<li><strong>Idioma: castell\u00e0<\/strong><\/li>\n<\/ul>\n<p>&#x1f449; \u00a0Visita el nostre servei\u00a0<a href=\"http:\/\/ecommerce.fisiogestion.com\/ca\/producte\/logopedia\/\" target=\"_blank\">Logop\u00e8dia<\/a><\/p>\n<div class=\"addtoany_share_save_container addtoany_content_bottom\"><\/div>\n<p><strong>\u00a0<\/strong><\/p>\n","protected":false},"excerpt":{"rendered":"<p>Dia a dia veiem en els nostres centres de logop\u00e8dia, com preocupen m\u00e9s les dificultats de l&#8217;aprenentatge de la lectoescriptura que les dificultats del<a class=\"moretag\" href=\"https:\/\/www.activasalut.com\/ca\/el-lenguaje-en-el-aprendizaje-del-nino\/\">Llegeix m\u00e9s&#8230;<\/a><\/p>\n","protected":false},"author":11,"featured_media":3304,"comment_status":"open","ping_status":"closed","sticky":false,"template":"","format":"standard","meta":[],"categories":[608,589,581,611,831,467,469,2302],"tags":[1837,2544,2547,2545,1626,1617,1618,1620,871,1106,1107,2008,2546,1703,825,819,932,1924],"yoast_head":"<!-- This site is optimized with the Yoast SEO plugin v20.0 - https:\/\/yoast.com\/wordpress\/plugins\/seo\/ -->\n<title>El lenguaje en el aprendizaje del ni\u00f1o- Corporaci\u00f3n Fisiogesti\u00f3n<\/title>\n<meta name=\"description\" content=\"El objetivo de este art\u00edculo es informar de la prioridad del lenguaje en el aprendizaje de la lectoescritura y el desarrollo emocional.\" \/>\n<meta name=\"robots\" content=\"index, follow, max-snippet:-1, max-image-preview:large, max-video-preview:-1\" \/>\n<link rel=\"canonical\" href=\"https:\/\/www.activasalut.com\/ca\/el-lenguaje-en-el-aprendizaje-del-nino\/\" \/>\n<meta property=\"og:locale\" content=\"ca_ES\" \/>\n<meta property=\"og:type\" content=\"article\" \/>\n<meta property=\"og:title\" content=\"La importancia del lenguaje en el aprendizaje de la lectoescritura y el desarrollo emocional\" \/>\n<meta property=\"og:description\" content=\"La logopeda Marta S\u00e1nchez te explica por qu\u00e9 la lectura en los ni\u00f1os es imprescindible.\" \/>\n<meta property=\"og:url\" content=\"https:\/\/www.activasalut.com\/ca\/el-lenguaje-en-el-aprendizaje-del-nino\/\" \/>\n<meta property=\"og:site_name\" content=\"Corporaci\u00f3 Fisiogesti\u00f3\" \/>\n<meta property=\"article:published_time\" content=\"2017-11-24T07:00:20+00:00\" \/>\n<meta property=\"article:modified_time\" content=\"2017-11-24T13:40:05+00:00\" \/>\n<meta property=\"og:image\" content=\"https:\/\/www.activasalut.com\/wp-content\/uploads\/2017\/11\/fac3.jpg\" \/>\n\t<meta property=\"og:image:width\" content=\"470\" \/>\n\t<meta property=\"og:image:height\" content=\"246\" \/>\n\t<meta property=\"og:image:type\" content=\"image\/jpeg\" \/>\n<meta name=\"author\" content=\"Marta S\u00e1nchez\" \/>\n<meta name=\"twitter:label1\" content=\"Escrit per\" \/>\n\t<meta name=\"twitter:data1\" content=\"Marta S\u00e1nchez\" \/>\n\t<meta name=\"twitter:label2\" content=\"Temps estimat de lectura\" \/>\n\t<meta name=\"twitter:data2\" content=\"2 minuts\" \/>\n<script type=\"application\/ld+json\" class=\"yoast-schema-graph\">{\"@context\":\"https:\/\/schema.org\",\"@graph\":[{\"@type\":\"WebPage\",\"@id\":\"https:\/\/www.activasalut.com\/ca\/el-lenguaje-en-el-aprendizaje-del-nino\/\",\"url\":\"https:\/\/www.activasalut.com\/ca\/el-lenguaje-en-el-aprendizaje-del-nino\/\",\"name\":\"El lenguaje en el aprendizaje del ni\u00f1o- Corporaci\u00f3n Fisiogesti\u00f3n\",\"isPartOf\":{\"@id\":\"https:\/\/www.activasalut.com\/ca\/#website\"},\"datePublished\":\"2017-11-24T07:00:20+00:00\",\"dateModified\":\"2017-11-24T13:40:05+00:00\",\"author\":{\"@id\":\"https:\/\/www.activasalut.com\/ca\/#\/schema\/person\/d5143be2de4caf189b0d7ac707abe439\"},\"description\":\"El objetivo de este art\u00edculo es informar de la prioridad del lenguaje en el aprendizaje de la lectoescritura y el desarrollo emocional.\",\"breadcrumb\":{\"@id\":\"https:\/\/www.activasalut.com\/ca\/el-lenguaje-en-el-aprendizaje-del-nino\/#breadcrumb\"},\"inLanguage\":\"ca\",\"potentialAction\":[{\"@type\":\"ReadAction\",\"target\":[\"https:\/\/www.activasalut.com\/ca\/el-lenguaje-en-el-aprendizaje-del-nino\/\"]}]},{\"@type\":\"BreadcrumbList\",\"@id\":\"https:\/\/www.activasalut.com\/ca\/el-lenguaje-en-el-aprendizaje-del-nino\/#breadcrumb\",\"itemListElement\":[{\"@type\":\"ListItem\",\"position\":1,\"name\":\"Portada\",\"item\":\"https:\/\/www.activasalut.com\/ca\/\"},{\"@type\":\"ListItem\",\"position\":2,\"name\":\"La import\u00e0ncia del llenguatge en l&#8217;aprenentatge de la lectoescriptura i el desenvolupament emocional\"}]},{\"@type\":\"WebSite\",\"@id\":\"https:\/\/www.activasalut.com\/ca\/#website\",\"url\":\"https:\/\/www.activasalut.com\/ca\/\",\"name\":\"Corporaci\u00f3n fisiogesti\u00f3n\",\"description\":\"Activa la teva salut\",\"potentialAction\":[{\"@type\":\"SearchAction\",\"target\":{\"@type\":\"EntryPoint\",\"urlTemplate\":\"https:\/\/www.activasalut.com\/ca\/?s={search_term_string}\"},\"query-input\":\"required name=search_term_string\"}],\"inLanguage\":\"ca\"},{\"@type\":\"Person\",\"@id\":\"https:\/\/www.activasalut.com\/ca\/#\/schema\/person\/d5143be2de4caf189b0d7ac707abe439\",\"name\":\"Marta S\u00e1nchez\",\"image\":{\"@type\":\"ImageObject\",\"inLanguage\":\"ca\",\"@id\":\"https:\/\/www.activasalut.com\/ca\/#\/schema\/person\/image\/\",\"url\":\"https:\/\/secure.gravatar.com\/avatar\/e1567da7ae4b7e10e7eae46b3fb124e4?s=96&d=mm&r=g\",\"contentUrl\":\"https:\/\/secure.gravatar.com\/avatar\/e1567da7ae4b7e10e7eae46b3fb124e4?s=96&d=mm&r=g\",\"caption\":\"Marta S\u00e1nchez\"},\"url\":\"https:\/\/www.activasalut.com\/ca\/author\/marta-sanchez\/\"}]}<\/script>\n<!-- \/ Yoast SEO plugin. -->","yoast_head_json":{"title":"El lenguaje en el aprendizaje del ni\u00f1o- Corporaci\u00f3n Fisiogesti\u00f3n","description":"El objetivo de este art\u00edculo es informar de la prioridad del lenguaje en el aprendizaje de la lectoescritura y el desarrollo emocional.","robots":{"index":"index","follow":"follow","max-snippet":"max-snippet:-1","max-image-preview":"max-image-preview:large","max-video-preview":"max-video-preview:-1"},"canonical":"https:\/\/www.activasalut.com\/ca\/el-lenguaje-en-el-aprendizaje-del-nino\/","og_locale":"ca_ES","og_type":"article","og_title":"La importancia del lenguaje en el aprendizaje de la lectoescritura y el desarrollo emocional","og_description":"La logopeda Marta S\u00e1nchez te explica por qu\u00e9 la lectura en los ni\u00f1os es imprescindible.","og_url":"https:\/\/www.activasalut.com\/ca\/el-lenguaje-en-el-aprendizaje-del-nino\/","og_site_name":"Corporaci\u00f3 Fisiogesti\u00f3","article_published_time":"2017-11-24T07:00:20+00:00","article_modified_time":"2017-11-24T13:40:05+00:00","og_image":[{"width":470,"height":246,"url":"https:\/\/www.activasalut.com\/wp-content\/uploads\/2017\/11\/fac3.jpg","type":"image\/jpeg"}],"author":"Marta S\u00e1nchez","twitter_misc":{"Escrit per":"Marta S\u00e1nchez","Temps estimat de lectura":"2 minuts"},"schema":{"@context":"https:\/\/schema.org","@graph":[{"@type":"WebPage","@id":"https:\/\/www.activasalut.com\/ca\/el-lenguaje-en-el-aprendizaje-del-nino\/","url":"https:\/\/www.activasalut.com\/ca\/el-lenguaje-en-el-aprendizaje-del-nino\/","name":"El lenguaje en el aprendizaje del ni\u00f1o- Corporaci\u00f3n Fisiogesti\u00f3n","isPartOf":{"@id":"https:\/\/www.activasalut.com\/ca\/#website"},"datePublished":"2017-11-24T07:00:20+00:00","dateModified":"2017-11-24T13:40:05+00:00","author":{"@id":"https:\/\/www.activasalut.com\/ca\/#\/schema\/person\/d5143be2de4caf189b0d7ac707abe439"},"description":"El objetivo de este art\u00edculo es informar de la prioridad del lenguaje en el aprendizaje de la lectoescritura y el desarrollo emocional.","breadcrumb":{"@id":"https:\/\/www.activasalut.com\/ca\/el-lenguaje-en-el-aprendizaje-del-nino\/#breadcrumb"},"inLanguage":"ca","potentialAction":[{"@type":"ReadAction","target":["https:\/\/www.activasalut.com\/ca\/el-lenguaje-en-el-aprendizaje-del-nino\/"]}]},{"@type":"BreadcrumbList","@id":"https:\/\/www.activasalut.com\/ca\/el-lenguaje-en-el-aprendizaje-del-nino\/#breadcrumb","itemListElement":[{"@type":"ListItem","position":1,"name":"Portada","item":"https:\/\/www.activasalut.com\/ca\/"},{"@type":"ListItem","position":2,"name":"La import\u00e0ncia del llenguatge en l&#8217;aprenentatge de la lectoescriptura i el desenvolupament emocional"}]},{"@type":"WebSite","@id":"https:\/\/www.activasalut.com\/ca\/#website","url":"https:\/\/www.activasalut.com\/ca\/","name":"Corporaci\u00f3n fisiogesti\u00f3n","description":"Activa la teva salut","potentialAction":[{"@type":"SearchAction","target":{"@type":"EntryPoint","urlTemplate":"https:\/\/www.activasalut.com\/ca\/?s={search_term_string}"},"query-input":"required name=search_term_string"}],"inLanguage":"ca"},{"@type":"Person","@id":"https:\/\/www.activasalut.com\/ca\/#\/schema\/person\/d5143be2de4caf189b0d7ac707abe439","name":"Marta S\u00e1nchez","image":{"@type":"ImageObject","inLanguage":"ca","@id":"https:\/\/www.activasalut.com\/ca\/#\/schema\/person\/image\/","url":"https:\/\/secure.gravatar.com\/avatar\/e1567da7ae4b7e10e7eae46b3fb124e4?s=96&d=mm&r=g","contentUrl":"https:\/\/secure.gravatar.com\/avatar\/e1567da7ae4b7e10e7eae46b3fb124e4?s=96&d=mm&r=g","caption":"Marta S\u00e1nchez"},"url":"https:\/\/www.activasalut.com\/ca\/author\/marta-sanchez\/"}]}},"_links":{"self":[{"href":"https:\/\/www.activasalut.com\/ca\/wp-json\/wp\/v2\/posts\/3307"}],"collection":[{"href":"https:\/\/www.activasalut.com\/ca\/wp-json\/wp\/v2\/posts"}],"about":[{"href":"https:\/\/www.activasalut.com\/ca\/wp-json\/wp\/v2\/types\/post"}],"author":[{"embeddable":true,"href":"https:\/\/www.activasalut.com\/ca\/wp-json\/wp\/v2\/users\/11"}],"replies":[{"embeddable":true,"href":"https:\/\/www.activasalut.com\/ca\/wp-json\/wp\/v2\/comments?post=3307"}],"version-history":[{"count":4,"href":"https:\/\/www.activasalut.com\/ca\/wp-json\/wp\/v2\/posts\/3307\/revisions"}],"predecessor-version":[{"id":3323,"href":"https:\/\/www.activasalut.com\/ca\/wp-json\/wp\/v2\/posts\/3307\/revisions\/3323"}],"wp:featuredmedia":[{"embeddable":true,"href":"https:\/\/www.activasalut.com\/ca\/wp-json\/wp\/v2\/media\/3304"}],"wp:attachment":[{"href":"https:\/\/www.activasalut.com\/ca\/wp-json\/wp\/v2\/media?parent=3307"}],"wp:term":[{"taxonomy":"category","embeddable":true,"href":"https:\/\/www.activasalut.com\/ca\/wp-json\/wp\/v2\/categories?post=3307"},{"taxonomy":"post_tag","embeddable":true,"href":"https:\/\/www.activasalut.com\/ca\/wp-json\/wp\/v2\/tags?post=3307"}],"curies":[{"name":"wp","href":"https:\/\/api.w.org\/{rel}","templated":true}]}}