{"id":3365,"date":"2017-12-22T07:30:11","date_gmt":"2017-12-22T06:30:11","guid":{"rendered":"https:\/\/www.activasalut.com\/ca\/?p=3365"},"modified":"2017-12-21T19:26:10","modified_gmt":"2017-12-21T18:26:10","slug":"por-que-regalar-cuentos","status":"publish","type":"post","link":"https:\/\/www.activasalut.com\/ca\/por-que-regalar-cuentos\/","title":{"rendered":"\u00bfPor qu\u00e9 regalar cuentos?"},"content":{"rendered":"<p>El passat 23 i 30 de novembre vaig realitzar un seminari a <a href=\"http:\/\/www.fisiogestion.com\/ca\/medic_centro\/roger-de-lluria\/\" target=\"_blank\">Corporaci\u00f3 Fisiogesti\u00f3n- Roger de Ll\u00faria<\/a> on explico <a href=\"https:\/\/www.facebook.com\/corporacionfisiogestion\/videos\/856435507863434\/\" target=\"_blank\">Com estimular el llenguatge dels nens mitjan\u00e7ant els contes i el joc<\/a>.<!--more--><\/p>\n<p>Compartim amb vosaltres un petit resum de l&#8217;apartat dels contes, perqu\u00e8 <strong>Pap\u00e0 Noel<\/strong>, el <strong>Ti\u00f3<\/strong>, els <strong>patges<\/strong> o els <strong>Reis Mags<\/strong> prenguin nota de la import\u00e0ncia i introdueixin llibres entre els regals.<\/p>\n<h3>Per qu\u00e8 \u00e9s important explicar contes els nens<\/h3>\n<ul>\n<li>Estimula la imaginaci\u00f3 i la creativitat<\/li>\n<li>Ajuda a adquirir el llenguatge i augmenta el vocabulari<\/li>\n<li>Afavoreix l&#8217;aprenentatge de la lectura i l&#8217;escriptura<\/li>\n<li>Exercita la mem\u00f2ria<\/li>\n<li>Ajuda a agafar el son<\/li>\n<li>Afavoreix el desenvolupament intel\u00b7lectual<\/li>\n<li>La lectura compartida enforteix el vincle afectiu<\/li>\n<\/ul>\n<h3>Com explicar els contes?<\/h3>\n<p><strong>Utilitzant tonalitats diferents<\/strong>, per evitar que la lectura sigui avorrida. \u00c9s molt recomanable llegir\/explicar diverses vegades els mateixos contes perqu\u00e8 d&#8217;aquesta manera es repetiran paraules i afavorirem l&#8217;aprenentatge de vocabulari.<\/p>\n<p><strong>Permetre que vegin les il\u00b7lustracions<\/strong>, seran un primer contacte amb l&#8217;art, i les il\u00b7lustracions seran la clau per obrir l&#8217;inter\u00e8s per la lectura, fomentant aix\u00ed l&#8217;h\u00e0bit lector. \u00c9s important realitzar tantes pauses com el nen requereixi, contestant a les seves preguntes o fent <em>feedback <\/em>de les seves inquietuds.<\/p>\n<h3>Recordeu!<\/h3>\n<p>El conte, llibre, c\u00f2mic&#8230;<\/p>\n<ul>\n<li>Ha d&#8217;agradar-li al nen, no a qui ho compra o regala<\/li>\n<li>Ha de moure i transmetre emocions<\/li>\n<li>No tots han de ser educatius<\/li>\n<\/ul>\n<p>El llibre que recomanem en aquest post \u00e9s un <strong>cl\u00e0ssic nadalenc<\/strong>: <strong><em>El trencanous i el rei dels ratolins<\/em><\/strong>. \u00c9s un conte escrit per <em>Hoffman<\/em> en 1816 i adaptat per <em>Alejandro Dumas.<\/em><\/p>\n<p>La hist\u00f2ria tracta sobre una nova joguina rebuda la nit de Nadal per dos germans. La joguina cobra vida i despr\u00e9s de derrotar al Rei ratol\u00ed, arriba a un regne m\u00e0gic poblat per ninots.<\/p>\n<p>Hist\u00f2ria fant\u00e0stica on ven\u00e7 <strong>l&#8217;amistat, l&#8217;amabilitat i l&#8217;amor importants valors per transmetre<\/strong>.<\/p>\n<p>Les precioses il\u00b7lustracions de <em>Maria Tarrag\u00f3<\/em> fan d&#8217;aquest cl\u00e0ssic una obra per sensibilitzar art\u00edsticament a qui ho mira, estimulant el pensament abstracte i la intel\u00b7lig\u00e8ncia emocional.<\/p>\n<p><a href=\"https:\/\/www.activasalut.com\/wp-content\/uploads\/2017\/12\/IMG_5485.jpg\"><img decoding=\"async\" loading=\"lazy\" class=\"alignleft wp-image-3358 size-thumbnail\" src=\"https:\/\/www.activasalut.com\/wp-content\/uploads\/2017\/12\/IMG_5485-150x150.jpg\" alt=\"\u00bfPor qu\u00e9 regalar cuentos?\" width=\"150\" height=\"150\" srcset=\"https:\/\/www.activasalut.com\/wp-content\/uploads\/2017\/12\/IMG_5485-150x150.jpg 150w, https:\/\/www.activasalut.com\/wp-content\/uploads\/2017\/12\/IMG_5485-300x300.jpg 300w, https:\/\/www.activasalut.com\/wp-content\/uploads\/2017\/12\/IMG_5485-220x220.jpg 220w\" sizes=\"(max-width: 150px) 100vw, 150px\" \/><\/a><\/p>\n<p><a href=\"http:\/\/www.sdedicions.com\/fitxa_llibre.php?id=257\" target=\"_blank\">EL TRENCANOUS I EL REI DELS RATOLINS<\/a><\/p>\n<ul>\n<li><strong>T\u00edtol: <em>El trencanous i el rei dels ratolins<\/em><\/strong><\/li>\n<li><strong>Autor:<\/strong><a href=\"http:\/\/www.etahg.de\/es\" target=\"_blank\"> E. T. A Hoffman<\/a><\/li>\n<li><strong>Traducci\u00f3:\u00a0<\/strong>Josep Palet<\/li>\n<li><strong>Il\u00b7lustracions:<\/strong> <a href=\"http:\/\/mariatarrago.blogspot.com.es\/\" target=\"_blank\">Maria Tarrag\u00f3<\/a><\/li>\n<li><strong>Editorial:<\/strong> <a href=\"http:\/\/www.sdedicions.com\/cercant.php\" target=\"_blank\">Sd ediciones<\/a><\/li>\n<\/ul>\n<p>&#x1f449; \u00a0Visita el nostre servei\u00a0<a href=\"http:\/\/ecommerce.fisiogestion.com\/ca\/producte\/logopedia\/\" target=\"_blank\">Logop\u00e8dia<\/a><\/p>\n","protected":false},"excerpt":{"rendered":"<p>El passat 23 i 30 de novembre vaig realitzar un seminari a Corporaci\u00f3 Fisiogesti\u00f3n- Roger de Ll\u00faria on explico Com estimular el llenguatge dels<a class=\"moretag\" href=\"https:\/\/www.activasalut.com\/ca\/por-que-regalar-cuentos\/\">Llegeix m\u00e9s&#8230;<\/a><\/p>\n","protected":false},"author":11,"featured_media":3359,"comment_status":"open","ping_status":"closed","sticky":false,"template":"","format":"standard","meta":[],"categories":[608,589,581,611,831,467,469,2302],"tags":[1705,987,2570,1707,1698,909,1765,1618,1106,1107,1703,1656,1221,1216,825,2571],"yoast_head":"<!-- This site is optimized with the Yoast SEO plugin v20.0 - https:\/\/yoast.com\/wordpress\/plugins\/seo\/ -->\n<title>Cuentos, \u00bfpor qu\u00e9 regalarlos?- Corporaci\u00f3n Fisiogesti\u00f3n<\/title>\n<meta name=\"description\" content=\"La importancia de leer cuentos con nuestros hijos, y c\u00f3mo les ayudar\u00e1 en su aprendizaje. La logopeda Marta S\u00e1nchez de da algunas recomendaciones.\" \/>\n<meta name=\"robots\" content=\"index, follow, max-snippet:-1, max-image-preview:large, max-video-preview:-1\" \/>\n<link rel=\"canonical\" href=\"https:\/\/www.activasalut.com\/ca\/por-que-regalar-cuentos\/\" \/>\n<meta property=\"og:locale\" content=\"ca_ES\" \/>\n<meta property=\"og:type\" content=\"article\" \/>\n<meta property=\"og:title\" content=\"\u00bfPor qu\u00e9 regalar cuentos?\" \/>\n<meta property=\"og:description\" content=\"Hay una buena raz\u00f3n, la logopeda Marta S\u00e1nchez te lo cuenta.\" \/>\n<meta property=\"og:url\" content=\"https:\/\/www.activasalut.com\/ca\/por-que-regalar-cuentos\/\" \/>\n<meta property=\"og:site_name\" content=\"Corporaci\u00f3 Fisiogesti\u00f3\" \/>\n<meta property=\"article:published_time\" content=\"2017-12-22T06:30:11+00:00\" \/>\n<meta property=\"article:modified_time\" content=\"2017-12-21T18:26:10+00:00\" \/>\n<meta property=\"og:image\" content=\"https:\/\/www.activasalut.com\/wp-content\/uploads\/2017\/12\/fac2.jpg\" \/>\n\t<meta property=\"og:image:width\" content=\"470\" \/>\n\t<meta property=\"og:image:height\" content=\"246\" \/>\n\t<meta property=\"og:image:type\" content=\"image\/jpeg\" \/>\n<meta name=\"author\" content=\"Marta S\u00e1nchez\" \/>\n<meta name=\"twitter:label1\" content=\"Escrit per\" \/>\n\t<meta name=\"twitter:data1\" content=\"Marta S\u00e1nchez\" \/>\n\t<meta name=\"twitter:label2\" content=\"Temps estimat de lectura\" \/>\n\t<meta name=\"twitter:data2\" content=\"2 minuts\" \/>\n<script type=\"application\/ld+json\" class=\"yoast-schema-graph\">{\"@context\":\"https:\/\/schema.org\",\"@graph\":[{\"@type\":\"WebPage\",\"@id\":\"https:\/\/www.activasalut.com\/ca\/por-que-regalar-cuentos\/\",\"url\":\"https:\/\/www.activasalut.com\/ca\/por-que-regalar-cuentos\/\",\"name\":\"Cuentos, \u00bfpor qu\u00e9 regalarlos?- Corporaci\u00f3n Fisiogesti\u00f3n\",\"isPartOf\":{\"@id\":\"https:\/\/www.activasalut.com\/ca\/#website\"},\"datePublished\":\"2017-12-22T06:30:11+00:00\",\"dateModified\":\"2017-12-21T18:26:10+00:00\",\"author\":{\"@id\":\"https:\/\/www.activasalut.com\/ca\/#\/schema\/person\/d5143be2de4caf189b0d7ac707abe439\"},\"description\":\"La importancia de leer cuentos con nuestros hijos, y c\u00f3mo les ayudar\u00e1 en su aprendizaje. La logopeda Marta S\u00e1nchez de da algunas recomendaciones.\",\"breadcrumb\":{\"@id\":\"https:\/\/www.activasalut.com\/ca\/por-que-regalar-cuentos\/#breadcrumb\"},\"inLanguage\":\"ca\",\"potentialAction\":[{\"@type\":\"ReadAction\",\"target\":[\"https:\/\/www.activasalut.com\/ca\/por-que-regalar-cuentos\/\"]}]},{\"@type\":\"BreadcrumbList\",\"@id\":\"https:\/\/www.activasalut.com\/ca\/por-que-regalar-cuentos\/#breadcrumb\",\"itemListElement\":[{\"@type\":\"ListItem\",\"position\":1,\"name\":\"Portada\",\"item\":\"https:\/\/www.activasalut.com\/ca\/\"},{\"@type\":\"ListItem\",\"position\":2,\"name\":\"\u00bfPor qu\u00e9 regalar cuentos?\"}]},{\"@type\":\"WebSite\",\"@id\":\"https:\/\/www.activasalut.com\/ca\/#website\",\"url\":\"https:\/\/www.activasalut.com\/ca\/\",\"name\":\"Corporaci\u00f3n fisiogesti\u00f3n\",\"description\":\"Activa la teva salut\",\"potentialAction\":[{\"@type\":\"SearchAction\",\"target\":{\"@type\":\"EntryPoint\",\"urlTemplate\":\"https:\/\/www.activasalut.com\/ca\/?s={search_term_string}\"},\"query-input\":\"required name=search_term_string\"}],\"inLanguage\":\"ca\"},{\"@type\":\"Person\",\"@id\":\"https:\/\/www.activasalut.com\/ca\/#\/schema\/person\/d5143be2de4caf189b0d7ac707abe439\",\"name\":\"Marta S\u00e1nchez\",\"image\":{\"@type\":\"ImageObject\",\"inLanguage\":\"ca\",\"@id\":\"https:\/\/www.activasalut.com\/ca\/#\/schema\/person\/image\/\",\"url\":\"https:\/\/secure.gravatar.com\/avatar\/e1567da7ae4b7e10e7eae46b3fb124e4?s=96&d=mm&r=g\",\"contentUrl\":\"https:\/\/secure.gravatar.com\/avatar\/e1567da7ae4b7e10e7eae46b3fb124e4?s=96&d=mm&r=g\",\"caption\":\"Marta S\u00e1nchez\"},\"url\":\"https:\/\/www.activasalut.com\/ca\/author\/marta-sanchez\/\"}]}<\/script>\n<!-- \/ Yoast SEO plugin. -->","yoast_head_json":{"title":"Cuentos, \u00bfpor qu\u00e9 regalarlos?- Corporaci\u00f3n Fisiogesti\u00f3n","description":"La importancia de leer cuentos con nuestros hijos, y c\u00f3mo les ayudar\u00e1 en su aprendizaje. La logopeda Marta S\u00e1nchez de da algunas recomendaciones.","robots":{"index":"index","follow":"follow","max-snippet":"max-snippet:-1","max-image-preview":"max-image-preview:large","max-video-preview":"max-video-preview:-1"},"canonical":"https:\/\/www.activasalut.com\/ca\/por-que-regalar-cuentos\/","og_locale":"ca_ES","og_type":"article","og_title":"\u00bfPor qu\u00e9 regalar cuentos?","og_description":"Hay una buena raz\u00f3n, la logopeda Marta S\u00e1nchez te lo cuenta.","og_url":"https:\/\/www.activasalut.com\/ca\/por-que-regalar-cuentos\/","og_site_name":"Corporaci\u00f3 Fisiogesti\u00f3","article_published_time":"2017-12-22T06:30:11+00:00","article_modified_time":"2017-12-21T18:26:10+00:00","og_image":[{"width":470,"height":246,"url":"https:\/\/www.activasalut.com\/wp-content\/uploads\/2017\/12\/fac2.jpg","type":"image\/jpeg"}],"author":"Marta S\u00e1nchez","twitter_misc":{"Escrit per":"Marta S\u00e1nchez","Temps estimat de lectura":"2 minuts"},"schema":{"@context":"https:\/\/schema.org","@graph":[{"@type":"WebPage","@id":"https:\/\/www.activasalut.com\/ca\/por-que-regalar-cuentos\/","url":"https:\/\/www.activasalut.com\/ca\/por-que-regalar-cuentos\/","name":"Cuentos, \u00bfpor qu\u00e9 regalarlos?- Corporaci\u00f3n Fisiogesti\u00f3n","isPartOf":{"@id":"https:\/\/www.activasalut.com\/ca\/#website"},"datePublished":"2017-12-22T06:30:11+00:00","dateModified":"2017-12-21T18:26:10+00:00","author":{"@id":"https:\/\/www.activasalut.com\/ca\/#\/schema\/person\/d5143be2de4caf189b0d7ac707abe439"},"description":"La importancia de leer cuentos con nuestros hijos, y c\u00f3mo les ayudar\u00e1 en su aprendizaje. La logopeda Marta S\u00e1nchez de da algunas recomendaciones.","breadcrumb":{"@id":"https:\/\/www.activasalut.com\/ca\/por-que-regalar-cuentos\/#breadcrumb"},"inLanguage":"ca","potentialAction":[{"@type":"ReadAction","target":["https:\/\/www.activasalut.com\/ca\/por-que-regalar-cuentos\/"]}]},{"@type":"BreadcrumbList","@id":"https:\/\/www.activasalut.com\/ca\/por-que-regalar-cuentos\/#breadcrumb","itemListElement":[{"@type":"ListItem","position":1,"name":"Portada","item":"https:\/\/www.activasalut.com\/ca\/"},{"@type":"ListItem","position":2,"name":"\u00bfPor qu\u00e9 regalar cuentos?"}]},{"@type":"WebSite","@id":"https:\/\/www.activasalut.com\/ca\/#website","url":"https:\/\/www.activasalut.com\/ca\/","name":"Corporaci\u00f3n fisiogesti\u00f3n","description":"Activa la teva salut","potentialAction":[{"@type":"SearchAction","target":{"@type":"EntryPoint","urlTemplate":"https:\/\/www.activasalut.com\/ca\/?s={search_term_string}"},"query-input":"required name=search_term_string"}],"inLanguage":"ca"},{"@type":"Person","@id":"https:\/\/www.activasalut.com\/ca\/#\/schema\/person\/d5143be2de4caf189b0d7ac707abe439","name":"Marta S\u00e1nchez","image":{"@type":"ImageObject","inLanguage":"ca","@id":"https:\/\/www.activasalut.com\/ca\/#\/schema\/person\/image\/","url":"https:\/\/secure.gravatar.com\/avatar\/e1567da7ae4b7e10e7eae46b3fb124e4?s=96&d=mm&r=g","contentUrl":"https:\/\/secure.gravatar.com\/avatar\/e1567da7ae4b7e10e7eae46b3fb124e4?s=96&d=mm&r=g","caption":"Marta S\u00e1nchez"},"url":"https:\/\/www.activasalut.com\/ca\/author\/marta-sanchez\/"}]}},"_links":{"self":[{"href":"https:\/\/www.activasalut.com\/ca\/wp-json\/wp\/v2\/posts\/3365"}],"collection":[{"href":"https:\/\/www.activasalut.com\/ca\/wp-json\/wp\/v2\/posts"}],"about":[{"href":"https:\/\/www.activasalut.com\/ca\/wp-json\/wp\/v2\/types\/post"}],"author":[{"embeddable":true,"href":"https:\/\/www.activasalut.com\/ca\/wp-json\/wp\/v2\/users\/11"}],"replies":[{"embeddable":true,"href":"https:\/\/www.activasalut.com\/ca\/wp-json\/wp\/v2\/comments?post=3365"}],"version-history":[{"count":5,"href":"https:\/\/www.activasalut.com\/ca\/wp-json\/wp\/v2\/posts\/3365\/revisions"}],"predecessor-version":[{"id":3373,"href":"https:\/\/www.activasalut.com\/ca\/wp-json\/wp\/v2\/posts\/3365\/revisions\/3373"}],"wp:featuredmedia":[{"embeddable":true,"href":"https:\/\/www.activasalut.com\/ca\/wp-json\/wp\/v2\/media\/3359"}],"wp:attachment":[{"href":"https:\/\/www.activasalut.com\/ca\/wp-json\/wp\/v2\/media?parent=3365"}],"wp:term":[{"taxonomy":"category","embeddable":true,"href":"https:\/\/www.activasalut.com\/ca\/wp-json\/wp\/v2\/categories?post=3365"},{"taxonomy":"post_tag","embeddable":true,"href":"https:\/\/www.activasalut.com\/ca\/wp-json\/wp\/v2\/tags?post=3365"}],"curies":[{"name":"wp","href":"https:\/\/api.w.org\/{rel}","templated":true}]}}