{"id":3426,"date":"2018-01-12T08:00:15","date_gmt":"2018-01-12T07:00:15","guid":{"rendered":"https:\/\/www.activasalut.com\/ca\/?p=3426"},"modified":"2018-01-11T19:06:49","modified_gmt":"2018-01-11T18:06:49","slug":"electroestimulacion-en-logopedia","status":"publish","type":"post","link":"https:\/\/www.activasalut.com\/ca\/electroestimulacion-en-logopedia\/","title":{"rendered":"Electroestimulaci\u00f3 en els tractaments de logop\u00e8dia"},"content":{"rendered":"<p>L&#8217;equip de logop\u00e8dia de Corporaci\u00f3 Fisiogesti\u00f3n hem incorporat l&#8217;\u00fas de la <strong>t\u00e8cnica d\u2019electroestimulaci\u00f3<\/strong> en el tractament de logop\u00e8dia.<\/p>\n<p><!--more--><\/p>\n<h3>\u00bfQu\u00e8 \u00e9s l&#8217;electroestimulaci\u00f3?<\/h3>\n<p>L\u2019electroestimulaci\u00f3 \u00e9s una ajuda efica\u00e7 en la ter\u00e0pia de logop\u00e8dia. <strong>\u00c9s una t\u00e8cnica no invasiva, que no presenta efectes sist\u00e8mics, no causa depend\u00e8ncies i no produeix efectes col\u00b7laterals inc\u00f2modes<\/strong>. L&#8217;evid\u00e8ncia demostra que <strong>l\u2019electroestimulaci\u00f3 accelera el proc\u00e9s de rehabilitaci\u00f3 del tractament de logop\u00e8dia, especialment en pacients que presenten les seg\u00fcents manifestacions cl\u00edniques<\/strong>:<\/p>\n<ul>\n<li>Disf\u00e0gia orofaringe.<\/li>\n<li>Alteracions de la veu.<\/li>\n<li>Dolors facials.<\/li>\n<li>Alteracions temporo mandibulars.<\/li>\n<li>Par\u00e0lisi facial.<\/li>\n<li>Respiraci\u00f3 oral.<\/li>\n<li>Lesions ortogn\u00e0tiques.<\/li>\n<\/ul>\n<h3>Experi\u00e8ncies<\/h3>\n<p>Despr\u00e9s de <strong>tres mesos de l&#8217;\u00fas de l\u2019electroestimulador<\/strong>, compartim les experi\u00e8ncies que ens han manifestat els nostres pacients:<\/p>\n<p><a href=\"https:\/\/www.activasalut.com\/wp-content\/uploads\/2018\/01\/p15-copiaiii.jpg\"><img decoding=\"async\" loading=\"lazy\" class=\"alignnone size-large wp-image-3428\" src=\"https:\/\/www.activasalut.com\/wp-content\/uploads\/2018\/01\/p15-copiaiii-1024x490.jpg\" alt=\"p15 copiaiii\" width=\"604\" height=\"289\" srcset=\"https:\/\/www.activasalut.com\/wp-content\/uploads\/2018\/01\/p15-copiaiii-1024x490.jpg 1024w, https:\/\/www.activasalut.com\/wp-content\/uploads\/2018\/01\/p15-copiaiii-300x143.jpg 300w, https:\/\/www.activasalut.com\/wp-content\/uploads\/2018\/01\/p15-copiaiii.jpg 1920w\" sizes=\"(max-width: 604px) 100vw, 604px\" \/><\/a><\/p>\n<p><a href=\"https:\/\/www.activasalut.com\/wp-content\/uploads\/2018\/01\/p16i.jpg\"><img decoding=\"async\" loading=\"lazy\" class=\"alignnone size-large wp-image-3429\" src=\"https:\/\/www.activasalut.com\/wp-content\/uploads\/2018\/01\/p16i-1024x469.jpg\" alt=\"p16i\" width=\"604\" height=\"277\" srcset=\"https:\/\/www.activasalut.com\/wp-content\/uploads\/2018\/01\/p16i-1024x469.jpg 1024w, https:\/\/www.activasalut.com\/wp-content\/uploads\/2018\/01\/p16i-300x138.jpg 300w, https:\/\/www.activasalut.com\/wp-content\/uploads\/2018\/01\/p16i.jpg 1867w\" sizes=\"(max-width: 604px) 100vw, 604px\" \/><\/a><\/p>\n<p><a href=\"https:\/\/www.activasalut.com\/wp-content\/uploads\/2018\/01\/p18i.jpg\"><img decoding=\"async\" loading=\"lazy\" class=\"alignnone size-large wp-image-3431\" src=\"https:\/\/www.activasalut.com\/wp-content\/uploads\/2018\/01\/p18i-1024x470.jpg\" alt=\"p18i\" width=\"604\" height=\"277\" srcset=\"https:\/\/www.activasalut.com\/wp-content\/uploads\/2018\/01\/p18i-1024x470.jpg 1024w, https:\/\/www.activasalut.com\/wp-content\/uploads\/2018\/01\/p18i-300x138.jpg 300w, https:\/\/www.activasalut.com\/wp-content\/uploads\/2018\/01\/p18i.jpg 1920w\" sizes=\"(max-width: 604px) 100vw, 604px\" \/><\/a><\/p>\n<h3>Objectiu complert<\/h3>\n<p>Uns dels objectius que l&#8217;equip de Logop\u00e8dia de la Corporaci\u00f3 s&#8217;havia fixat per a l&#8217;any 2017 era la formaci\u00f3 i implementaci\u00f3 en els nostres protocols assistencials de l&#8217;\u00fas d\u2019electroestimulaci\u00f3. \u00c9s una m\u00e0xima de la Corporaci\u00f3 oferir als nostres pacients l&#8217;excel\u00b7l\u00e8ncia assistencial, per aix\u00f2, \u00e9s imprescindible la formaci\u00f3 continuada dels professionals i l&#8217;actualitzaci\u00f3 terap\u00e8utica.<\/p>\n<p>El nostre agra\u00efment a tots els nostres pacients. La nostra gran motivaci\u00f3 \u00e9s que tots ells millorin la comunicaci\u00f3 i presentin major confort en les activitats di\u00e0ries.<\/p>\n<p>&#x1f449;\u00a0 Visita el nostre servei de\u00a0<a href=\"http:\/\/ecommerce.fisiogestion.com\/producto\/logopedia\/\" target=\"_blank\">Logop\u00e8dia<\/a><\/p>\n<p>&nbsp;<\/p>\n<p>&nbsp;<\/p>\n<p>&nbsp;<\/p>\n<p>&nbsp;<\/p>\n<p>&nbsp;<\/p>\n<p>&nbsp;<\/p>\n<p>&nbsp;<\/p>\n","protected":false},"excerpt":{"rendered":"<p>L&#8217;equip de logop\u00e8dia de Corporaci\u00f3 Fisiogesti\u00f3n hem incorporat l&#8217;\u00fas de la t\u00e8cnica d\u2019electroestimulaci\u00f3 en el tractament de logop\u00e8dia.<\/p>\n","protected":false},"author":25,"featured_media":3423,"comment_status":"open","ping_status":"closed","sticky":false,"template":"","format":"standard","meta":[],"categories":[608,586,591,581,611,831,467,603,469,2302],"tags":[2592,2593,2596,2597,1418,1540,2594,2598,864,852,1552,1107,2526,2599,2595,1545,1543],"yoast_head":"<!-- This site is optimized with the Yoast SEO plugin v20.0 - https:\/\/yoast.com\/wordpress\/plugins\/seo\/ -->\n<title>Electroestimulaci\u00f3n en logopedia- Corporaci\u00f3n Fisiogesti\u00f3n<\/title>\n<meta name=\"description\" content=\"C\u00f3mo la electroestimulaci\u00f3n ayuda en patolog\u00edas como disfagia, alteraciones de la voz, dolores faciales, par\u00e1lisis facial, respiraci\u00f3n oral...\" \/>\n<meta name=\"robots\" content=\"index, follow, max-snippet:-1, max-image-preview:large, max-video-preview:-1\" \/>\n<link rel=\"canonical\" href=\"https:\/\/www.activasalut.com\/ca\/electroestimulacion-en-logopedia\/\" \/>\n<meta property=\"og:locale\" content=\"ca_ES\" \/>\n<meta property=\"og:type\" content=\"article\" \/>\n<meta property=\"og:title\" content=\"Electroestimulaci\u00f3n en los tratamientos de logopedia\" \/>\n<meta property=\"og:description\" content=\"C\u00f3mo ayuda la electroestimulaci\u00f3n en el tratamiento de logopedia.\" \/>\n<meta property=\"og:url\" content=\"https:\/\/www.activasalut.com\/ca\/electroestimulacion-en-logopedia\/\" \/>\n<meta property=\"og:site_name\" content=\"Corporaci\u00f3 Fisiogesti\u00f3\" \/>\n<meta property=\"article:published_time\" content=\"2018-01-12T07:00:15+00:00\" \/>\n<meta property=\"article:modified_time\" content=\"2018-01-11T18:06:49+00:00\" \/>\n<meta property=\"og:image\" content=\"https:\/\/www.activasalut.com\/wp-content\/uploads\/2018\/01\/fac1.jpg\" \/>\n\t<meta property=\"og:image:width\" content=\"470\" \/>\n\t<meta property=\"og:image:height\" content=\"246\" \/>\n\t<meta property=\"og:image:type\" content=\"image\/jpeg\" \/>\n<meta name=\"author\" content=\"Esther L\u00f3pez\" \/>\n<meta name=\"twitter:label1\" content=\"Escrit per\" \/>\n\t<meta name=\"twitter:data1\" content=\"Esther L\u00f3pez\" \/>\n\t<meta name=\"twitter:label2\" content=\"Temps estimat de lectura\" \/>\n\t<meta name=\"twitter:data2\" content=\"1 minut\" \/>\n<script type=\"application\/ld+json\" class=\"yoast-schema-graph\">{\"@context\":\"https:\/\/schema.org\",\"@graph\":[{\"@type\":\"WebPage\",\"@id\":\"https:\/\/www.activasalut.com\/ca\/electroestimulacion-en-logopedia\/\",\"url\":\"https:\/\/www.activasalut.com\/ca\/electroestimulacion-en-logopedia\/\",\"name\":\"Electroestimulaci\u00f3n en logopedia- Corporaci\u00f3n Fisiogesti\u00f3n\",\"isPartOf\":{\"@id\":\"https:\/\/www.activasalut.com\/ca\/#website\"},\"datePublished\":\"2018-01-12T07:00:15+00:00\",\"dateModified\":\"2018-01-11T18:06:49+00:00\",\"author\":{\"@id\":\"https:\/\/www.activasalut.com\/ca\/#\/schema\/person\/58c021e0d12eb6ce725a0f94ec2962cd\"},\"description\":\"C\u00f3mo la electroestimulaci\u00f3n ayuda en patolog\u00edas como disfagia, alteraciones de la voz, dolores faciales, par\u00e1lisis facial, respiraci\u00f3n oral...\",\"breadcrumb\":{\"@id\":\"https:\/\/www.activasalut.com\/ca\/electroestimulacion-en-logopedia\/#breadcrumb\"},\"inLanguage\":\"ca\",\"potentialAction\":[{\"@type\":\"ReadAction\",\"target\":[\"https:\/\/www.activasalut.com\/ca\/electroestimulacion-en-logopedia\/\"]}]},{\"@type\":\"BreadcrumbList\",\"@id\":\"https:\/\/www.activasalut.com\/ca\/electroestimulacion-en-logopedia\/#breadcrumb\",\"itemListElement\":[{\"@type\":\"ListItem\",\"position\":1,\"name\":\"Portada\",\"item\":\"https:\/\/www.activasalut.com\/ca\/\"},{\"@type\":\"ListItem\",\"position\":2,\"name\":\"Electroestimulaci\u00f3 en els tractaments de logop\u00e8dia\"}]},{\"@type\":\"WebSite\",\"@id\":\"https:\/\/www.activasalut.com\/ca\/#website\",\"url\":\"https:\/\/www.activasalut.com\/ca\/\",\"name\":\"Corporaci\u00f3n fisiogesti\u00f3n\",\"description\":\"Activa la teva salut\",\"potentialAction\":[{\"@type\":\"SearchAction\",\"target\":{\"@type\":\"EntryPoint\",\"urlTemplate\":\"https:\/\/www.activasalut.com\/ca\/?s={search_term_string}\"},\"query-input\":\"required name=search_term_string\"}],\"inLanguage\":\"ca\"},{\"@type\":\"Person\",\"@id\":\"https:\/\/www.activasalut.com\/ca\/#\/schema\/person\/58c021e0d12eb6ce725a0f94ec2962cd\",\"name\":\"Esther L\u00f3pez\",\"image\":{\"@type\":\"ImageObject\",\"inLanguage\":\"ca\",\"@id\":\"https:\/\/www.activasalut.com\/ca\/#\/schema\/person\/image\/\",\"url\":\"https:\/\/secure.gravatar.com\/avatar\/c44874e579f3b74c5601fbebe0a1a831?s=96&d=mm&r=g\",\"contentUrl\":\"https:\/\/secure.gravatar.com\/avatar\/c44874e579f3b74c5601fbebe0a1a831?s=96&d=mm&r=g\",\"caption\":\"Esther L\u00f3pez\"},\"url\":\"https:\/\/www.activasalut.com\/ca\/author\/esther-lopez\/\"}]}<\/script>\n<!-- \/ Yoast SEO plugin. -->","yoast_head_json":{"title":"Electroestimulaci\u00f3n en logopedia- Corporaci\u00f3n Fisiogesti\u00f3n","description":"C\u00f3mo la electroestimulaci\u00f3n ayuda en patolog\u00edas como disfagia, alteraciones de la voz, dolores faciales, par\u00e1lisis facial, respiraci\u00f3n oral...","robots":{"index":"index","follow":"follow","max-snippet":"max-snippet:-1","max-image-preview":"max-image-preview:large","max-video-preview":"max-video-preview:-1"},"canonical":"https:\/\/www.activasalut.com\/ca\/electroestimulacion-en-logopedia\/","og_locale":"ca_ES","og_type":"article","og_title":"Electroestimulaci\u00f3n en los tratamientos de logopedia","og_description":"C\u00f3mo ayuda la electroestimulaci\u00f3n en el tratamiento de logopedia.","og_url":"https:\/\/www.activasalut.com\/ca\/electroestimulacion-en-logopedia\/","og_site_name":"Corporaci\u00f3 Fisiogesti\u00f3","article_published_time":"2018-01-12T07:00:15+00:00","article_modified_time":"2018-01-11T18:06:49+00:00","og_image":[{"width":470,"height":246,"url":"https:\/\/www.activasalut.com\/wp-content\/uploads\/2018\/01\/fac1.jpg","type":"image\/jpeg"}],"author":"Esther L\u00f3pez","twitter_misc":{"Escrit per":"Esther L\u00f3pez","Temps estimat de lectura":"1 minut"},"schema":{"@context":"https:\/\/schema.org","@graph":[{"@type":"WebPage","@id":"https:\/\/www.activasalut.com\/ca\/electroestimulacion-en-logopedia\/","url":"https:\/\/www.activasalut.com\/ca\/electroestimulacion-en-logopedia\/","name":"Electroestimulaci\u00f3n en logopedia- Corporaci\u00f3n Fisiogesti\u00f3n","isPartOf":{"@id":"https:\/\/www.activasalut.com\/ca\/#website"},"datePublished":"2018-01-12T07:00:15+00:00","dateModified":"2018-01-11T18:06:49+00:00","author":{"@id":"https:\/\/www.activasalut.com\/ca\/#\/schema\/person\/58c021e0d12eb6ce725a0f94ec2962cd"},"description":"C\u00f3mo la electroestimulaci\u00f3n ayuda en patolog\u00edas como disfagia, alteraciones de la voz, dolores faciales, par\u00e1lisis facial, respiraci\u00f3n oral...","breadcrumb":{"@id":"https:\/\/www.activasalut.com\/ca\/electroestimulacion-en-logopedia\/#breadcrumb"},"inLanguage":"ca","potentialAction":[{"@type":"ReadAction","target":["https:\/\/www.activasalut.com\/ca\/electroestimulacion-en-logopedia\/"]}]},{"@type":"BreadcrumbList","@id":"https:\/\/www.activasalut.com\/ca\/electroestimulacion-en-logopedia\/#breadcrumb","itemListElement":[{"@type":"ListItem","position":1,"name":"Portada","item":"https:\/\/www.activasalut.com\/ca\/"},{"@type":"ListItem","position":2,"name":"Electroestimulaci\u00f3 en els tractaments de logop\u00e8dia"}]},{"@type":"WebSite","@id":"https:\/\/www.activasalut.com\/ca\/#website","url":"https:\/\/www.activasalut.com\/ca\/","name":"Corporaci\u00f3n fisiogesti\u00f3n","description":"Activa la teva salut","potentialAction":[{"@type":"SearchAction","target":{"@type":"EntryPoint","urlTemplate":"https:\/\/www.activasalut.com\/ca\/?s={search_term_string}"},"query-input":"required name=search_term_string"}],"inLanguage":"ca"},{"@type":"Person","@id":"https:\/\/www.activasalut.com\/ca\/#\/schema\/person\/58c021e0d12eb6ce725a0f94ec2962cd","name":"Esther L\u00f3pez","image":{"@type":"ImageObject","inLanguage":"ca","@id":"https:\/\/www.activasalut.com\/ca\/#\/schema\/person\/image\/","url":"https:\/\/secure.gravatar.com\/avatar\/c44874e579f3b74c5601fbebe0a1a831?s=96&d=mm&r=g","contentUrl":"https:\/\/secure.gravatar.com\/avatar\/c44874e579f3b74c5601fbebe0a1a831?s=96&d=mm&r=g","caption":"Esther L\u00f3pez"},"url":"https:\/\/www.activasalut.com\/ca\/author\/esther-lopez\/"}]}},"_links":{"self":[{"href":"https:\/\/www.activasalut.com\/ca\/wp-json\/wp\/v2\/posts\/3426"}],"collection":[{"href":"https:\/\/www.activasalut.com\/ca\/wp-json\/wp\/v2\/posts"}],"about":[{"href":"https:\/\/www.activasalut.com\/ca\/wp-json\/wp\/v2\/types\/post"}],"author":[{"embeddable":true,"href":"https:\/\/www.activasalut.com\/ca\/wp-json\/wp\/v2\/users\/25"}],"replies":[{"embeddable":true,"href":"https:\/\/www.activasalut.com\/ca\/wp-json\/wp\/v2\/comments?post=3426"}],"version-history":[{"count":5,"href":"https:\/\/www.activasalut.com\/ca\/wp-json\/wp\/v2\/posts\/3426\/revisions"}],"predecessor-version":[{"id":3434,"href":"https:\/\/www.activasalut.com\/ca\/wp-json\/wp\/v2\/posts\/3426\/revisions\/3434"}],"wp:featuredmedia":[{"embeddable":true,"href":"https:\/\/www.activasalut.com\/ca\/wp-json\/wp\/v2\/media\/3423"}],"wp:attachment":[{"href":"https:\/\/www.activasalut.com\/ca\/wp-json\/wp\/v2\/media?parent=3426"}],"wp:term":[{"taxonomy":"category","embeddable":true,"href":"https:\/\/www.activasalut.com\/ca\/wp-json\/wp\/v2\/categories?post=3426"},{"taxonomy":"post_tag","embeddable":true,"href":"https:\/\/www.activasalut.com\/ca\/wp-json\/wp\/v2\/tags?post=3426"}],"curies":[{"name":"wp","href":"https:\/\/api.w.org\/{rel}","templated":true}]}}