{"id":3442,"date":"2018-01-19T08:30:47","date_gmt":"2018-01-19T07:30:47","guid":{"rendered":"https:\/\/www.activasalut.com\/ca\/?p=3442"},"modified":"2018-01-18T18:59:09","modified_gmt":"2018-01-18T17:59:09","slug":"ondas-de-choque-patologias-musculo","status":"publish","type":"post","link":"https:\/\/www.activasalut.com\/ca\/ondas-de-choque-patologias-musculo\/","title":{"rendered":"Ones de xoc i patologia musculotendinosa"},"content":{"rendered":"<p>La ter\u00e0pia amb <strong>ones de xoc<\/strong> s&#8217;ha convertit en una eina cada vegada m\u00e9s utilitzada per al maneig de patologies <em>musculotendinoses<\/em> que no responen b\u00e9 als tractaments habituals i acaben cronificant-se<!--more--><\/p>\n<h3>En qu\u00e8 consisteix?<\/h3>\n<p>Com ja hem vist en <a href=\"https:\/\/www.activasalut.com\/ca\/tratamiento-con-ondas-de-choque\/\" target=\"_blank\">Tractament amb ones de xoc<\/a> aquesta ter\u00e0pia consisteix en l&#8217;aplicaci\u00f3 local d&#8217;ones ac\u00fastiques que, a trav\u00e9s de fen\u00f2mens mec\u00e0nics, provoquen diversos efectes biol\u00f2gics sobre el teixit, entre els quals destaquen:<\/p>\n<ul>\n<li>Disminuci\u00f3 del dolor (Analg\u00e8sia)<\/li>\n<li>Efecte antiinflamatorio<\/li>\n<li>Promoci\u00f3 de la regeneraci\u00f3 dels teixits<\/li>\n<li>Augment de la vascularizaci\u00f3 i creaci\u00f3 de nous gots sanguinis\u2026<\/li>\n<\/ul>\n<p>\u00c9s a causa d&#8217;aquests efectes que l&#8217;aplicaci\u00f3 d&#8217;ones de xoc <strong>pot ser de gran utilitat en el tractament de diverses alteracions muscultendinoses.<\/strong><\/p>\n<h3>Quin tipus de patologies poden beneficiar-se?<\/h3>\n<p>Les indicacions d&#8217;aquesta ter\u00e0pia continuen augmentant en la mesura que es publiquen m\u00e9s estudis per part de la comunitat cient\u00edfica. Entre els processos comunament tractats i que solen respondre b\u00e9 al tractament podem esmentar:<\/p>\n<ul>\n<li><em>S\u00edndromes miofascials (localitzats)<\/em><\/li>\n<li><em><a href=\"https:\/\/www.activasalut.com\/ca\/lesion-hombro-tendinitis\/\" target=\"_blank\">Tendinopaties de l&#8217;espatlla<\/a><\/em><\/li>\n<li><em>Trocanteritis \/ Bursitis trocanteria (S\u00edndrome de dolor del Troc\u00e0nter Major)<\/em><\/li>\n<li><em>Epicondilitis lateral (Colze del Tennista)<\/em><\/li>\n<li><em>Tendinitis Rotuliana<\/em><\/li>\n<li><em>Tendinitis d&#8217;Aquil\u00b7les<\/em><\/li>\n<li><em>Fascitis Plantar<\/em><\/li>\n<\/ul>\n<h3>Com s&#8217;apliquen?<\/h3>\n<p>Com tot problema de salut, es recomana una valoraci\u00f3 m\u00e8dica pr\u00e8via per precisar el diagn\u00f2stic, avaluar opcions de tractament, descartar possibles contraindicacions i aclarir dubtes que puguin sorgir.<\/p>\n<p>\u00c9s imprescindible comptar amb proves d&#8217;imatge que confirmin el diagn\u00f2stic i ajudin tamb\u00e9 a descartar altres patologies que poden estar presents.<\/p>\n<blockquote><p>Habitualment els protocols de tractament contemplen un nombre de 3 a 5 sessions que es realitzen una vegada a la setmana o una vegada cada dues setmanes.<\/p><\/blockquote>\n<h3>\u00c9s dolor\u00f3s?<\/h3>\n<p>Poden haver-hi mol\u00e8sties a l&#8217;inici per\u00f2 disminueixen en continuar amb l&#8217;aplicaci\u00f3.<\/p>\n<h3>Quan es nota el benefici\/ millora?<\/h3>\n<p>El temps que triga a fer efecte \u00e9s variable. \u00c9s com\u00fa notar els beneficis despr\u00e9s de les primeres sessions per\u00f2 poden trigar fins a tres o quatre mesos a apar\u00e8ixer.<\/p>\n<h3>T\u00e9 efectes secundaris?<\/h3>\n<p>Poden observar-se alguns efectes secundaris. Els m\u00e9s comuns s\u00f3n el dolor, enrogiment i equimosis lleus a la zona tractada (resolen espont\u00e0niament).<\/p>\n<h3>Es pot aplicar en totes les persones o existeixen contraindicacions?<\/h3>\n<p>Les <strong>ones de xoc<\/strong> no s&#8217;han d&#8217;aplicar en els seg\u00fcents casos:<\/p>\n<ul>\n<li>Pres\u00e8ncia de tumor o c\u00e0ncer a la zona d&#8217;aplicaci\u00f3<\/li>\n<li>Embar\u00e0s<\/li>\n<li>A prop dels pulmons o v\u00edsceres abdominals<\/li>\n<li>A prop de les \u00e0rees de creixement ossi en nens o adolescents<\/li>\n<li>A prop del cervell o medul\u00b7la espinal<\/li>\n<li>Tractament amb anticoagulants (pe: <em>Sintrom, Pradaxa, Xarelto, Heparina<\/em>) o malalties de la coagulaci\u00f3<\/li>\n<\/ul>\n<h3>En resum<\/h3>\n<p>La ter\u00e0pia amb <strong>ones de xoc<\/strong> \u00e9s <strong>una eina terap\u00e8utica molt \u00fatil en alteracions muscultendinoses cr\u00f2niques i que no responen b\u00e9 als tractaments habituals<\/strong>. Hem de considerar sempre que l&#8217;estudi dels efectes i aplicacions de les ones de xoc progressa constantment. Abans de procedir a la seva aplicaci\u00f3 es recomana consultar al seu metge.<\/p>\n<p>&#x1f449;\u00a0 Visita el nostre servei de<a href=\"http:\/\/ecommerce.fisiogestion.com\/ca\/producte\/fisioterapia\/\" target=\"_blank\">\u00a0Fisioter\u00e0pia<\/a><\/p>\n","protected":false},"excerpt":{"rendered":"<p>La ter\u00e0pia amb ones de xoc s&#8217;ha convertit en una eina cada vegada m\u00e9s utilitzada per al maneig de patologies musculotendinoses que no responen<a class=\"moretag\" href=\"https:\/\/www.activasalut.com\/ca\/ondas-de-choque-patologias-musculo\/\">Llegeix m\u00e9s&#8230;<\/a><\/p>\n","protected":false},"author":70,"featured_media":3448,"comment_status":"open","ping_status":"closed","sticky":false,"template":"","format":"standard","meta":[],"categories":[573,605,574,606,575,610,601,570,599,604,831,467,600,849,469,2302],"tags":[2608,2618,2609,2619,2610,2520,2621,2611,2268,2272,2612,2616,2620,2613,2614,2270,2617,2615],"yoast_head":"<!-- This site is optimized with the Yoast SEO plugin v20.0 - https:\/\/yoast.com\/wordpress\/plugins\/seo\/ -->\n<title>Patolog\u00edas del m\u00fasculo y Ondas de choque-Corporaci\u00f3n Fisiogesti\u00f3n<\/title>\n<meta name=\"description\" content=\"La terapia con ondas de choque se ha convertido en una herramienta cada vez m\u00e1s utilizada para el manejo de patolog\u00edas que afectan al m\u00fasculo.\" \/>\n<meta name=\"robots\" content=\"index, follow, max-snippet:-1, max-image-preview:large, max-video-preview:-1\" \/>\n<link rel=\"canonical\" href=\"https:\/\/www.activasalut.com\/ca\/ondas-de-choque-patologias-musculo\/\" \/>\n<meta property=\"og:locale\" content=\"ca_ES\" \/>\n<meta property=\"og:type\" content=\"article\" \/>\n<meta property=\"og:title\" content=\"Ondas de choque y patolog\u00eda musculotendinosa\" \/>\n<meta property=\"og:description\" content=\"La terapia con ondas de choque se ha convertido en una herramienta cada vez m\u00e1s utilizada para el manejo de patolog\u00edas m\u00fasculotendinosas.\" \/>\n<meta property=\"og:url\" content=\"https:\/\/www.activasalut.com\/ca\/ondas-de-choque-patologias-musculo\/\" \/>\n<meta property=\"og:site_name\" content=\"Corporaci\u00f3 Fisiogesti\u00f3\" \/>\n<meta property=\"article:published_time\" content=\"2018-01-19T07:30:47+00:00\" \/>\n<meta property=\"article:modified_time\" content=\"2018-01-18T17:59:09+00:00\" \/>\n<meta property=\"og:image\" content=\"https:\/\/www.activasalut.com\/wp-content\/uploads\/2018\/01\/blog3.jpg\" \/>\n\t<meta property=\"og:image:width\" content=\"300\" \/>\n\t<meta property=\"og:image:height\" content=\"225\" \/>\n\t<meta property=\"og:image:type\" content=\"image\/jpeg\" \/>\n<meta name=\"author\" content=\"Dr. Fidel Fontg\" \/>\n<meta name=\"twitter:label1\" content=\"Escrit per\" \/>\n\t<meta name=\"twitter:data1\" content=\"Dr. Fidel Fontg\" \/>\n\t<meta name=\"twitter:label2\" content=\"Temps estimat de lectura\" \/>\n\t<meta name=\"twitter:data2\" content=\"2 minuts\" \/>\n<script type=\"application\/ld+json\" class=\"yoast-schema-graph\">{\"@context\":\"https:\/\/schema.org\",\"@graph\":[{\"@type\":\"WebPage\",\"@id\":\"https:\/\/www.activasalut.com\/ca\/ondas-de-choque-patologias-musculo\/\",\"url\":\"https:\/\/www.activasalut.com\/ca\/ondas-de-choque-patologias-musculo\/\",\"name\":\"Patolog\u00edas del m\u00fasculo y Ondas de choque-Corporaci\u00f3n Fisiogesti\u00f3n\",\"isPartOf\":{\"@id\":\"https:\/\/www.activasalut.com\/ca\/#website\"},\"datePublished\":\"2018-01-19T07:30:47+00:00\",\"dateModified\":\"2018-01-18T17:59:09+00:00\",\"author\":{\"@id\":\"https:\/\/www.activasalut.com\/ca\/#\/schema\/person\/2787b43c2de9aaa317246a8d93eba3ff\"},\"description\":\"La terapia con ondas de choque se ha convertido en una herramienta cada vez m\u00e1s utilizada para el manejo de patolog\u00edas que afectan al m\u00fasculo.\",\"breadcrumb\":{\"@id\":\"https:\/\/www.activasalut.com\/ca\/ondas-de-choque-patologias-musculo\/#breadcrumb\"},\"inLanguage\":\"ca\",\"potentialAction\":[{\"@type\":\"ReadAction\",\"target\":[\"https:\/\/www.activasalut.com\/ca\/ondas-de-choque-patologias-musculo\/\"]}]},{\"@type\":\"BreadcrumbList\",\"@id\":\"https:\/\/www.activasalut.com\/ca\/ondas-de-choque-patologias-musculo\/#breadcrumb\",\"itemListElement\":[{\"@type\":\"ListItem\",\"position\":1,\"name\":\"Portada\",\"item\":\"https:\/\/www.activasalut.com\/ca\/\"},{\"@type\":\"ListItem\",\"position\":2,\"name\":\"Ones de xoc i patologia musculotendinosa\"}]},{\"@type\":\"WebSite\",\"@id\":\"https:\/\/www.activasalut.com\/ca\/#website\",\"url\":\"https:\/\/www.activasalut.com\/ca\/\",\"name\":\"Corporaci\u00f3n fisiogesti\u00f3n\",\"description\":\"Activa la teva salut\",\"potentialAction\":[{\"@type\":\"SearchAction\",\"target\":{\"@type\":\"EntryPoint\",\"urlTemplate\":\"https:\/\/www.activasalut.com\/ca\/?s={search_term_string}\"},\"query-input\":\"required name=search_term_string\"}],\"inLanguage\":\"ca\"},{\"@type\":\"Person\",\"@id\":\"https:\/\/www.activasalut.com\/ca\/#\/schema\/person\/2787b43c2de9aaa317246a8d93eba3ff\",\"name\":\"Dr. Fidel Fontg\",\"image\":{\"@type\":\"ImageObject\",\"inLanguage\":\"ca\",\"@id\":\"https:\/\/www.activasalut.com\/ca\/#\/schema\/person\/image\/\",\"url\":\"https:\/\/secure.gravatar.com\/avatar\/7da6be0a8134b421aa9eab712ff3f435?s=96&d=mm&r=g\",\"contentUrl\":\"https:\/\/secure.gravatar.com\/avatar\/7da6be0a8134b421aa9eab712ff3f435?s=96&d=mm&r=g\",\"caption\":\"Dr. Fidel Fontg\"},\"url\":\"https:\/\/www.activasalut.com\/ca\/author\/dr-fidel-fontg\/\"}]}<\/script>\n<!-- \/ Yoast SEO plugin. -->","yoast_head_json":{"title":"Patolog\u00edas del m\u00fasculo y Ondas de choque-Corporaci\u00f3n Fisiogesti\u00f3n","description":"La terapia con ondas de choque se ha convertido en una herramienta cada vez m\u00e1s utilizada para el manejo de patolog\u00edas que afectan al m\u00fasculo.","robots":{"index":"index","follow":"follow","max-snippet":"max-snippet:-1","max-image-preview":"max-image-preview:large","max-video-preview":"max-video-preview:-1"},"canonical":"https:\/\/www.activasalut.com\/ca\/ondas-de-choque-patologias-musculo\/","og_locale":"ca_ES","og_type":"article","og_title":"Ondas de choque y patolog\u00eda musculotendinosa","og_description":"La terapia con ondas de choque se ha convertido en una herramienta cada vez m\u00e1s utilizada para el manejo de patolog\u00edas m\u00fasculotendinosas.","og_url":"https:\/\/www.activasalut.com\/ca\/ondas-de-choque-patologias-musculo\/","og_site_name":"Corporaci\u00f3 Fisiogesti\u00f3","article_published_time":"2018-01-19T07:30:47+00:00","article_modified_time":"2018-01-18T17:59:09+00:00","og_image":[{"width":300,"height":225,"url":"https:\/\/www.activasalut.com\/wp-content\/uploads\/2018\/01\/blog3.jpg","type":"image\/jpeg"}],"author":"Dr. Fidel Fontg","twitter_misc":{"Escrit per":"Dr. Fidel Fontg","Temps estimat de lectura":"2 minuts"},"schema":{"@context":"https:\/\/schema.org","@graph":[{"@type":"WebPage","@id":"https:\/\/www.activasalut.com\/ca\/ondas-de-choque-patologias-musculo\/","url":"https:\/\/www.activasalut.com\/ca\/ondas-de-choque-patologias-musculo\/","name":"Patolog\u00edas del m\u00fasculo y Ondas de choque-Corporaci\u00f3n Fisiogesti\u00f3n","isPartOf":{"@id":"https:\/\/www.activasalut.com\/ca\/#website"},"datePublished":"2018-01-19T07:30:47+00:00","dateModified":"2018-01-18T17:59:09+00:00","author":{"@id":"https:\/\/www.activasalut.com\/ca\/#\/schema\/person\/2787b43c2de9aaa317246a8d93eba3ff"},"description":"La terapia con ondas de choque se ha convertido en una herramienta cada vez m\u00e1s utilizada para el manejo de patolog\u00edas que afectan al m\u00fasculo.","breadcrumb":{"@id":"https:\/\/www.activasalut.com\/ca\/ondas-de-choque-patologias-musculo\/#breadcrumb"},"inLanguage":"ca","potentialAction":[{"@type":"ReadAction","target":["https:\/\/www.activasalut.com\/ca\/ondas-de-choque-patologias-musculo\/"]}]},{"@type":"BreadcrumbList","@id":"https:\/\/www.activasalut.com\/ca\/ondas-de-choque-patologias-musculo\/#breadcrumb","itemListElement":[{"@type":"ListItem","position":1,"name":"Portada","item":"https:\/\/www.activasalut.com\/ca\/"},{"@type":"ListItem","position":2,"name":"Ones de xoc i patologia musculotendinosa"}]},{"@type":"WebSite","@id":"https:\/\/www.activasalut.com\/ca\/#website","url":"https:\/\/www.activasalut.com\/ca\/","name":"Corporaci\u00f3n fisiogesti\u00f3n","description":"Activa la teva salut","potentialAction":[{"@type":"SearchAction","target":{"@type":"EntryPoint","urlTemplate":"https:\/\/www.activasalut.com\/ca\/?s={search_term_string}"},"query-input":"required name=search_term_string"}],"inLanguage":"ca"},{"@type":"Person","@id":"https:\/\/www.activasalut.com\/ca\/#\/schema\/person\/2787b43c2de9aaa317246a8d93eba3ff","name":"Dr. Fidel Fontg","image":{"@type":"ImageObject","inLanguage":"ca","@id":"https:\/\/www.activasalut.com\/ca\/#\/schema\/person\/image\/","url":"https:\/\/secure.gravatar.com\/avatar\/7da6be0a8134b421aa9eab712ff3f435?s=96&d=mm&r=g","contentUrl":"https:\/\/secure.gravatar.com\/avatar\/7da6be0a8134b421aa9eab712ff3f435?s=96&d=mm&r=g","caption":"Dr. Fidel Fontg"},"url":"https:\/\/www.activasalut.com\/ca\/author\/dr-fidel-fontg\/"}]}},"_links":{"self":[{"href":"https:\/\/www.activasalut.com\/ca\/wp-json\/wp\/v2\/posts\/3442"}],"collection":[{"href":"https:\/\/www.activasalut.com\/ca\/wp-json\/wp\/v2\/posts"}],"about":[{"href":"https:\/\/www.activasalut.com\/ca\/wp-json\/wp\/v2\/types\/post"}],"author":[{"embeddable":true,"href":"https:\/\/www.activasalut.com\/ca\/wp-json\/wp\/v2\/users\/70"}],"replies":[{"embeddable":true,"href":"https:\/\/www.activasalut.com\/ca\/wp-json\/wp\/v2\/comments?post=3442"}],"version-history":[{"count":5,"href":"https:\/\/www.activasalut.com\/ca\/wp-json\/wp\/v2\/posts\/3442\/revisions"}],"predecessor-version":[{"id":3452,"href":"https:\/\/www.activasalut.com\/ca\/wp-json\/wp\/v2\/posts\/3442\/revisions\/3452"}],"wp:featuredmedia":[{"embeddable":true,"href":"https:\/\/www.activasalut.com\/ca\/wp-json\/wp\/v2\/media\/3448"}],"wp:attachment":[{"href":"https:\/\/www.activasalut.com\/ca\/wp-json\/wp\/v2\/media?parent=3442"}],"wp:term":[{"taxonomy":"category","embeddable":true,"href":"https:\/\/www.activasalut.com\/ca\/wp-json\/wp\/v2\/categories?post=3442"},{"taxonomy":"post_tag","embeddable":true,"href":"https:\/\/www.activasalut.com\/ca\/wp-json\/wp\/v2\/tags?post=3442"}],"curies":[{"name":"wp","href":"https:\/\/api.w.org\/{rel}","templated":true}]}}