{"id":3478,"date":"2018-01-26T11:46:31","date_gmt":"2018-01-26T10:46:31","guid":{"rendered":"https:\/\/www.activasalut.com\/ca\/ilustraciones-en-la-lectura\/"},"modified":"2018-10-18T16:00:35","modified_gmt":"2018-10-18T14:00:35","slug":"ilustraciones-en-la-lectura","status":"publish","type":"post","link":"https:\/\/www.activasalut.com\/ca\/ilustraciones-en-la-lectura\/","title":{"rendered":"El paper de les il\u00b7lustracions en la lectura"},"content":{"rendered":"<p>En general, els nens que v\u00e9nen a logop\u00e8dia amb <strong>dificultats de lectura i escriptura<\/strong>, no els agrada llegir, per\u00f2 han de practicar per millorar, per aix\u00f2 hem de fer que les lectures siguin el m\u00e9s atractives possibles.<br \/>\n<!--more--><\/p>\n<blockquote><p>\u201cPer a l&#8217;aprenentatge de la lectura precisem les ganes de comprendre qu\u00e8 expliquen els llibres i la il\u00b7lustraci\u00f3 pot portar-nos a sentir la necessitat de preguntar-nos aix\u00f2. La il\u00b7lustraci\u00f3 entesa com la clau cap a la lectura\u201d Magali Li Huche<\/p><\/blockquote>\n<h3>Com?<\/h3>\n<p>Mitjan\u00e7ant lectures breus amb il\u00b7lustracions atractives. Als nens en general, els atreu m\u00e9s un dibuix que la <strong>descodificaci\u00f3 de les lletres<\/strong>. Cal destacar, per sorprenent que sembli, que hi ha nens amb dificultats en el mecanisme de la lectura, que gaudeixen de l&#8217;acte de llegir.<\/p>\n<h3>La funci\u00f3 de les il\u00b7lustracions<\/h3>\n<p>Les il\u00b7lustracions exerceixen un paper fonamental en el desenvolupament intel\u00b7lectual dels nens.<\/p>\n<ul>\n<li>Exerciten <strong>la imaginaci\u00f3, la fantasia i la creativitat<\/strong><\/li>\n<li>Fomenten l&#8217;amor per la lectura<\/li>\n<li>Introducci\u00f3 al m\u00f3n de l&#8217;art<\/li>\n<li>Fixen conceptes de mem\u00f2ria<\/li>\n<\/ul>\n<p>Les il\u00b7lustracions fomenten les ganes de l&#8217;aprenentatge als quals encara no saben llegir.<\/p>\n<p><strong>Com m\u00e9s bonica sigui una il\u00b7lustraci\u00f3 m\u00e9s ganes li despertar\u00e0 al futur lector el saber el significat de les lletres.<\/strong><\/p>\n<p><a href=\"https:\/\/www.activasalut.com\/wp-content\/uploads\/2018\/01\/IMG_7578-e1516962513269.jpg\"><img decoding=\"async\" loading=\"lazy\" class=\"alignleft wp-image-3472 size-medium\" src=\"https:\/\/www.activasalut.com\/wp-content\/uploads\/2018\/01\/IMG_7578-e1516962513269-225x300.jpg\" alt=\"El papel de las ilustraciones en la lectura\" width=\"225\" height=\"300\" srcset=\"https:\/\/www.activasalut.com\/wp-content\/uploads\/2018\/01\/IMG_7578-e1516962513269-225x300.jpg 225w, https:\/\/www.activasalut.com\/wp-content\/uploads\/2018\/01\/IMG_7578-e1516962513269.jpg 480w\" sizes=\"(max-width: 225px) 100vw, 225px\" \/><\/a><\/p>\n<h3>Una imatge val m\u00e9s que mil paraules<\/h3>\n<p>Encara que per a les logopedes, la paraula \u00e9s prioritari a \u201ctot\u201d, \u00e9s una obvietat que les il\u00b7lustracions d&#8217;un llibre, conte, \u00e0lbum il\u00b7lustrat ens fa prendre la decisi\u00f3 d&#8217;adquirir-ho, regalar-ho, llegir-ho\u2026<\/p>\n<p>Unes boniques il\u00b7lustracions ens ajudaran tamb\u00e9 en processos <strong>d&#8217;estimulaci\u00f3 i reeducaci\u00f3 del llenguatge<\/strong>. Tant en <strong>l&#8217;adquisici\u00f3 de vocabulari, en l&#8217;estructuraci\u00f3 de l&#8217;oraci\u00f3 i en l&#8217;expressi\u00f3 oral<\/strong>.<\/p>\n<h3>L&#8217;enigma de Vilagallina<\/h3>\n<p>El llibre que recomanem en aquest post \u00e9s <em>L&#8217;enigma de Vilagallina<\/em>. Escrit i il\u00b7lustrat per <strong>Albert Array\u00e1s<\/strong>.<\/p>\n<p><em>En Vilagallina, a pocs dies que se celebri un important concurs de gallines\u2026moltes d&#8217;elles comencen a desapar\u00e8ixer\u2026<\/em>La hist\u00f2ria amb una clara introducci\u00f3, nus i desenlla\u00e7 narra un misteri que amb la lectura del llibre i l&#8217;observaci\u00f3 de les il\u00b7lustracions aviat ser\u00e0 resolta.<\/p>\n<p>Reflexi\u00f3 sobre l&#8217;enveja i invitaci\u00f3 a valorar als altres fent-nos aix\u00ed millors persones.<\/p>\n<p>Les precioses il\u00b7lustracions d&#8217;Albert Array\u00e1s s\u00f3n realistes, tendres, i repletes de petit\u00edssims detalls que en la seva globalitat et desperten el desig d&#8217;estar dins d&#8217;aquest dibuix, per la qualitat i per la seva est\u00e8tica propera i encantadora.<\/p>\n<p>Veure un dibuix de les seves teteres fa que et vingui de gust un te, o asseure&#8217;t en un dels seus sof\u00e0s amb els peus descal\u00e7os en aquesta catifa\u2026observant un preci\u00f3s brodat penjat en la paret.<\/p>\n<ul>\n<li style=\"text-align: left;\"><strong>T\u00edtol:<\/strong>\u00a0<a href=\"http:\/\/babulinkabooks.com\/libros-y-regalo-descargas\/lenigma-de-vilagallina\/\" target=\"_blank\" rel=\"noopener\">L&#8217;<em>Enigma de Vilagallina<\/em><\/a><\/li>\n<li><strong>Autor:<\/strong> <a href=\"http:\/\/www.albertarrayas.com\/\" target=\"_blank\" rel=\"noopener\">Albert Array\u00e1s<\/a><\/li>\n<li><strong>Il\u00b7lustracions: <\/strong>Albert Array\u00e1s<\/li>\n<li><strong>Editorial:<\/strong> <a href=\"http:\/\/babulinkabooks.com\/\" target=\"_blank\" rel=\"noopener\">Babulinka Books<\/a><\/li>\n<li><strong>Col\u00b7lecci\u00f3<\/strong>: Llibres per a l&#8217;educaci\u00f3 emocional<\/li>\n<li><strong>Edat recomenada<\/strong>: a partir dels 5\u00a0anys<\/li>\n<\/ul>\n<p>&#x270f; Del mateix il\u00b7lustrador, molt molt recomanable tamb\u00e9<\/p>\n<ul>\n<li><strong>T\u00edtol<\/strong><strong>:<\/strong> <a href=\"http:\/\/www.albaeditorial.es\/php\/sl.php?shop.showprod&amp;nt=7455&amp;ref=97884-90653463&amp;fldr=8#.Wmr_QJOdXJw\" target=\"_blank\" rel=\"noopener\"><em>El\u00a0quadre<\/em><\/a><\/li>\n<li><strong>Autor:<\/strong> <a href=\"http:\/\/instagram.com\/mariaisabelsanchezvegara\/\" target=\"_blank\" rel=\"noopener\">M\u00aa Isabel s\u00e1nchez Vergara<\/a><\/li>\n<li><strong>Il\u00b7lustracions: <\/strong><a href=\"http:\/\/www.albertarrayas.com\/\" target=\"_blank\" rel=\"noopener\">Albert Array\u00e1s<\/a><\/li>\n<li><strong>Editorial:<\/strong> <a href=\"http:\/\/www.albaeditorial.es\/\" target=\"_blank\" rel=\"noopener\">Alba Editorial<\/a><\/li>\n<li><strong>Edat recomenada<\/strong>: a partir dels 7\u00a0anys<\/li>\n<\/ul>\n<p>&#x1f449;\u00a0 Visita el nostre servei de\u00a0<a href=\"http:\/\/ecommerce.fisiogestion.com\/producto\/logopedia\/\" target=\"_blank\" rel=\"noopener\">Logop\u00e8dia<\/a><\/p>\n","protected":false},"excerpt":{"rendered":"<p>En general, els nens que v\u00e9nen a logop\u00e8dia amb dificultats de lectura i escriptura, no els agrada llegir, per\u00f2 han de practicar per millorar,<a class=\"moretag\" href=\"https:\/\/www.activasalut.com\/ca\/ilustraciones-en-la-lectura\/\">Llegeix m\u00e9s&#8230;<\/a><\/p>\n","protected":false},"author":11,"featured_media":3971,"comment_status":"open","ping_status":"closed","sticky":false,"template":"","format":"standard","meta":[],"categories":[608,589,581,611,831,467,469,2302],"tags":[2625,997,1926,2629,2627,2630,1845,1626,2631,932],"yoast_head":"<!-- This site is optimized with the Yoast SEO plugin v20.0 - https:\/\/yoast.com\/wordpress\/plugins\/seo\/ -->\n<title>Ilustraciones en la lectura- Corporaci\u00f3n Fisiogesti\u00f3n<\/title>\n<meta name=\"description\" content=\"El papel de las ilustraciones en la lectura es fundamental. Por ejemplo, fomentan las ganas del aprendizaje a los que a\u00fan no saben leer.\" \/>\n<meta name=\"robots\" content=\"index, follow, max-snippet:-1, max-image-preview:large, max-video-preview:-1\" \/>\n<link rel=\"canonical\" href=\"https:\/\/www.activasalut.com\/ca\/ilustraciones-en-la-lectura\/\" \/>\n<meta property=\"og:locale\" content=\"ca_ES\" \/>\n<meta property=\"og:type\" content=\"article\" \/>\n<meta property=\"og:title\" content=\"Ilustraciones en la lectura- Corporaci\u00f3n Fisiogesti\u00f3n\" \/>\n<meta property=\"og:description\" content=\"El papel de las ilustraciones en la lectura es fundamental. Por ejemplo, fomentan las ganas del aprendizaje a los que a\u00fan no saben leer.\" \/>\n<meta property=\"og:url\" content=\"https:\/\/www.activasalut.com\/ca\/ilustraciones-en-la-lectura\/\" \/>\n<meta property=\"og:site_name\" content=\"Corporaci\u00f3 Fisiogesti\u00f3\" \/>\n<meta property=\"article:published_time\" content=\"2018-01-26T10:46:31+00:00\" \/>\n<meta property=\"article:modified_time\" content=\"2018-10-18T14:00:35+00:00\" \/>\n<meta property=\"og:image\" content=\"https:\/\/www.activasalut.com\/wp-content\/uploads\/2018\/01\/blog2-1.jpg\" \/>\n\t<meta property=\"og:image:width\" content=\"300\" \/>\n\t<meta property=\"og:image:height\" content=\"225\" \/>\n\t<meta property=\"og:image:type\" content=\"image\/jpeg\" \/>\n<meta name=\"author\" content=\"Marta S\u00e1nchez\" \/>\n<meta name=\"twitter:label1\" content=\"Escrit per\" \/>\n\t<meta name=\"twitter:data1\" content=\"Marta S\u00e1nchez\" \/>\n\t<meta name=\"twitter:label2\" content=\"Temps estimat de lectura\" \/>\n\t<meta name=\"twitter:data2\" content=\"3 minuts\" \/>\n<script type=\"application\/ld+json\" class=\"yoast-schema-graph\">{\"@context\":\"https:\/\/schema.org\",\"@graph\":[{\"@type\":\"WebPage\",\"@id\":\"https:\/\/www.activasalut.com\/ca\/ilustraciones-en-la-lectura\/\",\"url\":\"https:\/\/www.activasalut.com\/ca\/ilustraciones-en-la-lectura\/\",\"name\":\"Ilustraciones en la lectura- Corporaci\u00f3n Fisiogesti\u00f3n\",\"isPartOf\":{\"@id\":\"https:\/\/www.activasalut.com\/ca\/#website\"},\"datePublished\":\"2018-01-26T10:46:31+00:00\",\"dateModified\":\"2018-10-18T14:00:35+00:00\",\"author\":{\"@id\":\"https:\/\/www.activasalut.com\/ca\/#\/schema\/person\/d5143be2de4caf189b0d7ac707abe439\"},\"description\":\"El papel de las ilustraciones en la lectura es fundamental. Por ejemplo, fomentan las ganas del aprendizaje a los que a\u00fan no saben leer.\",\"breadcrumb\":{\"@id\":\"https:\/\/www.activasalut.com\/ca\/ilustraciones-en-la-lectura\/#breadcrumb\"},\"inLanguage\":\"ca\",\"potentialAction\":[{\"@type\":\"ReadAction\",\"target\":[\"https:\/\/www.activasalut.com\/ca\/ilustraciones-en-la-lectura\/\"]}]},{\"@type\":\"BreadcrumbList\",\"@id\":\"https:\/\/www.activasalut.com\/ca\/ilustraciones-en-la-lectura\/#breadcrumb\",\"itemListElement\":[{\"@type\":\"ListItem\",\"position\":1,\"name\":\"Portada\",\"item\":\"https:\/\/www.activasalut.com\/ca\/\"},{\"@type\":\"ListItem\",\"position\":2,\"name\":\"El paper de les il\u00b7lustracions en la lectura\"}]},{\"@type\":\"WebSite\",\"@id\":\"https:\/\/www.activasalut.com\/ca\/#website\",\"url\":\"https:\/\/www.activasalut.com\/ca\/\",\"name\":\"Corporaci\u00f3n fisiogesti\u00f3n\",\"description\":\"Activa la teva salut\",\"potentialAction\":[{\"@type\":\"SearchAction\",\"target\":{\"@type\":\"EntryPoint\",\"urlTemplate\":\"https:\/\/www.activasalut.com\/ca\/?s={search_term_string}\"},\"query-input\":\"required name=search_term_string\"}],\"inLanguage\":\"ca\"},{\"@type\":\"Person\",\"@id\":\"https:\/\/www.activasalut.com\/ca\/#\/schema\/person\/d5143be2de4caf189b0d7ac707abe439\",\"name\":\"Marta S\u00e1nchez\",\"image\":{\"@type\":\"ImageObject\",\"inLanguage\":\"ca\",\"@id\":\"https:\/\/www.activasalut.com\/ca\/#\/schema\/person\/image\/\",\"url\":\"https:\/\/secure.gravatar.com\/avatar\/e1567da7ae4b7e10e7eae46b3fb124e4?s=96&d=mm&r=g\",\"contentUrl\":\"https:\/\/secure.gravatar.com\/avatar\/e1567da7ae4b7e10e7eae46b3fb124e4?s=96&d=mm&r=g\",\"caption\":\"Marta S\u00e1nchez\"},\"url\":\"https:\/\/www.activasalut.com\/ca\/author\/marta-sanchez\/\"}]}<\/script>\n<!-- \/ Yoast SEO plugin. -->","yoast_head_json":{"title":"Ilustraciones en la lectura- Corporaci\u00f3n Fisiogesti\u00f3n","description":"El papel de las ilustraciones en la lectura es fundamental. Por ejemplo, fomentan las ganas del aprendizaje a los que a\u00fan no saben leer.","robots":{"index":"index","follow":"follow","max-snippet":"max-snippet:-1","max-image-preview":"max-image-preview:large","max-video-preview":"max-video-preview:-1"},"canonical":"https:\/\/www.activasalut.com\/ca\/ilustraciones-en-la-lectura\/","og_locale":"ca_ES","og_type":"article","og_title":"Ilustraciones en la lectura- Corporaci\u00f3n Fisiogesti\u00f3n","og_description":"El papel de las ilustraciones en la lectura es fundamental. Por ejemplo, fomentan las ganas del aprendizaje a los que a\u00fan no saben leer.","og_url":"https:\/\/www.activasalut.com\/ca\/ilustraciones-en-la-lectura\/","og_site_name":"Corporaci\u00f3 Fisiogesti\u00f3","article_published_time":"2018-01-26T10:46:31+00:00","article_modified_time":"2018-10-18T14:00:35+00:00","og_image":[{"width":300,"height":225,"url":"https:\/\/www.activasalut.com\/wp-content\/uploads\/2018\/01\/blog2-1.jpg","type":"image\/jpeg"}],"author":"Marta S\u00e1nchez","twitter_misc":{"Escrit per":"Marta S\u00e1nchez","Temps estimat de lectura":"3 minuts"},"schema":{"@context":"https:\/\/schema.org","@graph":[{"@type":"WebPage","@id":"https:\/\/www.activasalut.com\/ca\/ilustraciones-en-la-lectura\/","url":"https:\/\/www.activasalut.com\/ca\/ilustraciones-en-la-lectura\/","name":"Ilustraciones en la lectura- Corporaci\u00f3n Fisiogesti\u00f3n","isPartOf":{"@id":"https:\/\/www.activasalut.com\/ca\/#website"},"datePublished":"2018-01-26T10:46:31+00:00","dateModified":"2018-10-18T14:00:35+00:00","author":{"@id":"https:\/\/www.activasalut.com\/ca\/#\/schema\/person\/d5143be2de4caf189b0d7ac707abe439"},"description":"El papel de las ilustraciones en la lectura es fundamental. Por ejemplo, fomentan las ganas del aprendizaje a los que a\u00fan no saben leer.","breadcrumb":{"@id":"https:\/\/www.activasalut.com\/ca\/ilustraciones-en-la-lectura\/#breadcrumb"},"inLanguage":"ca","potentialAction":[{"@type":"ReadAction","target":["https:\/\/www.activasalut.com\/ca\/ilustraciones-en-la-lectura\/"]}]},{"@type":"BreadcrumbList","@id":"https:\/\/www.activasalut.com\/ca\/ilustraciones-en-la-lectura\/#breadcrumb","itemListElement":[{"@type":"ListItem","position":1,"name":"Portada","item":"https:\/\/www.activasalut.com\/ca\/"},{"@type":"ListItem","position":2,"name":"El paper de les il\u00b7lustracions en la lectura"}]},{"@type":"WebSite","@id":"https:\/\/www.activasalut.com\/ca\/#website","url":"https:\/\/www.activasalut.com\/ca\/","name":"Corporaci\u00f3n fisiogesti\u00f3n","description":"Activa la teva salut","potentialAction":[{"@type":"SearchAction","target":{"@type":"EntryPoint","urlTemplate":"https:\/\/www.activasalut.com\/ca\/?s={search_term_string}"},"query-input":"required name=search_term_string"}],"inLanguage":"ca"},{"@type":"Person","@id":"https:\/\/www.activasalut.com\/ca\/#\/schema\/person\/d5143be2de4caf189b0d7ac707abe439","name":"Marta S\u00e1nchez","image":{"@type":"ImageObject","inLanguage":"ca","@id":"https:\/\/www.activasalut.com\/ca\/#\/schema\/person\/image\/","url":"https:\/\/secure.gravatar.com\/avatar\/e1567da7ae4b7e10e7eae46b3fb124e4?s=96&d=mm&r=g","contentUrl":"https:\/\/secure.gravatar.com\/avatar\/e1567da7ae4b7e10e7eae46b3fb124e4?s=96&d=mm&r=g","caption":"Marta S\u00e1nchez"},"url":"https:\/\/www.activasalut.com\/ca\/author\/marta-sanchez\/"}]}},"_links":{"self":[{"href":"https:\/\/www.activasalut.com\/ca\/wp-json\/wp\/v2\/posts\/3478"}],"collection":[{"href":"https:\/\/www.activasalut.com\/ca\/wp-json\/wp\/v2\/posts"}],"about":[{"href":"https:\/\/www.activasalut.com\/ca\/wp-json\/wp\/v2\/types\/post"}],"author":[{"embeddable":true,"href":"https:\/\/www.activasalut.com\/ca\/wp-json\/wp\/v2\/users\/11"}],"replies":[{"embeddable":true,"href":"https:\/\/www.activasalut.com\/ca\/wp-json\/wp\/v2\/comments?post=3478"}],"version-history":[{"count":3,"href":"https:\/\/www.activasalut.com\/ca\/wp-json\/wp\/v2\/posts\/3478\/revisions"}],"predecessor-version":[{"id":3973,"href":"https:\/\/www.activasalut.com\/ca\/wp-json\/wp\/v2\/posts\/3478\/revisions\/3973"}],"wp:featuredmedia":[{"embeddable":true,"href":"https:\/\/www.activasalut.com\/ca\/wp-json\/wp\/v2\/media\/3971"}],"wp:attachment":[{"href":"https:\/\/www.activasalut.com\/ca\/wp-json\/wp\/v2\/media?parent=3478"}],"wp:term":[{"taxonomy":"category","embeddable":true,"href":"https:\/\/www.activasalut.com\/ca\/wp-json\/wp\/v2\/categories?post=3478"},{"taxonomy":"post_tag","embeddable":true,"href":"https:\/\/www.activasalut.com\/ca\/wp-json\/wp\/v2\/tags?post=3478"}],"curies":[{"name":"wp","href":"https:\/\/api.w.org\/{rel}","templated":true}]}}