{"id":3519,"date":"2018-02-23T11:40:14","date_gmt":"2018-02-23T10:40:14","guid":{"rendered":"https:\/\/www.activasalut.com\/ca\/?p=3519"},"modified":"2018-03-13T17:05:57","modified_gmt":"2018-03-13T16:05:57","slug":"sindrome-asperger","status":"publish","type":"post","link":"https:\/\/www.activasalut.com\/ca\/sindrome-asperger\/","title":{"rendered":"S\u00edndrome d&#8217;Asperger"},"content":{"rendered":"<p>La <strong><em>s\u00edndrome d&#8217;Asperger<\/em><\/strong> \u201c \u00e9s un conjunt de caracter\u00edstiques mentals i de conducta que forma part dels trastorns de l&#8217;espectre autista. Es troba dins dels trastorns generalitzats del desenvolupament\u201d.<!--more--><\/p>\n<h3>Principals s\u00edmptomes de la S\u00edndrome d&#8217;Asperger<\/h3>\n<ul>\n<li>No els agraden les sorpreses<\/li>\n<li>Es regeixen per rutines i els canvis els altera, ja sigui canvis de recorreguts, coses del seu lloc &#8230;<\/li>\n<li>S\u00f3n r\u00edgids d&#8217;idees, necessiten saber les coses amb temps i els molesten els sorolls.<\/li>\n<li>\u00c9s com\u00fa en ells els interessos molt fitats o restringits.<\/li>\n<li>La seva intel\u00b7lig\u00e8ncia \u00e9s superior a la mitjana per\u00f2 presenten dificultats d&#8217;interacci\u00f3 social.<\/li>\n<\/ul>\n<h3>Entre altres caracter\u00edstiques<\/h3>\n<ul>\n<li>Els costa recon\u00e8ixer i manifestar sentiments.<\/li>\n<li>No els preocupa la resposta de l&#8217;altre.<\/li>\n<li>Presenten estereot\u00edpies (moviments repetitius).<\/li>\n<\/ul>\n<h3>Equip d&#8217;acompanyament<\/h3>\n<ul>\n<li>Necessiten ter\u00e0pia <strong>Psicol\u00f2gica<\/strong> cognitiu-conductual per manejar l&#8217;estr\u00e8s i canalitzar els interessos obsessius.<\/li>\n<li>Tamb\u00e9 el <strong>Terapeuta Ocupacional<\/strong> interv\u00e9 en la seva rehabilitaci\u00f3 per a aspectes de coordinaci\u00f3 motriu i integraci\u00f3 sensorial.<\/li>\n<li>La intervenci\u00f3 del <strong>logopeda<\/strong> no ser\u00e0 en la majoria dels casos per al llenguatge, at\u00e8s que no solen presentar dificultat, el seu llenguatge \u00e9s formal i excessivament pomp\u00f3s o pedant. La seva veu \u00e9s mon\u00f2tona i\/o amb volum inusual.<\/li>\n<li><strong>La ter\u00e0pia logop\u00e8dica es basa en el treball d&#8217;aspectes pragm\u00e0tics<\/strong>, per aprendre a captar el significat no literal: bromes, ironies, dobles sentits\u2026<\/li>\n<li>Necessiten un <strong>entrenament per a les habilitats socials<\/strong>.<\/li>\n<\/ul>\n<div id=\"attachment_3523\" style=\"width: 490px\" class=\"wp-caption alignnone\"><a href=\"https:\/\/www.activasalut.com\/wp-content\/uploads\/2018\/02\/imapral1.png\"><img aria-describedby=\"caption-attachment-3523\" decoding=\"async\" loading=\"lazy\" class=\"size-full wp-image-3523\" src=\"https:\/\/www.activasalut.com\/wp-content\/uploads\/2018\/02\/imapral1.png\" alt=\"\u201cTracta\u2019 m com vols que et tractin a tu\u201d Pere 17 anys (diagnosticat de S\u00edndrome d'Asperger amb 14 anys) \" width=\"480\" height=\"640\" srcset=\"https:\/\/www.activasalut.com\/wp-content\/uploads\/2018\/02\/imapral1.png 480w, https:\/\/www.activasalut.com\/wp-content\/uploads\/2018\/02\/imapral1-225x300.png 225w\" sizes=\"(max-width: 480px) 100vw, 480px\" \/><\/a><p id=\"caption-attachment-3523\" class=\"wp-caption-text\">\u201cTracta\u2019 m com vols que et tractin a tu\u201d Pere 17 anys<br \/>(diagnosticat de S\u00edndrome d&#8217;Asperger amb 14 anys)<\/p><\/div>\n<blockquote><p>Una vegada m\u00e9s recordeu que la intervenci\u00f3 preco\u00e7 \u00e9s d&#8217;especial import\u00e0ncia i d&#8217;ajuda als nens i a les seves fam\u00edlies<\/p><\/blockquote>\n<h3>El paper dels contes<\/h3>\n<p><strong>Els \u00e0lbums il\u00b7lustrats, contes s\u00f3n un recurs valu\u00f3s per ensenyar i transmetre als nens que s&#8217;ha de respectar als altres, independentment de les seves caracter\u00edstiques, ja siguin f\u00edsiques, mentals, familiars, d&#8217;origen i\/o religioses.<\/strong> Els nens han d&#8217;aprendre a respectar les difer\u00e8ncies, \u00e9s un dels valors fonamentals. Dins d&#8217;aquesta toler\u00e0ncia, tamb\u00e9 estaria la autoacceptaci\u00f3, el respectar-se a un mateix, al seu cos, i els seus desitjos. Ning\u00fa \u00e9s millor ni pitjor, <strong>som diferents<\/strong>.<\/p>\n<p>Acceptar les difer\u00e8ncies i transmetre que cadascun t\u00e9 les seves virtuts i les seves debilitats far\u00e0 que no pateixin, que siguin felices i \u201crics \u201d de cor. Des de petits han de veure i sentir amb normalitat que uns s\u00f3n grossos, altres prims, amb r\u00ednxols, amb <em>S\u00edndrome de Down<\/em>, xinesos, amb autisme, amb dues mam\u00e0s, amb dos pap\u00e0s, \u00e0rab, hi ha qui usa cadira de rodes, hi ha qui usa ulleres i un llarg <em>etc etc etc<\/em>.<\/p>\n<blockquote><p>Aquest post ho dediquem a educar en el respecte i la toler\u00e0ncia per ensenyar a NORMALITZAR les difer\u00e8ncies i per fer-ho diferent i especial us recomanem diversos llibres.<\/p><\/blockquote>\n<p><a href=\"https:\/\/www.activasalut.com\/wp-content\/uploads\/2018\/02\/ima.jpg\"><img decoding=\"async\" loading=\"lazy\" class=\"alignnone size-full wp-image-3514\" src=\"https:\/\/www.activasalut.com\/wp-content\/uploads\/2018\/02\/ima.jpg\" alt=\"s\u00edndrome de Asperger \" width=\"600\" height=\"200\" srcset=\"https:\/\/www.activasalut.com\/wp-content\/uploads\/2018\/02\/ima.jpg 600w, https:\/\/www.activasalut.com\/wp-content\/uploads\/2018\/02\/ima-300x100.jpg 300w\" sizes=\"(max-width: 600px) 100vw, 600px\" \/><\/a><\/p>\n<ul>\n<li><strong>T\u00edtol<\/strong>: <strong><em>Jo vaig amb mi<\/em><\/strong><\/li>\n<li><strong>Autor<\/strong>: <a href=\"https:\/\/www.raqueldiazreguera.com\/\" target=\"_blank\">Raquel D\u00edaz Reguer\u00f3<\/a><\/li>\n<li><strong>Il\u00b7lustracions<\/strong>: Raquel D\u00edaz Reguer\u00f3<\/li>\n<li><strong>Editorial<\/strong>: <a href=\"http:\/\/www.thuleediciones.com\/#\/\" target=\"_blank\">Thule edicions<\/a><\/li>\n<li><strong>Edat recomanada<\/strong>: de 4 a 8 anys<\/li>\n<\/ul>\n<p><em>Tendra hist\u00f2ria de autoacceptaci\u00f3 (per a petits i grans), amb precioses il\u00b7lustracions.<\/em> Raquel D\u00edaz Reguer\u00f3 \u00e9s una escriptora i il\u00b7lustradora que en gaireb\u00e9 tots els seus llibres transmet valors importants acompanyat d&#8217;il\u00b7lustracions especials.\u00a0De la mateixa autora\/il\u00b7lustradora, molt molt recomanable tamb\u00e9; <strong><em>Qu\u00e8 li passa a Uma?<\/em><\/strong> Llibre que tracta l&#8217;assetjament escolar.<\/p>\n<ul>\n<li><strong>T\u00edtol<\/strong>: Malena Balena<\/li>\n<li><strong>Autor<\/strong>: Davide Calli<\/li>\n<li><strong>Il\u00b7lustracions<\/strong>: Sonja Bougaeva<\/li>\n<li><strong>Editorial:<\/strong> <em><a href=\"https:\/\/novedades.librosdelzorrorojo.com\/\" target=\"_blank\">Libros del zorro rojo<\/a><\/em><\/li>\n<li><strong>Edat recomanada<\/strong>: de 4 a 8 anys<\/li>\n<\/ul>\n<p><em>Malena \u00e9s regordeta i a la classe de nataci\u00f3 es riuen d&#8217;ella. Hist\u00f2ria que explica amb humor la autosuggesti\u00f3 com ter\u00e0pia.<\/em><\/p>\n<p>Fa un any recoman\u00e0vem<a href=\"https:\/\/www.activasalut.com\/ca\/que-son-las-necesidades-educativas-especiales\/\" target=\"_blank\"> <em>El Cass\u00f3 de Lorenzo<\/em>,<\/a> <strong>avui us ho recordem perqu\u00e8 \u00e9s un referent<\/strong>. Conte metaf\u00f2ric per parlar de les difer\u00e8ncies als m\u00e9s petits i <strong>explicar com fer front als obstacles.<\/strong><\/p>\n<p>&#x1f4cc; 18 de febrer <em><strong>Dia Mundial del Asperger<\/strong><\/em>.<\/p>\n<p>&#x1f449;\u00a0 Visita el nostre servei de\u00a0<a href=\"http:\/\/ecommerce.fisiogestion.com\/producto\/logopedia\/\" target=\"_blank\">Logop\u00e8dia<\/a><\/p>\n","protected":false},"excerpt":{"rendered":"<p>La s\u00edndrome d&#8217;Asperger \u201c \u00e9s un conjunt de caracter\u00edstiques mentals i de conducta que forma part dels trastorns de l&#8217;espectre autista. Es troba dins<a class=\"moretag\" href=\"https:\/\/www.activasalut.com\/ca\/sindrome-asperger\/\">Llegeix m\u00e9s&#8230;<\/a><\/p>\n","protected":false},"author":11,"featured_media":3511,"comment_status":"open","ping_status":"closed","sticky":false,"template":"","format":"standard","meta":[],"categories":[608,589,581,611,831,467,469,2302],"tags":[997,1107,2665,2666,2659,2660,2668,2669,2667,2663,2664],"yoast_head":"<!-- This site is optimized with the Yoast SEO plugin v20.0 - https:\/\/yoast.com\/wordpress\/plugins\/seo\/ -->\n<title>S\u00edndrome d&#039;Asperger<\/title>\n<meta name=\"description\" content=\"El s\u00edndrome de Asperger \u201ces un conjunto de caracter\u00edsticas mentales y de conducta que forma parte de los trastornos del espectro autista.\" \/>\n<meta name=\"robots\" content=\"index, follow, max-snippet:-1, max-image-preview:large, max-video-preview:-1\" \/>\n<link rel=\"canonical\" href=\"https:\/\/www.activasalut.com\/ca\/sindrome-asperger\/\" \/>\n<meta property=\"og:locale\" content=\"ca_ES\" \/>\n<meta property=\"og:type\" content=\"article\" \/>\n<meta property=\"og:title\" content=\"\u00bfQu\u00e9 es el s\u00edndrome de Asperger?\" \/>\n<meta property=\"og:description\" content=\"Forma parte de los trastornos del espectro autista y afecta as\u00ed a quien lo padece.\" \/>\n<meta property=\"og:url\" content=\"https:\/\/www.activasalut.com\/ca\/sindrome-asperger\/\" \/>\n<meta property=\"og:site_name\" content=\"Corporaci\u00f3 Fisiogesti\u00f3\" \/>\n<meta property=\"article:published_time\" content=\"2018-02-23T10:40:14+00:00\" \/>\n<meta property=\"article:modified_time\" content=\"2018-03-13T16:05:57+00:00\" \/>\n<meta property=\"og:image\" content=\"https:\/\/www.activasalut.com\/wp-content\/uploads\/2018\/02\/fac2.jpg\" \/>\n\t<meta property=\"og:image:width\" content=\"470\" \/>\n\t<meta property=\"og:image:height\" content=\"246\" \/>\n\t<meta property=\"og:image:type\" content=\"image\/jpeg\" \/>\n<meta name=\"author\" content=\"Marta S\u00e1nchez\" \/>\n<meta name=\"twitter:label1\" content=\"Escrit per\" \/>\n\t<meta name=\"twitter:data1\" content=\"Marta S\u00e1nchez\" \/>\n\t<meta name=\"twitter:label2\" content=\"Temps estimat de lectura\" \/>\n\t<meta name=\"twitter:data2\" content=\"3 minuts\" \/>\n<script type=\"application\/ld+json\" class=\"yoast-schema-graph\">{\"@context\":\"https:\/\/schema.org\",\"@graph\":[{\"@type\":\"WebPage\",\"@id\":\"https:\/\/www.activasalut.com\/ca\/sindrome-asperger\/\",\"url\":\"https:\/\/www.activasalut.com\/ca\/sindrome-asperger\/\",\"name\":\"S\u00edndrome d'Asperger\",\"isPartOf\":{\"@id\":\"https:\/\/www.activasalut.com\/ca\/#website\"},\"datePublished\":\"2018-02-23T10:40:14+00:00\",\"dateModified\":\"2018-03-13T16:05:57+00:00\",\"author\":{\"@id\":\"https:\/\/www.activasalut.com\/ca\/#\/schema\/person\/d5143be2de4caf189b0d7ac707abe439\"},\"description\":\"El s\u00edndrome de Asperger \u201ces un conjunto de caracter\u00edsticas mentales y de conducta que forma parte de los trastornos del espectro autista.\",\"breadcrumb\":{\"@id\":\"https:\/\/www.activasalut.com\/ca\/sindrome-asperger\/#breadcrumb\"},\"inLanguage\":\"ca\",\"potentialAction\":[{\"@type\":\"ReadAction\",\"target\":[\"https:\/\/www.activasalut.com\/ca\/sindrome-asperger\/\"]}]},{\"@type\":\"BreadcrumbList\",\"@id\":\"https:\/\/www.activasalut.com\/ca\/sindrome-asperger\/#breadcrumb\",\"itemListElement\":[{\"@type\":\"ListItem\",\"position\":1,\"name\":\"Portada\",\"item\":\"https:\/\/www.activasalut.com\/ca\/\"},{\"@type\":\"ListItem\",\"position\":2,\"name\":\"S\u00edndrome d&#8217;Asperger\"}]},{\"@type\":\"WebSite\",\"@id\":\"https:\/\/www.activasalut.com\/ca\/#website\",\"url\":\"https:\/\/www.activasalut.com\/ca\/\",\"name\":\"Corporaci\u00f3n fisiogesti\u00f3n\",\"description\":\"Activa la teva salut\",\"potentialAction\":[{\"@type\":\"SearchAction\",\"target\":{\"@type\":\"EntryPoint\",\"urlTemplate\":\"https:\/\/www.activasalut.com\/ca\/?s={search_term_string}\"},\"query-input\":\"required name=search_term_string\"}],\"inLanguage\":\"ca\"},{\"@type\":\"Person\",\"@id\":\"https:\/\/www.activasalut.com\/ca\/#\/schema\/person\/d5143be2de4caf189b0d7ac707abe439\",\"name\":\"Marta S\u00e1nchez\",\"image\":{\"@type\":\"ImageObject\",\"inLanguage\":\"ca\",\"@id\":\"https:\/\/www.activasalut.com\/ca\/#\/schema\/person\/image\/\",\"url\":\"https:\/\/secure.gravatar.com\/avatar\/e1567da7ae4b7e10e7eae46b3fb124e4?s=96&d=mm&r=g\",\"contentUrl\":\"https:\/\/secure.gravatar.com\/avatar\/e1567da7ae4b7e10e7eae46b3fb124e4?s=96&d=mm&r=g\",\"caption\":\"Marta S\u00e1nchez\"},\"url\":\"https:\/\/www.activasalut.com\/ca\/author\/marta-sanchez\/\"}]}<\/script>\n<!-- \/ Yoast SEO plugin. -->","yoast_head_json":{"title":"S\u00edndrome d'Asperger","description":"El s\u00edndrome de Asperger \u201ces un conjunto de caracter\u00edsticas mentales y de conducta que forma parte de los trastornos del espectro autista.","robots":{"index":"index","follow":"follow","max-snippet":"max-snippet:-1","max-image-preview":"max-image-preview:large","max-video-preview":"max-video-preview:-1"},"canonical":"https:\/\/www.activasalut.com\/ca\/sindrome-asperger\/","og_locale":"ca_ES","og_type":"article","og_title":"\u00bfQu\u00e9 es el s\u00edndrome de Asperger?","og_description":"Forma parte de los trastornos del espectro autista y afecta as\u00ed a quien lo padece.","og_url":"https:\/\/www.activasalut.com\/ca\/sindrome-asperger\/","og_site_name":"Corporaci\u00f3 Fisiogesti\u00f3","article_published_time":"2018-02-23T10:40:14+00:00","article_modified_time":"2018-03-13T16:05:57+00:00","og_image":[{"width":470,"height":246,"url":"https:\/\/www.activasalut.com\/wp-content\/uploads\/2018\/02\/fac2.jpg","type":"image\/jpeg"}],"author":"Marta S\u00e1nchez","twitter_misc":{"Escrit per":"Marta S\u00e1nchez","Temps estimat de lectura":"3 minuts"},"schema":{"@context":"https:\/\/schema.org","@graph":[{"@type":"WebPage","@id":"https:\/\/www.activasalut.com\/ca\/sindrome-asperger\/","url":"https:\/\/www.activasalut.com\/ca\/sindrome-asperger\/","name":"S\u00edndrome d'Asperger","isPartOf":{"@id":"https:\/\/www.activasalut.com\/ca\/#website"},"datePublished":"2018-02-23T10:40:14+00:00","dateModified":"2018-03-13T16:05:57+00:00","author":{"@id":"https:\/\/www.activasalut.com\/ca\/#\/schema\/person\/d5143be2de4caf189b0d7ac707abe439"},"description":"El s\u00edndrome de Asperger \u201ces un conjunto de caracter\u00edsticas mentales y de conducta que forma parte de los trastornos del espectro autista.","breadcrumb":{"@id":"https:\/\/www.activasalut.com\/ca\/sindrome-asperger\/#breadcrumb"},"inLanguage":"ca","potentialAction":[{"@type":"ReadAction","target":["https:\/\/www.activasalut.com\/ca\/sindrome-asperger\/"]}]},{"@type":"BreadcrumbList","@id":"https:\/\/www.activasalut.com\/ca\/sindrome-asperger\/#breadcrumb","itemListElement":[{"@type":"ListItem","position":1,"name":"Portada","item":"https:\/\/www.activasalut.com\/ca\/"},{"@type":"ListItem","position":2,"name":"S\u00edndrome d&#8217;Asperger"}]},{"@type":"WebSite","@id":"https:\/\/www.activasalut.com\/ca\/#website","url":"https:\/\/www.activasalut.com\/ca\/","name":"Corporaci\u00f3n fisiogesti\u00f3n","description":"Activa la teva salut","potentialAction":[{"@type":"SearchAction","target":{"@type":"EntryPoint","urlTemplate":"https:\/\/www.activasalut.com\/ca\/?s={search_term_string}"},"query-input":"required name=search_term_string"}],"inLanguage":"ca"},{"@type":"Person","@id":"https:\/\/www.activasalut.com\/ca\/#\/schema\/person\/d5143be2de4caf189b0d7ac707abe439","name":"Marta S\u00e1nchez","image":{"@type":"ImageObject","inLanguage":"ca","@id":"https:\/\/www.activasalut.com\/ca\/#\/schema\/person\/image\/","url":"https:\/\/secure.gravatar.com\/avatar\/e1567da7ae4b7e10e7eae46b3fb124e4?s=96&d=mm&r=g","contentUrl":"https:\/\/secure.gravatar.com\/avatar\/e1567da7ae4b7e10e7eae46b3fb124e4?s=96&d=mm&r=g","caption":"Marta S\u00e1nchez"},"url":"https:\/\/www.activasalut.com\/ca\/author\/marta-sanchez\/"}]}},"_links":{"self":[{"href":"https:\/\/www.activasalut.com\/ca\/wp-json\/wp\/v2\/posts\/3519"}],"collection":[{"href":"https:\/\/www.activasalut.com\/ca\/wp-json\/wp\/v2\/posts"}],"about":[{"href":"https:\/\/www.activasalut.com\/ca\/wp-json\/wp\/v2\/types\/post"}],"author":[{"embeddable":true,"href":"https:\/\/www.activasalut.com\/ca\/wp-json\/wp\/v2\/users\/11"}],"replies":[{"embeddable":true,"href":"https:\/\/www.activasalut.com\/ca\/wp-json\/wp\/v2\/comments?post=3519"}],"version-history":[{"count":4,"href":"https:\/\/www.activasalut.com\/ca\/wp-json\/wp\/v2\/posts\/3519\/revisions"}],"predecessor-version":[{"id":3573,"href":"https:\/\/www.activasalut.com\/ca\/wp-json\/wp\/v2\/posts\/3519\/revisions\/3573"}],"wp:featuredmedia":[{"embeddable":true,"href":"https:\/\/www.activasalut.com\/ca\/wp-json\/wp\/v2\/media\/3511"}],"wp:attachment":[{"href":"https:\/\/www.activasalut.com\/ca\/wp-json\/wp\/v2\/media?parent=3519"}],"wp:term":[{"taxonomy":"category","embeddable":true,"href":"https:\/\/www.activasalut.com\/ca\/wp-json\/wp\/v2\/categories?post=3519"},{"taxonomy":"post_tag","embeddable":true,"href":"https:\/\/www.activasalut.com\/ca\/wp-json\/wp\/v2\/tags?post=3519"}],"curies":[{"name":"wp","href":"https:\/\/api.w.org\/{rel}","templated":true}]}}