{"id":3584,"date":"2018-03-16T08:30:53","date_gmt":"2018-03-16T07:30:53","guid":{"rendered":"https:\/\/www.activasalut.com\/ca\/?p=3584"},"modified":"2018-05-08T16:22:35","modified_gmt":"2018-05-08T14:22:35","slug":"nueva-unidad-de-deporte","status":"publish","type":"post","link":"https:\/\/www.activasalut.com\/ca\/nueva-unidad-de-deporte\/","title":{"rendered":"Nova Unitat de l&#8217;Esport i reentrenament del moviment"},"content":{"rendered":"<p>Posem en marxa un nou projecte, <strong><em>Fisiogestion Sport<\/em><\/strong>, atenent a la demanda d\u2019esportistes que acudeixen als nostres centres de rehabilitaci\u00f3 per lesions ocasionades al realitzar diferents esports<!--more-->: <strong><em>triatl\u00f3, running, ciclisme, esports d\u2019equip, tennis, p\u00e0del<\/em><\/strong>\u2026, lesions que moltes vegades perduren en el temps i no es resolen.<\/p>\n<h3>Qu\u00e8 fem per trobar la soluci\u00f3?<\/h3>\n<p>Treballem mitjan\u00e7ant el m\u00e8tode <strong><em>Kinetic Control\u00ae<\/em>. <\/strong>Fisioterapeutes especialitzats realitzen un estudi de l\u2019estructura, l\u2019estat de la musculatura, la biomec\u00e0nica, estabilitat global i <strong>t\u00e8cnica de l\u2019esport<\/strong>, <strong>per ensenyar a l\u2019esportista a moure\u2019s b\u00e9 i aclarir el motiu de la seva lesi\u00f3, reequilibrant tot el moviment del seu aparell locomotor<\/strong>.<\/p>\n<h3><em>Return to play<\/em><\/h3>\n<p>Despr\u00e9s de la lesi\u00f3, <strong>l\u2019esportista necessita un entrenament espec\u00edfic i individualitzat per poder tornar al terreny de joc<\/strong>. \u00c9s el que es denomina <strong><em>return to play<\/em>.<\/strong> Hem dissenyat un espai on anem m\u00e9s enll\u00e0. Treballem en dues <strong>sales equipades<\/strong>.<\/p>\n<h3>SALA 1<\/h3>\n<p><a href=\"https:\/\/www.activasalut.com\/wp-content\/uploads\/2018\/03\/IMG-20180218-WA0001.jpg\"><img decoding=\"async\" loading=\"lazy\" class=\"alignnone size-medium wp-image-3580\" src=\"https:\/\/www.activasalut.com\/wp-content\/uploads\/2018\/03\/IMG-20180218-WA0001-225x300.jpg\" alt=\"Nueva unidad de deporte y reentrenamiento del movimiento\" width=\"225\" height=\"300\" srcset=\"https:\/\/www.activasalut.com\/wp-content\/uploads\/2018\/03\/IMG-20180218-WA0001-225x300.jpg 225w, https:\/\/www.activasalut.com\/wp-content\/uploads\/2018\/03\/IMG-20180218-WA0001.jpg 768w\" sizes=\"(max-width: 225px) 100vw, 225px\" \/><\/a><\/p>\n<ul>\n<li>Carrils guiats per treball de coordinaci\u00f3 i circuits d\u2019agilitat.<\/li>\n<li>Material per entrenament funcional amb barra de musculaci\u00f3, <em>ketllebels<\/em>, bandes el\u00e0stiques de resist\u00e8ncia, <em>calaix de salt polim\u00e8tric,<\/em> entre d\u2019altres.<\/li>\n<li><strong><em>TRX\u00ae<\/em><\/strong> per entrenament en suspensi\u00f3 on en realitzen exercicis amb el propi pes corporal.<\/li>\n<li>Material per treballar<strong> <em>propiocepci\u00f3<\/em><\/strong>: coixins, bases inestables, llit el\u00e0stic.<\/li>\n<li><strong><em>Tecnologia epte\u00ae politges isoinercials<\/em><\/strong>, pel desenvolupament de for\u00e7a i millora del rendiment esportiu mitjan\u00e7ant la contracci\u00f3 exc\u00e8ntrica.<\/li>\n<\/ul>\n<p>SALA 2<\/p>\n<p><a href=\"https:\/\/www.activasalut.com\/wp-content\/uploads\/2018\/03\/IMG-20180218-WA0003.jpg\"><img decoding=\"async\" loading=\"lazy\" class=\"alignnone size-medium wp-image-3581\" src=\"https:\/\/www.activasalut.com\/wp-content\/uploads\/2018\/03\/IMG-20180218-WA0003-300x225.jpg\" alt=\"Nueva unidad de deporte y reentrenamiento del movimiento\" width=\"300\" height=\"225\" srcset=\"https:\/\/www.activasalut.com\/wp-content\/uploads\/2018\/03\/IMG-20180218-WA0003-300x225.jpg 300w, https:\/\/www.activasalut.com\/wp-content\/uploads\/2018\/03\/IMG-20180218-WA0003.jpg 1024w\" sizes=\"(max-width: 300px) 100vw, 300px\" \/><\/a><\/p>\n<ul>\n<li><strong><em>Reformer Pilates\u00ae<\/em><\/strong> per treball d\u2019estabilitat i <em>core<\/em> amb diferents resist\u00e8ncies i posicions, adaptable a qualsevol part del cos.<\/li>\n<li><strong>Cinta de c\u00f3rrer<\/strong> amb programes de diferents intensitats i inclinacions per adaptar l\u2019entrenament de carrera a cada esport.<\/li>\n<li><strong>Bicicleta <em>Indoor cycling<\/em> <\/strong>amb estructura ideada per ciclisme de muntanya i carretera.<\/li>\n<li><strong>Espai per exercici de control<\/strong>.<\/li>\n<\/ul>\n<p>Paral\u00b7lelament complementem el tractament amb tecnologia avan\u00e7ada amb el dispositiu <a href=\"https:\/\/www.activasalut.com\/ca\/lesion-deporte-dynamix\/\" target=\"_blank\" rel=\"noopener\"><strong><em>Dynamix<\/em><\/strong><em>\u00ae<\/em><\/a>.<\/p>\n<h3>Serveis i instal\u00b7lacions<\/h3>\n<p>&#x1f3e5; Oferim serveis de:<\/p>\n<ul>\n<li>Nutrici\u00f3 especialitzada en l\u2019esport<\/li>\n<li>Osteopatia<\/li>\n<li>Acupuntura<\/li>\n<\/ul>\n<p>&#x1f3da;Les nostres instal\u00b7lacions disposen de:<\/p>\n<ul>\n<li>Recepci\u00f3 i sala d\u2019espera<\/li>\n<li>Sales de valoraci\u00f3 i tractament<\/li>\n<li>Vestidors<\/li>\n<\/ul>\n<p>&#x1f449;Visita nuestro\u00a0<em><a href=\"http:\/\/ecommerce.fisiogestion.com\/ca\/producte\/unitat-de-lesport\/\" target=\"_blank\" rel=\"noopener\">Fisiogesti\u00f3n Sport<\/a><\/em><\/p>\n","protected":false},"excerpt":{"rendered":"<p>Posem en marxa un nou projecte, Fisiogestion Sport, atenent a la demanda d\u2019esportistes que acudeixen als nostres centres de rehabilitaci\u00f3 per lesions ocasionades al<a class=\"moretag\" href=\"https:\/\/www.activasalut.com\/ca\/nueva-unidad-de-deporte\/\">Llegeix m\u00e9s&#8230;<\/a><\/p>\n","protected":false},"author":58,"featured_media":3578,"comment_status":"open","ping_status":"closed","sticky":false,"template":"","format":"standard","meta":[],"categories":[605,606,609,610,601,599,604,831,467,600,849,469,2302,2790],"tags":[2727,2719,2712,2713,2672,2692,268,2650,2635,895,2728,671,143,2716,901,26,2715,39,2718,2723,1969,2714,2729,2711,2717],"yoast_head":"<!-- This site is optimized with the Yoast SEO plugin v20.0 - https:\/\/yoast.com\/wordpress\/plugins\/seo\/ -->\n<title>Unidad del Deporte- Corporaci\u00f3n Fisiogest\u00f3n<\/title>\n<meta name=\"description\" content=\"En la Unidad del Deporte ense\u00f1amos al deportista a moverse bien y aclarar el motivo de su lesi\u00f3n, reequilibrando todo el movimiento de su aparato locomotor.\" \/>\n<meta name=\"robots\" content=\"index, follow, max-snippet:-1, max-image-preview:large, max-video-preview:-1\" \/>\n<link rel=\"canonical\" href=\"https:\/\/www.activasalut.com\/ca\/nueva-unidad-de-deporte\/\" \/>\n<meta property=\"og:locale\" content=\"ca_ES\" \/>\n<meta property=\"og:type\" content=\"article\" \/>\n<meta property=\"og:title\" content=\"Nueva Unidad del Deporte y reentrenamiento del movimiento\" \/>\n<meta property=\"og:description\" content=\"En la Unidad del Deporte ense\u00f1amos al deportista a moverse bien y aclarar el motivo de su lesi\u00f3n, reequilibrando todo el movimiento de su aparato locomotor.\" \/>\n<meta property=\"og:url\" content=\"https:\/\/www.activasalut.com\/ca\/nueva-unidad-de-deporte\/\" \/>\n<meta property=\"og:site_name\" content=\"Corporaci\u00f3 Fisiogesti\u00f3\" \/>\n<meta property=\"article:published_time\" content=\"2018-03-16T07:30:53+00:00\" \/>\n<meta property=\"article:modified_time\" content=\"2018-05-08T14:22:35+00:00\" \/>\n<meta property=\"og:image\" content=\"https:\/\/www.activasalut.com\/wp-content\/uploads\/2018\/03\/fac2.jpg\" \/>\n\t<meta property=\"og:image:width\" content=\"470\" \/>\n\t<meta property=\"og:image:height\" content=\"247\" \/>\n\t<meta property=\"og:image:type\" content=\"image\/jpeg\" \/>\n<meta name=\"author\" content=\"Paula Mart\u00edn\" \/>\n<meta name=\"twitter:label1\" content=\"Escrit per\" \/>\n\t<meta name=\"twitter:data1\" content=\"Paula Mart\u00edn\" \/>\n\t<meta name=\"twitter:label2\" content=\"Temps estimat de lectura\" \/>\n\t<meta name=\"twitter:data2\" content=\"2 minuts\" \/>\n<script type=\"application\/ld+json\" class=\"yoast-schema-graph\">{\"@context\":\"https:\/\/schema.org\",\"@graph\":[{\"@type\":\"WebPage\",\"@id\":\"https:\/\/www.activasalut.com\/ca\/nueva-unidad-de-deporte\/\",\"url\":\"https:\/\/www.activasalut.com\/ca\/nueva-unidad-de-deporte\/\",\"name\":\"Unidad del Deporte- Corporaci\u00f3n Fisiogest\u00f3n\",\"isPartOf\":{\"@id\":\"https:\/\/www.activasalut.com\/ca\/#website\"},\"datePublished\":\"2018-03-16T07:30:53+00:00\",\"dateModified\":\"2018-05-08T14:22:35+00:00\",\"author\":{\"@id\":\"https:\/\/www.activasalut.com\/ca\/#\/schema\/person\/909ae3a1f59bc9f1353db65ba0294f03\"},\"description\":\"En la Unidad del Deporte ense\u00f1amos al deportista a moverse bien y aclarar el motivo de su lesi\u00f3n, reequilibrando todo el movimiento de su aparato locomotor.\",\"breadcrumb\":{\"@id\":\"https:\/\/www.activasalut.com\/ca\/nueva-unidad-de-deporte\/#breadcrumb\"},\"inLanguage\":\"ca\",\"potentialAction\":[{\"@type\":\"ReadAction\",\"target\":[\"https:\/\/www.activasalut.com\/ca\/nueva-unidad-de-deporte\/\"]}]},{\"@type\":\"BreadcrumbList\",\"@id\":\"https:\/\/www.activasalut.com\/ca\/nueva-unidad-de-deporte\/#breadcrumb\",\"itemListElement\":[{\"@type\":\"ListItem\",\"position\":1,\"name\":\"Portada\",\"item\":\"https:\/\/www.activasalut.com\/ca\/\"},{\"@type\":\"ListItem\",\"position\":2,\"name\":\"Nova Unitat de l&#8217;Esport i reentrenament del moviment\"}]},{\"@type\":\"WebSite\",\"@id\":\"https:\/\/www.activasalut.com\/ca\/#website\",\"url\":\"https:\/\/www.activasalut.com\/ca\/\",\"name\":\"Corporaci\u00f3n fisiogesti\u00f3n\",\"description\":\"Activa la teva salut\",\"potentialAction\":[{\"@type\":\"SearchAction\",\"target\":{\"@type\":\"EntryPoint\",\"urlTemplate\":\"https:\/\/www.activasalut.com\/ca\/?s={search_term_string}\"},\"query-input\":\"required name=search_term_string\"}],\"inLanguage\":\"ca\"},{\"@type\":\"Person\",\"@id\":\"https:\/\/www.activasalut.com\/ca\/#\/schema\/person\/909ae3a1f59bc9f1353db65ba0294f03\",\"name\":\"Paula Mart\u00edn\",\"image\":{\"@type\":\"ImageObject\",\"inLanguage\":\"ca\",\"@id\":\"https:\/\/www.activasalut.com\/ca\/#\/schema\/person\/image\/\",\"url\":\"https:\/\/secure.gravatar.com\/avatar\/240af6181d5f6ac0776ce891d1fc6cf5?s=96&d=mm&r=g\",\"contentUrl\":\"https:\/\/secure.gravatar.com\/avatar\/240af6181d5f6ac0776ce891d1fc6cf5?s=96&d=mm&r=g\",\"caption\":\"Paula Mart\u00edn\"},\"url\":\"https:\/\/www.activasalut.com\/ca\/author\/paula-martin\/\"}]}<\/script>\n<!-- \/ Yoast SEO plugin. -->","yoast_head_json":{"title":"Unidad del Deporte- Corporaci\u00f3n Fisiogest\u00f3n","description":"En la Unidad del Deporte ense\u00f1amos al deportista a moverse bien y aclarar el motivo de su lesi\u00f3n, reequilibrando todo el movimiento de su aparato locomotor.","robots":{"index":"index","follow":"follow","max-snippet":"max-snippet:-1","max-image-preview":"max-image-preview:large","max-video-preview":"max-video-preview:-1"},"canonical":"https:\/\/www.activasalut.com\/ca\/nueva-unidad-de-deporte\/","og_locale":"ca_ES","og_type":"article","og_title":"Nueva Unidad del Deporte y reentrenamiento del movimiento","og_description":"En la Unidad del Deporte ense\u00f1amos al deportista a moverse bien y aclarar el motivo de su lesi\u00f3n, reequilibrando todo el movimiento de su aparato locomotor.","og_url":"https:\/\/www.activasalut.com\/ca\/nueva-unidad-de-deporte\/","og_site_name":"Corporaci\u00f3 Fisiogesti\u00f3","article_published_time":"2018-03-16T07:30:53+00:00","article_modified_time":"2018-05-08T14:22:35+00:00","og_image":[{"width":470,"height":247,"url":"https:\/\/www.activasalut.com\/wp-content\/uploads\/2018\/03\/fac2.jpg","type":"image\/jpeg"}],"author":"Paula Mart\u00edn","twitter_misc":{"Escrit per":"Paula Mart\u00edn","Temps estimat de lectura":"2 minuts"},"schema":{"@context":"https:\/\/schema.org","@graph":[{"@type":"WebPage","@id":"https:\/\/www.activasalut.com\/ca\/nueva-unidad-de-deporte\/","url":"https:\/\/www.activasalut.com\/ca\/nueva-unidad-de-deporte\/","name":"Unidad del Deporte- Corporaci\u00f3n Fisiogest\u00f3n","isPartOf":{"@id":"https:\/\/www.activasalut.com\/ca\/#website"},"datePublished":"2018-03-16T07:30:53+00:00","dateModified":"2018-05-08T14:22:35+00:00","author":{"@id":"https:\/\/www.activasalut.com\/ca\/#\/schema\/person\/909ae3a1f59bc9f1353db65ba0294f03"},"description":"En la Unidad del Deporte ense\u00f1amos al deportista a moverse bien y aclarar el motivo de su lesi\u00f3n, reequilibrando todo el movimiento de su aparato locomotor.","breadcrumb":{"@id":"https:\/\/www.activasalut.com\/ca\/nueva-unidad-de-deporte\/#breadcrumb"},"inLanguage":"ca","potentialAction":[{"@type":"ReadAction","target":["https:\/\/www.activasalut.com\/ca\/nueva-unidad-de-deporte\/"]}]},{"@type":"BreadcrumbList","@id":"https:\/\/www.activasalut.com\/ca\/nueva-unidad-de-deporte\/#breadcrumb","itemListElement":[{"@type":"ListItem","position":1,"name":"Portada","item":"https:\/\/www.activasalut.com\/ca\/"},{"@type":"ListItem","position":2,"name":"Nova Unitat de l&#8217;Esport i reentrenament del moviment"}]},{"@type":"WebSite","@id":"https:\/\/www.activasalut.com\/ca\/#website","url":"https:\/\/www.activasalut.com\/ca\/","name":"Corporaci\u00f3n fisiogesti\u00f3n","description":"Activa la teva salut","potentialAction":[{"@type":"SearchAction","target":{"@type":"EntryPoint","urlTemplate":"https:\/\/www.activasalut.com\/ca\/?s={search_term_string}"},"query-input":"required name=search_term_string"}],"inLanguage":"ca"},{"@type":"Person","@id":"https:\/\/www.activasalut.com\/ca\/#\/schema\/person\/909ae3a1f59bc9f1353db65ba0294f03","name":"Paula Mart\u00edn","image":{"@type":"ImageObject","inLanguage":"ca","@id":"https:\/\/www.activasalut.com\/ca\/#\/schema\/person\/image\/","url":"https:\/\/secure.gravatar.com\/avatar\/240af6181d5f6ac0776ce891d1fc6cf5?s=96&d=mm&r=g","contentUrl":"https:\/\/secure.gravatar.com\/avatar\/240af6181d5f6ac0776ce891d1fc6cf5?s=96&d=mm&r=g","caption":"Paula Mart\u00edn"},"url":"https:\/\/www.activasalut.com\/ca\/author\/paula-martin\/"}]}},"_links":{"self":[{"href":"https:\/\/www.activasalut.com\/ca\/wp-json\/wp\/v2\/posts\/3584"}],"collection":[{"href":"https:\/\/www.activasalut.com\/ca\/wp-json\/wp\/v2\/posts"}],"about":[{"href":"https:\/\/www.activasalut.com\/ca\/wp-json\/wp\/v2\/types\/post"}],"author":[{"embeddable":true,"href":"https:\/\/www.activasalut.com\/ca\/wp-json\/wp\/v2\/users\/58"}],"replies":[{"embeddable":true,"href":"https:\/\/www.activasalut.com\/ca\/wp-json\/wp\/v2\/comments?post=3584"}],"version-history":[{"count":3,"href":"https:\/\/www.activasalut.com\/ca\/wp-json\/wp\/v2\/posts\/3584\/revisions"}],"predecessor-version":[{"id":3700,"href":"https:\/\/www.activasalut.com\/ca\/wp-json\/wp\/v2\/posts\/3584\/revisions\/3700"}],"wp:featuredmedia":[{"embeddable":true,"href":"https:\/\/www.activasalut.com\/ca\/wp-json\/wp\/v2\/media\/3578"}],"wp:attachment":[{"href":"https:\/\/www.activasalut.com\/ca\/wp-json\/wp\/v2\/media?parent=3584"}],"wp:term":[{"taxonomy":"category","embeddable":true,"href":"https:\/\/www.activasalut.com\/ca\/wp-json\/wp\/v2\/categories?post=3584"},{"taxonomy":"post_tag","embeddable":true,"href":"https:\/\/www.activasalut.com\/ca\/wp-json\/wp\/v2\/tags?post=3584"}],"curies":[{"name":"wp","href":"https:\/\/api.w.org\/{rel}","templated":true}]}}