{"id":3596,"date":"2018-03-23T08:15:36","date_gmt":"2018-03-23T07:15:36","guid":{"rendered":"https:\/\/www.activasalut.com\/ca\/?p=3596"},"modified":"2018-03-22T19:04:16","modified_gmt":"2018-03-22T18:04:16","slug":"por-que-leer-poesia","status":"publish","type":"post","link":"https:\/\/www.activasalut.com\/ca\/por-que-leer-poesia\/","title":{"rendered":"\u00bfPer qu\u00e8 llegir poesia?"},"content":{"rendered":"<p>En les sessions de logop\u00e8dia, llegir poesia no sempre \u00e9s f\u00e0cil, cal saber fer-ho entre l\u00ednies, entendre els dobles sentits i dominar les met\u00e0fores.<br \/>\n<!--more-->Per als aprenents de lectura aix\u00f2 no \u00e9s una tasca senzilla. No obstant aix\u00f2 hem d&#8217;apropar-los i acompanyar-los a aquest g\u00e8nere at\u00e8s que s\u00f3n molts els beneficis que comporta.<\/p>\n<h3>Beneficis de llegir poes\u00eda<\/h3>\n<ul>\n<li>El llenguatge ret\u00f2ric <strong>estimula l&#8217;\u00e0rea frontal del cervell<\/strong>, ja que desxifrar paraules desconegudes o amb significat oposat fan que el cervell necessiti m\u00e9s recursos dels habituals.<\/li>\n<li>Ajuda a <strong>expressar i\/o recon\u00e8ixer sentiments i emocions<\/strong>.<\/li>\n<li>Estimula la <strong>imaginaci\u00f3.<\/strong><\/li>\n<li>Ensenya <strong>vocabulari<\/strong>, facilita la millora de <strong>l&#8217;expressi\u00f3 oral<\/strong> i la <strong>dicci\u00f3.<\/strong><\/li>\n<li>Exercita la <strong>mem\u00f2ria<\/strong> perqu\u00e8 s\u00f3n f\u00e0cils de memoritzar.<\/li>\n<\/ul>\n<p>Pot ser que no els agradi la poesia, per\u00f2 s\u00ed aprendre i cantar can\u00e7ons, <strong>\u00e9s l&#8217;adult qui ha de descobrir-li al nen que una can\u00e7\u00f3 no deixa de ser un poema<\/strong>.<\/p>\n<p>La <strong>rima<\/strong> \u00e9s la semblan\u00e7a de sons entre dues paraules a partir de l&#8217;\u00faltima s\u00edl\u00b7laba accentuada produint musicalitat.<\/p>\n<h3><em>Poemes de l&#8217;Oca Loca<\/em><\/h3>\n<p>Aquest llibre \u00e9s una recopilaci\u00f3 de 25 poemes de <a href=\"https:\/\/www.activasalut.com\/ca\/el-lenguaje-en-el-aprendizaje-del-nino\/\" target=\"_blank\">Gl\u00f2ria Fuertes<\/a>. Publicat per primera vegada en 1978, per\u00f2 la seva gr\u00e0cia i humor ho han fet perdurar entre els lectors durant tota una generaci\u00f3.<\/p>\n<p>Poemes que juguen amb les <strong>paraules<\/strong> i la <strong>repetici\u00f3<\/strong>, produint musicalitat, la nostra gran aliada per a la <strong>consci\u00e8ncia fonol\u00f2gica<\/strong>, la mem\u00f2ria i el ritme.<\/p>\n<p>Els poemes d&#8217;aquest llibre, donen instruccions per dibuixar personatges i paisatges, amb aquesta caracter\u00edstica podem treballar la comprensi\u00f3 lectora.<\/p>\n<blockquote><p>Una vegada m\u00e9s estem davant un llibre m\u00e0gic: paraules, rimes, musicalitat, dibuixos\u2026<\/p><\/blockquote>\n<ul>\n<li><strong>T\u00edtol:<\/strong> <a href=\"http:\/\/www.kalandraka.com\/es\/colecciones\/nombre-coleccion\/detalle-libro\/ver\/-f8be8e0516\/\" target=\"_blank\"><em>Poemas de l&#8217;Oca Loca<\/em><\/a><\/li>\n<li><strong>Text:<\/strong> <a href=\"http:\/\/www.gloriafuertes.org\/\" target=\"_blank\">Gloria Fuertes<\/a><\/li>\n<li><strong>Il\u00b7lustracions:<\/strong> <a href=\"https:\/\/www.linkedin.com\/in\/miguel-fern%C3%A1ndez-pacheco-34801b87\/\" target=\"_blank\">Miguel \u00c1ngel Pacheco<\/a><\/li>\n<li><strong>Editorial:<\/strong> <a href=\"http:\/\/www.kalandraka.com\/\" target=\"_blank\">Kalandraka<\/a><\/li>\n<li><strong>Edat recomenada<\/strong>: de 6 a 8\u00a0anys<\/li>\n<\/ul>\n<p>&#x1f4cc;\u00a021 de mar\u00e7\u00a0<strong><em>Dia Mundial de la Poesia<\/em><\/strong>.<\/p>\n<p>&#x1f449; \u00a0Visita el nostre servei\u00a0<a href=\"http:\/\/ecommerce.fisiogestion.com\/ca\/producte\/logopedia\/\" target=\"_blank\">Logop\u00e8dia<\/a><\/p>\n<div class=\"addtoany_share_save_container addtoany_content_bottom\"><\/div>\n<p>&nbsp;<\/p>\n","protected":false},"excerpt":{"rendered":"<p>En les sessions de logop\u00e8dia, llegir poesia no sempre \u00e9s f\u00e0cil, cal saber fer-ho entre l\u00ednies, entendre els dobles sentits i dominar les met\u00e0fores.<\/p>\n","protected":false},"author":11,"featured_media":3594,"comment_status":"open","ping_status":"closed","sticky":false,"template":"","format":"standard","meta":[],"categories":[608,611,831,467,469,2302],"tags":[1705,987,1837,2736,2733,1619,910,2734,1107,1703,2735],"yoast_head":"<!-- This site is optimized with the Yoast SEO plugin v20.0 - https:\/\/yoast.com\/wordpress\/plugins\/seo\/ -->\n<title>\u00bfPer qu\u00e8 llegir poesia?<\/title>\n<meta name=\"description\" content=\"La poes\u00eda ayuda a expresar o reconocer sentimientos y emociones, estimula la imaginaci\u00f3n, ense\u00f1a vocabulario... En las sesiones de logopedia, leer poes\u00eda...\" \/>\n<meta name=\"robots\" content=\"index, follow, max-snippet:-1, max-image-preview:large, max-video-preview:-1\" \/>\n<link rel=\"canonical\" href=\"https:\/\/www.activasalut.com\/ca\/por-que-leer-poesia\/\" \/>\n<meta property=\"og:locale\" content=\"ca_ES\" \/>\n<meta property=\"og:type\" content=\"article\" \/>\n<meta property=\"og:title\" content=\"La poes\u00eda en logopedia\" \/>\n<meta property=\"og:description\" content=\"C\u00f3mo y por qu\u00e9 se trabaja la poes\u00eda en logopedia\" \/>\n<meta property=\"og:url\" content=\"https:\/\/www.activasalut.com\/ca\/por-que-leer-poesia\/\" \/>\n<meta property=\"og:site_name\" content=\"Corporaci\u00f3 Fisiogesti\u00f3\" \/>\n<meta property=\"article:published_time\" content=\"2018-03-23T07:15:36+00:00\" \/>\n<meta property=\"article:modified_time\" content=\"2018-03-22T18:04:16+00:00\" \/>\n<meta property=\"og:image\" content=\"https:\/\/www.activasalut.com\/wp-content\/uploads\/2018\/03\/la-oca-loca-C-e1521739511787.jpg\" \/>\n\t<meta property=\"og:image:width\" content=\"300\" \/>\n\t<meta property=\"og:image:height\" content=\"438\" \/>\n\t<meta property=\"og:image:type\" content=\"image\/jpeg\" \/>\n<meta name=\"author\" content=\"Marta S\u00e1nchez\" \/>\n<meta name=\"twitter:label1\" content=\"Escrit per\" \/>\n\t<meta name=\"twitter:data1\" content=\"Marta S\u00e1nchez\" \/>\n\t<meta name=\"twitter:label2\" content=\"Temps estimat de lectura\" \/>\n\t<meta name=\"twitter:data2\" content=\"2 minuts\" \/>\n<script type=\"application\/ld+json\" class=\"yoast-schema-graph\">{\"@context\":\"https:\/\/schema.org\",\"@graph\":[{\"@type\":\"WebPage\",\"@id\":\"https:\/\/www.activasalut.com\/ca\/por-que-leer-poesia\/\",\"url\":\"https:\/\/www.activasalut.com\/ca\/por-que-leer-poesia\/\",\"name\":\"\u00bfPer qu\u00e8 llegir poesia?\",\"isPartOf\":{\"@id\":\"https:\/\/www.activasalut.com\/ca\/#website\"},\"datePublished\":\"2018-03-23T07:15:36+00:00\",\"dateModified\":\"2018-03-22T18:04:16+00:00\",\"author\":{\"@id\":\"https:\/\/www.activasalut.com\/ca\/#\/schema\/person\/d5143be2de4caf189b0d7ac707abe439\"},\"description\":\"La poes\u00eda ayuda a expresar o reconocer sentimientos y emociones, estimula la imaginaci\u00f3n, ense\u00f1a vocabulario... En las sesiones de logopedia, leer poes\u00eda...\",\"breadcrumb\":{\"@id\":\"https:\/\/www.activasalut.com\/ca\/por-que-leer-poesia\/#breadcrumb\"},\"inLanguage\":\"ca\",\"potentialAction\":[{\"@type\":\"ReadAction\",\"target\":[\"https:\/\/www.activasalut.com\/ca\/por-que-leer-poesia\/\"]}]},{\"@type\":\"BreadcrumbList\",\"@id\":\"https:\/\/www.activasalut.com\/ca\/por-que-leer-poesia\/#breadcrumb\",\"itemListElement\":[{\"@type\":\"ListItem\",\"position\":1,\"name\":\"Portada\",\"item\":\"https:\/\/www.activasalut.com\/ca\/\"},{\"@type\":\"ListItem\",\"position\":2,\"name\":\"\u00bfPer qu\u00e8 llegir poesia?\"}]},{\"@type\":\"WebSite\",\"@id\":\"https:\/\/www.activasalut.com\/ca\/#website\",\"url\":\"https:\/\/www.activasalut.com\/ca\/\",\"name\":\"Corporaci\u00f3n fisiogesti\u00f3n\",\"description\":\"Activa la teva salut\",\"potentialAction\":[{\"@type\":\"SearchAction\",\"target\":{\"@type\":\"EntryPoint\",\"urlTemplate\":\"https:\/\/www.activasalut.com\/ca\/?s={search_term_string}\"},\"query-input\":\"required name=search_term_string\"}],\"inLanguage\":\"ca\"},{\"@type\":\"Person\",\"@id\":\"https:\/\/www.activasalut.com\/ca\/#\/schema\/person\/d5143be2de4caf189b0d7ac707abe439\",\"name\":\"Marta S\u00e1nchez\",\"image\":{\"@type\":\"ImageObject\",\"inLanguage\":\"ca\",\"@id\":\"https:\/\/www.activasalut.com\/ca\/#\/schema\/person\/image\/\",\"url\":\"https:\/\/secure.gravatar.com\/avatar\/e1567da7ae4b7e10e7eae46b3fb124e4?s=96&d=mm&r=g\",\"contentUrl\":\"https:\/\/secure.gravatar.com\/avatar\/e1567da7ae4b7e10e7eae46b3fb124e4?s=96&d=mm&r=g\",\"caption\":\"Marta S\u00e1nchez\"},\"url\":\"https:\/\/www.activasalut.com\/ca\/author\/marta-sanchez\/\"}]}<\/script>\n<!-- \/ Yoast SEO plugin. -->","yoast_head_json":{"title":"\u00bfPer qu\u00e8 llegir poesia?","description":"La poes\u00eda ayuda a expresar o reconocer sentimientos y emociones, estimula la imaginaci\u00f3n, ense\u00f1a vocabulario... En las sesiones de logopedia, leer poes\u00eda...","robots":{"index":"index","follow":"follow","max-snippet":"max-snippet:-1","max-image-preview":"max-image-preview:large","max-video-preview":"max-video-preview:-1"},"canonical":"https:\/\/www.activasalut.com\/ca\/por-que-leer-poesia\/","og_locale":"ca_ES","og_type":"article","og_title":"La poes\u00eda en logopedia","og_description":"C\u00f3mo y por qu\u00e9 se trabaja la poes\u00eda en logopedia","og_url":"https:\/\/www.activasalut.com\/ca\/por-que-leer-poesia\/","og_site_name":"Corporaci\u00f3 Fisiogesti\u00f3","article_published_time":"2018-03-23T07:15:36+00:00","article_modified_time":"2018-03-22T18:04:16+00:00","og_image":[{"width":300,"height":438,"url":"https:\/\/www.activasalut.com\/wp-content\/uploads\/2018\/03\/la-oca-loca-C-e1521739511787.jpg","type":"image\/jpeg"}],"author":"Marta S\u00e1nchez","twitter_misc":{"Escrit per":"Marta S\u00e1nchez","Temps estimat de lectura":"2 minuts"},"schema":{"@context":"https:\/\/schema.org","@graph":[{"@type":"WebPage","@id":"https:\/\/www.activasalut.com\/ca\/por-que-leer-poesia\/","url":"https:\/\/www.activasalut.com\/ca\/por-que-leer-poesia\/","name":"\u00bfPer qu\u00e8 llegir poesia?","isPartOf":{"@id":"https:\/\/www.activasalut.com\/ca\/#website"},"datePublished":"2018-03-23T07:15:36+00:00","dateModified":"2018-03-22T18:04:16+00:00","author":{"@id":"https:\/\/www.activasalut.com\/ca\/#\/schema\/person\/d5143be2de4caf189b0d7ac707abe439"},"description":"La poes\u00eda ayuda a expresar o reconocer sentimientos y emociones, estimula la imaginaci\u00f3n, ense\u00f1a vocabulario... En las sesiones de logopedia, leer poes\u00eda...","breadcrumb":{"@id":"https:\/\/www.activasalut.com\/ca\/por-que-leer-poesia\/#breadcrumb"},"inLanguage":"ca","potentialAction":[{"@type":"ReadAction","target":["https:\/\/www.activasalut.com\/ca\/por-que-leer-poesia\/"]}]},{"@type":"BreadcrumbList","@id":"https:\/\/www.activasalut.com\/ca\/por-que-leer-poesia\/#breadcrumb","itemListElement":[{"@type":"ListItem","position":1,"name":"Portada","item":"https:\/\/www.activasalut.com\/ca\/"},{"@type":"ListItem","position":2,"name":"\u00bfPer qu\u00e8 llegir poesia?"}]},{"@type":"WebSite","@id":"https:\/\/www.activasalut.com\/ca\/#website","url":"https:\/\/www.activasalut.com\/ca\/","name":"Corporaci\u00f3n fisiogesti\u00f3n","description":"Activa la teva salut","potentialAction":[{"@type":"SearchAction","target":{"@type":"EntryPoint","urlTemplate":"https:\/\/www.activasalut.com\/ca\/?s={search_term_string}"},"query-input":"required name=search_term_string"}],"inLanguage":"ca"},{"@type":"Person","@id":"https:\/\/www.activasalut.com\/ca\/#\/schema\/person\/d5143be2de4caf189b0d7ac707abe439","name":"Marta S\u00e1nchez","image":{"@type":"ImageObject","inLanguage":"ca","@id":"https:\/\/www.activasalut.com\/ca\/#\/schema\/person\/image\/","url":"https:\/\/secure.gravatar.com\/avatar\/e1567da7ae4b7e10e7eae46b3fb124e4?s=96&d=mm&r=g","contentUrl":"https:\/\/secure.gravatar.com\/avatar\/e1567da7ae4b7e10e7eae46b3fb124e4?s=96&d=mm&r=g","caption":"Marta S\u00e1nchez"},"url":"https:\/\/www.activasalut.com\/ca\/author\/marta-sanchez\/"}]}},"_links":{"self":[{"href":"https:\/\/www.activasalut.com\/ca\/wp-json\/wp\/v2\/posts\/3596"}],"collection":[{"href":"https:\/\/www.activasalut.com\/ca\/wp-json\/wp\/v2\/posts"}],"about":[{"href":"https:\/\/www.activasalut.com\/ca\/wp-json\/wp\/v2\/types\/post"}],"author":[{"embeddable":true,"href":"https:\/\/www.activasalut.com\/ca\/wp-json\/wp\/v2\/users\/11"}],"replies":[{"embeddable":true,"href":"https:\/\/www.activasalut.com\/ca\/wp-json\/wp\/v2\/comments?post=3596"}],"version-history":[{"count":2,"href":"https:\/\/www.activasalut.com\/ca\/wp-json\/wp\/v2\/posts\/3596\/revisions"}],"predecessor-version":[{"id":3598,"href":"https:\/\/www.activasalut.com\/ca\/wp-json\/wp\/v2\/posts\/3596\/revisions\/3598"}],"wp:featuredmedia":[{"embeddable":true,"href":"https:\/\/www.activasalut.com\/ca\/wp-json\/wp\/v2\/media\/3594"}],"wp:attachment":[{"href":"https:\/\/www.activasalut.com\/ca\/wp-json\/wp\/v2\/media?parent=3596"}],"wp:term":[{"taxonomy":"category","embeddable":true,"href":"https:\/\/www.activasalut.com\/ca\/wp-json\/wp\/v2\/categories?post=3596"},{"taxonomy":"post_tag","embeddable":true,"href":"https:\/\/www.activasalut.com\/ca\/wp-json\/wp\/v2\/tags?post=3596"}],"curies":[{"name":"wp","href":"https:\/\/api.w.org\/{rel}","templated":true}]}}