{"id":3677,"date":"2018-05-04T08:02:04","date_gmt":"2018-05-04T06:02:04","guid":{"rendered":"https:\/\/www.activasalut.com\/ca\/?p=3677"},"modified":"2018-05-03T12:19:26","modified_gmt":"2018-05-03T10:19:26","slug":"postural-kids","status":"publish","type":"post","link":"https:\/\/www.activasalut.com\/ca\/postural-kids\/","title":{"rendered":"Postural kids"},"content":{"rendered":"<p><strong><em>P<\/em><em>ostural Kids<\/em> <\/strong>\u00e9s un tractament de reeducaci\u00f3 postural dirigit a nens i nenes d\u2019edats compreses entre els 5 i els 12 anys.<!--more-->Les classes s\u00f3n dirigides per una fisioterapeuta i tenen una duraci\u00f3 de 45 minuts.<\/p>\n<h3>Combina fisioter\u00e0pia i logop\u00e8dia<\/h3>\n<p>\u00c9s un tractament combinat de fisioter\u00e0pia i logop\u00e8dia. Per qu\u00e8 aquestes dues disciplines treballen conjuntament? <strong>Perqu\u00e8 \u00e9s important tenir cura de la postura dels nostres nens<\/strong>. Cal entendre que el nostre cos \u00e9s un TOT i que qualsevol alteraci\u00f3 de la postura pot acabar afectant altres funcions corporals.<\/p>\n<h3>Postura incorrecta<\/h3>\n<p>S\u2019ha demostrat que quan apareix una alteraci\u00f3 de la postura, en la que la persona adopta una caiguda d\u2019espatlles endavant, avan\u00e7ament del cap respecte el cos i pit enfonsat, es veu directament afectada:<\/p>\n<p><a href=\"https:\/\/www.activasalut.com\/wp-content\/uploads\/2018\/05\/PK1.png\"><img decoding=\"async\" loading=\"lazy\" class=\"size-full wp-image-3672 alignleft\" src=\"https:\/\/www.activasalut.com\/wp-content\/uploads\/2018\/05\/PK1.png\" alt=\"postural kids\" width=\"94\" height=\"165\" \/><\/a>&#8211;<strong> En la respiraci\u00f3<\/strong>, ja que hi ha un <em>bloqueig diafragm\u00e0tic<\/em> quan el principal m\u00fascul de la respiraci\u00f3 no es pot moure correctament.<\/p>\n<p>&#8211; Debilitaci\u00f3<strong>\u00a0de la musculatura de la degluci\u00f3<\/strong>, la masticaci\u00f3 i la parla: causa de moltes afeccions en l\u2019articulaci\u00f3 de les paraules.<\/p>\n<h3>Postura correcta<\/h3>\n<p>La postura correcta <strong>\u00e9s aquella que des d\u2019una visi\u00f3 lateral, mant\u00e9 la l\u00ednia recta del cap, la columna, la pelvis i les extremitats<\/strong>. Perqu\u00e8 aix\u00f2 succeeixi cal <strong>un estat \u00f2ptim de la musculatura encarregada del control postural i una bona consci\u00e8ncia corporal<\/strong>.<\/p>\n<h3>Estructura de la sessi\u00f3<\/h3>\n<p>Es divideix en tres fases:<\/p>\n<ol>\n<li>Respiraci\u00f3 lenta i profunda per aprendre a respirar correctament.<\/li>\n<li>Exercicis per a enfortir la musculatura encarregada de mantenir una bona posici\u00f3 i estirar musculatura escur\u00e7ada.<\/li>\n<li>Relaxaci\u00f3 i conscienciaci\u00f3 corporal.<\/li>\n<\/ol>\n<p>Tot aix\u00f2 requereix d\u2019un tractament combinant: la logop\u00e8dia, on es treballen estructures directament implicades en <strong>la parla, la degluci\u00f3 i masticaci\u00f3<\/strong>; i la fisioter\u00e0pia encarregada de corregir <strong>l\u2019alteraci\u00f3 de la postura que provoca debilitat muscular d\u2019aquestes estructures<\/strong>.<\/p>\n<p>&#x1f449; Visita els nostres serveis de <a href=\"http:\/\/ecommerce.fisiogestion.com\/ca\/producto\/fisioterapia\/\" target=\"_blank\">Fisioter\u00e0pia<\/a> i <a href=\"http:\/\/ecommerce.fisiogestion.com\/ca\/producto\/logopedia\/\" target=\"_blank\">Logop\u00e8dia<\/a><\/p>\n","protected":false},"excerpt":{"rendered":"<p>Postural Kids \u00e9s un tractament de reeducaci\u00f3 postural dirigit a nens i nenes d\u2019edats compreses entre els 5 i els 12 anys.<\/p>\n","protected":false},"author":72,"featured_media":3673,"comment_status":"open","ping_status":"closed","sticky":false,"template":"","format":"standard","meta":[],"categories":[587,608,610,581,611,831,2302],"tags":[2781,2787,646,1417,2782,1780,1785,854,1105,1745,1107,2783,2788,2784,1200,825,819,928,2785,2786,459,1236],"yoast_head":"<!-- This site is optimized with the Yoast SEO plugin v20.0 - https:\/\/yoast.com\/wordpress\/plugins\/seo\/ -->\n<title>Postural kids- Corporaci\u00f3n Fisiogesti\u00f3n<\/title>\n<meta name=\"description\" content=\"Es importante que los ni\u00f1os tengan una postura correcta, cualquiera alteraci\u00f3n corporal puede afectar a la habla, la degluci\u00f3n, entre otras.Postural kids...\" \/>\n<meta name=\"robots\" content=\"index, follow, max-snippet:-1, max-image-preview:large, max-video-preview:-1\" \/>\n<link rel=\"canonical\" href=\"https:\/\/www.activasalut.com\/ca\/postural-kids\/\" \/>\n<meta property=\"og:locale\" content=\"ca_ES\" \/>\n<meta property=\"og:type\" content=\"article\" \/>\n<meta property=\"og:title\" content=\"\u00bfC\u00f3mo debe ser la postura corporal correcta del ni\u00f1o?\" \/>\n<meta property=\"og:description\" content=\"Te explicamos c\u00f3mo mediante el tratamiento Postural kids corregimos la mala postura del ni\u00f1o.\" \/>\n<meta property=\"og:url\" content=\"https:\/\/www.activasalut.com\/ca\/postural-kids\/\" \/>\n<meta property=\"og:site_name\" content=\"Corporaci\u00f3 Fisiogesti\u00f3\" \/>\n<meta property=\"article:published_time\" content=\"2018-05-04T06:02:04+00:00\" \/>\n<meta property=\"article:modified_time\" content=\"2018-05-03T10:19:26+00:00\" \/>\n<meta property=\"og:image\" content=\"https:\/\/www.activasalut.com\/wp-content\/uploads\/2018\/05\/fac.jpg\" \/>\n\t<meta property=\"og:image:width\" content=\"470\" \/>\n\t<meta property=\"og:image:height\" content=\"246\" \/>\n\t<meta property=\"og:image:type\" content=\"image\/jpeg\" \/>\n<meta name=\"author\" content=\"Alba Matavera\" \/>\n<meta name=\"twitter:label1\" content=\"Escrit per\" \/>\n\t<meta name=\"twitter:data1\" content=\"Alba Matavera\" \/>\n\t<meta name=\"twitter:label2\" content=\"Temps estimat de lectura\" \/>\n\t<meta name=\"twitter:data2\" content=\"2 minuts\" \/>\n<script type=\"application\/ld+json\" class=\"yoast-schema-graph\">{\"@context\":\"https:\/\/schema.org\",\"@graph\":[{\"@type\":\"WebPage\",\"@id\":\"https:\/\/www.activasalut.com\/ca\/postural-kids\/\",\"url\":\"https:\/\/www.activasalut.com\/ca\/postural-kids\/\",\"name\":\"Postural kids- Corporaci\u00f3n Fisiogesti\u00f3n\",\"isPartOf\":{\"@id\":\"https:\/\/www.activasalut.com\/ca\/#website\"},\"datePublished\":\"2018-05-04T06:02:04+00:00\",\"dateModified\":\"2018-05-03T10:19:26+00:00\",\"author\":{\"@id\":\"https:\/\/www.activasalut.com\/ca\/#\/schema\/person\/8d578e53bc9d9c805e07eb437d8198fa\"},\"description\":\"Es importante que los ni\u00f1os tengan una postura correcta, cualquiera alteraci\u00f3n corporal puede afectar a la habla, la degluci\u00f3n, entre otras.Postural kids...\",\"breadcrumb\":{\"@id\":\"https:\/\/www.activasalut.com\/ca\/postural-kids\/#breadcrumb\"},\"inLanguage\":\"ca\",\"potentialAction\":[{\"@type\":\"ReadAction\",\"target\":[\"https:\/\/www.activasalut.com\/ca\/postural-kids\/\"]}]},{\"@type\":\"BreadcrumbList\",\"@id\":\"https:\/\/www.activasalut.com\/ca\/postural-kids\/#breadcrumb\",\"itemListElement\":[{\"@type\":\"ListItem\",\"position\":1,\"name\":\"Portada\",\"item\":\"https:\/\/www.activasalut.com\/ca\/\"},{\"@type\":\"ListItem\",\"position\":2,\"name\":\"Postural kids\"}]},{\"@type\":\"WebSite\",\"@id\":\"https:\/\/www.activasalut.com\/ca\/#website\",\"url\":\"https:\/\/www.activasalut.com\/ca\/\",\"name\":\"Corporaci\u00f3n fisiogesti\u00f3n\",\"description\":\"Activa la teva salut\",\"potentialAction\":[{\"@type\":\"SearchAction\",\"target\":{\"@type\":\"EntryPoint\",\"urlTemplate\":\"https:\/\/www.activasalut.com\/ca\/?s={search_term_string}\"},\"query-input\":\"required name=search_term_string\"}],\"inLanguage\":\"ca\"},{\"@type\":\"Person\",\"@id\":\"https:\/\/www.activasalut.com\/ca\/#\/schema\/person\/8d578e53bc9d9c805e07eb437d8198fa\",\"name\":\"Alba Matavera\",\"image\":{\"@type\":\"ImageObject\",\"inLanguage\":\"ca\",\"@id\":\"https:\/\/www.activasalut.com\/ca\/#\/schema\/person\/image\/\",\"url\":\"https:\/\/secure.gravatar.com\/avatar\/aa9635476c4f3276460239ce9d8e825d?s=96&d=mm&r=g\",\"contentUrl\":\"https:\/\/secure.gravatar.com\/avatar\/aa9635476c4f3276460239ce9d8e825d?s=96&d=mm&r=g\",\"caption\":\"Alba Matavera\"},\"url\":\"https:\/\/www.activasalut.com\/ca\/author\/alba-matavera\/\"}]}<\/script>\n<!-- \/ Yoast SEO plugin. -->","yoast_head_json":{"title":"Postural kids- Corporaci\u00f3n Fisiogesti\u00f3n","description":"Es importante que los ni\u00f1os tengan una postura correcta, cualquiera alteraci\u00f3n corporal puede afectar a la habla, la degluci\u00f3n, entre otras.Postural kids...","robots":{"index":"index","follow":"follow","max-snippet":"max-snippet:-1","max-image-preview":"max-image-preview:large","max-video-preview":"max-video-preview:-1"},"canonical":"https:\/\/www.activasalut.com\/ca\/postural-kids\/","og_locale":"ca_ES","og_type":"article","og_title":"\u00bfC\u00f3mo debe ser la postura corporal correcta del ni\u00f1o?","og_description":"Te explicamos c\u00f3mo mediante el tratamiento Postural kids corregimos la mala postura del ni\u00f1o.","og_url":"https:\/\/www.activasalut.com\/ca\/postural-kids\/","og_site_name":"Corporaci\u00f3 Fisiogesti\u00f3","article_published_time":"2018-05-04T06:02:04+00:00","article_modified_time":"2018-05-03T10:19:26+00:00","og_image":[{"width":470,"height":246,"url":"https:\/\/www.activasalut.com\/wp-content\/uploads\/2018\/05\/fac.jpg","type":"image\/jpeg"}],"author":"Alba Matavera","twitter_misc":{"Escrit per":"Alba Matavera","Temps estimat de lectura":"2 minuts"},"schema":{"@context":"https:\/\/schema.org","@graph":[{"@type":"WebPage","@id":"https:\/\/www.activasalut.com\/ca\/postural-kids\/","url":"https:\/\/www.activasalut.com\/ca\/postural-kids\/","name":"Postural kids- Corporaci\u00f3n Fisiogesti\u00f3n","isPartOf":{"@id":"https:\/\/www.activasalut.com\/ca\/#website"},"datePublished":"2018-05-04T06:02:04+00:00","dateModified":"2018-05-03T10:19:26+00:00","author":{"@id":"https:\/\/www.activasalut.com\/ca\/#\/schema\/person\/8d578e53bc9d9c805e07eb437d8198fa"},"description":"Es importante que los ni\u00f1os tengan una postura correcta, cualquiera alteraci\u00f3n corporal puede afectar a la habla, la degluci\u00f3n, entre otras.Postural kids...","breadcrumb":{"@id":"https:\/\/www.activasalut.com\/ca\/postural-kids\/#breadcrumb"},"inLanguage":"ca","potentialAction":[{"@type":"ReadAction","target":["https:\/\/www.activasalut.com\/ca\/postural-kids\/"]}]},{"@type":"BreadcrumbList","@id":"https:\/\/www.activasalut.com\/ca\/postural-kids\/#breadcrumb","itemListElement":[{"@type":"ListItem","position":1,"name":"Portada","item":"https:\/\/www.activasalut.com\/ca\/"},{"@type":"ListItem","position":2,"name":"Postural kids"}]},{"@type":"WebSite","@id":"https:\/\/www.activasalut.com\/ca\/#website","url":"https:\/\/www.activasalut.com\/ca\/","name":"Corporaci\u00f3n fisiogesti\u00f3n","description":"Activa la teva salut","potentialAction":[{"@type":"SearchAction","target":{"@type":"EntryPoint","urlTemplate":"https:\/\/www.activasalut.com\/ca\/?s={search_term_string}"},"query-input":"required name=search_term_string"}],"inLanguage":"ca"},{"@type":"Person","@id":"https:\/\/www.activasalut.com\/ca\/#\/schema\/person\/8d578e53bc9d9c805e07eb437d8198fa","name":"Alba Matavera","image":{"@type":"ImageObject","inLanguage":"ca","@id":"https:\/\/www.activasalut.com\/ca\/#\/schema\/person\/image\/","url":"https:\/\/secure.gravatar.com\/avatar\/aa9635476c4f3276460239ce9d8e825d?s=96&d=mm&r=g","contentUrl":"https:\/\/secure.gravatar.com\/avatar\/aa9635476c4f3276460239ce9d8e825d?s=96&d=mm&r=g","caption":"Alba Matavera"},"url":"https:\/\/www.activasalut.com\/ca\/author\/alba-matavera\/"}]}},"_links":{"self":[{"href":"https:\/\/www.activasalut.com\/ca\/wp-json\/wp\/v2\/posts\/3677"}],"collection":[{"href":"https:\/\/www.activasalut.com\/ca\/wp-json\/wp\/v2\/posts"}],"about":[{"href":"https:\/\/www.activasalut.com\/ca\/wp-json\/wp\/v2\/types\/post"}],"author":[{"embeddable":true,"href":"https:\/\/www.activasalut.com\/ca\/wp-json\/wp\/v2\/users\/72"}],"replies":[{"embeddable":true,"href":"https:\/\/www.activasalut.com\/ca\/wp-json\/wp\/v2\/comments?post=3677"}],"version-history":[{"count":2,"href":"https:\/\/www.activasalut.com\/ca\/wp-json\/wp\/v2\/posts\/3677\/revisions"}],"predecessor-version":[{"id":3679,"href":"https:\/\/www.activasalut.com\/ca\/wp-json\/wp\/v2\/posts\/3677\/revisions\/3679"}],"wp:featuredmedia":[{"embeddable":true,"href":"https:\/\/www.activasalut.com\/ca\/wp-json\/wp\/v2\/media\/3673"}],"wp:attachment":[{"href":"https:\/\/www.activasalut.com\/ca\/wp-json\/wp\/v2\/media?parent=3677"}],"wp:term":[{"taxonomy":"category","embeddable":true,"href":"https:\/\/www.activasalut.com\/ca\/wp-json\/wp\/v2\/categories?post=3677"},{"taxonomy":"post_tag","embeddable":true,"href":"https:\/\/www.activasalut.com\/ca\/wp-json\/wp\/v2\/tags?post=3677"}],"curies":[{"name":"wp","href":"https:\/\/api.w.org\/{rel}","templated":true}]}}