{"id":3708,"date":"2018-05-11T11:41:19","date_gmt":"2018-05-11T09:41:19","guid":{"rendered":"https:\/\/www.activasalut.com\/ca\/?p=3708"},"modified":"2018-05-11T11:41:19","modified_gmt":"2018-05-11T09:41:19","slug":"alimentacion-prevencion-enfermedades","status":"publish","type":"post","link":"https:\/\/www.activasalut.com\/ca\/alimentacion-prevencion-enfermedades\/","title":{"rendered":"La nutrici\u00f3 com a prevenci\u00f3 de malalties"},"content":{"rendered":"<p>L&#8217;<strong>alimentaci\u00f3 adequada produeix una harmonia a l&#8217;interior de l&#8217;organisme, <\/strong>en les nostres c\u00e8l\u00b7lules i en la sang, aix\u00ed com en les nostres emocions. <strong>Una alimentaci\u00f3 saludable<\/strong> implica<br \/>\n<!--more-->una aportaci\u00f3 de nutrients energ\u00e8tics (<em>gl\u00facids, l\u00edpids i prote\u00efnes<\/em>) i de nutrients no energ\u00e8tics (<em>vitamines, minerals i aigua<\/em>), el seu desequilibri pot desenvolupar la malaltia<\/p>\n<h3>Els beneficis d&#8217;una bona alimentaci\u00f3<\/h3>\n<p>Ajuda a corregir disfuncions org\u00e0niques: <strong>sobrep\u00e8s, retenci\u00f3 de l\u00edquids i distensi\u00f3 abdominal despr\u00e9s dels menjars<\/strong>. Aix\u00ed mateix, corregeix les intoler\u00e0ncies aliment\u00e0ries, flatul\u00e8ncies, inflor abdominal, somni poc reparador, malestar general, i millora els par\u00e0metres de l&#8217;anal\u00edtica (<em>colesterol, glucosa, \u00e0cid \u00faric<\/em>).<\/p>\n<h3>Qu\u00e8 \u00e9s la dietoter\u00e0pia?<\/h3>\n<p><strong>Existeixen diferents tipus de dietes que faciliten la prevenci\u00f3 de malalties i proporcionen a la persona un estat de benestar.<\/strong><\/p>\n<p>Avui parlarem de la <strong>dietoter\u00e0pia energ\u00e8tica<\/strong>, <strong>una disciplina basada en la medicina tradicional xinesa<\/strong>. Els aliments poden tenir propietats curativas segons el seu sabor, naturalesa (fred, fresc, neutre, tebi, calent), afinitat amb cada \u00f2rgan-v\u00edscera i pels seus efectes (energ\u00e8tic, depuratiu, antireum\u00e0tic\u2026).<\/p>\n<p><strong>La dietoter\u00e0pia energ\u00e8tica \u00e9s un sistema nutricional equilibrat que pot representar la prevenci\u00f3 i curaci\u00f3 hol\u00edstica i integral<\/strong>.<\/p>\n<blockquote><p>La dietoter\u00e0pia combina la dieta amb l&#8217;acupuntura<\/p><\/blockquote>\n<h3>En qu\u00e8 consisteix el tractament?<\/h3>\n<p>El tractament es basa <strong>en establir pautes aliment\u00e0ries personalitzades sobre la base dels requeriments energ\u00e8tics diaris del pacient<\/strong>.<\/p>\n<blockquote><p>L&#8217;ansietat s&#8217;elimina a trav\u00e9s de l&#8217;acupuntura no invasiva i indolora<\/p><\/blockquote>\n<p>Les sessions s\u00f3n individuals i personalitzades, adaptades a les necessitats del pacient.<\/p>\n<p>Les visites s\u00f3n quinzenals, i el tractament dura 45 minuts. El tractament consisteix en:<\/p>\n<p>1\u00aa visita: exploraci\u00f3, diagnostico i tractament\u00a0inicial.<\/p>\n<p>2\u00aa i successives: valoraci\u00f3 i seguiment, control i tractament diet\u00e8tic i nutricional. Mesurament corporal del percentatge de\u00a0massa grassa, massa muscular, l\u00edquids corporals i pes \u00f2ptim del pacient.<\/p>\n<h3>Indicacions de dietoter\u00e0pia energ\u00e8tica i nutrici\u00f3<\/h3>\n<p><strong>Desordres psicosom\u00e0tics<\/strong>: ansietat, fatiga i cansament, nerviosisme i insomni, anor\u00e8xia, bul\u00edmia.<\/p>\n<p><strong>Malalties metab\u00f2liques<\/strong>: hipotiro\u00efdisme, diabetis, gota, exc\u00e9s de colesterol.<\/p>\n<p><strong>Malalties del sistema digestiu<\/strong>: restrenyiment, diarrees, s\u00edndrome de c\u00f2lon irritable, fetge gras.<\/p>\n<p><strong>Obesitat, sobrep\u00e8s i patologies cardiovasculars<\/strong> (hipertensi\u00f3, insufici\u00e8ncia venosa, apnees obstructives del somni).<\/p>\n<p>&#x1f449;\u00a0Visita el\u00a0<a href=\"http:\/\/ecommerce.fisiogestion.com\/ca\/producte\/dietetica\/\" target=\"_blank\" rel=\"noopener\">Servei de diet\u00e8tica a Corporaci\u00f3 Fisiogesti\u00f3n<\/a><\/p>\n","protected":false},"excerpt":{"rendered":"<p>L&#8217;alimentaci\u00f3 adequada produeix una harmonia a l&#8217;interior de l&#8217;organisme, en les nostres c\u00e8l\u00b7lules i en la sang, aix\u00ed com en les nostres emocions. Una<a class=\"moretag\" href=\"https:\/\/www.activasalut.com\/ca\/alimentacion-prevencion-enfermedades\/\">Llegeix m\u00e9s&#8230;<\/a><\/p>\n","protected":false},"author":9,"featured_media":3704,"comment_status":"open","ping_status":"closed","sticky":false,"template":"","format":"standard","meta":[],"categories":[619,625,471,469,2302],"tags":[2509,2489,704,2796,2792,2808,2797,2794,2791,1595,2366,2802,2500,2519,2800,2793,2803,1079,1085,2806,2799,215,2523,1040,2807,2801,2798,2795,2094,2096,2805,2536,2527,2502,2804],"yoast_head":"<!-- This site is optimized with the Yoast SEO plugin v20.0 - https:\/\/yoast.com\/wordpress\/plugins\/seo\/ -->\n<title>Alimentaci\u00f3n, prevenci\u00f3n de enfermedades-Corporaci\u00f3n Fisiogesti\u00f3n<\/title>\n<meta name=\"description\" content=\"La alimentaci\u00f3n adecuada produce una armon\u00eda en el interior del organismo, as\u00ed como en nuestras emociones. Una alimentaci\u00f3n saludable implica...\" \/>\n<meta name=\"robots\" content=\"index, follow, max-snippet:-1, max-image-preview:large, max-video-preview:-1\" \/>\n<link rel=\"canonical\" href=\"https:\/\/www.activasalut.com\/ca\/alimentacion-prevencion-enfermedades\/\" \/>\n<meta property=\"og:locale\" content=\"ca_ES\" \/>\n<meta property=\"og:type\" content=\"article\" \/>\n<meta property=\"og:title\" content=\"Alimentaci\u00f3n, prevenci\u00f3n de enfermedades-Corporaci\u00f3n Fisiogesti\u00f3n\" \/>\n<meta property=\"og:description\" content=\"La alimentaci\u00f3n adecuada produce una armon\u00eda en el interior del organismo, as\u00ed como en nuestras emociones. Una alimentaci\u00f3n saludable implica...\" \/>\n<meta property=\"og:url\" content=\"https:\/\/www.activasalut.com\/ca\/alimentacion-prevencion-enfermedades\/\" \/>\n<meta property=\"og:site_name\" content=\"Corporaci\u00f3 Fisiogesti\u00f3\" \/>\n<meta property=\"article:published_time\" content=\"2018-05-11T09:41:19+00:00\" \/>\n<meta property=\"og:image\" content=\"https:\/\/www.activasalut.com\/wp-content\/uploads\/2018\/05\/boog.jpg\" \/>\n\t<meta property=\"og:image:width\" content=\"300\" \/>\n\t<meta property=\"og:image:height\" content=\"225\" \/>\n\t<meta property=\"og:image:type\" content=\"image\/jpeg\" \/>\n<meta name=\"author\" content=\"Ignasi Ullod\" \/>\n<meta name=\"twitter:label1\" content=\"Escrit per\" \/>\n\t<meta name=\"twitter:data1\" content=\"Ignasi Ullod\" \/>\n\t<meta name=\"twitter:label2\" content=\"Temps estimat de lectura\" \/>\n\t<meta name=\"twitter:data2\" content=\"2 minuts\" \/>\n<script type=\"application\/ld+json\" class=\"yoast-schema-graph\">{\"@context\":\"https:\/\/schema.org\",\"@graph\":[{\"@type\":\"WebPage\",\"@id\":\"https:\/\/www.activasalut.com\/ca\/alimentacion-prevencion-enfermedades\/\",\"url\":\"https:\/\/www.activasalut.com\/ca\/alimentacion-prevencion-enfermedades\/\",\"name\":\"Alimentaci\u00f3n, prevenci\u00f3n de enfermedades-Corporaci\u00f3n Fisiogesti\u00f3n\",\"isPartOf\":{\"@id\":\"https:\/\/www.activasalut.com\/ca\/#website\"},\"datePublished\":\"2018-05-11T09:41:19+00:00\",\"dateModified\":\"2018-05-11T09:41:19+00:00\",\"author\":{\"@id\":\"https:\/\/www.activasalut.com\/ca\/#\/schema\/person\/b36ab5c729dda700e6076b1be3b71462\"},\"description\":\"La alimentaci\u00f3n adecuada produce una armon\u00eda en el interior del organismo, as\u00ed como en nuestras emociones. Una alimentaci\u00f3n saludable implica...\",\"breadcrumb\":{\"@id\":\"https:\/\/www.activasalut.com\/ca\/alimentacion-prevencion-enfermedades\/#breadcrumb\"},\"inLanguage\":\"ca\",\"potentialAction\":[{\"@type\":\"ReadAction\",\"target\":[\"https:\/\/www.activasalut.com\/ca\/alimentacion-prevencion-enfermedades\/\"]}]},{\"@type\":\"BreadcrumbList\",\"@id\":\"https:\/\/www.activasalut.com\/ca\/alimentacion-prevencion-enfermedades\/#breadcrumb\",\"itemListElement\":[{\"@type\":\"ListItem\",\"position\":1,\"name\":\"Portada\",\"item\":\"https:\/\/www.activasalut.com\/ca\/\"},{\"@type\":\"ListItem\",\"position\":2,\"name\":\"La nutrici\u00f3 com a prevenci\u00f3 de malalties\"}]},{\"@type\":\"WebSite\",\"@id\":\"https:\/\/www.activasalut.com\/ca\/#website\",\"url\":\"https:\/\/www.activasalut.com\/ca\/\",\"name\":\"Corporaci\u00f3n fisiogesti\u00f3n\",\"description\":\"Activa la teva salut\",\"potentialAction\":[{\"@type\":\"SearchAction\",\"target\":{\"@type\":\"EntryPoint\",\"urlTemplate\":\"https:\/\/www.activasalut.com\/ca\/?s={search_term_string}\"},\"query-input\":\"required name=search_term_string\"}],\"inLanguage\":\"ca\"},{\"@type\":\"Person\",\"@id\":\"https:\/\/www.activasalut.com\/ca\/#\/schema\/person\/b36ab5c729dda700e6076b1be3b71462\",\"name\":\"Ignasi Ullod\",\"image\":{\"@type\":\"ImageObject\",\"inLanguage\":\"ca\",\"@id\":\"https:\/\/www.activasalut.com\/ca\/#\/schema\/person\/image\/\",\"url\":\"https:\/\/secure.gravatar.com\/avatar\/1e5a635b7332de02380e688b854bfa8a?s=96&d=mm&r=g\",\"contentUrl\":\"https:\/\/secure.gravatar.com\/avatar\/1e5a635b7332de02380e688b854bfa8a?s=96&d=mm&r=g\",\"caption\":\"Ignasi Ullod\"},\"description\":\"Doctor en Medicina China, Nutrici\u00f3n Cl\u00ednica y acupuntor en CF-Roger de Ll\u00faria\",\"url\":\"https:\/\/www.activasalut.com\/ca\/author\/ignasi-ullod\/\"}]}<\/script>\n<!-- \/ Yoast SEO plugin. -->","yoast_head_json":{"title":"Alimentaci\u00f3n, prevenci\u00f3n de enfermedades-Corporaci\u00f3n Fisiogesti\u00f3n","description":"La alimentaci\u00f3n adecuada produce una armon\u00eda en el interior del organismo, as\u00ed como en nuestras emociones. Una alimentaci\u00f3n saludable implica...","robots":{"index":"index","follow":"follow","max-snippet":"max-snippet:-1","max-image-preview":"max-image-preview:large","max-video-preview":"max-video-preview:-1"},"canonical":"https:\/\/www.activasalut.com\/ca\/alimentacion-prevencion-enfermedades\/","og_locale":"ca_ES","og_type":"article","og_title":"Alimentaci\u00f3n, prevenci\u00f3n de enfermedades-Corporaci\u00f3n Fisiogesti\u00f3n","og_description":"La alimentaci\u00f3n adecuada produce una armon\u00eda en el interior del organismo, as\u00ed como en nuestras emociones. Una alimentaci\u00f3n saludable implica...","og_url":"https:\/\/www.activasalut.com\/ca\/alimentacion-prevencion-enfermedades\/","og_site_name":"Corporaci\u00f3 Fisiogesti\u00f3","article_published_time":"2018-05-11T09:41:19+00:00","og_image":[{"width":300,"height":225,"url":"https:\/\/www.activasalut.com\/wp-content\/uploads\/2018\/05\/boog.jpg","type":"image\/jpeg"}],"author":"Ignasi Ullod","twitter_misc":{"Escrit per":"Ignasi Ullod","Temps estimat de lectura":"2 minuts"},"schema":{"@context":"https:\/\/schema.org","@graph":[{"@type":"WebPage","@id":"https:\/\/www.activasalut.com\/ca\/alimentacion-prevencion-enfermedades\/","url":"https:\/\/www.activasalut.com\/ca\/alimentacion-prevencion-enfermedades\/","name":"Alimentaci\u00f3n, prevenci\u00f3n de enfermedades-Corporaci\u00f3n Fisiogesti\u00f3n","isPartOf":{"@id":"https:\/\/www.activasalut.com\/ca\/#website"},"datePublished":"2018-05-11T09:41:19+00:00","dateModified":"2018-05-11T09:41:19+00:00","author":{"@id":"https:\/\/www.activasalut.com\/ca\/#\/schema\/person\/b36ab5c729dda700e6076b1be3b71462"},"description":"La alimentaci\u00f3n adecuada produce una armon\u00eda en el interior del organismo, as\u00ed como en nuestras emociones. Una alimentaci\u00f3n saludable implica...","breadcrumb":{"@id":"https:\/\/www.activasalut.com\/ca\/alimentacion-prevencion-enfermedades\/#breadcrumb"},"inLanguage":"ca","potentialAction":[{"@type":"ReadAction","target":["https:\/\/www.activasalut.com\/ca\/alimentacion-prevencion-enfermedades\/"]}]},{"@type":"BreadcrumbList","@id":"https:\/\/www.activasalut.com\/ca\/alimentacion-prevencion-enfermedades\/#breadcrumb","itemListElement":[{"@type":"ListItem","position":1,"name":"Portada","item":"https:\/\/www.activasalut.com\/ca\/"},{"@type":"ListItem","position":2,"name":"La nutrici\u00f3 com a prevenci\u00f3 de malalties"}]},{"@type":"WebSite","@id":"https:\/\/www.activasalut.com\/ca\/#website","url":"https:\/\/www.activasalut.com\/ca\/","name":"Corporaci\u00f3n fisiogesti\u00f3n","description":"Activa la teva salut","potentialAction":[{"@type":"SearchAction","target":{"@type":"EntryPoint","urlTemplate":"https:\/\/www.activasalut.com\/ca\/?s={search_term_string}"},"query-input":"required name=search_term_string"}],"inLanguage":"ca"},{"@type":"Person","@id":"https:\/\/www.activasalut.com\/ca\/#\/schema\/person\/b36ab5c729dda700e6076b1be3b71462","name":"Ignasi Ullod","image":{"@type":"ImageObject","inLanguage":"ca","@id":"https:\/\/www.activasalut.com\/ca\/#\/schema\/person\/image\/","url":"https:\/\/secure.gravatar.com\/avatar\/1e5a635b7332de02380e688b854bfa8a?s=96&d=mm&r=g","contentUrl":"https:\/\/secure.gravatar.com\/avatar\/1e5a635b7332de02380e688b854bfa8a?s=96&d=mm&r=g","caption":"Ignasi Ullod"},"description":"Doctor en Medicina China, Nutrici\u00f3n Cl\u00ednica y acupuntor en CF-Roger de Ll\u00faria","url":"https:\/\/www.activasalut.com\/ca\/author\/ignasi-ullod\/"}]}},"_links":{"self":[{"href":"https:\/\/www.activasalut.com\/ca\/wp-json\/wp\/v2\/posts\/3708"}],"collection":[{"href":"https:\/\/www.activasalut.com\/ca\/wp-json\/wp\/v2\/posts"}],"about":[{"href":"https:\/\/www.activasalut.com\/ca\/wp-json\/wp\/v2\/types\/post"}],"author":[{"embeddable":true,"href":"https:\/\/www.activasalut.com\/ca\/wp-json\/wp\/v2\/users\/9"}],"replies":[{"embeddable":true,"href":"https:\/\/www.activasalut.com\/ca\/wp-json\/wp\/v2\/comments?post=3708"}],"version-history":[{"count":3,"href":"https:\/\/www.activasalut.com\/ca\/wp-json\/wp\/v2\/posts\/3708\/revisions"}],"predecessor-version":[{"id":3715,"href":"https:\/\/www.activasalut.com\/ca\/wp-json\/wp\/v2\/posts\/3708\/revisions\/3715"}],"wp:featuredmedia":[{"embeddable":true,"href":"https:\/\/www.activasalut.com\/ca\/wp-json\/wp\/v2\/media\/3704"}],"wp:attachment":[{"href":"https:\/\/www.activasalut.com\/ca\/wp-json\/wp\/v2\/media?parent=3708"}],"wp:term":[{"taxonomy":"category","embeddable":true,"href":"https:\/\/www.activasalut.com\/ca\/wp-json\/wp\/v2\/categories?post=3708"},{"taxonomy":"post_tag","embeddable":true,"href":"https:\/\/www.activasalut.com\/ca\/wp-json\/wp\/v2\/tags?post=3708"}],"curies":[{"name":"wp","href":"https:\/\/api.w.org\/{rel}","templated":true}]}}