{"id":3725,"date":"2018-05-18T08:00:44","date_gmt":"2018-05-18T06:00:44","guid":{"rendered":"https:\/\/www.activasalut.com\/ca\/?p=3725"},"modified":"2018-05-17T15:33:21","modified_gmt":"2018-05-17T13:33:21","slug":"logopedia-familia","status":"publish","type":"post","link":"https:\/\/www.activasalut.com\/ca\/logopedia-familia\/","title":{"rendered":"La import\u00e0ncia de la fam\u00edlia en el desenvolupament dels nens"},"content":{"rendered":"<p>A <strong>Logop\u00e8dia la col\u00b7laboraci\u00f3 familiar \u00e9s imprescindible i summament rellevant<\/strong>, la qual cosa el que aprenen amb nosaltres despr\u00e9s hauran d&#8217;automatitzar-ho en l&#8217;entorn proper (fam\u00edlia i col\u00b7legi).<!--more--><\/p>\n<h3><span style=\"color: #000080;\">Implicaci\u00f3 de la fam\u00edlia a Logop\u00e8dia<\/span><\/h3>\n<p>\u00c9s molt important que la fam\u00edlia s&#8217;impliqui en la reeducaci\u00f3 perqu\u00e8 aquesta sigui m\u00e9s exitosa.<\/p>\n<blockquote><p>La confian\u00e7a de les fam\u00edlies en els professionals facilita l&#8217;evoluci\u00f3<\/p><\/blockquote>\n<p>En els nostres centres de logop\u00e8dia lliurem a les fam\u00edlies un document de \u201c<a href=\"https:\/\/www.activasalut.com\/ca\/implicacion-familiar-logopedia\/\" target=\"_blank\" rel=\"noopener\">Recomanacions per als pares\/mares<\/a>\u201d, amb la finalitat d&#8217;aconseguir implicaci\u00f3.<\/p>\n<h3><span style=\"color: #000080;\">Context familiar<\/span><\/h3>\n<p>Al llarg de la hist\u00f2ria, la societat v\u00e0ria i l&#8217;estructura familiar tamb\u00e9. Dia a dia atenem a nens amb diferents estructures familiars. <strong>Hem d&#8217;estar ben informats del context familiar del nen, ja que \u00e9s determinant per al desenvolupament emocional i del llenguatge, entre altres aspectes<\/strong>. Del nucli familiar aprendran qui s\u00f3n i desenvoluparan la seva personalitat.<\/p>\n<blockquote><p>L&#8217;ambient en qu\u00e8 creixen els nens \u00e9s b\u00e0sic per a la resta de la seva vida<\/p><\/blockquote>\n<p>La fam\u00edlia va m\u00e9s enll\u00e0 dels pares biol\u00f2gics. \u00c9s un o dos adults RESPONSABLES que estableixen vincles afectius amb el nen i s\u00f3n referents per a ells.<\/p>\n<p>&#x1f4cc;\u00a0El passat dia <strong>15 de maig va ser el Dia mundial de les fam\u00edlies<\/strong> i per aquest motiu rendim el nostre petit homenatge als <strong><em>Tipus de fam\u00edlia<\/em><\/strong>.<\/p>\n<h3><span style=\"color: #000080;\">Tipus de fam\u00edlia<\/span><\/h3>\n<p><span style=\"color: #000080;\">Fam\u00edlia nuclear (biparental)<\/span>. Formada per pare, mare i fills.<\/p>\n<p><span style=\"color: #000080;\">Fam\u00edlia monoparental<\/span>: nom\u00e9s un dels pares es fa c\u00e0rrec de la unitat familiar. (Solen requerir ajuda d&#8217;altres familiars propers, com els avis o oncles).<\/p>\n<p><span style=\"color: #000080;\">Fam\u00edlia adoptiva<\/span>.\u00a0Una o dues persones que adopten a un nen.<\/p>\n<p><span style=\"color: #000080;\">Fam\u00edlia sense fills<span style=\"color: #000000;\">. N<\/span><\/span>o tenen descendents.<\/p>\n<p><span style=\"color: #000080;\">Fam\u00edlia de pares separats<\/span>. Els progenitors\u00a0s&#8217;han separat. Malgrat no viure junts segueixen complint amb els seus deures com a pares.<\/p>\n<p><span style=\"color: #000080;\">Fam\u00edlia composta formada per diverses fam\u00edlies nuclears<\/span>. La causa m\u00e9s comuna \u00e9s que s&#8217;han format altres fam\u00edlies despr\u00e9s de la ruptura de parella, i el fill a m\u00e9s de viure amb la seva mare i la seva parella, tamb\u00e9 t\u00e9 la fam\u00edlia del seu pare i la seva parella.<\/p>\n<p><span style=\"color: #000080;\">Fam\u00edlia homoparental<\/span>. Es caracteritza per tenir a dos\u00a0pares o dues\u00a0 mares homosexuals\u00a0que adopten a un fill, o tenen un de biol\u00f2gic d&#8217;un dels dos components.<\/p>\n<h3><span style=\"color: #000080;\">Recomendaci\u00f3 (amb un \u00fanic missatge)<\/span><\/h3>\n<p>Cada fam\u00edlia \u00e9s diferent, per\u00f2 v\u00e0lida i especial, sense importar per qui est\u00e0 formada. L&#8217;essencial \u00e9s l&#8217;amor i la felicitat entre les persones que la formen.<\/p>\n<h3><em><span style=\"color: #000080;\">Benvingut a la fam\u00edlia<\/span><\/em><\/h3>\n<p>Aquest llibre il\u00b7lustrat explora les diferents maneres en qu\u00e8 un beb\u00e8 o un nen poden arribar a una fam\u00edlia: part natural, adopci\u00f3, fam\u00edlia d&#8217;acolliment, aix\u00ed com els diferents tipus de fam\u00edlia; monoparentals, pares del mateix sexe, etc.<\/p>\n<ul>\n<li>T\u00edtol:<a href=\"http:\/\/www.editorialjuventud.es\/4073.html\" target=\"_blank\" rel=\"noopener\"><em> Benvingut a la fam\u00edlia<\/em><\/a><\/li>\n<li>Text: <a href=\"http:\/\/www.maryhoffman.co.uk\/\" target=\"_blank\" rel=\"noopener\">Mary Hoffman<\/a><\/li>\n<li>Il\u00b7lustracions: <a href=\"http:\/\/www.rosasquith.co.uk\/\" target=\"_blank\" rel=\"noopener\">Ros Asquith<\/a><\/li>\n<li>Editorial: <em><a href=\"http:\/\/www.editorialjuventud.es\/\" target=\"_blank\" rel=\"noopener\">Juventud<\/a><\/em><\/li>\n<li>Edat: de 3 a 99<\/li>\n<\/ul>\n<p>&#x1f449;\u00a0\u00a0Visita el nostre <a href=\"http:\/\/ecommerce.fisiogestion.com\/ca\/producte\/logopedia\/\" target=\"_blank\" rel=\"noopener\">servei\u00a0<\/a>Logop\u00e8dia<\/p>\n<div class=\"addtoany_share_save_container addtoany_content_bottom\">\n<div id=\"\" class=\"a2a_kit a2a_kit_size_32 addtoany_list a2a_target\"><\/div>\n<\/div>\n","protected":false},"excerpt":{"rendered":"<p>A Logop\u00e8dia la col\u00b7laboraci\u00f3 familiar \u00e9s imprescindible i summament rellevant, la qual cosa el que aprenen amb nosaltres despr\u00e9s hauran d&#8217;automatitzar-ho en l&#8217;entorn proper<a class=\"moretag\" href=\"https:\/\/www.activasalut.com\/ca\/logopedia-familia\/\">Llegeix m\u00e9s&#8230;<\/a><\/p>\n","protected":false},"author":11,"featured_media":3722,"comment_status":"open","ping_status":"closed","sticky":false,"template":"","format":"standard","meta":[],"categories":[608,589,581,611,831,467,469,2302],"tags":[1848,1850,2826,2824,2823,2827,1745,1741,1626,99,1618,96,1107,1703,123,1052,277,2309,2828,2310,2829,2825,2830,952,1422,92],"yoast_head":"<!-- This site is optimized with the Yoast SEO plugin v20.0 - https:\/\/yoast.com\/wordpress\/plugins\/seo\/ -->\n<title>Logopedia, el papel de la familia - Corporaci\u00f3n Fisiogesti\u00f3n<\/title>\n<meta name=\"description\" content=\"En Logopedia la colaboraci\u00f3n de la familia es imprescindible y sumamente relevante. Es crucial que la familia se implique en la reeducaci\u00f3n logop\u00e9dica.\" \/>\n<meta name=\"robots\" content=\"index, follow, max-snippet:-1, max-image-preview:large, max-video-preview:-1\" \/>\n<link rel=\"canonical\" href=\"https:\/\/www.activasalut.com\/ca\/logopedia-familia\/\" \/>\n<meta property=\"og:locale\" content=\"ca_ES\" \/>\n<meta property=\"og:type\" content=\"article\" \/>\n<meta property=\"og:title\" content=\"La importancia de la familia en el desarrollo de los ni\u00f1os\" \/>\n<meta property=\"og:description\" content=\"En Logopedia la colaboraci\u00f3n de la familia es imprescindible y sumamente relevante. Es crucial que la familia se implique en la reeducaci\u00f3n logop\u00e9dica.\" \/>\n<meta property=\"og:url\" content=\"https:\/\/www.activasalut.com\/ca\/logopedia-familia\/\" \/>\n<meta property=\"og:site_name\" content=\"Corporaci\u00f3 Fisiogesti\u00f3\" \/>\n<meta property=\"article:published_time\" content=\"2018-05-18T06:00:44+00:00\" \/>\n<meta property=\"article:modified_time\" content=\"2018-05-17T13:33:21+00:00\" \/>\n<meta property=\"og:image\" content=\"https:\/\/www.activasalut.com\/wp-content\/uploads\/2018\/05\/fac-2.jpg\" \/>\n\t<meta property=\"og:image:width\" content=\"470\" \/>\n\t<meta property=\"og:image:height\" content=\"246\" \/>\n\t<meta property=\"og:image:type\" content=\"image\/jpeg\" \/>\n<meta name=\"author\" content=\"Marta S\u00e1nchez\" \/>\n<meta name=\"twitter:label1\" content=\"Escrit per\" \/>\n\t<meta name=\"twitter:data1\" content=\"Marta S\u00e1nchez\" \/>\n\t<meta name=\"twitter:label2\" content=\"Temps estimat de lectura\" \/>\n\t<meta name=\"twitter:data2\" content=\"3 minuts\" \/>\n<script type=\"application\/ld+json\" class=\"yoast-schema-graph\">{\"@context\":\"https:\/\/schema.org\",\"@graph\":[{\"@type\":\"WebPage\",\"@id\":\"https:\/\/www.activasalut.com\/ca\/logopedia-familia\/\",\"url\":\"https:\/\/www.activasalut.com\/ca\/logopedia-familia\/\",\"name\":\"Logopedia, el papel de la familia - Corporaci\u00f3n Fisiogesti\u00f3n\",\"isPartOf\":{\"@id\":\"https:\/\/www.activasalut.com\/ca\/#website\"},\"datePublished\":\"2018-05-18T06:00:44+00:00\",\"dateModified\":\"2018-05-17T13:33:21+00:00\",\"author\":{\"@id\":\"https:\/\/www.activasalut.com\/ca\/#\/schema\/person\/d5143be2de4caf189b0d7ac707abe439\"},\"description\":\"En Logopedia la colaboraci\u00f3n de la familia es imprescindible y sumamente relevante. Es crucial que la familia se implique en la reeducaci\u00f3n logop\u00e9dica.\",\"breadcrumb\":{\"@id\":\"https:\/\/www.activasalut.com\/ca\/logopedia-familia\/#breadcrumb\"},\"inLanguage\":\"ca\",\"potentialAction\":[{\"@type\":\"ReadAction\",\"target\":[\"https:\/\/www.activasalut.com\/ca\/logopedia-familia\/\"]}]},{\"@type\":\"BreadcrumbList\",\"@id\":\"https:\/\/www.activasalut.com\/ca\/logopedia-familia\/#breadcrumb\",\"itemListElement\":[{\"@type\":\"ListItem\",\"position\":1,\"name\":\"Portada\",\"item\":\"https:\/\/www.activasalut.com\/ca\/\"},{\"@type\":\"ListItem\",\"position\":2,\"name\":\"La import\u00e0ncia de la fam\u00edlia en el desenvolupament dels nens\"}]},{\"@type\":\"WebSite\",\"@id\":\"https:\/\/www.activasalut.com\/ca\/#website\",\"url\":\"https:\/\/www.activasalut.com\/ca\/\",\"name\":\"Corporaci\u00f3n fisiogesti\u00f3n\",\"description\":\"Activa la teva salut\",\"potentialAction\":[{\"@type\":\"SearchAction\",\"target\":{\"@type\":\"EntryPoint\",\"urlTemplate\":\"https:\/\/www.activasalut.com\/ca\/?s={search_term_string}\"},\"query-input\":\"required name=search_term_string\"}],\"inLanguage\":\"ca\"},{\"@type\":\"Person\",\"@id\":\"https:\/\/www.activasalut.com\/ca\/#\/schema\/person\/d5143be2de4caf189b0d7ac707abe439\",\"name\":\"Marta S\u00e1nchez\",\"image\":{\"@type\":\"ImageObject\",\"inLanguage\":\"ca\",\"@id\":\"https:\/\/www.activasalut.com\/ca\/#\/schema\/person\/image\/\",\"url\":\"https:\/\/secure.gravatar.com\/avatar\/e1567da7ae4b7e10e7eae46b3fb124e4?s=96&d=mm&r=g\",\"contentUrl\":\"https:\/\/secure.gravatar.com\/avatar\/e1567da7ae4b7e10e7eae46b3fb124e4?s=96&d=mm&r=g\",\"caption\":\"Marta S\u00e1nchez\"},\"url\":\"https:\/\/www.activasalut.com\/ca\/author\/marta-sanchez\/\"}]}<\/script>\n<!-- \/ Yoast SEO plugin. -->","yoast_head_json":{"title":"Logopedia, el papel de la familia - Corporaci\u00f3n Fisiogesti\u00f3n","description":"En Logopedia la colaboraci\u00f3n de la familia es imprescindible y sumamente relevante. Es crucial que la familia se implique en la reeducaci\u00f3n logop\u00e9dica.","robots":{"index":"index","follow":"follow","max-snippet":"max-snippet:-1","max-image-preview":"max-image-preview:large","max-video-preview":"max-video-preview:-1"},"canonical":"https:\/\/www.activasalut.com\/ca\/logopedia-familia\/","og_locale":"ca_ES","og_type":"article","og_title":"La importancia de la familia en el desarrollo de los ni\u00f1os","og_description":"En Logopedia la colaboraci\u00f3n de la familia es imprescindible y sumamente relevante. Es crucial que la familia se implique en la reeducaci\u00f3n logop\u00e9dica.","og_url":"https:\/\/www.activasalut.com\/ca\/logopedia-familia\/","og_site_name":"Corporaci\u00f3 Fisiogesti\u00f3","article_published_time":"2018-05-18T06:00:44+00:00","article_modified_time":"2018-05-17T13:33:21+00:00","og_image":[{"width":470,"height":246,"url":"https:\/\/www.activasalut.com\/wp-content\/uploads\/2018\/05\/fac-2.jpg","type":"image\/jpeg"}],"author":"Marta S\u00e1nchez","twitter_misc":{"Escrit per":"Marta S\u00e1nchez","Temps estimat de lectura":"3 minuts"},"schema":{"@context":"https:\/\/schema.org","@graph":[{"@type":"WebPage","@id":"https:\/\/www.activasalut.com\/ca\/logopedia-familia\/","url":"https:\/\/www.activasalut.com\/ca\/logopedia-familia\/","name":"Logopedia, el papel de la familia - Corporaci\u00f3n Fisiogesti\u00f3n","isPartOf":{"@id":"https:\/\/www.activasalut.com\/ca\/#website"},"datePublished":"2018-05-18T06:00:44+00:00","dateModified":"2018-05-17T13:33:21+00:00","author":{"@id":"https:\/\/www.activasalut.com\/ca\/#\/schema\/person\/d5143be2de4caf189b0d7ac707abe439"},"description":"En Logopedia la colaboraci\u00f3n de la familia es imprescindible y sumamente relevante. Es crucial que la familia se implique en la reeducaci\u00f3n logop\u00e9dica.","breadcrumb":{"@id":"https:\/\/www.activasalut.com\/ca\/logopedia-familia\/#breadcrumb"},"inLanguage":"ca","potentialAction":[{"@type":"ReadAction","target":["https:\/\/www.activasalut.com\/ca\/logopedia-familia\/"]}]},{"@type":"BreadcrumbList","@id":"https:\/\/www.activasalut.com\/ca\/logopedia-familia\/#breadcrumb","itemListElement":[{"@type":"ListItem","position":1,"name":"Portada","item":"https:\/\/www.activasalut.com\/ca\/"},{"@type":"ListItem","position":2,"name":"La import\u00e0ncia de la fam\u00edlia en el desenvolupament dels nens"}]},{"@type":"WebSite","@id":"https:\/\/www.activasalut.com\/ca\/#website","url":"https:\/\/www.activasalut.com\/ca\/","name":"Corporaci\u00f3n fisiogesti\u00f3n","description":"Activa la teva salut","potentialAction":[{"@type":"SearchAction","target":{"@type":"EntryPoint","urlTemplate":"https:\/\/www.activasalut.com\/ca\/?s={search_term_string}"},"query-input":"required name=search_term_string"}],"inLanguage":"ca"},{"@type":"Person","@id":"https:\/\/www.activasalut.com\/ca\/#\/schema\/person\/d5143be2de4caf189b0d7ac707abe439","name":"Marta S\u00e1nchez","image":{"@type":"ImageObject","inLanguage":"ca","@id":"https:\/\/www.activasalut.com\/ca\/#\/schema\/person\/image\/","url":"https:\/\/secure.gravatar.com\/avatar\/e1567da7ae4b7e10e7eae46b3fb124e4?s=96&d=mm&r=g","contentUrl":"https:\/\/secure.gravatar.com\/avatar\/e1567da7ae4b7e10e7eae46b3fb124e4?s=96&d=mm&r=g","caption":"Marta S\u00e1nchez"},"url":"https:\/\/www.activasalut.com\/ca\/author\/marta-sanchez\/"}]}},"_links":{"self":[{"href":"https:\/\/www.activasalut.com\/ca\/wp-json\/wp\/v2\/posts\/3725"}],"collection":[{"href":"https:\/\/www.activasalut.com\/ca\/wp-json\/wp\/v2\/posts"}],"about":[{"href":"https:\/\/www.activasalut.com\/ca\/wp-json\/wp\/v2\/types\/post"}],"author":[{"embeddable":true,"href":"https:\/\/www.activasalut.com\/ca\/wp-json\/wp\/v2\/users\/11"}],"replies":[{"embeddable":true,"href":"https:\/\/www.activasalut.com\/ca\/wp-json\/wp\/v2\/comments?post=3725"}],"version-history":[{"count":1,"href":"https:\/\/www.activasalut.com\/ca\/wp-json\/wp\/v2\/posts\/3725\/revisions"}],"predecessor-version":[{"id":3728,"href":"https:\/\/www.activasalut.com\/ca\/wp-json\/wp\/v2\/posts\/3725\/revisions\/3728"}],"wp:featuredmedia":[{"embeddable":true,"href":"https:\/\/www.activasalut.com\/ca\/wp-json\/wp\/v2\/media\/3722"}],"wp:attachment":[{"href":"https:\/\/www.activasalut.com\/ca\/wp-json\/wp\/v2\/media?parent=3725"}],"wp:term":[{"taxonomy":"category","embeddable":true,"href":"https:\/\/www.activasalut.com\/ca\/wp-json\/wp\/v2\/categories?post=3725"},{"taxonomy":"post_tag","embeddable":true,"href":"https:\/\/www.activasalut.com\/ca\/wp-json\/wp\/v2\/tags?post=3725"}],"curies":[{"name":"wp","href":"https:\/\/api.w.org\/{rel}","templated":true}]}}