{"id":3800,"date":"2018-06-15T13:02:54","date_gmt":"2018-06-15T11:02:54","guid":{"rendered":"https:\/\/www.activasalut.com\/ca\/?p=3800"},"modified":"2018-10-03T11:54:23","modified_gmt":"2018-10-03T09:54:23","slug":"tecarterapia-una-terapia-dolor","status":"publish","type":"post","link":"https:\/\/www.activasalut.com\/ca\/tecarterapia-una-terapia-dolor\/","title":{"rendered":"INDIBA, TECARTER\u00c0PIA. Un tractament per al dolor"},"content":{"rendered":"<p>En l\u2019\u00e0mbit de l\u2019<em>electromedicina<\/em> i dins de l\u2019especialitat de medicina f\u00edsica i rehabilitaci\u00f3 s\u2019utilitzen ter\u00e0pies amb diferents tipus de corrents que han demostrat ser segures aplicades al cos hum\u00e0.<!--more--><\/p>\n<h3><span style=\"color: #0000ff;\">Els inicis<\/span><\/h3>\n<p>En els anys 80, Becker va introduir el concepte de que processos vitals del nostre organisme estan controlats per camps electromagn\u00e8tics, d\u2019aqu\u00ed l\u2019inter\u00e8s de <strong>l\u2019electroter\u00e0pia com a eina per al tractament del dolor en diferents afeccions de l\u2019aparell locomotor<\/strong>.<\/p>\n<h3><em><span style=\"color: #0000ff;\">Tecarter\u00e0pia\/INDIBA<\/span><\/em><\/h3>\n<p>La <strong>TECARTER\u00c0PIA<\/strong> (tamb\u00e9 coneguda com a <strong>INDIBA<\/strong>), \u00e9s una t\u00e8cnica terap\u00e8utica que <strong>combina una ter\u00e0pia manual amb l\u2019aplicaci\u00f3 de calor profunda<\/strong>, no invasiva.<\/p>\n<h3><span style=\"color: #0000ff;\">M\u00e8tode<\/span><\/h3>\n<p>Es basa en l\u2019aplicaci\u00f3 de corrents d\u2019alta freq\u00fc\u00e8ncia de <em>0.5 MHz<\/em>, transferides al pacient, o b\u00e9, mitjan\u00e7ant el\u00e8ctrodes d\u2019aplicaci\u00f3 a\u00efllats (<em>Transfer\u00e8ncia el\u00e8ctrica capacitiva \u00f3 TEC<\/em>) o mitjan\u00e7ant el\u00e8ctrodes met\u00e0l\u00b7lics asim\u00e8trics (<em>Transfer\u00e8ncia el\u00e8ctrica resistiva o TER<\/em>).<\/p>\n<h3><span style=\"color: #0000ff;\">Diat\u00e8rmia profunda<\/span><\/h3>\n<p>En el cos hum\u00e0, la <em>Transfer\u00e8ncia El\u00e9ctrica Capacitiva-Resistiva (TECR)<\/em> \u00e9s el resultat d\u2019una transformaci\u00f3 d\u2019energia d\u2019alta freq\u00fc\u00e8ncia (0,5 MHz) en temperatura interna, \u00e9s a dir, cada c\u00e8l\u00b7lula capta part d\u2019aquesta energia i la transforma en temperatura. \u00c9s el que anomenem <strong><a href=\"https:\/\/www.activasalut.com\/lesion-deporte-dynamix\/\" target=\"_blank\" rel=\"noopener\">diat\u00e8rmia<\/a> profunda<\/strong>.<\/p>\n<h4><span style=\"color: #0000ff;\">Canvis biol\u00f2gics <\/span><\/h4>\n<p>Les m\u00e9s importants de la diat\u00e8rmia s\u00f3n:<\/p>\n<ol>\n<li><strong>Vasodilataci\u00f3<\/strong>, que comporta un increment de l\u2019oxigenaci\u00f3 dels teixits.<\/li>\n<li><strong>Increment del drenatge ven\u00f3s i limf\u00e0tic<\/strong>, que implica una disminuci\u00f3 de l\u2019edema i la inflamaci\u00f3<\/li>\n<li><strong>Acceleraci\u00f3 dels processos reparadors dels teixits<\/strong> i la conseq\u00fcent reparaci\u00f3 de les fibres musculars.<\/li>\n<li><strong>Intensa acci\u00f3 sobre els processos dolorosos<\/strong> per la disminuci\u00f3 de l\u2019<em>acidosi tissular<\/em>.<\/li>\n<\/ol>\n<p>Cl\u00ednicament, la <strong>TECARTERAPIA<\/strong> es pot utilitzar <strong>en el tractament del dolor en pacients amb lesions musculars cr\u00f2niques o agudes, en patologia dels tendons i en processos inflamatoris de la columna<\/strong>.<\/p>\n<p>Per a la seva indicaci\u00f3, \u00e9s aconsellable una valoraci\u00f3 individualitzada de cada pacient per tal d\u2019ajustar el diagn\u00f2stic i assegurar que no existeixen contraindicacions per a la seva aplicaci\u00f3.<\/p>\n<h2>Visita la nostra UNITAT de l&#8217;ESPORT\u00a0 &#x1f449;<a href=\"http:\/\/www.fisiogestion.com\/ca\/sport\/\" target=\"_blank\" rel=\"noopener\">Aqu\u00ed<\/a>&#x1f448;<\/h2>\n<pre>&#x1f4dd;\u00a0Bibliografia<\/pre>\n<ul>\n<li>\n<pre>Becker RO. Mechanisms of growth control. Springfield MO: Charles C Thomas Co, 1981.<\/pre>\n<\/li>\n<li>\n<pre>Plaja J. Generalidades sobre electroterapia: Analgesia por medios f\u00edsicos. McGraw-Hill \/ Interamericana de Espa\u00f1a S.A.U. 2003.<\/pre>\n<\/li>\n<li>\n<pre>Ganzit GP, Stefanini L, Stesina G. Nuove methoice nei trattamento della patologia muscolo-articolare del l\u00b4atleta: la tecarterapia. Med Sport (Torino) 2000; 53(4): 361-367.<\/pre>\n<\/li>\n<li>\n<pre>Vicent E, Balbastre I, Encinas P. Eficacia terap\u00e9utica de hipertermia por transferencia capactitiva-resistiva en cervicalgias. Rehabilitaci\u00f3n (Madr) 2007; 41 Supl I:73-133.<\/pre>\n<\/li>\n<\/ul>\n","protected":false},"excerpt":{"rendered":"<p>En l\u2019\u00e0mbit de l\u2019electromedicina i dins de l\u2019especialitat de medicina f\u00edsica i rehabilitaci\u00f3 s\u2019utilitzen ter\u00e0pies amb diferents tipus de corrents que han demostrat ser<a class=\"moretag\" href=\"https:\/\/www.activasalut.com\/ca\/tecarterapia-una-terapia-dolor\/\">Llegeix m\u00e9s&#8230;<\/a><\/p>\n","protected":false},"author":75,"featured_media":3919,"comment_status":"open","ping_status":"closed","sticky":false,"template":"","format":"standard","meta":[],"categories":[609,610,475,831,467,469,2302,2790],"tags":[1779,2865,2866,2873,2867,1184,1336,962,864,852,2699,2868,854,2869,2870,2871,2872],"yoast_head":"<!-- This site is optimized with the Yoast SEO plugin v20.0 - https:\/\/yoast.com\/wordpress\/plugins\/seo\/ -->\n<title>Tecarterapia, Una terapia para el dolor- Corporaci\u00f3n Fisiogesti\u00f3n<\/title>\n<meta name=\"description\" content=\"La TECARTERAPIA es una t\u00e9cnica terap\u00e9utica que combina una terapia manual con la aplicaci\u00f3n de calor profundo, no invasiva. Te ayudar\u00e1 a disminuir el dolor\" \/>\n<meta name=\"robots\" content=\"index, follow, max-snippet:-1, max-image-preview:large, max-video-preview:-1\" \/>\n<link rel=\"canonical\" href=\"https:\/\/www.activasalut.com\/ca\/tecarterapia-una-terapia-dolor\/\" \/>\n<meta property=\"og:locale\" content=\"ca_ES\" \/>\n<meta property=\"og:type\" content=\"article\" \/>\n<meta property=\"og:title\" content=\"TECARTERAPIA. Una terapia para el dolor\" \/>\n<meta property=\"og:description\" content=\"Te presentamos una t\u00e9cnica terap\u00e9utica que te ayudar\u00e1 a disminuir el dolor de tu lesi\u00f3n.\" \/>\n<meta property=\"og:url\" content=\"https:\/\/www.activasalut.com\/ca\/tecarterapia-una-terapia-dolor\/\" \/>\n<meta property=\"og:site_name\" content=\"Corporaci\u00f3 Fisiogesti\u00f3\" \/>\n<meta property=\"article:published_time\" content=\"2018-06-15T11:02:54+00:00\" \/>\n<meta property=\"article:modified_time\" content=\"2018-10-03T09:54:23+00:00\" \/>\n<meta property=\"og:image\" content=\"https:\/\/www.activasalut.com\/wp-content\/uploads\/2018\/06\/fac-1.jpg\" \/>\n\t<meta property=\"og:image:width\" content=\"470\" \/>\n\t<meta property=\"og:image:height\" content=\"246\" \/>\n\t<meta property=\"og:image:type\" content=\"image\/jpeg\" \/>\n<meta name=\"author\" content=\"Conxita Closa &amp; Eva Selicke\" \/>\n<meta name=\"twitter:label1\" content=\"Escrit per\" \/>\n\t<meta name=\"twitter:data1\" content=\"Conxita Closa &amp; Eva Selicke\" \/>\n\t<meta name=\"twitter:label2\" content=\"Temps estimat de lectura\" \/>\n\t<meta name=\"twitter:data2\" content=\"2 minuts\" \/>\n<script type=\"application\/ld+json\" class=\"yoast-schema-graph\">{\"@context\":\"https:\/\/schema.org\",\"@graph\":[{\"@type\":\"WebPage\",\"@id\":\"https:\/\/www.activasalut.com\/ca\/tecarterapia-una-terapia-dolor\/\",\"url\":\"https:\/\/www.activasalut.com\/ca\/tecarterapia-una-terapia-dolor\/\",\"name\":\"Tecarterapia, Una terapia para el dolor- Corporaci\u00f3n Fisiogesti\u00f3n\",\"isPartOf\":{\"@id\":\"https:\/\/www.activasalut.com\/ca\/#website\"},\"datePublished\":\"2018-06-15T11:02:54+00:00\",\"dateModified\":\"2018-10-03T09:54:23+00:00\",\"author\":{\"@id\":\"https:\/\/www.activasalut.com\/ca\/#\/schema\/person\/961622691730e04db299573af226a72d\"},\"description\":\"La TECARTERAPIA es una t\u00e9cnica terap\u00e9utica que combina una terapia manual con la aplicaci\u00f3n de calor profundo, no invasiva. Te ayudar\u00e1 a disminuir el dolor\",\"breadcrumb\":{\"@id\":\"https:\/\/www.activasalut.com\/ca\/tecarterapia-una-terapia-dolor\/#breadcrumb\"},\"inLanguage\":\"ca\",\"potentialAction\":[{\"@type\":\"ReadAction\",\"target\":[\"https:\/\/www.activasalut.com\/ca\/tecarterapia-una-terapia-dolor\/\"]}]},{\"@type\":\"BreadcrumbList\",\"@id\":\"https:\/\/www.activasalut.com\/ca\/tecarterapia-una-terapia-dolor\/#breadcrumb\",\"itemListElement\":[{\"@type\":\"ListItem\",\"position\":1,\"name\":\"Portada\",\"item\":\"https:\/\/www.activasalut.com\/ca\/\"},{\"@type\":\"ListItem\",\"position\":2,\"name\":\"INDIBA, TECARTER\u00c0PIA. Un tractament per al dolor\"}]},{\"@type\":\"WebSite\",\"@id\":\"https:\/\/www.activasalut.com\/ca\/#website\",\"url\":\"https:\/\/www.activasalut.com\/ca\/\",\"name\":\"Corporaci\u00f3n fisiogesti\u00f3n\",\"description\":\"Activa la teva salut\",\"potentialAction\":[{\"@type\":\"SearchAction\",\"target\":{\"@type\":\"EntryPoint\",\"urlTemplate\":\"https:\/\/www.activasalut.com\/ca\/?s={search_term_string}\"},\"query-input\":\"required name=search_term_string\"}],\"inLanguage\":\"ca\"},{\"@type\":\"Person\",\"@id\":\"https:\/\/www.activasalut.com\/ca\/#\/schema\/person\/961622691730e04db299573af226a72d\",\"name\":\"Conxita Closa &amp; Eva Selicke\",\"image\":{\"@type\":\"ImageObject\",\"inLanguage\":\"ca\",\"@id\":\"https:\/\/www.activasalut.com\/ca\/#\/schema\/person\/image\/\",\"url\":\"https:\/\/secure.gravatar.com\/avatar\/e39e90f239f8975ea2ff28eb189a0941?s=96&d=mm&r=g\",\"contentUrl\":\"https:\/\/secure.gravatar.com\/avatar\/e39e90f239f8975ea2ff28eb189a0941?s=96&d=mm&r=g\",\"caption\":\"Conxita Closa &amp; Eva Selicke\"},\"description\":\"Directora asistencial y m\u00e9dico rehabilitador en Corporaci\u00f3n Fisiogesti\u00f3n\",\"url\":\"https:\/\/www.activasalut.com\/ca\/author\/conxita-closa-eva-selicke\/\"}]}<\/script>\n<!-- \/ Yoast SEO plugin. -->","yoast_head_json":{"title":"Tecarterapia, Una terapia para el dolor- Corporaci\u00f3n Fisiogesti\u00f3n","description":"La TECARTERAPIA es una t\u00e9cnica terap\u00e9utica que combina una terapia manual con la aplicaci\u00f3n de calor profundo, no invasiva. Te ayudar\u00e1 a disminuir el dolor","robots":{"index":"index","follow":"follow","max-snippet":"max-snippet:-1","max-image-preview":"max-image-preview:large","max-video-preview":"max-video-preview:-1"},"canonical":"https:\/\/www.activasalut.com\/ca\/tecarterapia-una-terapia-dolor\/","og_locale":"ca_ES","og_type":"article","og_title":"TECARTERAPIA. Una terapia para el dolor","og_description":"Te presentamos una t\u00e9cnica terap\u00e9utica que te ayudar\u00e1 a disminuir el dolor de tu lesi\u00f3n.","og_url":"https:\/\/www.activasalut.com\/ca\/tecarterapia-una-terapia-dolor\/","og_site_name":"Corporaci\u00f3 Fisiogesti\u00f3","article_published_time":"2018-06-15T11:02:54+00:00","article_modified_time":"2018-10-03T09:54:23+00:00","og_image":[{"width":470,"height":246,"url":"https:\/\/www.activasalut.com\/wp-content\/uploads\/2018\/06\/fac-1.jpg","type":"image\/jpeg"}],"author":"Conxita Closa &amp; Eva Selicke","twitter_misc":{"Escrit per":"Conxita Closa &amp; Eva Selicke","Temps estimat de lectura":"2 minuts"},"schema":{"@context":"https:\/\/schema.org","@graph":[{"@type":"WebPage","@id":"https:\/\/www.activasalut.com\/ca\/tecarterapia-una-terapia-dolor\/","url":"https:\/\/www.activasalut.com\/ca\/tecarterapia-una-terapia-dolor\/","name":"Tecarterapia, Una terapia para el dolor- Corporaci\u00f3n Fisiogesti\u00f3n","isPartOf":{"@id":"https:\/\/www.activasalut.com\/ca\/#website"},"datePublished":"2018-06-15T11:02:54+00:00","dateModified":"2018-10-03T09:54:23+00:00","author":{"@id":"https:\/\/www.activasalut.com\/ca\/#\/schema\/person\/961622691730e04db299573af226a72d"},"description":"La TECARTERAPIA es una t\u00e9cnica terap\u00e9utica que combina una terapia manual con la aplicaci\u00f3n de calor profundo, no invasiva. Te ayudar\u00e1 a disminuir el dolor","breadcrumb":{"@id":"https:\/\/www.activasalut.com\/ca\/tecarterapia-una-terapia-dolor\/#breadcrumb"},"inLanguage":"ca","potentialAction":[{"@type":"ReadAction","target":["https:\/\/www.activasalut.com\/ca\/tecarterapia-una-terapia-dolor\/"]}]},{"@type":"BreadcrumbList","@id":"https:\/\/www.activasalut.com\/ca\/tecarterapia-una-terapia-dolor\/#breadcrumb","itemListElement":[{"@type":"ListItem","position":1,"name":"Portada","item":"https:\/\/www.activasalut.com\/ca\/"},{"@type":"ListItem","position":2,"name":"INDIBA, TECARTER\u00c0PIA. Un tractament per al dolor"}]},{"@type":"WebSite","@id":"https:\/\/www.activasalut.com\/ca\/#website","url":"https:\/\/www.activasalut.com\/ca\/","name":"Corporaci\u00f3n fisiogesti\u00f3n","description":"Activa la teva salut","potentialAction":[{"@type":"SearchAction","target":{"@type":"EntryPoint","urlTemplate":"https:\/\/www.activasalut.com\/ca\/?s={search_term_string}"},"query-input":"required name=search_term_string"}],"inLanguage":"ca"},{"@type":"Person","@id":"https:\/\/www.activasalut.com\/ca\/#\/schema\/person\/961622691730e04db299573af226a72d","name":"Conxita Closa &amp; Eva Selicke","image":{"@type":"ImageObject","inLanguage":"ca","@id":"https:\/\/www.activasalut.com\/ca\/#\/schema\/person\/image\/","url":"https:\/\/secure.gravatar.com\/avatar\/e39e90f239f8975ea2ff28eb189a0941?s=96&d=mm&r=g","contentUrl":"https:\/\/secure.gravatar.com\/avatar\/e39e90f239f8975ea2ff28eb189a0941?s=96&d=mm&r=g","caption":"Conxita Closa &amp; Eva Selicke"},"description":"Directora asistencial y m\u00e9dico rehabilitador en Corporaci\u00f3n Fisiogesti\u00f3n","url":"https:\/\/www.activasalut.com\/ca\/author\/conxita-closa-eva-selicke\/"}]}},"_links":{"self":[{"href":"https:\/\/www.activasalut.com\/ca\/wp-json\/wp\/v2\/posts\/3800"}],"collection":[{"href":"https:\/\/www.activasalut.com\/ca\/wp-json\/wp\/v2\/posts"}],"about":[{"href":"https:\/\/www.activasalut.com\/ca\/wp-json\/wp\/v2\/types\/post"}],"author":[{"embeddable":true,"href":"https:\/\/www.activasalut.com\/ca\/wp-json\/wp\/v2\/users\/75"}],"replies":[{"embeddable":true,"href":"https:\/\/www.activasalut.com\/ca\/wp-json\/wp\/v2\/comments?post=3800"}],"version-history":[{"count":3,"href":"https:\/\/www.activasalut.com\/ca\/wp-json\/wp\/v2\/posts\/3800\/revisions"}],"predecessor-version":[{"id":3923,"href":"https:\/\/www.activasalut.com\/ca\/wp-json\/wp\/v2\/posts\/3800\/revisions\/3923"}],"wp:featuredmedia":[{"embeddable":true,"href":"https:\/\/www.activasalut.com\/ca\/wp-json\/wp\/v2\/media\/3919"}],"wp:attachment":[{"href":"https:\/\/www.activasalut.com\/ca\/wp-json\/wp\/v2\/media?parent=3800"}],"wp:term":[{"taxonomy":"category","embeddable":true,"href":"https:\/\/www.activasalut.com\/ca\/wp-json\/wp\/v2\/categories?post=3800"},{"taxonomy":"post_tag","embeddable":true,"href":"https:\/\/www.activasalut.com\/ca\/wp-json\/wp\/v2\/tags?post=3800"}],"curies":[{"name":"wp","href":"https:\/\/api.w.org\/{rel}","templated":true}]}}