{"id":3887,"date":"2018-09-21T07:00:33","date_gmt":"2018-09-21T05:00:33","guid":{"rendered":"https:\/\/www.activasalut.com\/?p=3887"},"modified":"2018-09-20T18:51:55","modified_gmt":"2018-09-20T16:51:55","slug":"alzheimer-y-logopedia","status":"publish","type":"post","link":"https:\/\/www.activasalut.com\/ca\/alzheimer-y-logopedia\/","title":{"rendered":"Alzheimer y Logop\u00e8dia"},"content":{"rendered":"<p>Avui 21 de setembre, \u00e9s el <a href=\"http:\/\/www.who.int\/es\/news-room\/fact-sheets\/detail\/dementia\"><em>D\u00eda Mundial de l&#8217;Alzheimer<\/em><\/a>,\u00a0declarat per l&#8217;<a href=\"http:\/\/www.who.int\/es\">Organitzaci\u00f3 Mundial de la Salut\u00a0<\/a>(OMS).<!--more--><\/p>\n<p>(Els dies mundials tenen com a objectiu donar a con\u00e8ixer les malalties i tenir la m\u00e0xima informaci\u00f3 possible per detectar-les al m\u00e9s aviat possible i actuar) .<\/p>\n<h3><span style=\"color: #000080;\">Primeres alteracions<\/span><\/h3>\n<p>Les <a href=\"https:\/\/www.activasalut.com\/ca\/como-podemos-mejorar-la-comunicacion-en-personas-con-afasia\/\">alteracions de la comunicaci\u00f3<\/a> juntament amb els problemes de mem\u00f2ria s\u00f3n unes de les primeres caracter\u00edstiques que apareixen en la malaltia.<\/p>\n<h3><span style=\"color: #000080;\">Posteriorment\u2026<\/span><\/h3>\n<p>Presentaran <strong>problemes d&#8217;atenci\u00f3, alteracions de conducta, p\u00e8rdua de capacitats cognitives i f\u00edsiques.<\/strong><\/p>\n<blockquote><p>La velocitat d&#8217;avan\u00e7ament i la gravetat dependr\u00e0 de les caracter\u00edstiques pr\u00f2pies de cada pacient i del tractament realitzat<\/p><\/blockquote>\n<h3><span style=\"color: #000080;\">Objectiu de la logop\u00e8dia\u00a0en l&#8217;Alzheimer<\/span><\/h3>\n<p><strong>La intervenci\u00f3 logop\u00e8dica t\u00e9 com a objectiu treballar les funcions intactes i ralentir l&#8217;avan\u00e7 de les afectades<\/strong>, mitjan\u00e7ant activitats i exercicis espec\u00edfics i personalitzats.<\/p>\n<h3><span style=\"color: #000080;\">El tractament logop\u00e8dic<\/span><\/h3>\n<p>Aborda les dificultats en<\/p>\n<ul>\n<li><strong>Llenguatge<\/strong> presenten problemes per denominar els objectes, a mesura que avan\u00e7a la malaltia la comprensi\u00f3 tamb\u00e9 es veu afectada i arriben fins i tot a una etapa de mutisme.<\/li>\n<li><strong>Mem\u00f2ria<\/strong><\/li>\n<li><strong>Atenci\u00f3<\/strong><\/li>\n<\/ul>\n<h3><span style=\"color: #000080;\">Recomanacions\/Pautes per afavorir la comunicaci\u00f3 amb el pacient<\/span><\/h3>\n<ul>\n<li>Dirigir-nos a ells sempre pel seu nom.<\/li>\n<li>Parlar-los pausadament i donar-los temps per respondre.<\/li>\n<li>Utilitzar frases curtes i senzilles amb un vocabulari familiar (per\u00f2 no tractar-los com a nens).<\/li>\n<li>Acompanyar les paraules de molta gestualitat i expressi\u00f3 facial.<\/li>\n<li>Paci\u00e8ncia i respecte.<\/li>\n<li>No parlar davant del familiar com si no estigu\u00e9s.<\/li>\n<li>Incloure-ho en les converses perqu\u00e8 participi en la mesura de el possible.<\/li>\n<li>L&#8217;afecte, els somriures i les abra\u00e7ades els transmeten confian\u00e7a i faciliten la comunicaci\u00f3.<\/li>\n<\/ul>\n<h3><span style=\"color: #000080;\">Una vegada m\u00e9s, destacar la import\u00e0ncia de:<\/span><\/h3>\n<ul>\n<li>La fam\u00edlia, per a l&#8217;estat an\u00edmic del pacient i recon\u00e8ixer la dificultat que suposa per al familiar i\/o cuidador.<\/li>\n<li>La detecci\u00f3 i la intervenci\u00f3 preco\u00e7.<\/li>\n<\/ul>\n<p>La primera recomanaci\u00f3 liter\u00e0ria despr\u00e9s de vacances \u00e9s sobre l&#8217;<strong>Alzheimer.\u00a0<\/strong>\u00c9s interessant con\u00e8ixer lectures que tractin temes que poden sorgir en el dia a dia del nen. <strong>\u00c9s freq\u00fcent veure la deterioraci\u00f3 cognitiva en els avis i entendre qu\u00e8 els passa i el per qu\u00e8, pot ajudar-los a gestionar-ho emocionalment<\/strong>.<\/p>\n<p>Si a m\u00e9s la narraci\u00f3 \u00e9s amena i\/o amb algun punt de diversi\u00f3, i il\u00b7lustracions atractives, aconseguirem despertar el gust per la lectura.<\/p>\n<div id=\"attachment_3876\" style=\"width: 797px\" class=\"wp-caption aligncenter\"><img aria-describedby=\"caption-attachment-3876\" decoding=\"async\" loading=\"lazy\" class=\"wp-image-3876 size-full\" src=\"https:\/\/www.activasalut.com\/wp-content\/uploads\/2018\/09\/PHOTO-2018-09-20-14-47-20.jpg\" alt=\"Logopedia y Alzheimer\" width=\"787\" height=\"443\" srcset=\"https:\/\/www.activasalut.com\/wp-content\/uploads\/2018\/09\/PHOTO-2018-09-20-14-47-20.jpg 787w, https:\/\/www.activasalut.com\/wp-content\/uploads\/2018\/09\/PHOTO-2018-09-20-14-47-20-300x169.jpg 300w, https:\/\/www.activasalut.com\/wp-content\/uploads\/2018\/09\/PHOTO-2018-09-20-14-47-20-768x432.jpg 768w\" sizes=\"(max-width: 787px) 100vw, 787px\" \/><p id=\"caption-attachment-3876\" class=\"wp-caption-text\">Autora Marta S\u00e1nchez<\/p><\/div>\n<h3><span style=\"color: #000080;\"><em>Les distraccions de l&#8217;avi Pere<\/em><\/span><\/h3>\n<p><em>\u201cEl realment trist \u00e9s que lentament sembla oblidar-se de les paraules\u2026 al principi vaig creure que era culpa meva\u2026vaig pensar que ell les oblidava\u2026 perqu\u00e8 les aprengu\u00e9s jo\u2026la mare em va explicar que aix\u00f2 era impossible\u2026\u201d<\/em><\/p>\n<p>Aquest llibre, el narrador del qual \u00e9s un nen, explica tendrament i amb un punt c\u00f2mic la malaltia de l&#8217;avi.<\/p>\n<p>De forma molt pedag\u00f2gica descriu els s\u00edmptomes, els canvis a nivell familiar i la intervenci\u00f3 que l&#8217;avi necessita, tot des dels ulls del seu n\u00e9t.<\/p>\n<ul>\n<li>T\u00edtol: <a href=\"https:\/\/www.cuentodeluz.com\/shop\/9788415241096\/?lang=es\"><em>Les distraccions de l&#8217;avi Pere<\/em><\/a><\/li>\n<li>Text: <a href=\"https:\/\/www.cuentodeluz.com\/categoria-producto\/autores-es\/zafrilla-marta-es\/?lang=es\">Marta Zafrilla<\/a><\/li>\n<li>Il\u00b7lustracions: <a href=\"http:\/\/miguelangeldiez.blogspot.com\/\">Miguel \u00c1ngel D\u00edez<\/a><\/li>\n<li>Editorial: <a href=\"https:\/\/www.cuentodeluz.com\/?lang=es\">Cuento de Luz<\/a><\/li>\n<\/ul>\n<h2><span style=\"color: #000080;\">Visita el nostre servei de Logop\u00e8dia<\/span>\u00a0<img decoding=\"async\" class=\"emoji\" draggable=\"false\" src=\"https:\/\/s.w.org\/images\/core\/emoji\/11\/svg\/1f449.svg\" alt=\"&#x1f449;\" \/><a href=\"http:\/\/www.fisiogestion.com\/ca\/cursos\/logopedia\/\" target=\"_blank\" rel=\"noopener\">Aqu\u00ed<\/a><img decoding=\"async\" class=\"emoji\" draggable=\"false\" src=\"https:\/\/s.w.org\/images\/core\/emoji\/11\/svg\/1f448.svg\" alt=\"&#x1f448;\" \/><\/h2>\n","protected":false},"excerpt":{"rendered":"<p>Avui 21 de setembre, \u00e9s el D\u00eda Mundial de l&#8217;Alzheimer,\u00a0declarat per l&#8217;Organitzaci\u00f3 Mundial de la Salut\u00a0(OMS).<\/p>\n","protected":false},"author":11,"featured_media":3969,"comment_status":"open","ping_status":"closed","sticky":false,"template":"","format":"standard","meta":[],"categories":[582,608,565,613,581,611,563,2302],"tags":[2912,2915,880,2916,2913,871],"yoast_head":"<!-- This site is optimized with the Yoast SEO plugin v20.0 - https:\/\/yoast.com\/wordpress\/plugins\/seo\/ -->\n<title>Alzheimer y la Logopedia | Corporaci\u00f3 Fisiogesti\u00f3<\/title>\n<meta name=\"description\" content=\"Conocer lecturas que traten temas que pueden surgir en el d\u00eda a d\u00eda del ni\u00f1o, como el Alzheimer para poder ayudarles a gestionarlo emocionalmente.\" \/>\n<meta name=\"robots\" content=\"index, follow, max-snippet:-1, max-image-preview:large, max-video-preview:-1\" \/>\n<link rel=\"canonical\" href=\"https:\/\/www.activasalut.com\/ca\/alzheimer-y-logopedia\/\" \/>\n<meta property=\"og:locale\" content=\"ca_ES\" \/>\n<meta property=\"og:type\" content=\"article\" \/>\n<meta property=\"og:title\" content=\"Alzheimer y Logopedia\" \/>\n<meta property=\"og:description\" content=\"Es muy bueno conocer lecturas que traten temas que pueden surgir en el d\u00eda a d\u00eda del ni\u00f1o, como puede ser el Alzheimer. Es frecuente ver el deterioro cognitivo en los abuelitos y entender qu\u00e9 les pasa y el por qu\u00e9\" \/>\n<meta property=\"og:url\" content=\"https:\/\/www.activasalut.com\/ca\/alzheimer-y-logopedia\/\" \/>\n<meta property=\"og:site_name\" content=\"Corporaci\u00f3 Fisiogesti\u00f3\" \/>\n<meta property=\"article:published_time\" content=\"2018-09-21T05:00:33+00:00\" \/>\n<meta property=\"article:modified_time\" content=\"2018-09-20T16:51:55+00:00\" \/>\n<meta property=\"og:image\" content=\"https:\/\/www.activasalut.com\/wp-content\/uploads\/2018\/09\/fac-1.jpg\" \/>\n\t<meta property=\"og:image:width\" content=\"470\" \/>\n\t<meta property=\"og:image:height\" content=\"246\" \/>\n\t<meta property=\"og:image:type\" content=\"image\/jpeg\" \/>\n<meta name=\"author\" content=\"Marta S\u00e1nchez\" \/>\n<meta name=\"twitter:label1\" content=\"Escrit per\" \/>\n\t<meta name=\"twitter:data1\" content=\"Marta S\u00e1nchez\" \/>\n\t<meta name=\"twitter:label2\" content=\"Temps estimat de lectura\" \/>\n\t<meta name=\"twitter:data2\" content=\"3 minuts\" \/>\n<script type=\"application\/ld+json\" class=\"yoast-schema-graph\">{\"@context\":\"https:\/\/schema.org\",\"@graph\":[{\"@type\":\"WebPage\",\"@id\":\"https:\/\/www.activasalut.com\/ca\/alzheimer-y-logopedia\/\",\"url\":\"https:\/\/www.activasalut.com\/ca\/alzheimer-y-logopedia\/\",\"name\":\"Alzheimer y la Logopedia | Corporaci\u00f3 Fisiogesti\u00f3\",\"isPartOf\":{\"@id\":\"https:\/\/www.activasalut.com\/ca\/#website\"},\"datePublished\":\"2018-09-21T05:00:33+00:00\",\"dateModified\":\"2018-09-20T16:51:55+00:00\",\"author\":{\"@id\":\"https:\/\/www.activasalut.com\/ca\/#\/schema\/person\/d5143be2de4caf189b0d7ac707abe439\"},\"description\":\"Conocer lecturas que traten temas que pueden surgir en el d\u00eda a d\u00eda del ni\u00f1o, como el Alzheimer para poder ayudarles a gestionarlo emocionalmente.\",\"breadcrumb\":{\"@id\":\"https:\/\/www.activasalut.com\/ca\/alzheimer-y-logopedia\/#breadcrumb\"},\"inLanguage\":\"ca\",\"potentialAction\":[{\"@type\":\"ReadAction\",\"target\":[\"https:\/\/www.activasalut.com\/ca\/alzheimer-y-logopedia\/\"]}]},{\"@type\":\"BreadcrumbList\",\"@id\":\"https:\/\/www.activasalut.com\/ca\/alzheimer-y-logopedia\/#breadcrumb\",\"itemListElement\":[{\"@type\":\"ListItem\",\"position\":1,\"name\":\"Portada\",\"item\":\"https:\/\/www.activasalut.com\/ca\/\"},{\"@type\":\"ListItem\",\"position\":2,\"name\":\"Alzheimer y Logop\u00e8dia\"}]},{\"@type\":\"WebSite\",\"@id\":\"https:\/\/www.activasalut.com\/ca\/#website\",\"url\":\"https:\/\/www.activasalut.com\/ca\/\",\"name\":\"Corporaci\u00f3n fisiogesti\u00f3n\",\"description\":\"Activa la teva salut\",\"potentialAction\":[{\"@type\":\"SearchAction\",\"target\":{\"@type\":\"EntryPoint\",\"urlTemplate\":\"https:\/\/www.activasalut.com\/ca\/?s={search_term_string}\"},\"query-input\":\"required name=search_term_string\"}],\"inLanguage\":\"ca\"},{\"@type\":\"Person\",\"@id\":\"https:\/\/www.activasalut.com\/ca\/#\/schema\/person\/d5143be2de4caf189b0d7ac707abe439\",\"name\":\"Marta S\u00e1nchez\",\"image\":{\"@type\":\"ImageObject\",\"inLanguage\":\"ca\",\"@id\":\"https:\/\/www.activasalut.com\/ca\/#\/schema\/person\/image\/\",\"url\":\"https:\/\/secure.gravatar.com\/avatar\/e1567da7ae4b7e10e7eae46b3fb124e4?s=96&d=mm&r=g\",\"contentUrl\":\"https:\/\/secure.gravatar.com\/avatar\/e1567da7ae4b7e10e7eae46b3fb124e4?s=96&d=mm&r=g\",\"caption\":\"Marta S\u00e1nchez\"},\"url\":\"https:\/\/www.activasalut.com\/ca\/author\/marta-sanchez\/\"}]}<\/script>\n<!-- \/ Yoast SEO plugin. -->","yoast_head_json":{"title":"Alzheimer y la Logopedia | Corporaci\u00f3 Fisiogesti\u00f3","description":"Conocer lecturas que traten temas que pueden surgir en el d\u00eda a d\u00eda del ni\u00f1o, como el Alzheimer para poder ayudarles a gestionarlo emocionalmente.","robots":{"index":"index","follow":"follow","max-snippet":"max-snippet:-1","max-image-preview":"max-image-preview:large","max-video-preview":"max-video-preview:-1"},"canonical":"https:\/\/www.activasalut.com\/ca\/alzheimer-y-logopedia\/","og_locale":"ca_ES","og_type":"article","og_title":"Alzheimer y Logopedia","og_description":"Es muy bueno conocer lecturas que traten temas que pueden surgir en el d\u00eda a d\u00eda del ni\u00f1o, como puede ser el Alzheimer. Es frecuente ver el deterioro cognitivo en los abuelitos y entender qu\u00e9 les pasa y el por qu\u00e9","og_url":"https:\/\/www.activasalut.com\/ca\/alzheimer-y-logopedia\/","og_site_name":"Corporaci\u00f3 Fisiogesti\u00f3","article_published_time":"2018-09-21T05:00:33+00:00","article_modified_time":"2018-09-20T16:51:55+00:00","og_image":[{"width":470,"height":246,"url":"https:\/\/www.activasalut.com\/wp-content\/uploads\/2018\/09\/fac-1.jpg","type":"image\/jpeg"}],"author":"Marta S\u00e1nchez","twitter_misc":{"Escrit per":"Marta S\u00e1nchez","Temps estimat de lectura":"3 minuts"},"schema":{"@context":"https:\/\/schema.org","@graph":[{"@type":"WebPage","@id":"https:\/\/www.activasalut.com\/ca\/alzheimer-y-logopedia\/","url":"https:\/\/www.activasalut.com\/ca\/alzheimer-y-logopedia\/","name":"Alzheimer y la Logopedia | Corporaci\u00f3 Fisiogesti\u00f3","isPartOf":{"@id":"https:\/\/www.activasalut.com\/ca\/#website"},"datePublished":"2018-09-21T05:00:33+00:00","dateModified":"2018-09-20T16:51:55+00:00","author":{"@id":"https:\/\/www.activasalut.com\/ca\/#\/schema\/person\/d5143be2de4caf189b0d7ac707abe439"},"description":"Conocer lecturas que traten temas que pueden surgir en el d\u00eda a d\u00eda del ni\u00f1o, como el Alzheimer para poder ayudarles a gestionarlo emocionalmente.","breadcrumb":{"@id":"https:\/\/www.activasalut.com\/ca\/alzheimer-y-logopedia\/#breadcrumb"},"inLanguage":"ca","potentialAction":[{"@type":"ReadAction","target":["https:\/\/www.activasalut.com\/ca\/alzheimer-y-logopedia\/"]}]},{"@type":"BreadcrumbList","@id":"https:\/\/www.activasalut.com\/ca\/alzheimer-y-logopedia\/#breadcrumb","itemListElement":[{"@type":"ListItem","position":1,"name":"Portada","item":"https:\/\/www.activasalut.com\/ca\/"},{"@type":"ListItem","position":2,"name":"Alzheimer y Logop\u00e8dia"}]},{"@type":"WebSite","@id":"https:\/\/www.activasalut.com\/ca\/#website","url":"https:\/\/www.activasalut.com\/ca\/","name":"Corporaci\u00f3n fisiogesti\u00f3n","description":"Activa la teva salut","potentialAction":[{"@type":"SearchAction","target":{"@type":"EntryPoint","urlTemplate":"https:\/\/www.activasalut.com\/ca\/?s={search_term_string}"},"query-input":"required name=search_term_string"}],"inLanguage":"ca"},{"@type":"Person","@id":"https:\/\/www.activasalut.com\/ca\/#\/schema\/person\/d5143be2de4caf189b0d7ac707abe439","name":"Marta S\u00e1nchez","image":{"@type":"ImageObject","inLanguage":"ca","@id":"https:\/\/www.activasalut.com\/ca\/#\/schema\/person\/image\/","url":"https:\/\/secure.gravatar.com\/avatar\/e1567da7ae4b7e10e7eae46b3fb124e4?s=96&d=mm&r=g","contentUrl":"https:\/\/secure.gravatar.com\/avatar\/e1567da7ae4b7e10e7eae46b3fb124e4?s=96&d=mm&r=g","caption":"Marta S\u00e1nchez"},"url":"https:\/\/www.activasalut.com\/ca\/author\/marta-sanchez\/"}]}},"_links":{"self":[{"href":"https:\/\/www.activasalut.com\/ca\/wp-json\/wp\/v2\/posts\/3887"}],"collection":[{"href":"https:\/\/www.activasalut.com\/ca\/wp-json\/wp\/v2\/posts"}],"about":[{"href":"https:\/\/www.activasalut.com\/ca\/wp-json\/wp\/v2\/types\/post"}],"author":[{"embeddable":true,"href":"https:\/\/www.activasalut.com\/ca\/wp-json\/wp\/v2\/users\/11"}],"replies":[{"embeddable":true,"href":"https:\/\/www.activasalut.com\/ca\/wp-json\/wp\/v2\/comments?post=3887"}],"version-history":[{"count":2,"href":"https:\/\/www.activasalut.com\/ca\/wp-json\/wp\/v2\/posts\/3887\/revisions"}],"predecessor-version":[{"id":3889,"href":"https:\/\/www.activasalut.com\/ca\/wp-json\/wp\/v2\/posts\/3887\/revisions\/3889"}],"wp:featuredmedia":[{"embeddable":true,"href":"https:\/\/www.activasalut.com\/ca\/wp-json\/wp\/v2\/media\/3969"}],"wp:attachment":[{"href":"https:\/\/www.activasalut.com\/ca\/wp-json\/wp\/v2\/media?parent=3887"}],"wp:term":[{"taxonomy":"category","embeddable":true,"href":"https:\/\/www.activasalut.com\/ca\/wp-json\/wp\/v2\/categories?post=3887"},{"taxonomy":"post_tag","embeddable":true,"href":"https:\/\/www.activasalut.com\/ca\/wp-json\/wp\/v2\/tags?post=3887"}],"curies":[{"name":"wp","href":"https:\/\/api.w.org\/{rel}","templated":true}]}}