{"id":3937,"date":"2018-10-12T08:00:35","date_gmt":"2018-10-12T06:00:35","guid":{"rendered":"https:\/\/www.activasalut.com\/?p=3937"},"modified":"2018-10-11T17:32:44","modified_gmt":"2018-10-11T15:32:44","slug":"el-pirata-que-no-sabia-decir-la-r","status":"publish","type":"post","link":"https:\/\/www.activasalut.com\/ca\/el-pirata-que-no-sabia-decir-la-r\/","title":{"rendered":"El Pirata que no sabia dir la R"},"content":{"rendered":"<p>La soci\u00f2loga Laura Potter va dur a terme una petita immersi\u00f3 sobre les sales d\u2019espera&#8230; Va arribar a la conclusi\u00f3 que: <a href=\"http:\/\/www.elboomeran.com\/upload\/ficheros\/noticias\/bauman.pdf\" target=\"_blank\" rel=\"noopener\">\u201cPotser la sala d\u2019espera ens recorda l\u2019art, immensament plaent per b\u00e9 que oblidat, de la relaxaci\u00f3&#8230;*<\/a><!--more--><\/p>\n<p>Encara que per la N\u00faria Picornell, mare de la Catarina, el Jofre i el Pol, la sala d\u2019espera del centre de <a href=\"http:\/\/www.fisiogestion.com\/ca\/medic_centro\/stmarti\/\" target=\"_blank\" rel=\"noopener\"><em>Corporaci\u00f3 Fisiogesti\u00f3n- Sant Mart\u00ed<\/em> <\/a>li va suposar una font d\u2019inspiraci\u00f3. D\u2019aquesta manera es va convertir en l\u2019autora: <a href=\"https:\/\/www.edicionsdelpirata.cat\/producte\/el-pirata-que-no-sabia-dir-la-r\/\" target=\"_blank\" rel=\"noopener\"><em>El Pirata que no sabia dir la R (Edicions El Pirata)<\/em><\/a>.<\/p>\n<h3><span style=\"color: #000080;\">L\u2019inici d\u2019una hist\u00f2ria<\/span><\/h3>\n<p>Portava al Jofre a <a href=\"https:\/\/www.activasalut.com\/ca\/logopedia-familia\/\" target=\"_blank\" rel=\"noopener\">Logop\u00e8dia<\/a> perqu\u00e8 tenia el problema en dir la <em>R<\/em>. Mentre esperava a la sala d\u2019espera que el Jofre fes tractament se\u2019m va acudir el conte.<\/p>\n<p>Quan vaig arribar a casa el vaig transcriure, tot i que va sortir molt r\u00e0pid, vaig anar esponjant-lo, donant-li forma&#8230;<\/p>\n<h3><span style=\"color: #000080;\">La sala d&#8217;espera<\/span><\/h3>\n<p>Escric els contes pels meus fills. Normalment hi ha una reflexi\u00f3 pr\u00e8via quan escrius un conte. Abans ja t\u2019han passat coses, ja t\u2019has quedat amb petites observacions. <strong>S\u00f3n idees que han tingut algun significat i t\u2019han fet reflexionar<\/strong>. <em>El Pirata que no sabia dir la R<\/em> va ser un <em>flaix<\/em>.<\/p>\n<h3><span style=\"color: #000080;\">El proc\u00e9s de creaci\u00f3<\/span><\/h3>\n<p>Les idees surten en un moment, i sin\u00f3 ho escrius en aquell instant despr\u00e8s perd la m\u00e0gia.<\/p>\n<blockquote><p><em>Escriure \u00e9s m\u00e0gia<\/em><\/p><\/blockquote>\n<p>Hi ha una mena de sensibilitat en aquell moment que fa que aquella creaci\u00f3 surti de tu. Despr\u00e9s no pots explicar com ha sigut&#8230; I et pot agafar en una sala d\u2019espera de Logop\u00e8dia, al metro, a casa&#8230; Es com una mena de catarsi que no entens massa b\u00e9 el per qu\u00e8.<\/p>\n<div id=\"attachment_3928\" style=\"width: 160px\" class=\"wp-caption alignleft\"><img aria-describedby=\"caption-attachment-3928\" decoding=\"async\" loading=\"lazy\" class=\"wp-image-3928 size-thumbnail\" src=\"https:\/\/www.activasalut.com\/wp-content\/uploads\/2018\/10\/42593370_10217114024781548_8804168265099116544_o-150x150.jpg\" alt=\"El Pirata que no sab\u00eda decir la R\" width=\"150\" height=\"150\" srcset=\"https:\/\/www.activasalut.com\/wp-content\/uploads\/2018\/10\/42593370_10217114024781548_8804168265099116544_o-150x150.jpg 150w, https:\/\/www.activasalut.com\/wp-content\/uploads\/2018\/10\/42593370_10217114024781548_8804168265099116544_o-300x300.jpg 300w, https:\/\/www.activasalut.com\/wp-content\/uploads\/2018\/10\/42593370_10217114024781548_8804168265099116544_o-220x220.jpg 220w\" sizes=\"(max-width: 150px) 100vw, 150px\" \/><p id=\"caption-attachment-3928\" class=\"wp-caption-text\">N\u00faria Picornell, autora.<\/p><\/div>\n<h3><em><span style=\"color: #000080;\">El Pirata que no sabia dir la R<\/span><\/em><\/h3>\n<p><em>El Pirata que no sabia dir la R<\/em> va sortir en el temps que dura una sessi\u00f3 de tractament de Logop\u00e8dia.<\/p>\n<p>El seu personatge, el <em>Pirata<\/em>, \u00e9s una mica el Jofre, ja que era a ell a qui li costava dir la <em>R<\/em>, anava a tractament i feia els exercicis.<\/p>\n<p>Un <strong>conte sensible<\/strong>, que t\u00e9 <strong>una valoraci\u00f3 de l\u2019esfor\u00e7<\/strong> que el nen est\u00e0 fent i que despr\u00e9s t\u00e9 una recompensa. El Jofre ja sap dir la <em>R<\/em>. Quan la va aprendre em va fer molta gracia perqu\u00e8 anava pel carrer fent <em>\u201crrr\u201d.<\/em> De ser una cosa que li costava fer a veure que ja la sabia dir el va motivar molt.<\/p>\n<h3><span style=\"color: #000080;\">L\u2019esfor\u00e7<\/span><\/h3>\n<p>L\u2019esfor\u00e7 \u00e9s molt important. \u00c9s una cosa que ens costa molt a tots, tenir la const\u00e0ncia. <strong>Intento inculcar la cultura de l\u2019esfor\u00e7 als meus fills<\/strong>.<\/p>\n<p>Per la N\u00faria escriure li permet treure els seus neguits d\u2019una manera positiva<\/p>\n<h2><span style=\"color: #000080;\"><img decoding=\"async\" class=\"emoji\" draggable=\"false\" src=\"https:\/\/s.w.org\/images\/core\/emoji\/11\/svg\/1f449.svg\" alt=\"&#x1f449;\" \/>\u00a0\u00a0Visita el nostre\u00a0<a style=\"color: #000080;\" href=\"http:\/\/ecommerce.fisiogestion.com\/ca\/producte\/logopedia\/\" target=\"_blank\" rel=\"noopener\">servei\u00a0<\/a>Logop\u00e8dia<\/span><\/h2>\n<p><a href=\"https:\/\/www.planetadelibros.com\/libro-el-arte-de-la-vida\/250604\" target=\"_blank\" rel=\"noopener\">*BAUMAN ZYGMUNT. L&#8217;<em>Art de la Vida<\/em>. <em>Edicions Paid\u00f3s. 2008.<\/em><\/a><\/p>\n","protected":false},"excerpt":{"rendered":"<p>La soci\u00f2loga Laura Potter va dur a terme una petita immersi\u00f3 sobre les sales d\u2019espera&#8230; Va arribar a la conclusi\u00f3 que: \u201cPotser la sala<a class=\"moretag\" href=\"https:\/\/www.activasalut.com\/ca\/el-pirata-que-no-sabia-decir-la-r\/\">Llegeix m\u00e9s&#8230;<\/a><\/p>\n","protected":false},"author":18,"featured_media":3931,"comment_status":"open","ping_status":"closed","sticky":false,"template":"","format":"standard","meta":[],"categories":[608,589,581,611,469,2302],"tags":[2009,458,1123,2933,909,2934,2935,2931],"yoast_head":"<!-- This site is optimized with the Yoast SEO plugin v20.0 - https:\/\/yoast.com\/wordpress\/plugins\/seo\/ -->\n<title>El Pirata que no sabia dir la R<\/title>\n<meta name=\"description\" content=\"El Pirata que no sab\u00eda decir la R es una creaci\u00f3n de N\u00faria Picornell. Un cuento basado en el caso de su hijo que no sab\u00eda decir la R, e iba a tratamiento.\" \/>\n<meta name=\"robots\" content=\"index, follow, max-snippet:-1, max-image-preview:large, max-video-preview:-1\" \/>\n<link rel=\"canonical\" href=\"https:\/\/www.activasalut.com\/ca\/el-pirata-que-no-sabia-decir-la-r\/\" \/>\n<meta property=\"og:locale\" content=\"ca_ES\" \/>\n<meta property=\"og:type\" content=\"article\" \/>\n<meta property=\"og:title\" content=\"El Pirata que no sab\u00eda decir la R\" \/>\n<meta property=\"og:description\" content=\"El Pirata que no sab\u00eda decir la R es una creaci\u00f3n de N\u00faria Picornell. Un cuento basado en el caso de su hijo que no sab\u00eda decir la R, e iba a tratamiento.\" \/>\n<meta property=\"og:url\" content=\"https:\/\/www.activasalut.com\/ca\/el-pirata-que-no-sabia-decir-la-r\/\" \/>\n<meta property=\"og:site_name\" content=\"Corporaci\u00f3 Fisiogesti\u00f3\" \/>\n<meta property=\"article:published_time\" content=\"2018-10-12T06:00:35+00:00\" \/>\n<meta property=\"article:modified_time\" content=\"2018-10-11T15:32:44+00:00\" \/>\n<meta property=\"og:image\" content=\"https:\/\/www.activasalut.com\/wp-content\/uploads\/2018\/10\/fac-1.jpg\" \/>\n\t<meta property=\"og:image:width\" content=\"470\" \/>\n\t<meta property=\"og:image:height\" content=\"246\" \/>\n\t<meta property=\"og:image:type\" content=\"image\/jpeg\" \/>\n<meta name=\"author\" content=\"Corporaci\u00f3n Fisiogesti\u00f3n\" \/>\n<meta name=\"twitter:label1\" content=\"Escrit per\" \/>\n\t<meta name=\"twitter:data1\" content=\"Corporaci\u00f3n Fisiogesti\u00f3n\" \/>\n\t<meta name=\"twitter:label2\" content=\"Temps estimat de lectura\" \/>\n\t<meta name=\"twitter:data2\" content=\"2 minuts\" \/>\n<script type=\"application\/ld+json\" class=\"yoast-schema-graph\">{\"@context\":\"https:\/\/schema.org\",\"@graph\":[{\"@type\":\"WebPage\",\"@id\":\"https:\/\/www.activasalut.com\/ca\/el-pirata-que-no-sabia-decir-la-r\/\",\"url\":\"https:\/\/www.activasalut.com\/ca\/el-pirata-que-no-sabia-decir-la-r\/\",\"name\":\"El Pirata que no sabia dir la R\",\"isPartOf\":{\"@id\":\"https:\/\/www.activasalut.com\/ca\/#website\"},\"datePublished\":\"2018-10-12T06:00:35+00:00\",\"dateModified\":\"2018-10-11T15:32:44+00:00\",\"author\":{\"@id\":\"https:\/\/www.activasalut.com\/ca\/#\/schema\/person\/443a7fe6551be14fdf19f1325fe4dec8\"},\"description\":\"El Pirata que no sab\u00eda decir la R es una creaci\u00f3n de N\u00faria Picornell. Un cuento basado en el caso de su hijo que no sab\u00eda decir la R, e iba a tratamiento.\",\"breadcrumb\":{\"@id\":\"https:\/\/www.activasalut.com\/ca\/el-pirata-que-no-sabia-decir-la-r\/#breadcrumb\"},\"inLanguage\":\"ca\",\"potentialAction\":[{\"@type\":\"ReadAction\",\"target\":[\"https:\/\/www.activasalut.com\/ca\/el-pirata-que-no-sabia-decir-la-r\/\"]}]},{\"@type\":\"BreadcrumbList\",\"@id\":\"https:\/\/www.activasalut.com\/ca\/el-pirata-que-no-sabia-decir-la-r\/#breadcrumb\",\"itemListElement\":[{\"@type\":\"ListItem\",\"position\":1,\"name\":\"Portada\",\"item\":\"https:\/\/www.activasalut.com\/ca\/\"},{\"@type\":\"ListItem\",\"position\":2,\"name\":\"El Pirata que no sabia dir la R\"}]},{\"@type\":\"WebSite\",\"@id\":\"https:\/\/www.activasalut.com\/ca\/#website\",\"url\":\"https:\/\/www.activasalut.com\/ca\/\",\"name\":\"Corporaci\u00f3n fisiogesti\u00f3n\",\"description\":\"Activa la teva salut\",\"potentialAction\":[{\"@type\":\"SearchAction\",\"target\":{\"@type\":\"EntryPoint\",\"urlTemplate\":\"https:\/\/www.activasalut.com\/ca\/?s={search_term_string}\"},\"query-input\":\"required name=search_term_string\"}],\"inLanguage\":\"ca\"},{\"@type\":\"Person\",\"@id\":\"https:\/\/www.activasalut.com\/ca\/#\/schema\/person\/443a7fe6551be14fdf19f1325fe4dec8\",\"name\":\"Corporaci\u00f3n Fisiogesti\u00f3n\",\"image\":{\"@type\":\"ImageObject\",\"inLanguage\":\"ca\",\"@id\":\"https:\/\/www.activasalut.com\/ca\/#\/schema\/person\/image\/\",\"url\":\"https:\/\/secure.gravatar.com\/avatar\/baf13b6213ba0ce3c40e9be94159bcd7?s=96&d=mm&r=g\",\"contentUrl\":\"https:\/\/secure.gravatar.com\/avatar\/baf13b6213ba0ce3c40e9be94159bcd7?s=96&d=mm&r=g\",\"caption\":\"Corporaci\u00f3n Fisiogesti\u00f3n\"},\"url\":\"https:\/\/www.activasalut.com\/ca\/author\/corporacion-fisiogestion\/\"}]}<\/script>\n<!-- \/ Yoast SEO plugin. -->","yoast_head_json":{"title":"El Pirata que no sabia dir la R","description":"El Pirata que no sab\u00eda decir la R es una creaci\u00f3n de N\u00faria Picornell. Un cuento basado en el caso de su hijo que no sab\u00eda decir la R, e iba a tratamiento.","robots":{"index":"index","follow":"follow","max-snippet":"max-snippet:-1","max-image-preview":"max-image-preview:large","max-video-preview":"max-video-preview:-1"},"canonical":"https:\/\/www.activasalut.com\/ca\/el-pirata-que-no-sabia-decir-la-r\/","og_locale":"ca_ES","og_type":"article","og_title":"El Pirata que no sab\u00eda decir la R","og_description":"El Pirata que no sab\u00eda decir la R es una creaci\u00f3n de N\u00faria Picornell. Un cuento basado en el caso de su hijo que no sab\u00eda decir la R, e iba a tratamiento.","og_url":"https:\/\/www.activasalut.com\/ca\/el-pirata-que-no-sabia-decir-la-r\/","og_site_name":"Corporaci\u00f3 Fisiogesti\u00f3","article_published_time":"2018-10-12T06:00:35+00:00","article_modified_time":"2018-10-11T15:32:44+00:00","og_image":[{"width":470,"height":246,"url":"https:\/\/www.activasalut.com\/wp-content\/uploads\/2018\/10\/fac-1.jpg","type":"image\/jpeg"}],"author":"Corporaci\u00f3n Fisiogesti\u00f3n","twitter_misc":{"Escrit per":"Corporaci\u00f3n Fisiogesti\u00f3n","Temps estimat de lectura":"2 minuts"},"schema":{"@context":"https:\/\/schema.org","@graph":[{"@type":"WebPage","@id":"https:\/\/www.activasalut.com\/ca\/el-pirata-que-no-sabia-decir-la-r\/","url":"https:\/\/www.activasalut.com\/ca\/el-pirata-que-no-sabia-decir-la-r\/","name":"El Pirata que no sabia dir la R","isPartOf":{"@id":"https:\/\/www.activasalut.com\/ca\/#website"},"datePublished":"2018-10-12T06:00:35+00:00","dateModified":"2018-10-11T15:32:44+00:00","author":{"@id":"https:\/\/www.activasalut.com\/ca\/#\/schema\/person\/443a7fe6551be14fdf19f1325fe4dec8"},"description":"El Pirata que no sab\u00eda decir la R es una creaci\u00f3n de N\u00faria Picornell. Un cuento basado en el caso de su hijo que no sab\u00eda decir la R, e iba a tratamiento.","breadcrumb":{"@id":"https:\/\/www.activasalut.com\/ca\/el-pirata-que-no-sabia-decir-la-r\/#breadcrumb"},"inLanguage":"ca","potentialAction":[{"@type":"ReadAction","target":["https:\/\/www.activasalut.com\/ca\/el-pirata-que-no-sabia-decir-la-r\/"]}]},{"@type":"BreadcrumbList","@id":"https:\/\/www.activasalut.com\/ca\/el-pirata-que-no-sabia-decir-la-r\/#breadcrumb","itemListElement":[{"@type":"ListItem","position":1,"name":"Portada","item":"https:\/\/www.activasalut.com\/ca\/"},{"@type":"ListItem","position":2,"name":"El Pirata que no sabia dir la R"}]},{"@type":"WebSite","@id":"https:\/\/www.activasalut.com\/ca\/#website","url":"https:\/\/www.activasalut.com\/ca\/","name":"Corporaci\u00f3n fisiogesti\u00f3n","description":"Activa la teva salut","potentialAction":[{"@type":"SearchAction","target":{"@type":"EntryPoint","urlTemplate":"https:\/\/www.activasalut.com\/ca\/?s={search_term_string}"},"query-input":"required name=search_term_string"}],"inLanguage":"ca"},{"@type":"Person","@id":"https:\/\/www.activasalut.com\/ca\/#\/schema\/person\/443a7fe6551be14fdf19f1325fe4dec8","name":"Corporaci\u00f3n Fisiogesti\u00f3n","image":{"@type":"ImageObject","inLanguage":"ca","@id":"https:\/\/www.activasalut.com\/ca\/#\/schema\/person\/image\/","url":"https:\/\/secure.gravatar.com\/avatar\/baf13b6213ba0ce3c40e9be94159bcd7?s=96&d=mm&r=g","contentUrl":"https:\/\/secure.gravatar.com\/avatar\/baf13b6213ba0ce3c40e9be94159bcd7?s=96&d=mm&r=g","caption":"Corporaci\u00f3n Fisiogesti\u00f3n"},"url":"https:\/\/www.activasalut.com\/ca\/author\/corporacion-fisiogestion\/"}]}},"_links":{"self":[{"href":"https:\/\/www.activasalut.com\/ca\/wp-json\/wp\/v2\/posts\/3937"}],"collection":[{"href":"https:\/\/www.activasalut.com\/ca\/wp-json\/wp\/v2\/posts"}],"about":[{"href":"https:\/\/www.activasalut.com\/ca\/wp-json\/wp\/v2\/types\/post"}],"author":[{"embeddable":true,"href":"https:\/\/www.activasalut.com\/ca\/wp-json\/wp\/v2\/users\/18"}],"replies":[{"embeddable":true,"href":"https:\/\/www.activasalut.com\/ca\/wp-json\/wp\/v2\/comments?post=3937"}],"version-history":[{"count":4,"href":"https:\/\/www.activasalut.com\/ca\/wp-json\/wp\/v2\/posts\/3937\/revisions"}],"predecessor-version":[{"id":3941,"href":"https:\/\/www.activasalut.com\/ca\/wp-json\/wp\/v2\/posts\/3937\/revisions\/3941"}],"wp:featuredmedia":[{"embeddable":true,"href":"https:\/\/www.activasalut.com\/ca\/wp-json\/wp\/v2\/media\/3931"}],"wp:attachment":[{"href":"https:\/\/www.activasalut.com\/ca\/wp-json\/wp\/v2\/media?parent=3937"}],"wp:term":[{"taxonomy":"category","embeddable":true,"href":"https:\/\/www.activasalut.com\/ca\/wp-json\/wp\/v2\/categories?post=3937"},{"taxonomy":"post_tag","embeddable":true,"href":"https:\/\/www.activasalut.com\/ca\/wp-json\/wp\/v2\/tags?post=3937"}],"curies":[{"name":"wp","href":"https:\/\/api.w.org\/{rel}","templated":true}]}}