{"id":4052,"date":"2018-11-16T08:00:36","date_gmt":"2018-11-16T07:00:36","guid":{"rendered":"https:\/\/www.activasalut.com\/?p=4052"},"modified":"2018-11-15T16:46:58","modified_gmt":"2018-11-15T15:46:58","slug":"epicondilitis-con-ondas-de-choque","status":"publish","type":"post","link":"https:\/\/www.activasalut.com\/ca\/epicondilitis-con-ondas-de-choque\/","title":{"rendered":"Tractament de l&#8217;epicondilitis amb ones de xoc"},"content":{"rendered":"<p>L\u2019<strong>epicondilitis<\/strong> \u00e9s una de les lesions m\u00e9s freq\u00fcents que trobem cada dia en els nostres centres de fisioter\u00e0pia. Els pacients que acudeixen amb aquesta lesi\u00f3 <strong>manifesten dolor en el colze en realitzar la combinaci\u00f3 de dos moviments<\/strong>.<!--more-->L\u2019extensi\u00f3 del canell i la supinaci\u00f3 de l&#8217;avantbra\u00e7. Freq\u00fcentment presenten dolor al realitzar accions de la vida di\u00e0ria com aixecar una tassa o un got per beure.<\/p>\n<p><img decoding=\"async\" loading=\"lazy\" class=\" wp-image-4037 alignleft\" src=\"https:\/\/www.activasalut.com\/wp-content\/uploads\/2018\/11\/3.png\" alt=\"Tratamiento de la epicondilitis con ondas de choque\" width=\"149\" height=\"120\" \/><img decoding=\"async\" loading=\"lazy\" class=\"size-thumbnail wp-image-4035 alignleft\" src=\"https:\/\/www.activasalut.com\/wp-content\/uploads\/2018\/11\/2-150x120.png\" alt=\"Tratamiento de la epicondilitis con ondas de choque\" width=\"150\" height=\"120\" \/><\/p>\n<p>&nbsp;<\/p>\n<p>&nbsp;<\/p>\n<p>&nbsp;<\/p>\n<h3><span style=\"color: #000080;\">Epic\u00f2ndil<\/span><\/h3>\n<p>La zona que fa mal \u00e9s l\u2019<em>epic\u00f2ndil, <\/em><strong>una protuber\u00e0ncia de l&#8217;h\u00famer on s&#8217;insereixen els m\u00fasculs implicats en aquests moviments<\/strong>.<\/p>\n<p>En quant a la pr\u00e0ctica esportiva, <strong>el moviment seria el que es realitza al colpejar la pilota de tennis executant un rev\u00e9s amb la raqueta<\/strong>.<\/p>\n<p><img decoding=\"async\" loading=\"lazy\" class=\"wp-image-4042 size-medium alignleft\" src=\"https:\/\/www.activasalut.com\/wp-content\/uploads\/2018\/11\/4-300x128.png\" alt=\"Tratamiento de la epicondilitis con ondas de choque\" width=\"300\" height=\"128\" srcset=\"https:\/\/www.activasalut.com\/wp-content\/uploads\/2018\/11\/4-300x128.png 300w, https:\/\/www.activasalut.com\/wp-content\/uploads\/2018\/11\/4.png 315w\" sizes=\"(max-width: 300px) 100vw, 300px\" \/><\/p>\n<h3><span style=\"color: #000080;\">Tractament de l&#8217;epicondilitis<\/span><\/h3>\n<p>Pel tractament de l\u2019<a href=\"https:\/\/www.activasalut.com\/ca\/que-debes-saber-sobre-la-epicondilitis\/\" target=\"_blank\" rel=\"noopener\">epicondilitis<\/a> el fisioterapeuta sol combinar diferents t\u00e8cniques com s\u00f3n: els <em>ultrasons<\/em>, l\u2019<em>electroter\u00e0pia analg\u00e8sica<\/em>, el <em>l\u00e0ser<\/em>, massatges com el <em>cyriax<\/em>, exercicis espec\u00edfics i estiraments. No obstant aix\u00f2, a tot l&#8217;anterior hem de sumar les <a href=\"https:\/\/www.activasalut.com\/ca\/ondas-de-choque-patologias-musculo\/\" target=\"_blank\" rel=\"noopener\"><strong>ones de xoc<\/strong><\/a>, una t\u00e8cnica que s&#8217;ha implantat definitivament en els nostres centres de rehabilitaci\u00f3 per la seva evid\u00e8ncia cient\u00edfica i la seva efic\u00e0cia.<\/p>\n<h3><span style=\"color: #000080;\"><strong>Ones de xoc<\/strong><\/span><\/h3>\n<p>Les <strong>ones de xoc radials<\/strong> serien la modalitat que s&#8217;empraria en aquest tipus de patologia. Es generen mitjan\u00e7ant la injecci\u00f3 d&#8217;aire comprimit a trav\u00e9s d&#8217;un dispositiu que transmet una pressi\u00f3 sobre el teixit a tractar.<\/p>\n<p>Durant la seva aplicaci\u00f3, el pacient sentir\u00e0 una pressi\u00f3 intermitent i que el fisioterapeuta regular\u00e0 en intensitat perqu\u00e8 sigui totalment tolerable.<\/p>\n<blockquote><p>El tractament amb ones de xoc es combinar\u00e0 amb exercicis que el pacient realitzar\u00e0 a partir de les 48 hores despr\u00e9s de la seva aplicaci\u00f3<\/p><\/blockquote>\n<p><img decoding=\"async\" loading=\"lazy\" class=\"size-thumbnail wp-image-4044 alignleft\" src=\"https:\/\/www.activasalut.com\/wp-content\/uploads\/2018\/11\/5-150x150.png\" alt=\"Tratamiento de la epicondilitis con ondas de choque\" width=\"150\" height=\"150\" \/><\/p>\n<h3><span style=\"color: #000080;\">Efectes de les ones de xoc<\/span><\/h3>\n<p>Els principals <strong>efectes<\/strong> de les ones de xoc a nivell biol\u00f2gic que el pacient va a experimentar s\u00f3n:<\/p>\n<ul>\n<li>la regeneraci\u00f3 de teixits,<\/li>\n<li>millora del reg sanguini<\/li>\n<li>i l&#8217;analg\u00e8sia<\/li>\n<\/ul>\n<p>\u00c9s important que per tractar qualsevol lesi\u00f3 amb ones de xoc el temps d&#8217;evoluci\u00f3 de la patologia ha de ser m\u00ednim de 3 mesos des de l&#8217;aparici\u00f3 dels primers s\u00edmptomes.<\/p>\n<h2>Visita\u00a0el servei de Fisioter\u00e0pia\u00a0<img decoding=\"async\" class=\"emoji\" draggable=\"false\" src=\"https:\/\/s.w.org\/images\/core\/emoji\/11\/svg\/1f449.svg\" alt=\"&#x1f449;\" \/><a href=\"http:\/\/www.fisiogestion.com\/ca\/fisioterapia\/\" target=\"_blank\" rel=\"noopener\">Aqu\u00ed<\/a><img decoding=\"async\" class=\"emoji\" draggable=\"false\" src=\"https:\/\/s.w.org\/images\/core\/emoji\/11\/svg\/1f448.svg\" alt=\"&#x1f448;\" \/><\/h2>\n<div class=\"addtoany_share_save_container addtoany_content addtoany_content_bottom\">\n<div class=\"a2a_kit a2a_kit_size_32 addtoany_list\" data-a2a-url=\"https:\/\/www.activasalut.com\/ca\/lordinador-portatil-un-perill-per-la-nostra-esquena\/\" data-a2a-title=\"L\u2019ordinador port\u00e0til \u00bfun perill per la nostra esquena?\"><\/div>\n<\/div>\n","protected":false},"excerpt":{"rendered":"<p>L\u2019epicondilitis \u00e9s una de les lesions m\u00e9s freq\u00fcents que trobem cada dia en els nostres centres de fisioter\u00e0pia. Els pacients que acudeixen amb aquesta<a class=\"moretag\" href=\"https:\/\/www.activasalut.com\/ca\/epicondilitis-con-ondas-de-choque\/\">Llegeix m\u00e9s&#8230;<\/a><\/p>\n","protected":false},"author":81,"featured_media":4047,"comment_status":"open","ping_status":"closed","sticky":false,"template":"","format":"standard","meta":[],"categories":[605,574,610,570,467,469,2302],"tags":[900,1198,2969,2970,2971,901,839,2272,2972,644,2973,2968,952],"yoast_head":"<!-- This site is optimized with the Yoast SEO plugin v20.0 - https:\/\/yoast.com\/wordpress\/plugins\/seo\/ -->\n<title>Epicondilitis con ondas de choque | Corporaci\u00f3 Fisiogesti\u00f3<\/title>\n<meta name=\"description\" content=\"La epicondilitis es una de las lesiones m\u00e1s frecuentes que encontramos en nuestros centros de fisioterapia. Las ondas de choque es el tratamiento...\" \/>\n<meta name=\"robots\" content=\"index, follow, max-snippet:-1, max-image-preview:large, max-video-preview:-1\" \/>\n<link rel=\"canonical\" href=\"https:\/\/www.activasalut.com\/ca\/epicondilitis-con-ondas-de-choque\/\" \/>\n<meta property=\"og:locale\" content=\"ca_ES\" \/>\n<meta property=\"og:type\" content=\"article\" \/>\n<meta property=\"og:title\" content=\"Tratamiento de la epicondilitis con ondas de choque\" \/>\n<meta property=\"og:description\" content=\"La epicondilitis es una de las lesiones m\u00e1s frecuentes que encontramos en nuestros centros de fisioterapia. Las ondas de choque es el tratamiento...\" \/>\n<meta property=\"og:url\" content=\"https:\/\/www.activasalut.com\/ca\/epicondilitis-con-ondas-de-choque\/\" \/>\n<meta property=\"og:site_name\" content=\"Corporaci\u00f3 Fisiogesti\u00f3\" \/>\n<meta property=\"article:published_time\" content=\"2018-11-16T07:00:36+00:00\" \/>\n<meta property=\"article:modified_time\" content=\"2018-11-15T15:46:58+00:00\" \/>\n<meta property=\"og:image\" content=\"https:\/\/www.activasalut.com\/wp-content\/uploads\/2018\/11\/fac.jpg\" \/>\n\t<meta property=\"og:image:width\" content=\"470\" \/>\n\t<meta property=\"og:image:height\" content=\"246\" \/>\n\t<meta property=\"og:image:type\" content=\"image\/jpeg\" \/>\n<meta name=\"author\" content=\"Andr\u00e9s S\u00e1nchez Barahona\" \/>\n<meta name=\"twitter:label1\" content=\"Escrit per\" \/>\n\t<meta name=\"twitter:data1\" content=\"Andr\u00e9s S\u00e1nchez Barahona\" \/>\n\t<meta name=\"twitter:label2\" content=\"Temps estimat de lectura\" \/>\n\t<meta name=\"twitter:data2\" content=\"2 minuts\" \/>\n<script type=\"application\/ld+json\" class=\"yoast-schema-graph\">{\"@context\":\"https:\/\/schema.org\",\"@graph\":[{\"@type\":\"WebPage\",\"@id\":\"https:\/\/www.activasalut.com\/ca\/epicondilitis-con-ondas-de-choque\/\",\"url\":\"https:\/\/www.activasalut.com\/ca\/epicondilitis-con-ondas-de-choque\/\",\"name\":\"Epicondilitis con ondas de choque | Corporaci\u00f3 Fisiogesti\u00f3\",\"isPartOf\":{\"@id\":\"https:\/\/www.activasalut.com\/ca\/#website\"},\"datePublished\":\"2018-11-16T07:00:36+00:00\",\"dateModified\":\"2018-11-15T15:46:58+00:00\",\"author\":{\"@id\":\"https:\/\/www.activasalut.com\/ca\/#\/schema\/person\/5cbbc28dd9ad6b2b4eade7326d6fa8e9\"},\"description\":\"La epicondilitis es una de las lesiones m\u00e1s frecuentes que encontramos en nuestros centros de fisioterapia. Las ondas de choque es el tratamiento...\",\"breadcrumb\":{\"@id\":\"https:\/\/www.activasalut.com\/ca\/epicondilitis-con-ondas-de-choque\/#breadcrumb\"},\"inLanguage\":\"ca\",\"potentialAction\":[{\"@type\":\"ReadAction\",\"target\":[\"https:\/\/www.activasalut.com\/ca\/epicondilitis-con-ondas-de-choque\/\"]}]},{\"@type\":\"BreadcrumbList\",\"@id\":\"https:\/\/www.activasalut.com\/ca\/epicondilitis-con-ondas-de-choque\/#breadcrumb\",\"itemListElement\":[{\"@type\":\"ListItem\",\"position\":1,\"name\":\"Portada\",\"item\":\"https:\/\/www.activasalut.com\/ca\/\"},{\"@type\":\"ListItem\",\"position\":2,\"name\":\"Tractament de l&#8217;epicondilitis amb ones de xoc\"}]},{\"@type\":\"WebSite\",\"@id\":\"https:\/\/www.activasalut.com\/ca\/#website\",\"url\":\"https:\/\/www.activasalut.com\/ca\/\",\"name\":\"Corporaci\u00f3n fisiogesti\u00f3n\",\"description\":\"Activa la teva salut\",\"potentialAction\":[{\"@type\":\"SearchAction\",\"target\":{\"@type\":\"EntryPoint\",\"urlTemplate\":\"https:\/\/www.activasalut.com\/ca\/?s={search_term_string}\"},\"query-input\":\"required name=search_term_string\"}],\"inLanguage\":\"ca\"},{\"@type\":\"Person\",\"@id\":\"https:\/\/www.activasalut.com\/ca\/#\/schema\/person\/5cbbc28dd9ad6b2b4eade7326d6fa8e9\",\"name\":\"Andr\u00e9s S\u00e1nchez Barahona\",\"image\":{\"@type\":\"ImageObject\",\"inLanguage\":\"ca\",\"@id\":\"https:\/\/www.activasalut.com\/ca\/#\/schema\/person\/image\/\",\"url\":\"https:\/\/secure.gravatar.com\/avatar\/e3a3e9c8eb328ff473b17f2a33170877?s=96&d=mm&r=g\",\"contentUrl\":\"https:\/\/secure.gravatar.com\/avatar\/e3a3e9c8eb328ff473b17f2a33170877?s=96&d=mm&r=g\",\"caption\":\"Andr\u00e9s S\u00e1nchez Barahona\"},\"url\":\"https:\/\/www.activasalut.com\/ca\/author\/andres-sanchez-barahona\/\"}]}<\/script>\n<!-- \/ Yoast SEO plugin. -->","yoast_head_json":{"title":"Epicondilitis con ondas de choque | Corporaci\u00f3 Fisiogesti\u00f3","description":"La epicondilitis es una de las lesiones m\u00e1s frecuentes que encontramos en nuestros centros de fisioterapia. Las ondas de choque es el tratamiento...","robots":{"index":"index","follow":"follow","max-snippet":"max-snippet:-1","max-image-preview":"max-image-preview:large","max-video-preview":"max-video-preview:-1"},"canonical":"https:\/\/www.activasalut.com\/ca\/epicondilitis-con-ondas-de-choque\/","og_locale":"ca_ES","og_type":"article","og_title":"Tratamiento de la epicondilitis con ondas de choque","og_description":"La epicondilitis es una de las lesiones m\u00e1s frecuentes que encontramos en nuestros centros de fisioterapia. Las ondas de choque es el tratamiento...","og_url":"https:\/\/www.activasalut.com\/ca\/epicondilitis-con-ondas-de-choque\/","og_site_name":"Corporaci\u00f3 Fisiogesti\u00f3","article_published_time":"2018-11-16T07:00:36+00:00","article_modified_time":"2018-11-15T15:46:58+00:00","og_image":[{"width":470,"height":246,"url":"https:\/\/www.activasalut.com\/wp-content\/uploads\/2018\/11\/fac.jpg","type":"image\/jpeg"}],"author":"Andr\u00e9s S\u00e1nchez Barahona","twitter_misc":{"Escrit per":"Andr\u00e9s S\u00e1nchez Barahona","Temps estimat de lectura":"2 minuts"},"schema":{"@context":"https:\/\/schema.org","@graph":[{"@type":"WebPage","@id":"https:\/\/www.activasalut.com\/ca\/epicondilitis-con-ondas-de-choque\/","url":"https:\/\/www.activasalut.com\/ca\/epicondilitis-con-ondas-de-choque\/","name":"Epicondilitis con ondas de choque | Corporaci\u00f3 Fisiogesti\u00f3","isPartOf":{"@id":"https:\/\/www.activasalut.com\/ca\/#website"},"datePublished":"2018-11-16T07:00:36+00:00","dateModified":"2018-11-15T15:46:58+00:00","author":{"@id":"https:\/\/www.activasalut.com\/ca\/#\/schema\/person\/5cbbc28dd9ad6b2b4eade7326d6fa8e9"},"description":"La epicondilitis es una de las lesiones m\u00e1s frecuentes que encontramos en nuestros centros de fisioterapia. Las ondas de choque es el tratamiento...","breadcrumb":{"@id":"https:\/\/www.activasalut.com\/ca\/epicondilitis-con-ondas-de-choque\/#breadcrumb"},"inLanguage":"ca","potentialAction":[{"@type":"ReadAction","target":["https:\/\/www.activasalut.com\/ca\/epicondilitis-con-ondas-de-choque\/"]}]},{"@type":"BreadcrumbList","@id":"https:\/\/www.activasalut.com\/ca\/epicondilitis-con-ondas-de-choque\/#breadcrumb","itemListElement":[{"@type":"ListItem","position":1,"name":"Portada","item":"https:\/\/www.activasalut.com\/ca\/"},{"@type":"ListItem","position":2,"name":"Tractament de l&#8217;epicondilitis amb ones de xoc"}]},{"@type":"WebSite","@id":"https:\/\/www.activasalut.com\/ca\/#website","url":"https:\/\/www.activasalut.com\/ca\/","name":"Corporaci\u00f3n fisiogesti\u00f3n","description":"Activa la teva salut","potentialAction":[{"@type":"SearchAction","target":{"@type":"EntryPoint","urlTemplate":"https:\/\/www.activasalut.com\/ca\/?s={search_term_string}"},"query-input":"required name=search_term_string"}],"inLanguage":"ca"},{"@type":"Person","@id":"https:\/\/www.activasalut.com\/ca\/#\/schema\/person\/5cbbc28dd9ad6b2b4eade7326d6fa8e9","name":"Andr\u00e9s S\u00e1nchez Barahona","image":{"@type":"ImageObject","inLanguage":"ca","@id":"https:\/\/www.activasalut.com\/ca\/#\/schema\/person\/image\/","url":"https:\/\/secure.gravatar.com\/avatar\/e3a3e9c8eb328ff473b17f2a33170877?s=96&d=mm&r=g","contentUrl":"https:\/\/secure.gravatar.com\/avatar\/e3a3e9c8eb328ff473b17f2a33170877?s=96&d=mm&r=g","caption":"Andr\u00e9s S\u00e1nchez Barahona"},"url":"https:\/\/www.activasalut.com\/ca\/author\/andres-sanchez-barahona\/"}]}},"_links":{"self":[{"href":"https:\/\/www.activasalut.com\/ca\/wp-json\/wp\/v2\/posts\/4052"}],"collection":[{"href":"https:\/\/www.activasalut.com\/ca\/wp-json\/wp\/v2\/posts"}],"about":[{"href":"https:\/\/www.activasalut.com\/ca\/wp-json\/wp\/v2\/types\/post"}],"author":[{"embeddable":true,"href":"https:\/\/www.activasalut.com\/ca\/wp-json\/wp\/v2\/users\/81"}],"replies":[{"embeddable":true,"href":"https:\/\/www.activasalut.com\/ca\/wp-json\/wp\/v2\/comments?post=4052"}],"version-history":[{"count":2,"href":"https:\/\/www.activasalut.com\/ca\/wp-json\/wp\/v2\/posts\/4052\/revisions"}],"predecessor-version":[{"id":4054,"href":"https:\/\/www.activasalut.com\/ca\/wp-json\/wp\/v2\/posts\/4052\/revisions\/4054"}],"wp:featuredmedia":[{"embeddable":true,"href":"https:\/\/www.activasalut.com\/ca\/wp-json\/wp\/v2\/media\/4047"}],"wp:attachment":[{"href":"https:\/\/www.activasalut.com\/ca\/wp-json\/wp\/v2\/media?parent=4052"}],"wp:term":[{"taxonomy":"category","embeddable":true,"href":"https:\/\/www.activasalut.com\/ca\/wp-json\/wp\/v2\/categories?post=4052"},{"taxonomy":"post_tag","embeddable":true,"href":"https:\/\/www.activasalut.com\/ca\/wp-json\/wp\/v2\/tags?post=4052"}],"curies":[{"name":"wp","href":"https:\/\/api.w.org\/{rel}","templated":true}]}}