{"id":4362,"date":"2019-03-21T21:34:39","date_gmt":"2019-03-21T20:34:39","guid":{"rendered":"https:\/\/www.activasalut.com\/sindrome-down-logopedia\/"},"modified":"2019-03-21T22:08:07","modified_gmt":"2019-03-21T21:08:07","slug":"sindrome-down-logopedia","status":"publish","type":"post","link":"https:\/\/www.activasalut.com\/ca\/sindrome-down-logopedia\/","title":{"rendered":"S\u00edndrome de Down i  Logop\u00e8dia"},"content":{"rendered":"\n<p>Les persones amb <em><a href=\"https:\/\/www.activasalut.com\/ca\/discapacidad-intelectual\/\" target=\"_blank\" rel=\"noreferrer noopener\" aria-label=\"S\u00edndrome de Down (abre en una nueva pesta\u00f1a)\">S\u00edndrome de Down<\/a><\/em> presenten, entre altres, dificultats en el desenvolupament del llenguatge.<\/p>\n\n\n\n<!--more-->\n\n\n\n<h3>Dos factors importants<\/h3>\n\n\n\n<p>Una vegada m\u00e9s, en la <strong>intervenci\u00f3 logop\u00e8dica \u00e9s crucial les sessions d&#8217;intervenci\u00f3 tant com la implicaci\u00f3 familiar. Realitzant exercicis di\u00e0riament que reforcin aspectes comunicatius<\/strong>.<\/p>\n\n\n\n<h3>Las personas con <em>S\u00edndrome de Down<\/em> pueden presentar<\/h3>\n\n\n\n<ul><li><strong>D\u00e8ficits auditius<\/strong>: p\u00e8rdues d&#8217;audici\u00f3 , de diferent grau, provocades per otitis.<\/li><li><strong>Dificultats respirat\u00f2ries<\/strong> que afecten a la producci\u00f3 del llenguatge <\/li><li><strong>Dificultats articulat\u00f2ries<\/strong> a causa de la <em>hipotonia<\/em>, per la qual cosa l&#8217;articulaci\u00f3 no \u00e9s clara.<strong>D\u00e9ficits auditivos:<\/strong> p\u00e9rdidas de audici\u00f3n, de diferente grado, provocadas por otitis.<\/li><li><strong>Dificultades respiratorias que <\/strong>afectan a la producci\u00f3n del lenguaje.<\/li><li><strong>Dificultades articulatorias<\/strong> debido a la hipoton\u00eda, por lo que la articulaci\u00f3n no es clara.<\/li><\/ul>\n\n\n\n<h3> Perfil ling\u00fc\u00edstic <\/h3>\n\n\n\n<ul><li>&nbsp;<strong>Retard en l&#8217;adquisici\u00f3 de vocabulari<\/strong> (conseq\u00fc\u00e8ncia d&#8217;un subdesenvolupament en la mem\u00f2ria a curt termini). <\/li><li><strong>Llenguatge m\u00e9s pobre:<\/strong> \u00das limitat de formes verbals, escassos pronoms, substitucions, omissions). <\/li><li><strong>Fan \u00fas de la comunicaci\u00f3 no verbal<\/strong> (gestos, mirades) per suplir les manques en la comunicaci\u00f3 verbal. <\/li><li>Millor <strong>comprensi\u00f3 del llenguatge que expressi\u00f3<\/strong>.<\/li><\/ul>\n\n\n\n<h3>Intervenci\u00f3 logop\u00e8dica<\/h3>\n\n\n\n<h4><strong>Estimulaci\u00f3 preco\u00e7<\/strong><\/h4>\n\n\n\n<ul><li>degluci\u00f3 i masticaci\u00f3 <\/li><li>respiraci\u00f3 mobilitat de la <em>musculatura orofacial<\/em><\/li><li>estimulaci\u00f3 auditiva: sorolls i&nbsp;sons del medi ambient i veu<\/li><\/ul>\n\n\n\n<h4>Processos que afecten a les vies respirat\u00f2ries altes <\/h4>\n\n\n\n<ul><li>refredats freq\u00fcents<\/li><li>hipertr\u00f2fia de les am\u00edgdales <\/li><li>vegetacions &nbsp;<\/li><li>la respiraci\u00f3 bucal<\/li><\/ul>\n\n\n\n<p>La respiraci\u00f3 bucal compromet&nbsp; funcions <em>orofacials<\/em>:<\/p>\n\n\n\n<ul><li>la masticaci\u00f3<\/li><li>la degluci\u00f3<\/li><li>el baveig<\/li><li> la posici\u00f3 dels llavis i la llengua<\/li><\/ul>\n\n\n\n<p>&nbsp;Com a conseq\u00fc\u00e8ncia els nens poden patir problemes <em>articulatoris<\/em>, <em>d&#8217;intel\u00b7ligibilitat i hiponasalitat<\/em>.<\/p>\n\n\n\n<h3>Equip multidisciplinar<\/h3>\n\n\n\n<p>En l&#8217;estimulaci\u00f3 preco\u00e7 \u00e9s indispensable el treball multidisciplinari: Terapeuta ocupacional i nutricionista, at\u00e8s que les dificultats que presenten en la degluci\u00f3 comprometen el desenvolupament del parla i del llenguatge, ja que la <em>musculatura orofacial<\/em> no est\u00e0 tonificada ni preparada, malgrat estar-ho el nen.<\/p>\n\n\n\n<h3><strong>Intervenci\u00f3 &nbsp;ling\u00fc\u00edstica<\/strong><\/h3>\n\n\n\n<ul><li>Pronunciaci\u00f3 i articulaci\u00f3 del parla <\/li><li>Adquisici\u00f3 i ampliaci\u00f3 del vocabulari<\/li><li>Estructuraci\u00f3 del seu discurs<\/li><\/ul>\n\n\n\n<figure class=\"wp-block-pullquote\" style=\"border-color:#ff6900\"><blockquote class=\"has-text-color\" style=\"color:#1f42aa\"><p>Amb un treball i una estimulaci\u00f3 constants, les persones amb <em>S\u00edndrome de Down <\/em>poden arribar a adquirir un bon nivell ling\u00fc\u00edstic <\/p><\/blockquote><\/figure>\n\n\n\n<h3> Recomanacions <\/h3>\n\n\n\n<ul><li>Parlar-los a poc a poc, amb un vocabulari apropiat i frases curtes. <\/li><li>Donar-los temps per respondre. <\/li><li>No corregir els&nbsp; errors expl\u00edcitament, sin\u00f3 oferir-li el model correcte.<\/li><li>Prioritzar que el nen vulgui comunicar.<\/li><\/ul>\n\n\n\n<p>Els llibres recomanats en edats primerenques per a nens amb <em>S\u00edndrome de Down<\/em> han de ser llibres interactius,&nbsp; amb m\u00fasica, amb sorolls i sons, amb experi\u00e8ncies t\u00e0ctils\u2026<\/p>\n\n\n\n<p><strong>Una bonica opci\u00f3 \u00e9s construir un llibre personalitzat amb les seves prefer\u00e8ncies. Sempre amb imatges reals.<\/strong><\/p>\n\n\n\n<p>Avui tamb\u00e9 se celebra el dia de la Poesia. Per aquest motiu avui us recomanem un llibre que estar\u00e0 a la venda la setmana vinent.<\/p>\n\n\n\n<h3><em>A la una, a les dues i a les tres<\/em><\/h3>\n\n\n\n<p>Aquest poemari apropa als nens en les primeres edats a la poesia. Destaca per la seva gran musicalitat i per un llenguatge apropiat. Els versos i les endevinalles ho fan molt l\u00fadic. Les il\u00b7lustracions de Noem\u00ed Villamuza fan d&#8217;aquest llibre una joia m\u00e0gica nocturna que convida a somiar.<\/p>\n\n\n\n<ul><li> <strong>T\u00edtol<\/strong> <strong>:<\/strong> <em><a rel=\"noreferrer noopener\" aria-label=\" (abre en una nueva pesta\u00f1a)\" href=\"http:\/\/www.kalandraka.com\/es\/faktoria-k-de-libros\/nombre-coleccion\/detalle-libro\/ver\/a-la-luna-a-las-dos-y-a-las-tres\/\" target=\"_blank\">A la una, a les dues  i a les tres <\/a><\/em><\/li><li><strong>Text:<\/strong> <a rel=\"noreferrer noopener\" aria-label=\"Nieves Garc\u00eda  (abre en una nueva pesta\u00f1a)\" href=\"http:\/\/www.kalandraka.com\/es\/autores\/detalle\/ficha\/garcia-garcia\/\" target=\"_blank\">Nieves Garc\u00eda <\/a><\/li><li> <strong>Il\u00b7lustracions<\/strong>: <a rel=\"noreferrer noopener\" aria-label=\"Noem\u00ed Villamuza (abre en una nueva pesta\u00f1a)\" href=\"http:\/\/www.noemivillamuza.com\/\" target=\"_blank\">Noem\u00ed Villamuza<\/a><\/li><li> <strong>Editorial:<\/strong> <a rel=\"noreferrer noopener\" aria-label=\"Kalandraka  (abre en una nueva pesta\u00f1a)\" href=\"http:\/\/www.kalandraka.com\/es\/\" target=\"_blank\">Kalandraka <\/a><\/li><li><strong>Edat recomenada<\/strong>: des de 4 anys <\/li><li><strong>Aspectes destacats<\/strong>: XI Premio Ciutat d&#8217;Oriola de Poesia per a nenes i nens<\/li><\/ul>\n\n\n\n<h3>Visita el nostre servei de&nbsp;<a rel=\"noreferrer noopener\" href=\"http:\/\/ecommerce.fisiogestion.com\/producto\/logopedia\/\" target=\"_blank\">Logop\u00e8dia<\/a><\/h3>\n\n\n\n<ul><li> 21 de Mar\u00e7 Dia Mundial de la S\u00edndrome de Down <\/li><\/ul>\n","protected":false},"excerpt":{"rendered":"<p>Les persones amb S\u00edndrome de Down presenten, entre altres, dificultats en el desenvolupament del llenguatge.<\/p>\n","protected":false},"author":11,"featured_media":4358,"comment_status":"open","ping_status":"closed","sticky":false,"template":"","format":"standard","meta":[],"categories":[608,589,581,611,2302],"tags":[898,1107,96,3091,3094,1487,1501],"yoast_head":"<!-- This site is optimized with the Yoast SEO plugin v20.0 - https:\/\/yoast.com\/wordpress\/plugins\/seo\/ -->\n<title>S\u00edndrome de Down i Logop\u00e8dia<\/title>\n<meta name=\"description\" content=\"Con un trabajo en logoepdia y una estimulaci\u00f3n constantes, las personas con S\u00edndrome de Down pueden llegar a adquirir un buen nivel ling\u00fc\u00edstico.\" \/>\n<meta name=\"robots\" content=\"index, follow, max-snippet:-1, max-image-preview:large, max-video-preview:-1\" \/>\n<link rel=\"canonical\" href=\"https:\/\/www.activasalut.com\/ca\/sindrome-down-logopedia\/\" \/>\n<meta property=\"og:locale\" content=\"ca_ES\" \/>\n<meta property=\"og:type\" content=\"article\" \/>\n<meta property=\"og:title\" content=\"S\u00edndrome de Down y Logopedia\" \/>\n<meta property=\"og:description\" content=\"Con un trabajo en logoepdia y una estimulaci\u00f3n constantes, las personas con S\u00edndrome de Down pueden llegar a adquirir un buen nivel ling\u00fc\u00edstico.\" \/>\n<meta property=\"og:url\" content=\"https:\/\/www.activasalut.com\/ca\/sindrome-down-logopedia\/\" \/>\n<meta property=\"og:site_name\" content=\"Corporaci\u00f3 Fisiogesti\u00f3\" \/>\n<meta property=\"article:published_time\" content=\"2019-03-21T20:34:39+00:00\" \/>\n<meta property=\"article:modified_time\" content=\"2019-03-21T21:08:07+00:00\" \/>\n<meta property=\"og:image\" content=\"https:\/\/www.activasalut.com\/wp-content\/uploads\/2019\/03\/fac-2.jpg\" \/>\n\t<meta property=\"og:image:width\" content=\"470\" \/>\n\t<meta property=\"og:image:height\" content=\"246\" \/>\n\t<meta property=\"og:image:type\" content=\"image\/jpeg\" \/>\n<meta name=\"author\" content=\"Marta S\u00e1nchez\" \/>\n<meta name=\"twitter:label1\" content=\"Escrit per\" \/>\n\t<meta name=\"twitter:data1\" content=\"Marta S\u00e1nchez\" \/>\n\t<meta name=\"twitter:label2\" content=\"Temps estimat de lectura\" \/>\n\t<meta name=\"twitter:data2\" content=\"3 minuts\" \/>\n<script type=\"application\/ld+json\" class=\"yoast-schema-graph\">{\"@context\":\"https:\/\/schema.org\",\"@graph\":[{\"@type\":\"WebPage\",\"@id\":\"https:\/\/www.activasalut.com\/ca\/sindrome-down-logopedia\/\",\"url\":\"https:\/\/www.activasalut.com\/ca\/sindrome-down-logopedia\/\",\"name\":\"S\u00edndrome de Down i Logop\u00e8dia\",\"isPartOf\":{\"@id\":\"https:\/\/www.activasalut.com\/ca\/#website\"},\"datePublished\":\"2019-03-21T20:34:39+00:00\",\"dateModified\":\"2019-03-21T21:08:07+00:00\",\"author\":{\"@id\":\"https:\/\/www.activasalut.com\/ca\/#\/schema\/person\/d5143be2de4caf189b0d7ac707abe439\"},\"description\":\"Con un trabajo en logoepdia y una estimulaci\u00f3n constantes, las personas con S\u00edndrome de Down pueden llegar a adquirir un buen nivel ling\u00fc\u00edstico.\",\"breadcrumb\":{\"@id\":\"https:\/\/www.activasalut.com\/ca\/sindrome-down-logopedia\/#breadcrumb\"},\"inLanguage\":\"ca\",\"potentialAction\":[{\"@type\":\"ReadAction\",\"target\":[\"https:\/\/www.activasalut.com\/ca\/sindrome-down-logopedia\/\"]}]},{\"@type\":\"BreadcrumbList\",\"@id\":\"https:\/\/www.activasalut.com\/ca\/sindrome-down-logopedia\/#breadcrumb\",\"itemListElement\":[{\"@type\":\"ListItem\",\"position\":1,\"name\":\"Portada\",\"item\":\"https:\/\/www.activasalut.com\/ca\/\"},{\"@type\":\"ListItem\",\"position\":2,\"name\":\"S\u00edndrome de Down i Logop\u00e8dia\"}]},{\"@type\":\"WebSite\",\"@id\":\"https:\/\/www.activasalut.com\/ca\/#website\",\"url\":\"https:\/\/www.activasalut.com\/ca\/\",\"name\":\"Corporaci\u00f3n fisiogesti\u00f3n\",\"description\":\"Activa la teva salut\",\"potentialAction\":[{\"@type\":\"SearchAction\",\"target\":{\"@type\":\"EntryPoint\",\"urlTemplate\":\"https:\/\/www.activasalut.com\/ca\/?s={search_term_string}\"},\"query-input\":\"required name=search_term_string\"}],\"inLanguage\":\"ca\"},{\"@type\":\"Person\",\"@id\":\"https:\/\/www.activasalut.com\/ca\/#\/schema\/person\/d5143be2de4caf189b0d7ac707abe439\",\"name\":\"Marta S\u00e1nchez\",\"image\":{\"@type\":\"ImageObject\",\"inLanguage\":\"ca\",\"@id\":\"https:\/\/www.activasalut.com\/ca\/#\/schema\/person\/image\/\",\"url\":\"https:\/\/secure.gravatar.com\/avatar\/e1567da7ae4b7e10e7eae46b3fb124e4?s=96&d=mm&r=g\",\"contentUrl\":\"https:\/\/secure.gravatar.com\/avatar\/e1567da7ae4b7e10e7eae46b3fb124e4?s=96&d=mm&r=g\",\"caption\":\"Marta S\u00e1nchez\"},\"url\":\"https:\/\/www.activasalut.com\/ca\/author\/marta-sanchez\/\"}]}<\/script>\n<!-- \/ Yoast SEO plugin. -->","yoast_head_json":{"title":"S\u00edndrome de Down i Logop\u00e8dia","description":"Con un trabajo en logoepdia y una estimulaci\u00f3n constantes, las personas con S\u00edndrome de Down pueden llegar a adquirir un buen nivel ling\u00fc\u00edstico.","robots":{"index":"index","follow":"follow","max-snippet":"max-snippet:-1","max-image-preview":"max-image-preview:large","max-video-preview":"max-video-preview:-1"},"canonical":"https:\/\/www.activasalut.com\/ca\/sindrome-down-logopedia\/","og_locale":"ca_ES","og_type":"article","og_title":"S\u00edndrome de Down y Logopedia","og_description":"Con un trabajo en logoepdia y una estimulaci\u00f3n constantes, las personas con S\u00edndrome de Down pueden llegar a adquirir un buen nivel ling\u00fc\u00edstico.","og_url":"https:\/\/www.activasalut.com\/ca\/sindrome-down-logopedia\/","og_site_name":"Corporaci\u00f3 Fisiogesti\u00f3","article_published_time":"2019-03-21T20:34:39+00:00","article_modified_time":"2019-03-21T21:08:07+00:00","og_image":[{"width":470,"height":246,"url":"https:\/\/www.activasalut.com\/wp-content\/uploads\/2019\/03\/fac-2.jpg","type":"image\/jpeg"}],"author":"Marta S\u00e1nchez","twitter_misc":{"Escrit per":"Marta S\u00e1nchez","Temps estimat de lectura":"3 minuts"},"schema":{"@context":"https:\/\/schema.org","@graph":[{"@type":"WebPage","@id":"https:\/\/www.activasalut.com\/ca\/sindrome-down-logopedia\/","url":"https:\/\/www.activasalut.com\/ca\/sindrome-down-logopedia\/","name":"S\u00edndrome de Down i Logop\u00e8dia","isPartOf":{"@id":"https:\/\/www.activasalut.com\/ca\/#website"},"datePublished":"2019-03-21T20:34:39+00:00","dateModified":"2019-03-21T21:08:07+00:00","author":{"@id":"https:\/\/www.activasalut.com\/ca\/#\/schema\/person\/d5143be2de4caf189b0d7ac707abe439"},"description":"Con un trabajo en logoepdia y una estimulaci\u00f3n constantes, las personas con S\u00edndrome de Down pueden llegar a adquirir un buen nivel ling\u00fc\u00edstico.","breadcrumb":{"@id":"https:\/\/www.activasalut.com\/ca\/sindrome-down-logopedia\/#breadcrumb"},"inLanguage":"ca","potentialAction":[{"@type":"ReadAction","target":["https:\/\/www.activasalut.com\/ca\/sindrome-down-logopedia\/"]}]},{"@type":"BreadcrumbList","@id":"https:\/\/www.activasalut.com\/ca\/sindrome-down-logopedia\/#breadcrumb","itemListElement":[{"@type":"ListItem","position":1,"name":"Portada","item":"https:\/\/www.activasalut.com\/ca\/"},{"@type":"ListItem","position":2,"name":"S\u00edndrome de Down i Logop\u00e8dia"}]},{"@type":"WebSite","@id":"https:\/\/www.activasalut.com\/ca\/#website","url":"https:\/\/www.activasalut.com\/ca\/","name":"Corporaci\u00f3n fisiogesti\u00f3n","description":"Activa la teva salut","potentialAction":[{"@type":"SearchAction","target":{"@type":"EntryPoint","urlTemplate":"https:\/\/www.activasalut.com\/ca\/?s={search_term_string}"},"query-input":"required name=search_term_string"}],"inLanguage":"ca"},{"@type":"Person","@id":"https:\/\/www.activasalut.com\/ca\/#\/schema\/person\/d5143be2de4caf189b0d7ac707abe439","name":"Marta S\u00e1nchez","image":{"@type":"ImageObject","inLanguage":"ca","@id":"https:\/\/www.activasalut.com\/ca\/#\/schema\/person\/image\/","url":"https:\/\/secure.gravatar.com\/avatar\/e1567da7ae4b7e10e7eae46b3fb124e4?s=96&d=mm&r=g","contentUrl":"https:\/\/secure.gravatar.com\/avatar\/e1567da7ae4b7e10e7eae46b3fb124e4?s=96&d=mm&r=g","caption":"Marta S\u00e1nchez"},"url":"https:\/\/www.activasalut.com\/ca\/author\/marta-sanchez\/"}]}},"_links":{"self":[{"href":"https:\/\/www.activasalut.com\/ca\/wp-json\/wp\/v2\/posts\/4362"}],"collection":[{"href":"https:\/\/www.activasalut.com\/ca\/wp-json\/wp\/v2\/posts"}],"about":[{"href":"https:\/\/www.activasalut.com\/ca\/wp-json\/wp\/v2\/types\/post"}],"author":[{"embeddable":true,"href":"https:\/\/www.activasalut.com\/ca\/wp-json\/wp\/v2\/users\/11"}],"replies":[{"embeddable":true,"href":"https:\/\/www.activasalut.com\/ca\/wp-json\/wp\/v2\/comments?post=4362"}],"version-history":[{"count":3,"href":"https:\/\/www.activasalut.com\/ca\/wp-json\/wp\/v2\/posts\/4362\/revisions"}],"predecessor-version":[{"id":4369,"href":"https:\/\/www.activasalut.com\/ca\/wp-json\/wp\/v2\/posts\/4362\/revisions\/4369"}],"wp:featuredmedia":[{"embeddable":true,"href":"https:\/\/www.activasalut.com\/ca\/wp-json\/wp\/v2\/media\/4358"}],"wp:attachment":[{"href":"https:\/\/www.activasalut.com\/ca\/wp-json\/wp\/v2\/media?parent=4362"}],"wp:term":[{"taxonomy":"category","embeddable":true,"href":"https:\/\/www.activasalut.com\/ca\/wp-json\/wp\/v2\/categories?post=4362"},{"taxonomy":"post_tag","embeddable":true,"href":"https:\/\/www.activasalut.com\/ca\/wp-json\/wp\/v2\/tags?post=4362"}],"curies":[{"name":"wp","href":"https:\/\/api.w.org\/{rel}","templated":true}]}}