{"id":4591,"date":"2019-05-21T07:00:40","date_gmt":"2019-05-21T05:00:40","guid":{"rendered":"https:\/\/www.activasalut.com\/?p=4591"},"modified":"2020-09-16T11:03:06","modified_gmt":"2020-09-16T09:03:06","slug":"dolor-miofascial","status":"publish","type":"post","link":"https:\/\/www.activasalut.com\/ca\/dolor-miofascial\/","title":{"rendered":"La import\u00e0ncia del dolor miofascial en les nostres activitats di\u00e0ries"},"content":{"rendered":"\n<p><strong>\u00c9s important per a un professional de la salut la comprensi\u00f3 i la identificaci\u00f3 del <em>dolor miofascial<\/em><\/strong>, \u00e9s una de les claus en el tractament dels pacients que pateixen dolor musculoesquel\u00e8tic. <\/p>\n\n\n\n<!--more-->\n\n\n\n<h3>La dada<\/h3>\n\n\n\n<p>La musculatura volunt\u00e0ria esquel\u00e8tica constitueix l&#8217;\u00f2rgan m\u00e9s gran del cos hum\u00e0 i representa gaireb\u00e9 el 40% o m\u00e9s del pes corporal d&#8217;un individu.<\/p>\n\n\n\n<h3>Punt gallet <\/h3>\n\n\n\n<p>Veient la rellev\u00e0ncia que pot tenir el <em><a href=\"https:\/\/www.activasalut.com\/ca\/de-donde-proviene-el-dolor\/\" target=\"_blank\" rel=\"noreferrer noopener\" aria-label=\" (abre en una nueva pesta\u00f1a)\">dolor<\/a> miofascial<\/em>, esmentar que aquest s&#8217;associa a un <strong><em>punt gallet<\/em><\/strong>; <strong>aquest n\u00f2dul hiperirritable que a supressi\u00f3 dins d&#8217;una banda tibant palpable en una petita porci\u00f3 del m\u00fascul provoca un <em>dolor referit o a dist\u00e0ncia<\/em>.<\/strong> <\/p>\n\n\n\n<h3><em>Patr\u00f3 de Dolor Referit<\/em><\/h3>\n\n\n\n<p>Aquest es manifesta amb els seus patrons propis, denominats <em>Patr\u00f3 de Dolor Referit<\/em>, aquest <strong>dolor sol \u00e9s constant, profund i sord, els pacients solen queixar-se de parest\u00e8sia i debilitat sent els test neurol\u00f2gics negatius. Es pot associar a una altra simptomatologia com a trastorns del somni i debilitat generalitzada<\/strong>. <\/p>\n\n\n\n<h3>La hip\u00f2tesi<\/h3>\n\n\n\n<p>La hip\u00f2tesi postula una crisi energ\u00e8tica local a nivell <em>neurovasculomotor<\/em>, resultat de la compressi\u00f3 de les plaques motores disfuncionals dels <em>loci<\/em> (posici\u00f3 fixa d&#8217;un cromosoma, que determina la posici\u00f3 d&#8217;un gen) <em>actius<\/em>.<\/p>\n\n\n\n<h3>El diagn\u00f2stic<\/h3>\n\n\n\n<p>No existeix un acord general sobre els criteris generals en el diagn\u00f2stic per a la identificaci\u00f3 del <strong><em>dolor miofascial<\/em><\/strong>. <strong>El diagn\u00f2stic m\u00e9s fiable \u00e9s la pres\u00e8ncia del n\u00f2dul amb dolor exquisit dins de la banda tibant palpable<\/strong>, si, a m\u00e9s, el pacient ho reconeix com la seva queixa cl\u00ednica, el <strong>punt gallet <\/strong>ser\u00e0 considerat actiu o clau, i no latent.<\/p>\n\n\n\n<h3>T\u00e8cniques de tractament<\/h3>\n\n\n\n<p>Dins de les t\u00e8cniques de tractament distingim entre <strong><em>invasives<\/em><\/strong> i <strong><em>conservadores<\/em><\/strong>, la finalitat \u00e9s actuar sobre la crisi energ\u00e8tica i <strong>l&#8217;objectiu \u00e9s restaurar la longitud normal de rep\u00f2s dels sarc\u00f2mers escur\u00e7ats i eliminar el <em>punt gallet miofascial<\/em> de la banda tibant<\/strong>. Habitualment es realitzar\u00e0 una combinaci\u00f3 d&#8217;aquestes t\u00e8cniques per obtenir un millor.<\/p>\n\n\n\n<h3> El diagn\u00f2stic diferencial  <\/h3>\n\n\n\n<p>El diagn\u00f2stic diferencial ens permet identificar falsos diagn\u00f2stics, que comunament s&#8217;apliquen i on el dolor musculoesquel\u00e8tic realment ve provocat per un<em> punt gallet<\/em>:<\/p>\n\n\n\n<ul><li>Espatlla congelada<\/li><li><em>Cefalea tensional<\/em><\/li><li><em>Ciat\u00e0lgia<\/em><\/li><li><em>Gon\u00e0lgia<\/em><\/li><li><em>Radiculopatias<\/em><\/li><\/ul>\n\n\n\n<p>El dolor muscular pot apar\u00e8ixer per m\u00faltiples causes, que podem classificar com: <strong>directes <\/strong>(<em>articulessis, periarticulars i miop\u00e0tiques<\/em>) i <strong>indirectes<\/strong> (<em>dolor som\u00e0tic o visceral, neurop\u00e0tic, psicog\u00e8nic<\/em>).<\/p>\n\n\n\n<h3>&nbsp;Visita el nostre servei de<a rel=\"noreferrer noopener\" href=\"http:\/\/ecommerce.fisiogestion.com\/ca\/producte\/fisioterapia\/\" target=\"_blank\">&nbsp;Fisioter\u00e0pia<\/a><\/h3>\n","protected":false},"excerpt":{"rendered":"<p>\u00c9s important per a un professional de la salut la comprensi\u00f3 i la identificaci\u00f3 del dolor miofascial, \u00e9s una de les claus en el<a class=\"moretag\" href=\"https:\/\/www.activasalut.com\/ca\/dolor-miofascial\/\">Llegeix m\u00e9s&#8230;<\/a><\/p>\n","protected":false},"author":86,"featured_media":4588,"comment_status":"open","ping_status":"closed","sticky":false,"template":"","format":"standard","meta":[],"categories":[610,831,2302],"tags":[3155,3161,3162,3160,1184,686,1027,1019,3163,3154,3156,3164,3165,3158,3153,3166,892,3157,3167,3168,3159,3169,3152],"yoast_head":"<!-- This site is optimized with the Yoast SEO plugin v20.0 - https:\/\/yoast.com\/wordpress\/plugins\/seo\/ -->\n<title>Dolor miofascial, lo qu\u00e9 no sabemos | Corporaci\u00f3 Fisiogesti\u00f3<\/title>\n<meta name=\"description\" content=\"El dolor miofascial lo categorizamos como el Patr\u00f3n de Dolor Referido que es constante, profundo y sordo, los pacientes suelen quejarse de parestesia...\" \/>\n<meta name=\"robots\" content=\"index, follow, max-snippet:-1, max-image-preview:large, max-video-preview:-1\" \/>\n<link rel=\"canonical\" href=\"https:\/\/www.activasalut.com\/ca\/dolor-miofascial\/\" \/>\n<meta property=\"og:locale\" content=\"ca_ES\" \/>\n<meta property=\"og:type\" content=\"article\" \/>\n<meta property=\"og:title\" content=\"La importancia del dolor miofascial en nuestras actividades diarias\" \/>\n<meta property=\"og:description\" content=\"El dolor miofascial lo categorizamos como el Patr\u00f3n de Dolor Referido que es constante, profundo y sordo, los pacientes suelen quejarse de parestesia...\" \/>\n<meta property=\"og:url\" content=\"https:\/\/www.activasalut.com\/ca\/dolor-miofascial\/\" \/>\n<meta property=\"og:site_name\" content=\"Corporaci\u00f3 Fisiogesti\u00f3\" \/>\n<meta property=\"article:published_time\" content=\"2019-05-21T05:00:40+00:00\" \/>\n<meta property=\"article:modified_time\" content=\"2020-09-16T09:03:06+00:00\" \/>\n<meta property=\"og:image\" content=\"https:\/\/www.activasalut.com\/wp-content\/uploads\/2019\/05\/fac-1.jpg\" \/>\n\t<meta property=\"og:image:width\" content=\"470\" \/>\n\t<meta property=\"og:image:height\" content=\"246\" \/>\n\t<meta property=\"og:image:type\" content=\"image\/jpeg\" \/>\n<meta name=\"author\" content=\"Gerard Noguera Monteagudo\" \/>\n<meta name=\"twitter:label1\" content=\"Escrit per\" \/>\n\t<meta name=\"twitter:data1\" content=\"Gerard Noguera Monteagudo\" \/>\n\t<meta name=\"twitter:label2\" content=\"Temps estimat de lectura\" \/>\n\t<meta name=\"twitter:data2\" content=\"2 minuts\" \/>\n<script type=\"application\/ld+json\" class=\"yoast-schema-graph\">{\"@context\":\"https:\/\/schema.org\",\"@graph\":[{\"@type\":\"WebPage\",\"@id\":\"https:\/\/www.activasalut.com\/ca\/dolor-miofascial\/\",\"url\":\"https:\/\/www.activasalut.com\/ca\/dolor-miofascial\/\",\"name\":\"Dolor miofascial, lo qu\u00e9 no sabemos | Corporaci\u00f3 Fisiogesti\u00f3\",\"isPartOf\":{\"@id\":\"https:\/\/www.activasalut.com\/ca\/#website\"},\"datePublished\":\"2019-05-21T05:00:40+00:00\",\"dateModified\":\"2020-09-16T09:03:06+00:00\",\"author\":{\"@id\":\"https:\/\/www.activasalut.com\/ca\/#\/schema\/person\/00964b5ba9364ae2eb6986fef78f1b76\"},\"description\":\"El dolor miofascial lo categorizamos como el Patr\u00f3n de Dolor Referido que es constante, profundo y sordo, los pacientes suelen quejarse de parestesia...\",\"breadcrumb\":{\"@id\":\"https:\/\/www.activasalut.com\/ca\/dolor-miofascial\/#breadcrumb\"},\"inLanguage\":\"ca\",\"potentialAction\":[{\"@type\":\"ReadAction\",\"target\":[\"https:\/\/www.activasalut.com\/ca\/dolor-miofascial\/\"]}]},{\"@type\":\"BreadcrumbList\",\"@id\":\"https:\/\/www.activasalut.com\/ca\/dolor-miofascial\/#breadcrumb\",\"itemListElement\":[{\"@type\":\"ListItem\",\"position\":1,\"name\":\"Portada\",\"item\":\"https:\/\/www.activasalut.com\/ca\/\"},{\"@type\":\"ListItem\",\"position\":2,\"name\":\"La import\u00e0ncia del dolor miofascial en les nostres activitats di\u00e0ries\"}]},{\"@type\":\"WebSite\",\"@id\":\"https:\/\/www.activasalut.com\/ca\/#website\",\"url\":\"https:\/\/www.activasalut.com\/ca\/\",\"name\":\"Corporaci\u00f3n fisiogesti\u00f3n\",\"description\":\"Activa la teva salut\",\"potentialAction\":[{\"@type\":\"SearchAction\",\"target\":{\"@type\":\"EntryPoint\",\"urlTemplate\":\"https:\/\/www.activasalut.com\/ca\/?s={search_term_string}\"},\"query-input\":\"required name=search_term_string\"}],\"inLanguage\":\"ca\"},{\"@type\":\"Person\",\"@id\":\"https:\/\/www.activasalut.com\/ca\/#\/schema\/person\/00964b5ba9364ae2eb6986fef78f1b76\",\"name\":\"Gerard Noguera Monteagudo\",\"image\":{\"@type\":\"ImageObject\",\"inLanguage\":\"ca\",\"@id\":\"https:\/\/www.activasalut.com\/ca\/#\/schema\/person\/image\/\",\"url\":\"https:\/\/secure.gravatar.com\/avatar\/c94475e63c1fa2d8e6982a1d2accd182?s=96&d=mm&r=g\",\"contentUrl\":\"https:\/\/secure.gravatar.com\/avatar\/c94475e63c1fa2d8e6982a1d2accd182?s=96&d=mm&r=g\",\"caption\":\"Gerard Noguera Monteagudo\"},\"description\":\"Fisioterapeuta y oste\u00f3pata en Corporaci\u00f3n Fisiogesti\u00f3n- Roger de Ll\u00faria\",\"url\":\"https:\/\/www.activasalut.com\/ca\/author\/gerard-noguera-monteagudo\/\"}]}<\/script>\n<!-- \/ Yoast SEO plugin. -->","yoast_head_json":{"title":"Dolor miofascial, lo qu\u00e9 no sabemos | Corporaci\u00f3 Fisiogesti\u00f3","description":"El dolor miofascial lo categorizamos como el Patr\u00f3n de Dolor Referido que es constante, profundo y sordo, los pacientes suelen quejarse de parestesia...","robots":{"index":"index","follow":"follow","max-snippet":"max-snippet:-1","max-image-preview":"max-image-preview:large","max-video-preview":"max-video-preview:-1"},"canonical":"https:\/\/www.activasalut.com\/ca\/dolor-miofascial\/","og_locale":"ca_ES","og_type":"article","og_title":"La importancia del dolor miofascial en nuestras actividades diarias","og_description":"El dolor miofascial lo categorizamos como el Patr\u00f3n de Dolor Referido que es constante, profundo y sordo, los pacientes suelen quejarse de parestesia...","og_url":"https:\/\/www.activasalut.com\/ca\/dolor-miofascial\/","og_site_name":"Corporaci\u00f3 Fisiogesti\u00f3","article_published_time":"2019-05-21T05:00:40+00:00","article_modified_time":"2020-09-16T09:03:06+00:00","og_image":[{"width":470,"height":246,"url":"https:\/\/www.activasalut.com\/wp-content\/uploads\/2019\/05\/fac-1.jpg","type":"image\/jpeg"}],"author":"Gerard Noguera Monteagudo","twitter_misc":{"Escrit per":"Gerard Noguera Monteagudo","Temps estimat de lectura":"2 minuts"},"schema":{"@context":"https:\/\/schema.org","@graph":[{"@type":"WebPage","@id":"https:\/\/www.activasalut.com\/ca\/dolor-miofascial\/","url":"https:\/\/www.activasalut.com\/ca\/dolor-miofascial\/","name":"Dolor miofascial, lo qu\u00e9 no sabemos | Corporaci\u00f3 Fisiogesti\u00f3","isPartOf":{"@id":"https:\/\/www.activasalut.com\/ca\/#website"},"datePublished":"2019-05-21T05:00:40+00:00","dateModified":"2020-09-16T09:03:06+00:00","author":{"@id":"https:\/\/www.activasalut.com\/ca\/#\/schema\/person\/00964b5ba9364ae2eb6986fef78f1b76"},"description":"El dolor miofascial lo categorizamos como el Patr\u00f3n de Dolor Referido que es constante, profundo y sordo, los pacientes suelen quejarse de parestesia...","breadcrumb":{"@id":"https:\/\/www.activasalut.com\/ca\/dolor-miofascial\/#breadcrumb"},"inLanguage":"ca","potentialAction":[{"@type":"ReadAction","target":["https:\/\/www.activasalut.com\/ca\/dolor-miofascial\/"]}]},{"@type":"BreadcrumbList","@id":"https:\/\/www.activasalut.com\/ca\/dolor-miofascial\/#breadcrumb","itemListElement":[{"@type":"ListItem","position":1,"name":"Portada","item":"https:\/\/www.activasalut.com\/ca\/"},{"@type":"ListItem","position":2,"name":"La import\u00e0ncia del dolor miofascial en les nostres activitats di\u00e0ries"}]},{"@type":"WebSite","@id":"https:\/\/www.activasalut.com\/ca\/#website","url":"https:\/\/www.activasalut.com\/ca\/","name":"Corporaci\u00f3n fisiogesti\u00f3n","description":"Activa la teva salut","potentialAction":[{"@type":"SearchAction","target":{"@type":"EntryPoint","urlTemplate":"https:\/\/www.activasalut.com\/ca\/?s={search_term_string}"},"query-input":"required name=search_term_string"}],"inLanguage":"ca"},{"@type":"Person","@id":"https:\/\/www.activasalut.com\/ca\/#\/schema\/person\/00964b5ba9364ae2eb6986fef78f1b76","name":"Gerard Noguera Monteagudo","image":{"@type":"ImageObject","inLanguage":"ca","@id":"https:\/\/www.activasalut.com\/ca\/#\/schema\/person\/image\/","url":"https:\/\/secure.gravatar.com\/avatar\/c94475e63c1fa2d8e6982a1d2accd182?s=96&d=mm&r=g","contentUrl":"https:\/\/secure.gravatar.com\/avatar\/c94475e63c1fa2d8e6982a1d2accd182?s=96&d=mm&r=g","caption":"Gerard Noguera Monteagudo"},"description":"Fisioterapeuta y oste\u00f3pata en Corporaci\u00f3n Fisiogesti\u00f3n- Roger de Ll\u00faria","url":"https:\/\/www.activasalut.com\/ca\/author\/gerard-noguera-monteagudo\/"}]}},"_links":{"self":[{"href":"https:\/\/www.activasalut.com\/ca\/wp-json\/wp\/v2\/posts\/4591"}],"collection":[{"href":"https:\/\/www.activasalut.com\/ca\/wp-json\/wp\/v2\/posts"}],"about":[{"href":"https:\/\/www.activasalut.com\/ca\/wp-json\/wp\/v2\/types\/post"}],"author":[{"embeddable":true,"href":"https:\/\/www.activasalut.com\/ca\/wp-json\/wp\/v2\/users\/86"}],"replies":[{"embeddable":true,"href":"https:\/\/www.activasalut.com\/ca\/wp-json\/wp\/v2\/comments?post=4591"}],"version-history":[{"count":6,"href":"https:\/\/www.activasalut.com\/ca\/wp-json\/wp\/v2\/posts\/4591\/revisions"}],"predecessor-version":[{"id":6231,"href":"https:\/\/www.activasalut.com\/ca\/wp-json\/wp\/v2\/posts\/4591\/revisions\/6231"}],"wp:featuredmedia":[{"embeddable":true,"href":"https:\/\/www.activasalut.com\/ca\/wp-json\/wp\/v2\/media\/4588"}],"wp:attachment":[{"href":"https:\/\/www.activasalut.com\/ca\/wp-json\/wp\/v2\/media?parent=4591"}],"wp:term":[{"taxonomy":"category","embeddable":true,"href":"https:\/\/www.activasalut.com\/ca\/wp-json\/wp\/v2\/categories?post=4591"},{"taxonomy":"post_tag","embeddable":true,"href":"https:\/\/www.activasalut.com\/ca\/wp-json\/wp\/v2\/tags?post=4591"}],"curies":[{"name":"wp","href":"https:\/\/api.w.org\/{rel}","templated":true}]}}