{"id":5399,"date":"2020-01-31T16:53:42","date_gmt":"2020-01-31T15:53:42","guid":{"rendered":"https:\/\/www.activasalut.com\/?p=5399"},"modified":"2020-02-12T09:55:42","modified_gmt":"2020-02-12T08:55:42","slug":"bronquiectasis-simptomes-i-tractament","status":"publish","type":"post","link":"https:\/\/www.activasalut.com\/ca\/bronquiectasis-simptomes-i-tractament\/","title":{"rendered":"Bronqui\u00e8ctasis: S\u00edmptomes i tractament"},"content":{"rendered":"\n<p>Les <strong>bronqui\u00e8ctasis <\/strong>s\u00f3n <strong>dilatacions<\/strong> <strong>anormals <\/strong>i permanents dels <strong>bronquis<\/strong>, produ\u00efdes per la destrucci\u00f3 dels components el\u00e0stics i musculars de les seves parets. Tamb\u00e9 <strong>provoquen alteracions <\/strong>de l&#8217;<strong>epiteli mucociliar<\/strong>.<\/p>\n\n\n\n<!--more-->\n\n\n\n<p>Es poden localitzar en un <strong>segment<\/strong>, en un <strong>l\u00f2bul pulmonar<\/strong> o b\u00e9 estar <strong>disseminades <\/strong>per tot l&#8217;<strong>arbre bronquial<\/strong>.<\/p>\n\n\n\n<p>L&#8217;origen \u00e9s desconegut i <strong>no \u00e9s una patologia per si mateixa<\/strong>, ja que <strong>sol ser la conseq\u00fc\u00e8ncia d&#8217;altres patologies pr\u00e8vies<\/strong> com:<\/p>\n\n\n\n<ul><li><strong>Infeccions<\/strong>.<\/li><li>Alteracions del <strong>sistema immunitari<\/strong>.<\/li><li><strong>Alteracions dels cilis<\/strong>.<\/li><li><strong>Hipersensibilitat<\/strong>.<\/li><li><strong>Asma<\/strong>.<\/li><li><strong><a href=\"https:\/\/www.activasalut.com\/ca\/?s=MPOC\">MPOC<\/a><\/strong>.<\/li><li><strong>Fibrosi qu\u00edstica<\/strong>.<\/li><li><strong>Obstrucci\u00f3 bronquial<\/strong>.<\/li><li><strong>Malaltia inflamat\u00f2ria intestinal<\/strong>.<\/li><li><strong>Malaltia del teixit connectiu<\/strong>.<\/li><\/ul>\n\n\n\n<p>Es creu que s&#8217;inicien a partir d&#8217;un <strong>proc\u00e9s infecci\u00f3s<\/strong> o per una condici\u00f3 gen\u00e8tica prim\u00e0ria que altera el sistema de <strong>neteja del pulm\u00f3<\/strong>. Aix\u00f2 provoca que la <strong>mucositat <\/strong>i els bacteris estiguin m\u00e9s temps en l&#8217;<strong>arbre bronquial<\/strong>.<\/p>\n\n\n\n<p>Desencadenant aix\u00ed un <strong>proc\u00e9s inflamatori <\/strong>que redueix encara m\u00e9s la <strong>depuraci\u00f3 bronquial<\/strong> i facilita de nou una altra infecci\u00f3, que provocar\u00e0 m\u00e9s <strong>mucositat <\/strong>i m\u00e9s <strong>inflamaci\u00f3<\/strong>, entrant aix\u00ed en un cercle vici\u00f3s. Cal actuar llavors per a trencar el cercle.<\/p>\n\n\n\n<h3>Quins s\u00f3n els s\u00edmptomes de les bronqui\u00e8ctasis?<\/h3>\n\n\n\n<p>Les <strong>bronqui\u00e8ctasis <\/strong>poden ser asimptom\u00e0tiques i sovint v\u00e9nen acompanyades per <strong>tos<\/strong>, <strong>expectoraci\u00f3 <\/strong>abundant i poden estar colonitzades per diferents <strong>microorganismes<\/strong>.<\/p>\n\n\n\n<p>\u00c9s clau con\u00e8ixer quins i com s\u00f3n els s\u00edmptomes que presentem en la <strong>fase estable<\/strong> de la malaltia per a recon\u00e8ixer quan estem davant una <strong>aguditzaci\u00f3 <\/strong>i hem d&#8217;anar al <strong>metge<\/strong>.<\/p>\n\n\n\n<div class=\"wp-block-image\"><figure class=\"aligncenter size-medium\"><img decoding=\"async\" loading=\"lazy\" width=\"300\" height=\"200\" src=\"https:\/\/www.activasalut.com\/wp-content\/uploads\/2019\/12\/disease-4392163_1920-300x200.jpg\" alt=\"\" class=\"wp-image-5220\" srcset=\"https:\/\/www.activasalut.com\/wp-content\/uploads\/2019\/12\/disease-4392163_1920-300x200.jpg 300w, https:\/\/www.activasalut.com\/wp-content\/uploads\/2019\/12\/disease-4392163_1920-1024x683.jpg 1024w, https:\/\/www.activasalut.com\/wp-content\/uploads\/2019\/12\/disease-4392163_1920-768x512.jpg 768w, https:\/\/www.activasalut.com\/wp-content\/uploads\/2019\/12\/disease-4392163_1920-1536x1024.jpg 1536w, https:\/\/www.activasalut.com\/wp-content\/uploads\/2019\/12\/disease-4392163_1920.jpg 1920w\" sizes=\"(max-width: 300px) 100vw, 300px\" \/><\/figure><\/div>\n\n\n\n<p>\u00c9s important observar:<\/p>\n\n\n\n<ul><li><strong>Canvis <\/strong>en les caracter\u00edstiques de <strong>l&#8217;expectoraci\u00f3 <\/strong>(quantitat, color i consist\u00e8ncia).<\/li><li><strong>Pres\u00e8ncia de sang en el moc o expectoraci\u00f3 de sang<\/strong>.<\/li><li>Aparici\u00f3 o augment d&#8217;<strong>ofec<\/strong>.<\/li><li><strong>Febre<\/strong>.<\/li><li><strong>Dolor costal<\/strong> entre altres.<\/li><\/ul>\n\n\n\n<h3>Quins s\u00f3n els tractaments de la bronqui\u00e8ctasi?<\/h3>\n\n\n\n<div class=\"wp-block-image\"><figure class=\"aligncenter size-medium\"><img decoding=\"async\" loading=\"lazy\" width=\"300\" height=\"200\" src=\"https:\/\/www.activasalut.com\/wp-content\/uploads\/2019\/12\/2272-300x200.jpg\" alt=\"Fisioterapia respiratoria\" class=\"wp-image-5225\" srcset=\"https:\/\/www.activasalut.com\/wp-content\/uploads\/2019\/12\/2272-300x200.jpg 300w, https:\/\/www.activasalut.com\/wp-content\/uploads\/2019\/12\/2272-1024x682.jpg 1024w, https:\/\/www.activasalut.com\/wp-content\/uploads\/2019\/12\/2272-768x512.jpg 768w, https:\/\/www.activasalut.com\/wp-content\/uploads\/2019\/12\/2272-1536x1023.jpg 1536w, https:\/\/www.activasalut.com\/wp-content\/uploads\/2019\/12\/2272.jpg 1738w\" sizes=\"(max-width: 300px) 100vw, 300px\" \/><\/figure><\/div>\n\n\n\n<ol><li>Ens poden <strong>receptar medicaments <\/strong>per a controlar la malaltia com <strong>broncodilatadors<\/strong>, <strong>antiinflamatoris<\/strong>, <strong>antibi\u00f2tics orals o inhalats<\/strong>, <strong>mucol\u00edtics <\/strong>o si tenim <strong>insufici\u00e8ncia respirat\u00f2ria<\/strong>, ens poden pautar <strong>oxigenoter\u00e0pia<\/strong>. \u00c9s molt <strong>important seguir les indicacions del metge i no interrompre el tractament pautat<\/strong> encara que ens trobem millor.<\/li><li><strong><a href=\"https:\/\/www.fisiogestion.com\/ca\/servicios-en-centros\/rehabilitacionrespiratoria\/\">Fisioter\u00e0pia respirat\u00f2ria<\/a><\/strong>: Per a eliminar la mucositat <strong>existeixen diferents t\u00e8cniques respirat\u00f2ries<\/strong> com el <strong><em>clapping <\/em><\/strong>o les vibracions que requereixen l&#8217;ajuda d&#8217;un professional o un familiar per a realitzar-les. Tamb\u00e9 hi ha altres <strong>t\u00e8cniques que treballen amb la profunditat i la velocitat de la sortida de l&#8217;aire<\/strong> que podem treballar nosaltres mateixos. Tamb\u00e9 es poden utilitzar <strong>aparells que generen una vibraci\u00f3 en les vies a\u00e8ries<\/strong> que faciliten el despreniment de la mucositat com el <strong><em>Futter<\/em><\/strong>, el <em><strong>Cornett<\/strong><\/em>, l&#8217;<em><strong>Acappella<\/strong><\/em> o <strong>aparells de pressi\u00f3 respirat\u00f2ria positiva<\/strong>. Els dos moments m\u00e9s importants per a realitzar-los s\u00f3n a primera hora del mat\u00ed i abans d&#8217;anar a dormir.<\/li><li><strong>Hidrataci\u00f3<\/strong>: Mantenir una hidrataci\u00f3 adequada <strong>far\u00e0 que la mucositat es torni m\u00e9s fluida i sigui m\u00e9s f\u00e0cil d&#8217;eliminar.<\/strong> La millor manera d&#8217;augmentar la ingesta h\u00eddrica \u00e9s beure a petits xarrups durant tot el dia.<\/li><li><strong>Evitar el tabac<\/strong>.<\/li><li>Seguir una <strong>dieta variada i equilibrada<\/strong>. \u00c9s millor fer 5 o 6 ingestes lleugeres distribu\u00efdes al llarg del dia que menjars copiosos.<\/li><li>Fer <strong>exercici moderat<\/strong> per <strong>enfortir la musculatura<\/strong> i <strong>disminuir la fatiga<\/strong>.<\/li><\/ol>\n\n\n\n<pre class=\"wp-block-preformatted\"> Bibliograf\u00eda:\n\n- Rodrigo-Troyano, A., (2017). <em>Informaci\u00f3n sobre las bronquiectasias.<\/em> <\/pre>\n\n\n\n<h2>Tens problemes respiratoris? Necessites fisioter\u00e0pia respirat\u00f2ria?<\/h2>\n\n\n\n<h2>Emplena aquest formulari i et contactaran  &#x1f447;   <\/h2>\n\n\n\n\n<div class=\"wpcf7 no-js\" id=\"wpcf7-f5253-o1\" lang=\"es-ES\" dir=\"ltr\">\n<div class=\"screen-reader-response\"><p role=\"status\" aria-live=\"polite\" aria-atomic=\"true\"><\/p> <ul><\/ul><\/div>\n<form action=\"\/ca\/wp-json\/wp\/v2\/posts\/5399#wpcf7-f5253-o1\" method=\"post\" class=\"wpcf7-form init\" aria-label=\"Formulario de contacto\" novalidate=\"novalidate\" data-status=\"init\">\n<div style=\"display: none;\">\n<input type=\"hidden\" name=\"_wpcf7\" value=\"5253\" \/>\n<input type=\"hidden\" name=\"_wpcf7_version\" value=\"5.7.3\" \/>\n<input type=\"hidden\" name=\"_wpcf7_locale\" value=\"es_ES\" \/>\n<input type=\"hidden\" name=\"_wpcf7_unit_tag\" value=\"wpcf7-f5253-o1\" \/>\n<input type=\"hidden\" name=\"_wpcf7_container_post\" value=\"0\" \/>\n<input type=\"hidden\" name=\"_wpcf7_posted_data_hash\" value=\"\" \/>\n<input type=\"hidden\" name=\"_wpcf7_recaptcha_response\" value=\"\" \/>\n<\/div>\n<div class=\"wpcf7-response-output\" aria-hidden=\"true\"><\/div>\n<div class='comment-form'>\n\t<div class=\"comment-form-inputs\">\n\t\t<p><span class=\"wpcf7-form-control-wrap\" data-name=\"nombre\"><input size=\"40\" class=\"wpcf7-form-control wpcf7-text wpcf7-validates-as-required\" id=\"nombre\" aria-required=\"true\" aria-invalid=\"false\" placeholder=\"Nom (requerit)\" value=\"\" type=\"text\" name=\"nombre\" \/><\/span>\n\t\t<\/p>\n\t\t<p><span class=\"wpcf7-form-control-wrap\" data-name=\"apellidos\"><input size=\"40\" class=\"wpcf7-form-control wpcf7-text wpcf7-validates-as-required\" id=\"apellidos\" aria-required=\"true\" aria-invalid=\"false\" placeholder=\"Cognoms (requerit)\" value=\"\" type=\"text\" name=\"apellidos\" \/><\/span>\n\t\t<\/p>\n\t\t<p><span class=\"wpcf7-form-control-wrap\" data-name=\"email\"><input size=\"40\" class=\"wpcf7-form-control wpcf7-text wpcf7-email wpcf7-validates-as-required wpcf7-validates-as-email\" id=\"email\" aria-required=\"true\" aria-invalid=\"false\" placeholder=\"Email (requerit)\" value=\"\" type=\"email\" name=\"email\" \/><\/span>\n\t\t<\/p>\n\t\t<p><span class=\"wpcf7-form-control-wrap\" data-name=\"telefono\"><input size=\"40\" class=\"wpcf7-form-control wpcf7-text wpcf7-tel wpcf7-validates-as-required wpcf7-validates-as-tel\" id=\"telefono\" aria-required=\"true\" aria-invalid=\"false\" placeholder=\"Tel\u00e8fon (requerit)\" value=\"\" type=\"tel\" name=\"telefono\" \/><\/span>\n\t\t<\/p>\n\t<\/div>\n\t<p><span class=\"wpcf7-form-control-wrap\" data-name=\"mensaje\"><textarea cols=\"39\" rows=\"10\" class=\"wpcf7-form-control wpcf7-textarea wpcf7-validates-as-required\" id=\"mensaje\" aria-required=\"true\" aria-invalid=\"false\" placeholder=\"Missatge (requerit)\" name=\"mensaje\"><\/textarea><\/span>\n\t<\/p>\n\t<p class=\"form-submit\"><input class=\"wpcf7-form-control has-spinner wpcf7-submit\" type=\"submit\" value=\"Enviar\" \/>\n\t<\/p>\n<\/div>\n<p style=\"text-align:justify; color:#383838;\"><br \/>\n<em>L\u2019informem que les dades recollides al present formulari, seran tractades per Corporaci\u00f3 d'Administraci\u00f3 Sanit\u00e0ria A.I.E., per poder atendre i donar resposta a la seva sol\u00b7licitud d\u2018informaci\u00f3. Si necessita m\u00e9s informaci\u00f3 o vol exercir els seus drets sobre aquestes dades consulti la nostra <a href=\"https:\/\/www.fisiogestion.com\/ca\/politica-privacidad\/\">Pol\u00edtica de Privacitat<\/a>.<\/em>\n<\/p>\n<\/form>\n<\/div>\n\n","protected":false},"excerpt":{"rendered":"<p>Les bronqui\u00e8ctasis s\u00f3n dilatacions anormals i permanents dels bronquis, produ\u00efdes per la destrucci\u00f3 dels components el\u00e0stics i musculars de les seves parets. Tamb\u00e9 provoquen<a class=\"moretag\" href=\"https:\/\/www.activasalut.com\/ca\/bronquiectasis-simptomes-i-tractament\/\">Llegeix m\u00e9s&#8230;<\/a><\/p>\n","protected":false},"author":90,"featured_media":5215,"comment_status":"open","ping_status":"closed","sticky":false,"template":"","format":"standard","meta":[],"categories":[616,576,580,607],"tags":[3257,3259,1560,3055],"yoast_head":"<!-- This site is optimized with the Yoast SEO plugin v20.0 - https:\/\/yoast.com\/wordpress\/plugins\/seo\/ -->\n<title>Bronqui\u00e8ctasis: S\u00edmptomes i tractament<\/title>\n<meta name=\"description\" content=\"Les bronqui\u00e8ctasis s\u00f3n dilatacions anormals i permanents dels bronquis. En aquest article t&#039;expliquem els s\u00edmptomes i el tractament.\" \/>\n<meta name=\"robots\" content=\"index, follow, max-snippet:-1, max-image-preview:large, max-video-preview:-1\" \/>\n<link rel=\"canonical\" href=\"https:\/\/www.activasalut.com\/ca\/bronquiectasis-simptomes-i-tractament\/\" \/>\n<meta property=\"og:locale\" content=\"ca_ES\" \/>\n<meta property=\"og:type\" content=\"article\" \/>\n<meta property=\"og:title\" content=\"Bronqui\u00e8ctasis: S\u00edmptomes i tractament\" \/>\n<meta property=\"og:description\" content=\"Les bronqui\u00e8ctasis s\u00f3n dilatacions anormals i permanents dels bronquis. En aquest article t&#039;expliquem els s\u00edmptomes i el tractament.\" \/>\n<meta property=\"og:url\" content=\"https:\/\/www.activasalut.com\/ca\/bronquiectasis-simptomes-i-tractament\/\" \/>\n<meta property=\"og:site_name\" content=\"Corporaci\u00f3 Fisiogesti\u00f3\" \/>\n<meta property=\"article:published_time\" content=\"2020-01-31T15:53:42+00:00\" \/>\n<meta property=\"article:modified_time\" content=\"2020-02-12T08:55:42+00:00\" \/>\n<meta property=\"og:image\" content=\"https:\/\/www.activasalut.com\/wp-content\/uploads\/2019\/12\/Bronquiectasi_blog.jpg\" \/>\n\t<meta property=\"og:image:width\" content=\"338\" \/>\n\t<meta property=\"og:image:height\" content=\"225\" \/>\n\t<meta property=\"og:image:type\" content=\"image\/jpeg\" \/>\n<meta name=\"author\" content=\"Silvia Cabez\u00f3n\" \/>\n<meta name=\"twitter:label1\" content=\"Escrit per\" \/>\n\t<meta name=\"twitter:data1\" content=\"Silvia Cabez\u00f3n\" \/>\n\t<meta name=\"twitter:label2\" content=\"Temps estimat de lectura\" \/>\n\t<meta name=\"twitter:data2\" content=\"3 minuts\" \/>\n<script type=\"application\/ld+json\" class=\"yoast-schema-graph\">{\"@context\":\"https:\/\/schema.org\",\"@graph\":[{\"@type\":\"WebPage\",\"@id\":\"https:\/\/www.activasalut.com\/ca\/bronquiectasis-simptomes-i-tractament\/\",\"url\":\"https:\/\/www.activasalut.com\/ca\/bronquiectasis-simptomes-i-tractament\/\",\"name\":\"Bronqui\u00e8ctasis: S\u00edmptomes i tractament\",\"isPartOf\":{\"@id\":\"https:\/\/www.activasalut.com\/ca\/#website\"},\"datePublished\":\"2020-01-31T15:53:42+00:00\",\"dateModified\":\"2020-02-12T08:55:42+00:00\",\"author\":{\"@id\":\"https:\/\/www.activasalut.com\/ca\/#\/schema\/person\/0858c1ab9e7fed2a7bc61778171c2535\"},\"description\":\"Les bronqui\u00e8ctasis s\u00f3n dilatacions anormals i permanents dels bronquis. En aquest article t'expliquem els s\u00edmptomes i el tractament.\",\"breadcrumb\":{\"@id\":\"https:\/\/www.activasalut.com\/ca\/bronquiectasis-simptomes-i-tractament\/#breadcrumb\"},\"inLanguage\":\"ca\",\"potentialAction\":[{\"@type\":\"ReadAction\",\"target\":[\"https:\/\/www.activasalut.com\/ca\/bronquiectasis-simptomes-i-tractament\/\"]}]},{\"@type\":\"BreadcrumbList\",\"@id\":\"https:\/\/www.activasalut.com\/ca\/bronquiectasis-simptomes-i-tractament\/#breadcrumb\",\"itemListElement\":[{\"@type\":\"ListItem\",\"position\":1,\"name\":\"Portada\",\"item\":\"https:\/\/www.activasalut.com\/ca\/\"},{\"@type\":\"ListItem\",\"position\":2,\"name\":\"Bronqui\u00e8ctasis: S\u00edmptomes i tractament\"}]},{\"@type\":\"WebSite\",\"@id\":\"https:\/\/www.activasalut.com\/ca\/#website\",\"url\":\"https:\/\/www.activasalut.com\/ca\/\",\"name\":\"Corporaci\u00f3n fisiogesti\u00f3n\",\"description\":\"Activa la teva salut\",\"potentialAction\":[{\"@type\":\"SearchAction\",\"target\":{\"@type\":\"EntryPoint\",\"urlTemplate\":\"https:\/\/www.activasalut.com\/ca\/?s={search_term_string}\"},\"query-input\":\"required name=search_term_string\"}],\"inLanguage\":\"ca\"},{\"@type\":\"Person\",\"@id\":\"https:\/\/www.activasalut.com\/ca\/#\/schema\/person\/0858c1ab9e7fed2a7bc61778171c2535\",\"name\":\"Silvia Cabez\u00f3n\",\"image\":{\"@type\":\"ImageObject\",\"inLanguage\":\"ca\",\"@id\":\"https:\/\/www.activasalut.com\/ca\/#\/schema\/person\/image\/\",\"url\":\"https:\/\/secure.gravatar.com\/avatar\/65e8f569359f9eb1aed2c2b6b12ea236?s=96&d=mm&r=g\",\"contentUrl\":\"https:\/\/secure.gravatar.com\/avatar\/65e8f569359f9eb1aed2c2b6b12ea236?s=96&d=mm&r=g\",\"caption\":\"Silvia Cabez\u00f3n\"},\"description\":\"Fisioterapeuta del centro de CF-Diagonal. Especialista en rehabilitaci\u00f3n respiratoria.\",\"url\":\"https:\/\/www.activasalut.com\/ca\/author\/silvia-cabezon\/\"}]}<\/script>\n<!-- \/ Yoast SEO plugin. -->","yoast_head_json":{"title":"Bronqui\u00e8ctasis: S\u00edmptomes i tractament","description":"Les bronqui\u00e8ctasis s\u00f3n dilatacions anormals i permanents dels bronquis. En aquest article t'expliquem els s\u00edmptomes i el tractament.","robots":{"index":"index","follow":"follow","max-snippet":"max-snippet:-1","max-image-preview":"max-image-preview:large","max-video-preview":"max-video-preview:-1"},"canonical":"https:\/\/www.activasalut.com\/ca\/bronquiectasis-simptomes-i-tractament\/","og_locale":"ca_ES","og_type":"article","og_title":"Bronqui\u00e8ctasis: S\u00edmptomes i tractament","og_description":"Les bronqui\u00e8ctasis s\u00f3n dilatacions anormals i permanents dels bronquis. En aquest article t'expliquem els s\u00edmptomes i el tractament.","og_url":"https:\/\/www.activasalut.com\/ca\/bronquiectasis-simptomes-i-tractament\/","og_site_name":"Corporaci\u00f3 Fisiogesti\u00f3","article_published_time":"2020-01-31T15:53:42+00:00","article_modified_time":"2020-02-12T08:55:42+00:00","og_image":[{"width":338,"height":225,"url":"https:\/\/www.activasalut.com\/wp-content\/uploads\/2019\/12\/Bronquiectasi_blog.jpg","type":"image\/jpeg"}],"author":"Silvia Cabez\u00f3n","twitter_misc":{"Escrit per":"Silvia Cabez\u00f3n","Temps estimat de lectura":"3 minuts"},"schema":{"@context":"https:\/\/schema.org","@graph":[{"@type":"WebPage","@id":"https:\/\/www.activasalut.com\/ca\/bronquiectasis-simptomes-i-tractament\/","url":"https:\/\/www.activasalut.com\/ca\/bronquiectasis-simptomes-i-tractament\/","name":"Bronqui\u00e8ctasis: S\u00edmptomes i tractament","isPartOf":{"@id":"https:\/\/www.activasalut.com\/ca\/#website"},"datePublished":"2020-01-31T15:53:42+00:00","dateModified":"2020-02-12T08:55:42+00:00","author":{"@id":"https:\/\/www.activasalut.com\/ca\/#\/schema\/person\/0858c1ab9e7fed2a7bc61778171c2535"},"description":"Les bronqui\u00e8ctasis s\u00f3n dilatacions anormals i permanents dels bronquis. En aquest article t'expliquem els s\u00edmptomes i el tractament.","breadcrumb":{"@id":"https:\/\/www.activasalut.com\/ca\/bronquiectasis-simptomes-i-tractament\/#breadcrumb"},"inLanguage":"ca","potentialAction":[{"@type":"ReadAction","target":["https:\/\/www.activasalut.com\/ca\/bronquiectasis-simptomes-i-tractament\/"]}]},{"@type":"BreadcrumbList","@id":"https:\/\/www.activasalut.com\/ca\/bronquiectasis-simptomes-i-tractament\/#breadcrumb","itemListElement":[{"@type":"ListItem","position":1,"name":"Portada","item":"https:\/\/www.activasalut.com\/ca\/"},{"@type":"ListItem","position":2,"name":"Bronqui\u00e8ctasis: S\u00edmptomes i tractament"}]},{"@type":"WebSite","@id":"https:\/\/www.activasalut.com\/ca\/#website","url":"https:\/\/www.activasalut.com\/ca\/","name":"Corporaci\u00f3n fisiogesti\u00f3n","description":"Activa la teva salut","potentialAction":[{"@type":"SearchAction","target":{"@type":"EntryPoint","urlTemplate":"https:\/\/www.activasalut.com\/ca\/?s={search_term_string}"},"query-input":"required name=search_term_string"}],"inLanguage":"ca"},{"@type":"Person","@id":"https:\/\/www.activasalut.com\/ca\/#\/schema\/person\/0858c1ab9e7fed2a7bc61778171c2535","name":"Silvia Cabez\u00f3n","image":{"@type":"ImageObject","inLanguage":"ca","@id":"https:\/\/www.activasalut.com\/ca\/#\/schema\/person\/image\/","url":"https:\/\/secure.gravatar.com\/avatar\/65e8f569359f9eb1aed2c2b6b12ea236?s=96&d=mm&r=g","contentUrl":"https:\/\/secure.gravatar.com\/avatar\/65e8f569359f9eb1aed2c2b6b12ea236?s=96&d=mm&r=g","caption":"Silvia Cabez\u00f3n"},"description":"Fisioterapeuta del centro de CF-Diagonal. Especialista en rehabilitaci\u00f3n respiratoria.","url":"https:\/\/www.activasalut.com\/ca\/author\/silvia-cabezon\/"}]}},"_links":{"self":[{"href":"https:\/\/www.activasalut.com\/ca\/wp-json\/wp\/v2\/posts\/5399"}],"collection":[{"href":"https:\/\/www.activasalut.com\/ca\/wp-json\/wp\/v2\/posts"}],"about":[{"href":"https:\/\/www.activasalut.com\/ca\/wp-json\/wp\/v2\/types\/post"}],"author":[{"embeddable":true,"href":"https:\/\/www.activasalut.com\/ca\/wp-json\/wp\/v2\/users\/90"}],"replies":[{"embeddable":true,"href":"https:\/\/www.activasalut.com\/ca\/wp-json\/wp\/v2\/comments?post=5399"}],"version-history":[{"count":3,"href":"https:\/\/www.activasalut.com\/ca\/wp-json\/wp\/v2\/posts\/5399\/revisions"}],"predecessor-version":[{"id":5451,"href":"https:\/\/www.activasalut.com\/ca\/wp-json\/wp\/v2\/posts\/5399\/revisions\/5451"}],"wp:featuredmedia":[{"embeddable":true,"href":"https:\/\/www.activasalut.com\/ca\/wp-json\/wp\/v2\/media\/5215"}],"wp:attachment":[{"href":"https:\/\/www.activasalut.com\/ca\/wp-json\/wp\/v2\/media?parent=5399"}],"wp:term":[{"taxonomy":"category","embeddable":true,"href":"https:\/\/www.activasalut.com\/ca\/wp-json\/wp\/v2\/categories?post=5399"},{"taxonomy":"post_tag","embeddable":true,"href":"https:\/\/www.activasalut.com\/ca\/wp-json\/wp\/v2\/tags?post=5399"}],"curies":[{"name":"wp","href":"https:\/\/api.w.org\/{rel}","templated":true}]}}