{"id":6051,"date":"2020-07-28T12:30:28","date_gmt":"2020-07-28T10:30:28","guid":{"rendered":"https:\/\/www.activasalut.com\/?p=6051"},"modified":"2020-11-24T16:45:59","modified_gmt":"2020-11-24T15:45:59","slug":"realitzacio-de-la-postura-decubit-prono-en-malalts-de-covid-19-a-la-uci","status":"publish","type":"post","link":"https:\/\/www.activasalut.com\/ca\/realitzacio-de-la-postura-decubit-prono-en-malalts-de-covid-19-a-la-uci\/","title":{"rendered":"Realitzaci\u00f3 de la postura dec\u00fabit prono en malalts de Covid-19 a la UCI"},"content":{"rendered":"\n<p>Quan parlem dels <strong>canvis posturals<\/strong> a realitzar en un malalt enllitat, ens trobem amb el dec\u00fabit sup\u00ed (boca amunt), el dec\u00fabit lateral (de costat sobre l&#8217;hemic\u00f2s&nbsp;dret o sobre l&#8217;hemic\u00f2s&nbsp;esquerre) i amb el <strong>dec\u00fabit prono (boca avall).<\/strong> Aquesta \u00faltima \u00e9s la postura que ha agafat una gran rellev\u00e0ncia i significat en alguns pacients ingressats a la <strong>UCI <\/strong>per <strong>Covid-19<\/strong>.<\/p>\n\n\n\n<p><img decoding=\"async\" loading=\"lazy\" width=\"435\" height=\"280\" src=\"\">Des de la meva experi\u00e8ncia com a fisioterapeuta en l\u2019\u00e0mbit domiciliari, era un canvi postural que dif\u00edcilment es realitzava,&nbsp; i encara menys en les persones grans.<\/p>\n\n\n\n<!--more-->\n\n\n\n<p>No obstant aix\u00f2, en la <strong>formaci\u00f3 en l&#8217;\u00e0mbit hospitalari amb el M\u00e8tode de Mobilitzaci\u00f3 de pacients discapacitats de Paul&nbsp;Dotte<strong>\u00ae<\/strong>, era una de les t\u00e8cniques que m\u00e9s em sol\u00b7licitava el personal d&#8217;UCI<\/strong>. La realitzaven en pacients en estat molt cr\u00edtic per a intentar millorar la funci\u00f3 respirat\u00f2ria. Si b\u00e9 en el seu moment es precisava en situacions molt puntuals i com un \u00faltim recurs per a mantenir amb vida al pacient.<\/p>\n\n\n\n<p><strong>S&#8217;ha comprovat com aquesta postura en pacients amb Covid-19 que pateixen un&nbsp;distr\u00e8s&nbsp;respiratori agut, aconsegueix grans beneficis, com s\u00f3n la millora evidenciada dels nivells dels gasos respiratoris.<\/strong><\/p>\n\n\n\n<p>La seva realitzaci\u00f3 \u00e9s complexa, per tractar-se d&#8217;un perfil de pacient que est\u00e0 connectat a una gran quantitat d&#8217;aparells tecnol\u00f2gics (bombes de medicaci\u00f3, respiradors&#8230;) i&nbsp;tota mena&nbsp;de cat\u00e8ters (via arterial\/venosa, sondes&#8230;). Tot aix\u00f2 s&#8217;ha de tenir molt present en realitzar la mobilitzaci\u00f3, per a no executar alteracions en el seu funcionament o extraccions accidentals no desitjades, que podrien desestabilitzar el pacient i comprometre la seva seguretat.<\/p>\n\n\n\n<h3>Com es realitza el dec\u00fabit prono en malalts de Covid-19 en la UCI?<\/h3>\n\n\n\n<div class=\"wp-block-image\"><figure class=\"aligncenter size-large is-resized\"><img decoding=\"async\" loading=\"lazy\" src=\"https:\/\/www.activasalut.com\/wp-content\/uploads\/2020\/07\/Foto-prono-formaci\u00f3.jpg\" alt=\"Realizaci\u00f3n de la postura dec\u00fabito prono en enfermos de Covid-19 en UCI\" class=\"wp-image-6059\" width=\"288\" height=\"349\"\/><\/figure><\/div>\n\n\n\n<p>Aquesta t\u00e8cnica es realitzar\u00e0 de la seg\u00fcent manera:<\/p>\n\n\n\n<ul><li>El <strong>nombre de professionals recomanat<\/strong> per a la seva execuci\u00f3, \u00e9s de <strong>cinc <\/strong>(un a la cap\u00e7alera i dos a cada costat del llit).<\/li><li>Un professional (preferiblement metge, especialista) col\u00b7locat a la cap\u00e7alera, ser\u00e0 el responsable de protegir la via respirat\u00f2ria (c\u00e0nula de traqueotomia o tub endotraqueal) i l&#8217;encarregat de dirigir la maniobra, ja que visualitza el conjunt i coordina l&#8217;acci\u00f3 (mobilitzaci\u00f3 cap i coll) per a dirigir a la resta.<\/li><li>L&#8217;execuci\u00f3 de la maniobra consisteix primerament a arrossegar cap a un dels extrems del llit el pacient, per a assegurar-nos que en girar-lo queda ben&nbsp;centrat. Aquest moviment horitzontal d&#8217;arrossegament, es realitza mitjan\u00e7ant un denominat &#8220;R\u00e0pel&#8221; o contrap\u00e8s (segons el M\u00e8tode&nbsp;Dotte<em>\u00ae<\/em>) per part dels dos professionals que estan situats en aquest costat del llit.<\/li><li>Per a aix\u00f2 s&#8217;utilitzen m\u00ednim dos coixins, que serveixen com a punt d&#8217;ancoratge o presa que utilitzen els professionals, per a despla\u00e7ar cap a la vora del llit el pacient, oferint una sensaci\u00f3 de suavitat en l&#8217;arrossegament i en el volteig. Un dels coixins se situa a la regi\u00f3 del ventre, aquest rectificar\u00e0 la curvatura lumbar, crear\u00e0 confort i ajudar\u00e0 a evitar possibles pin\u00e7aments\/pressions de la sonda vesical o del possible cat\u00e8ter arterial\/ven\u00f3s femoral. L&#8217;altre coix\u00ed anir\u00e0 col\u00b7locat a la regi\u00f3 dels genolls per a donar confort i al mateix temps per a alliberar la pressi\u00f3 a les regions \u00f2ssies prominents i aix\u00ed evitar la possible aparici\u00f3 d&#8217;\u00falceres per pressi\u00f3.<\/li><li>Els professionals que es troben a l&#8217;altre costat del llit, acompanyen el moviment perqu\u00e8 aquest sigui suau i supervisen el correcte funcionament dels mecanismes, sensors i bombes durant i&nbsp;postmaniobra.<\/li><\/ul>\n\n\n\n<p>Es recomana que aquesta postura es mantingui un m\u00ednim de 16h, sempre que l&#8217;estabilitat del pacient ho permeti.<\/p>\n\n\n\n<pre class=\"wp-block-preformatted\">Bibliografia:\n\u00b7 Dotte P. M\u00e9todo de manutenci\u00f3n manual de los enfermos I: generalidades y educaci\u00f3n gestual espec\u00edfica. Barcelona: Masson; 1999.\n&nbsp;\n\u00b7&nbsp;Dotte P. M\u00e9todo de movilizaci\u00f3n de los pacientes. Ergomotricidad en el \u00e1mbito asistencial. 8\u00aa ed. Barcelona: Elsevier Masson; 2010.\n&nbsp;\n\u00b7&nbsp;Equipo Enfermer\u00eda Planta 0 Reanimaci\u00f3n Hospital Traumatologia Vall D\u00b4Hebron , Documento interno asistencial marzo 2020.\n\n\u00b7&nbsp;Ministerio Sanidad Gobierno de Espa\u00f1a, Documentos t\u00e9cnicos para profesionales,\n<a href=\"https:\/\/www.mscbs.gob.es\/en\/profesionales\/saludPublica\/ccayes\/alertasActual\/nCov-China\/documentos\/Protocolo_manejo_clinico_uci_COVID-19.pdf\">Manejo cl\u00ednico del COVID-19: unidades de cuidados intensivos 19.03.2020<\/a>,<\/pre>\n\n\n\n<h4>La Corporaci\u00f3&nbsp;Fisiogesti\u00f3n&nbsp;realitza cursos per a professionals sanitaris de <a href=\"https:\/\/www.fisiogestion.com\/ca\/curso\/manutencion-manual-de-enfermos-metodo-dotte\/\">Mobilitzaci\u00f3 i transfer\u00e8ncia de pacients (M\u00e8tode&nbsp;Dotte\u00ae)<\/a><\/h4>\n\n\n\n<h4>Emplena aquest formulari i et contactaran del <a href=\"https:\/\/www.fisiogestion.com\/ca\/cursos#cursos-formacion\">Departament de Formaci\u00f3<\/a> per a donar-te m\u00e9s informaci\u00f3 sobre els nostres <a href=\"https:\/\/www.fisiogestion.com\/ca\/cursos\/\">cursos<\/a><\/h4>\n\n\n\n\n<div class=\"wpcf7 no-js\" id=\"wpcf7-f6034-o1\" lang=\"es-ES\" dir=\"ltr\">\n<div class=\"screen-reader-response\"><p role=\"status\" aria-live=\"polite\" aria-atomic=\"true\"><\/p> <ul><\/ul><\/div>\n<form action=\"\/ca\/wp-json\/wp\/v2\/posts\/6051#wpcf7-f6034-o1\" method=\"post\" class=\"wpcf7-form init\" aria-label=\"Formulario de contacto\" novalidate=\"novalidate\" data-status=\"init\">\n<div style=\"display: none;\">\n<input type=\"hidden\" name=\"_wpcf7\" value=\"6034\" \/>\n<input type=\"hidden\" name=\"_wpcf7_version\" value=\"5.7.3\" \/>\n<input type=\"hidden\" name=\"_wpcf7_locale\" value=\"es_ES\" \/>\n<input type=\"hidden\" name=\"_wpcf7_unit_tag\" value=\"wpcf7-f6034-o1\" \/>\n<input type=\"hidden\" name=\"_wpcf7_container_post\" value=\"0\" \/>\n<input type=\"hidden\" name=\"_wpcf7_posted_data_hash\" value=\"\" \/>\n<input type=\"hidden\" name=\"_wpcf7_recaptcha_response\" value=\"\" \/>\n<\/div>\n<div class=\"wpcf7-response-output\" aria-hidden=\"true\"><\/div>\n<div class='comment-form'>\n\t<ul class=\"comment-form-inputs\">\n\t\n\t\t<span class=\"wpcf7-form-control-wrap\" data-name=\"nombre\"><input size=\"40\" class=\"wpcf7-form-control wpcf7-text wpcf7-validates-as-required\" id=\"nombre\" aria-required=\"true\" aria-invalid=\"false\" placeholder=\"Nom (requerit)\" value=\"\" type=\"text\" name=\"nombre\" \/><\/span>\n\t\n\t\n\t\t<span class=\"wpcf7-form-control-wrap\" data-name=\"email\"><input size=\"40\" class=\"wpcf7-form-control wpcf7-text wpcf7-email wpcf7-validates-as-required wpcf7-validates-as-email\" id=\"email\" aria-required=\"true\" aria-invalid=\"false\" placeholder=\"Email (requerit)\" value=\"\" type=\"email\" name=\"email\" \/><\/span>\n\t\n\t\n\t\t<span class=\"wpcf7-form-control-wrap\" data-name=\"telefono\"><input size=\"40\" class=\"wpcf7-form-control wpcf7-text wpcf7-tel wpcf7-validates-as-tel\" id=\"telefono\" aria-invalid=\"false\" placeholder=\"Tel\u00e8fon\" value=\"\" type=\"tel\" name=\"telefono\" \/><\/span>\n\t<\/ul>\n\t<p><span class=\"wpcf7-form-control-wrap\" data-name=\"mensaje\"><textarea cols=\"39\" rows=\"10\" class=\"wpcf7-form-control wpcf7-textarea wpcf7-validates-as-required\" id=\"mensaje\" aria-required=\"true\" aria-invalid=\"false\" placeholder=\"Missatge (requerit)\" name=\"mensaje\"><\/textarea><\/span>\n\t<\/p>\n\t<p class=\"form-submit\"><input class=\"wpcf7-form-control has-spinner wpcf7-submit\" type=\"submit\" value=\"Enviar\" \/>\n\t<\/p>\n<\/div>\n<p style=\"text-align:justify; color:#383838;\">\n<\/p>\n<p><em>L\u2019informem que les dades recollides al present formulari, seran tractades per Corporaci\u00f3 d'Administraci\u00f3 Sanit\u00e0ria A.I.E., per poder atendre i donar resposta a la seva sol\u00b7licitud d\u2018informaci\u00f3. Si necessita m\u00e9s informaci\u00f3 o vol exercir els seus drets sobre aquestes dades consulti la nostra <a href=\"https:\/\/www.fisiogestion.com\/ca\/politica-privacidad\/\">Pol\u00edtica de Privacitat<\/a>.<\/em>\n<\/p>\n<\/form>\n<\/div>\n\n","protected":false},"excerpt":{"rendered":"<p>Quan parlem dels canvis posturals a realitzar en un malalt enllitat, ens trobem amb el dec\u00fabit sup\u00ed (boca amunt), el dec\u00fabit lateral (de costat<a class=\"moretag\" href=\"https:\/\/www.activasalut.com\/ca\/realitzacio-de-la-postura-decubit-prono-en-malalts-de-covid-19-a-la-uci\/\">Llegeix m\u00e9s&#8230;<\/a><\/p>\n","protected":false},"author":97,"featured_media":6027,"comment_status":"open","ping_status":"closed","sticky":false,"template":"","format":"standard","meta":[],"categories":[3396],"tags":[3402,3394,3403,3405,3406,3404],"yoast_head":"<!-- This site is optimized with the Yoast SEO plugin v20.0 - https:\/\/yoast.com\/wordpress\/plugins\/seo\/ -->\n<title>Realitzaci\u00f3 de la postura dec\u00fabit prono en malalts de Covid-19 a la UCI<\/title>\n<meta name=\"description\" content=\"La postura de dec\u00fabit pron ha agafat una gran rellev\u00e0ncia i significat en alguns pacients ingressats en UCI per Covid-19.\" \/>\n<meta name=\"robots\" content=\"index, follow, max-snippet:-1, max-image-preview:large, max-video-preview:-1\" \/>\n<link rel=\"canonical\" href=\"https:\/\/www.activasalut.com\/ca\/realitzacio-de-la-postura-decubit-prono-en-malalts-de-covid-19-a-la-uci\/\" \/>\n<meta property=\"og:locale\" content=\"ca_ES\" \/>\n<meta property=\"og:type\" content=\"article\" \/>\n<meta property=\"og:title\" content=\"Realitzaci\u00f3 de la postura dec\u00fabit prono en malalts de Covid-19 a la UCI\" \/>\n<meta property=\"og:description\" content=\"La postura de dec\u00fabit pron ha agafat una gran rellev\u00e0ncia i significat en alguns pacients ingressats en UCI per Covid-19.\" \/>\n<meta property=\"og:url\" content=\"https:\/\/www.activasalut.com\/ca\/realitzacio-de-la-postura-decubit-prono-en-malalts-de-covid-19-a-la-uci\/\" \/>\n<meta property=\"og:site_name\" content=\"Corporaci\u00f3 Fisiogesti\u00f3\" \/>\n<meta property=\"article:published_time\" content=\"2020-07-28T10:30:28+00:00\" \/>\n<meta property=\"article:modified_time\" content=\"2020-11-24T15:45:59+00:00\" \/>\n<meta property=\"og:image\" content=\"https:\/\/www.activasalut.com\/wp-content\/uploads\/2020\/07\/Foto-prono-destacada1.jpg\" \/>\n\t<meta property=\"og:image:width\" content=\"1000\" \/>\n\t<meta property=\"og:image:height\" content=\"667\" \/>\n\t<meta property=\"og:image:type\" content=\"image\/jpeg\" \/>\n<meta name=\"author\" content=\"Eva Garc\u00eda\" \/>\n<meta name=\"twitter:label1\" content=\"Escrit per\" \/>\n\t<meta name=\"twitter:data1\" content=\"Eva Garc\u00eda\" \/>\n\t<meta name=\"twitter:label2\" content=\"Temps estimat de lectura\" \/>\n\t<meta name=\"twitter:data2\" content=\"4 minuts\" \/>\n<script type=\"application\/ld+json\" class=\"yoast-schema-graph\">{\"@context\":\"https:\/\/schema.org\",\"@graph\":[{\"@type\":\"WebPage\",\"@id\":\"https:\/\/www.activasalut.com\/ca\/realitzacio-de-la-postura-decubit-prono-en-malalts-de-covid-19-a-la-uci\/\",\"url\":\"https:\/\/www.activasalut.com\/ca\/realitzacio-de-la-postura-decubit-prono-en-malalts-de-covid-19-a-la-uci\/\",\"name\":\"Realitzaci\u00f3 de la postura dec\u00fabit prono en malalts de Covid-19 a la UCI\",\"isPartOf\":{\"@id\":\"https:\/\/www.activasalut.com\/ca\/#website\"},\"datePublished\":\"2020-07-28T10:30:28+00:00\",\"dateModified\":\"2020-11-24T15:45:59+00:00\",\"author\":{\"@id\":\"https:\/\/www.activasalut.com\/ca\/#\/schema\/person\/8542134e07313e604cd36d327a92057a\"},\"description\":\"La postura de dec\u00fabit pron ha agafat una gran rellev\u00e0ncia i significat en alguns pacients ingressats en UCI per Covid-19.\",\"breadcrumb\":{\"@id\":\"https:\/\/www.activasalut.com\/ca\/realitzacio-de-la-postura-decubit-prono-en-malalts-de-covid-19-a-la-uci\/#breadcrumb\"},\"inLanguage\":\"ca\",\"potentialAction\":[{\"@type\":\"ReadAction\",\"target\":[\"https:\/\/www.activasalut.com\/ca\/realitzacio-de-la-postura-decubit-prono-en-malalts-de-covid-19-a-la-uci\/\"]}]},{\"@type\":\"BreadcrumbList\",\"@id\":\"https:\/\/www.activasalut.com\/ca\/realitzacio-de-la-postura-decubit-prono-en-malalts-de-covid-19-a-la-uci\/#breadcrumb\",\"itemListElement\":[{\"@type\":\"ListItem\",\"position\":1,\"name\":\"Portada\",\"item\":\"https:\/\/www.activasalut.com\/ca\/\"},{\"@type\":\"ListItem\",\"position\":2,\"name\":\"Realitzaci\u00f3 de la postura dec\u00fabit prono en malalts de Covid-19 a la UCI\"}]},{\"@type\":\"WebSite\",\"@id\":\"https:\/\/www.activasalut.com\/ca\/#website\",\"url\":\"https:\/\/www.activasalut.com\/ca\/\",\"name\":\"Corporaci\u00f3n fisiogesti\u00f3n\",\"description\":\"Activa la teva salut\",\"potentialAction\":[{\"@type\":\"SearchAction\",\"target\":{\"@type\":\"EntryPoint\",\"urlTemplate\":\"https:\/\/www.activasalut.com\/ca\/?s={search_term_string}\"},\"query-input\":\"required name=search_term_string\"}],\"inLanguage\":\"ca\"},{\"@type\":\"Person\",\"@id\":\"https:\/\/www.activasalut.com\/ca\/#\/schema\/person\/8542134e07313e604cd36d327a92057a\",\"name\":\"Eva Garc\u00eda\",\"image\":{\"@type\":\"ImageObject\",\"inLanguage\":\"ca\",\"@id\":\"https:\/\/www.activasalut.com\/ca\/#\/schema\/person\/image\/\",\"url\":\"https:\/\/secure.gravatar.com\/avatar\/b7e3677f9d6a3d80c35d8f618877cb45?s=96&d=mm&r=g\",\"contentUrl\":\"https:\/\/secure.gravatar.com\/avatar\/b7e3677f9d6a3d80c35d8f618877cb45?s=96&d=mm&r=g\",\"caption\":\"Eva Garc\u00eda\"},\"description\":\"Eva Garc\u00eda Fisioterapeuta, Gestora de casos y Formadora en Corporaci\u00f3n Fisiogesti\u00f3n\",\"url\":\"https:\/\/www.activasalut.com\/ca\/author\/eva-garcia\/\"}]}<\/script>\n<!-- \/ Yoast SEO plugin. -->","yoast_head_json":{"title":"Realitzaci\u00f3 de la postura dec\u00fabit prono en malalts de Covid-19 a la UCI","description":"La postura de dec\u00fabit pron ha agafat una gran rellev\u00e0ncia i significat en alguns pacients ingressats en UCI per Covid-19.","robots":{"index":"index","follow":"follow","max-snippet":"max-snippet:-1","max-image-preview":"max-image-preview:large","max-video-preview":"max-video-preview:-1"},"canonical":"https:\/\/www.activasalut.com\/ca\/realitzacio-de-la-postura-decubit-prono-en-malalts-de-covid-19-a-la-uci\/","og_locale":"ca_ES","og_type":"article","og_title":"Realitzaci\u00f3 de la postura dec\u00fabit prono en malalts de Covid-19 a la UCI","og_description":"La postura de dec\u00fabit pron ha agafat una gran rellev\u00e0ncia i significat en alguns pacients ingressats en UCI per Covid-19.","og_url":"https:\/\/www.activasalut.com\/ca\/realitzacio-de-la-postura-decubit-prono-en-malalts-de-covid-19-a-la-uci\/","og_site_name":"Corporaci\u00f3 Fisiogesti\u00f3","article_published_time":"2020-07-28T10:30:28+00:00","article_modified_time":"2020-11-24T15:45:59+00:00","og_image":[{"width":1000,"height":667,"url":"https:\/\/www.activasalut.com\/wp-content\/uploads\/2020\/07\/Foto-prono-destacada1.jpg","type":"image\/jpeg"}],"author":"Eva Garc\u00eda","twitter_misc":{"Escrit per":"Eva Garc\u00eda","Temps estimat de lectura":"4 minuts"},"schema":{"@context":"https:\/\/schema.org","@graph":[{"@type":"WebPage","@id":"https:\/\/www.activasalut.com\/ca\/realitzacio-de-la-postura-decubit-prono-en-malalts-de-covid-19-a-la-uci\/","url":"https:\/\/www.activasalut.com\/ca\/realitzacio-de-la-postura-decubit-prono-en-malalts-de-covid-19-a-la-uci\/","name":"Realitzaci\u00f3 de la postura dec\u00fabit prono en malalts de Covid-19 a la UCI","isPartOf":{"@id":"https:\/\/www.activasalut.com\/ca\/#website"},"datePublished":"2020-07-28T10:30:28+00:00","dateModified":"2020-11-24T15:45:59+00:00","author":{"@id":"https:\/\/www.activasalut.com\/ca\/#\/schema\/person\/8542134e07313e604cd36d327a92057a"},"description":"La postura de dec\u00fabit pron ha agafat una gran rellev\u00e0ncia i significat en alguns pacients ingressats en UCI per Covid-19.","breadcrumb":{"@id":"https:\/\/www.activasalut.com\/ca\/realitzacio-de-la-postura-decubit-prono-en-malalts-de-covid-19-a-la-uci\/#breadcrumb"},"inLanguage":"ca","potentialAction":[{"@type":"ReadAction","target":["https:\/\/www.activasalut.com\/ca\/realitzacio-de-la-postura-decubit-prono-en-malalts-de-covid-19-a-la-uci\/"]}]},{"@type":"BreadcrumbList","@id":"https:\/\/www.activasalut.com\/ca\/realitzacio-de-la-postura-decubit-prono-en-malalts-de-covid-19-a-la-uci\/#breadcrumb","itemListElement":[{"@type":"ListItem","position":1,"name":"Portada","item":"https:\/\/www.activasalut.com\/ca\/"},{"@type":"ListItem","position":2,"name":"Realitzaci\u00f3 de la postura dec\u00fabit prono en malalts de Covid-19 a la UCI"}]},{"@type":"WebSite","@id":"https:\/\/www.activasalut.com\/ca\/#website","url":"https:\/\/www.activasalut.com\/ca\/","name":"Corporaci\u00f3n fisiogesti\u00f3n","description":"Activa la teva salut","potentialAction":[{"@type":"SearchAction","target":{"@type":"EntryPoint","urlTemplate":"https:\/\/www.activasalut.com\/ca\/?s={search_term_string}"},"query-input":"required name=search_term_string"}],"inLanguage":"ca"},{"@type":"Person","@id":"https:\/\/www.activasalut.com\/ca\/#\/schema\/person\/8542134e07313e604cd36d327a92057a","name":"Eva Garc\u00eda","image":{"@type":"ImageObject","inLanguage":"ca","@id":"https:\/\/www.activasalut.com\/ca\/#\/schema\/person\/image\/","url":"https:\/\/secure.gravatar.com\/avatar\/b7e3677f9d6a3d80c35d8f618877cb45?s=96&d=mm&r=g","contentUrl":"https:\/\/secure.gravatar.com\/avatar\/b7e3677f9d6a3d80c35d8f618877cb45?s=96&d=mm&r=g","caption":"Eva Garc\u00eda"},"description":"Eva Garc\u00eda Fisioterapeuta, Gestora de casos y Formadora en Corporaci\u00f3n Fisiogesti\u00f3n","url":"https:\/\/www.activasalut.com\/ca\/author\/eva-garcia\/"}]}},"_links":{"self":[{"href":"https:\/\/www.activasalut.com\/ca\/wp-json\/wp\/v2\/posts\/6051"}],"collection":[{"href":"https:\/\/www.activasalut.com\/ca\/wp-json\/wp\/v2\/posts"}],"about":[{"href":"https:\/\/www.activasalut.com\/ca\/wp-json\/wp\/v2\/types\/post"}],"author":[{"embeddable":true,"href":"https:\/\/www.activasalut.com\/ca\/wp-json\/wp\/v2\/users\/97"}],"replies":[{"embeddable":true,"href":"https:\/\/www.activasalut.com\/ca\/wp-json\/wp\/v2\/comments?post=6051"}],"version-history":[{"count":5,"href":"https:\/\/www.activasalut.com\/ca\/wp-json\/wp\/v2\/posts\/6051\/revisions"}],"predecessor-version":[{"id":6062,"href":"https:\/\/www.activasalut.com\/ca\/wp-json\/wp\/v2\/posts\/6051\/revisions\/6062"}],"wp:featuredmedia":[{"embeddable":true,"href":"https:\/\/www.activasalut.com\/ca\/wp-json\/wp\/v2\/media\/6027"}],"wp:attachment":[{"href":"https:\/\/www.activasalut.com\/ca\/wp-json\/wp\/v2\/media?parent=6051"}],"wp:term":[{"taxonomy":"category","embeddable":true,"href":"https:\/\/www.activasalut.com\/ca\/wp-json\/wp\/v2\/categories?post=6051"},{"taxonomy":"post_tag","embeddable":true,"href":"https:\/\/www.activasalut.com\/ca\/wp-json\/wp\/v2\/tags?post=6051"}],"curies":[{"name":"wp","href":"https:\/\/api.w.org\/{rel}","templated":true}]}}