{"id":6135,"date":"2020-07-07T12:36:00","date_gmt":"2020-07-07T10:36:00","guid":{"rendered":"https:\/\/www.activasalut.com\/?p=6135"},"modified":"2020-10-29T11:17:07","modified_gmt":"2020-10-29T10:17:07","slug":"ressonancia-magnetica-nuclear-amb-un-90-defectivitat-terapeutica","status":"publish","type":"post","link":"https:\/\/www.activasalut.com\/ca\/ressonancia-magnetica-nuclear-amb-un-90-defectivitat-terapeutica\/","title":{"rendered":"Resson\u00e0ncia magn\u00e8tica nuclear amb un 90% d&#8217;efectivitat terap\u00e8utica"},"content":{"rendered":"\n<p><strong>Qu\u00e8 \u00e9s la Resson\u00e0ncia Magn\u00e8tica Terap\u00e8utica?<\/strong><\/p>\n\n\n\n<p><strong><a href=\"https:\/\/www.fisiogestion.com\/ca\/servicios-en-centros\/resonancia-magnetica-nuclear-terapeutica-mbst\/\">La Resson\u00e0ncia Magn\u00e8tica Nuclear Terap\u00e8utica \u2013 MBST\u00ae<\/a><\/strong>, \u00e9s un tractament revolucionari que produeix una reactivaci\u00f3 a nivell cel\u00b7lular dels teixits lesionats, reduint el dolor i millorant la funcionalitat.<\/p>\n\n\n\n<!--more-->\n\n\n\n<p>La tecnologia basada en camps magn\u00e8tics, desenvolupada per cient\u00edfics alemanys des de 1998 i avalada per m\u00e9s de 230 publicacions i estudis cient\u00edfics. S\u2019han beneficiat d\u2019aquesta ter\u00e0pia m\u00e9s de 270.000 pacients.<\/p>\n\n\n\n<h3><strong>Quines lesions podem tractar amb la MBST?<\/strong><\/h3>\n\n\n\n<ul><li><strong><a href=\"https:\/\/www.activasalut.com\/ca\/causas-artrosis\/\">Artrosis<\/a><\/strong>.<\/li><li><strong>Dolor articular.<\/strong><\/li><li><strong>Degeneraci\u00f3 dels discos intervertebrals.<\/strong><\/li><li><strong>Condropaties (lesions dels cart\u00edlags).<\/strong><\/li><li><strong>Postoperatoris (pr\u00f2tesis).<\/strong><\/li><li><strong>Edema ossi.<\/strong><\/li><li><strong>Fractures.<\/strong><\/li><li><strong>Lesions esportives (m\u00fasculs, lligaments i tendons).<\/strong><\/li><li><strong>Trastorns de cicatritzaci\u00f3, cura de ferides.<\/strong><\/li><\/ul>\n\n\n\n<h3><strong>Com actua la MBST?<\/strong><\/h3>\n\n\n\n<p>La <strong>MBST<\/strong> utilitza la mateixa tecnologia que la RM (resson\u00e0ncia magn\u00e8tica), per\u00f2 amb l\u2019objectiu de desencadenar <strong>efectes terap\u00e8utics<\/strong> a nivell cel\u00b7lular, en els teixits tractats.<\/p>\n\n\n\n<p>S\u2019aconsegueixen efectes: <strong>analg\u00e8sics, antiinflamatoris i regeneratius<\/strong>, d\u2019aquests teixits amb una <strong>efic\u00e0cia del<\/strong> <strong>92%<\/strong>.<\/p>\n\n\n\n<p>A difer\u00e8ncia de la RM tradicional, la MBST envia l\u2019energia nom\u00e9s a les <strong>c\u00e8l\u00b7lules lesionades<\/strong>. Aquesta energia aconseguir\u00e0 reactivar aquestes c\u00e8l\u00b7lules, mitigant el dolor, reduint la inflamaci\u00f3 i millorant la seva funcionalitat.<\/p>\n\n\n\n<p>Ser\u00e0 molt important realitzar una primera <strong>visita de valoraci\u00f3<\/strong>, per tal de seleccionar adequadament la patologia a tractar.<\/p>\n\n\n\n<h3><strong>Quins avantatges t\u00e9 aquesta ter\u00e0pia?<\/strong><\/h3>\n\n\n\n<div class=\"wp-block-image\"><figure class=\"aligncenter size-large is-resized\"><img decoding=\"async\" loading=\"lazy\" src=\"https:\/\/www.activasalut.com\/wp-content\/uploads\/2020\/07\/MBST-sense-pacient.jpg\" alt=\"MBTS\" class=\"wp-image-5763\" width=\"367\" height=\"238\"\/><\/figure><\/div>\n\n\n\n<ul><li>Sense cirurgia.<\/li><li>Sense infiltracions.<\/li><li>No t\u00e9 efectes secundaris.<\/li><li>No f\u00e0rmacs.<\/li><li>Indolor.<\/li><li>Per a qualsevol edat.<\/li><li>M\u00e0quina oberta, sense sensaci\u00f3 de claustrof\u00f2bia.<\/li><li>Tractament de 7- 9 sessions d\u20191 h.<\/li><li>Efectes terap\u00e8utics que perduren en el temps.<\/li><\/ul>\n\n\n\n<p>A tenir en compte, com a <strong>indicaci\u00f3 espec\u00edfica<\/strong> durant el temps de tractament la import\u00e0ncia de la <strong>ingesta<\/strong><strong> d\u2019aigua<\/strong> (estar ben hidratats) per millorar l\u2019efic\u00e0cia del tractament.<\/p>\n\n\n\n<h3><strong>En quins casos es contraindica la MBST?<\/strong><\/h3>\n\n\n\n<ul><li>Implant coclear, marcapassos,&nbsp;desfibril\u00b7ladors interns (DAI).<\/li><li>Embar\u00e0s.<\/li><li>Pacients oncol\u00f2gics aguts.<\/li><li>Artritis activa.<\/li><\/ul>\n\n\n\n<p>Per tant, estem davant d\u2019una ter\u00e0pia d\u2019alta tecnologia que ens ajuda a tractar pacients amb <strong>afectacions <\/strong><strong>osteoarticulars<\/strong> (artrosis, condropaties\u2026) i esportistes amb una alta c\u00e0rrega de rendiment, d\u2019una manera revolucion\u00e0ria i efica\u00e7.<\/p>\n\n\n\n<p><strong>A Catalunya l\u2019\u00fanic centre de rehabilitaci\u00f3 que disposa d\u2019aquesta ter\u00e0pia \u00e9s el centre <a href=\"https:\/\/www.fisiogestion.com\/ca\/centros\/roger-de-lluria\/\">Corporaci\u00f3 Fisiogesti\u00f3n de Roger de Ll\u00faria<\/a>.<\/strong><\/p>\n\n\n\n<h3>Emplena aquest formulari i t&#8217;informarem<\/h3>\n\n\n\n\n<div class=\"wpcf7 no-js\" id=\"wpcf7-f5295-o1\" lang=\"es-ES\" dir=\"ltr\">\n<div class=\"screen-reader-response\"><p role=\"status\" aria-live=\"polite\" aria-atomic=\"true\"><\/p> <ul><\/ul><\/div>\n<form action=\"\/ca\/wp-json\/wp\/v2\/posts\/6135#wpcf7-f5295-o1\" method=\"post\" class=\"wpcf7-form init\" aria-label=\"Formulario de contacto\" novalidate=\"novalidate\" data-status=\"init\">\n<div style=\"display: none;\">\n<input type=\"hidden\" name=\"_wpcf7\" value=\"5295\" \/>\n<input type=\"hidden\" name=\"_wpcf7_version\" value=\"5.7.3\" \/>\n<input type=\"hidden\" name=\"_wpcf7_locale\" value=\"es_ES\" \/>\n<input type=\"hidden\" name=\"_wpcf7_unit_tag\" value=\"wpcf7-f5295-o1\" \/>\n<input type=\"hidden\" name=\"_wpcf7_container_post\" value=\"0\" \/>\n<input type=\"hidden\" name=\"_wpcf7_posted_data_hash\" value=\"\" \/>\n<input type=\"hidden\" name=\"_wpcf7_recaptcha_response\" value=\"\" \/>\n<\/div>\n<div class=\"wpcf7-response-output\" aria-hidden=\"true\"><\/div>\n<div class='comment-form'>\n\t<ul class=\"comment-form-inputs\">\n\t\n\t<span class=\"wpcf7-form-control-wrap\" data-name=\"nombre\"><input size=\"40\" class=\"wpcf7-form-control wpcf7-text wpcf7-validates-as-required\" id=\"nom\" aria-required=\"true\" aria-invalid=\"false\" placeholder=\"Nom (requerit)\" value=\"\" type=\"text\" name=\"nombre\" \/><\/span>\n\t\n \n\t\t<span class=\"wpcf7-form-control-wrap\" data-name=\"cognoms\"><input size=\"40\" class=\"wpcf7-form-control wpcf7-text wpcf7-validates-as-required\" id=\"aombre\" aria-required=\"true\" aria-invalid=\"false\" placeholder=\"Cognoms (requerit)\" value=\"\" type=\"text\" name=\"cognoms\" \/><\/span>\n\t\n\t\n\t\t<span class=\"wpcf7-form-control-wrap\" data-name=\"email\"><input size=\"40\" class=\"wpcf7-form-control wpcf7-text wpcf7-email wpcf7-validates-as-required wpcf7-validates-as-email\" id=\"email\" aria-required=\"true\" aria-invalid=\"false\" placeholder=\"Email (requerit)\" value=\"\" type=\"email\" name=\"email\" \/><\/span>\n\t\n\t\n\t\t[tel* tel\u00e8fon id:telefono placeholder \"Tel\u00e8fon (requerit)\"]\n\t<\/ul>\n\t<p><span class=\"wpcf7-form-control-wrap\" data-name=\"mensaje\"><textarea cols=\"39\" rows=\"10\" class=\"wpcf7-form-control wpcf7-textarea wpcf7-validates-as-required\" id=\"mensaje\" aria-required=\"true\" aria-invalid=\"false\" placeholder=\"Missatge (requerit)\" name=\"mensaje\"><\/textarea><\/span>\n\t<\/p>\n\t<p class=\"form-submit\"><input class=\"wpcf7-form-control has-spinner wpcf7-submit\" type=\"submit\" value=\"Enviar\" \/>\n\t<\/p>\n<\/div>\n<p style=\"text-align:justify; color:#383838;\">\n<\/p>\n<p><em>L\u2019informem que les dades recollides al present formulari, seran tractades per Corporaci\u00f3 d'Administraci\u00f3 Sanit\u00e0ria A.I.E., per poder atendre i donar resposta a la seva sol\u00b7licitud d\u2018informaci\u00f3. Si necessita m\u00e9s informaci\u00f3 o vol exercir els seus drets sobre aquestes dades consulti la nostra <a href=\"https:\/\/www.fisiogestion.com\/ca\/politica-privacidad\/\">Pol\u00edtica de Privacitat<\/a>.<\/em>\n<\/p>\n<\/form>\n<\/div>\n\n","protected":false},"excerpt":{"rendered":"<p>Qu\u00e8 \u00e9s la Resson\u00e0ncia Magn\u00e8tica Terap\u00e8utica? La Resson\u00e0ncia Magn\u00e8tica Nuclear Terap\u00e8utica \u2013 MBST\u00ae, \u00e9s un tractament revolucionari que produeix una reactivaci\u00f3 a nivell cel\u00b7lular<a class=\"moretag\" href=\"https:\/\/www.activasalut.com\/ca\/ressonancia-magnetica-nuclear-amb-un-90-defectivitat-terapeutica\/\">Llegeix m\u00e9s&#8230;<\/a><\/p>\n","protected":false},"author":77,"featured_media":5817,"comment_status":"open","ping_status":"closed","sticky":false,"template":"","format":"standard","meta":[],"categories":[610,2302],"tags":[1132,3333,2454,2698,1404,2748,3124,3122,2745],"yoast_head":"<!-- This site is optimized with the Yoast SEO plugin v20.0 - https:\/\/yoast.com\/wordpress\/plugins\/seo\/ -->\n<title>Resson\u00e0ncia magn\u00e8tica nuclear amb un 90% d&#039;efectivitat terap\u00e8utica<\/title>\n<meta name=\"description\" content=\"La Resson\u00e0ncia Magn\u00e8tica Nuclear Terap\u00e8utica \u2013 MBST\u00ae, \u00e9s un tractament revolucionari que redueix el dolor i millorant la funcionalitat.\" \/>\n<meta name=\"robots\" content=\"index, follow, max-snippet:-1, max-image-preview:large, max-video-preview:-1\" \/>\n<link rel=\"canonical\" href=\"https:\/\/www.activasalut.com\/ca\/ressonancia-magnetica-nuclear-amb-un-90-defectivitat-terapeutica\/\" \/>\n<meta property=\"og:locale\" content=\"ca_ES\" \/>\n<meta property=\"og:type\" content=\"article\" \/>\n<meta property=\"og:title\" content=\"Resson\u00e0ncia magn\u00e8tica nuclear amb un 90% d&#039;efectivitat terap\u00e8utica\" \/>\n<meta property=\"og:description\" content=\"La Resson\u00e0ncia Magn\u00e8tica Nuclear Terap\u00e8utica \u2013 MBST\u00ae, \u00e9s un tractament revolucionari que redueix el dolor i millorant la funcionalitat.\" \/>\n<meta property=\"og:url\" content=\"https:\/\/www.activasalut.com\/ca\/ressonancia-magnetica-nuclear-amb-un-90-defectivitat-terapeutica\/\" \/>\n<meta property=\"og:site_name\" content=\"Corporaci\u00f3 Fisiogesti\u00f3\" \/>\n<meta property=\"article:published_time\" content=\"2020-07-07T10:36:00+00:00\" \/>\n<meta property=\"article:modified_time\" content=\"2020-10-29T10:17:07+00:00\" \/>\n<meta property=\"og:image\" content=\"https:\/\/www.activasalut.com\/wp-content\/uploads\/2020\/07\/MBST-amb-pacient_Blog-1.jpg\" \/>\n\t<meta property=\"og:image:width\" content=\"250\" \/>\n\t<meta property=\"og:image:height\" content=\"200\" \/>\n\t<meta property=\"og:image:type\" content=\"image\/jpeg\" \/>\n<meta name=\"author\" content=\"Administrador Corporaci\u00f3 Fisiogesti\u00f3n\" \/>\n<meta name=\"twitter:label1\" content=\"Escrit per\" \/>\n\t<meta name=\"twitter:data1\" content=\"Administrador Corporaci\u00f3 Fisiogesti\u00f3n\" \/>\n\t<meta name=\"twitter:label2\" content=\"Temps estimat de lectura\" \/>\n\t<meta name=\"twitter:data2\" content=\"2 minuts\" \/>\n<script type=\"application\/ld+json\" class=\"yoast-schema-graph\">{\"@context\":\"https:\/\/schema.org\",\"@graph\":[{\"@type\":\"WebPage\",\"@id\":\"https:\/\/www.activasalut.com\/ca\/ressonancia-magnetica-nuclear-amb-un-90-defectivitat-terapeutica\/\",\"url\":\"https:\/\/www.activasalut.com\/ca\/ressonancia-magnetica-nuclear-amb-un-90-defectivitat-terapeutica\/\",\"name\":\"Resson\u00e0ncia magn\u00e8tica nuclear amb un 90% d'efectivitat terap\u00e8utica\",\"isPartOf\":{\"@id\":\"https:\/\/www.activasalut.com\/ca\/#website\"},\"datePublished\":\"2020-07-07T10:36:00+00:00\",\"dateModified\":\"2020-10-29T10:17:07+00:00\",\"author\":{\"@id\":\"https:\/\/www.activasalut.com\/ca\/#\/schema\/person\/0a5254d0355371677e2b88488b80854b\"},\"description\":\"La Resson\u00e0ncia Magn\u00e8tica Nuclear Terap\u00e8utica \u2013 MBST\u00ae, \u00e9s un tractament revolucionari que redueix el dolor i millorant la funcionalitat.\",\"breadcrumb\":{\"@id\":\"https:\/\/www.activasalut.com\/ca\/ressonancia-magnetica-nuclear-amb-un-90-defectivitat-terapeutica\/#breadcrumb\"},\"inLanguage\":\"ca\",\"potentialAction\":[{\"@type\":\"ReadAction\",\"target\":[\"https:\/\/www.activasalut.com\/ca\/ressonancia-magnetica-nuclear-amb-un-90-defectivitat-terapeutica\/\"]}]},{\"@type\":\"BreadcrumbList\",\"@id\":\"https:\/\/www.activasalut.com\/ca\/ressonancia-magnetica-nuclear-amb-un-90-defectivitat-terapeutica\/#breadcrumb\",\"itemListElement\":[{\"@type\":\"ListItem\",\"position\":1,\"name\":\"Portada\",\"item\":\"https:\/\/www.activasalut.com\/ca\/\"},{\"@type\":\"ListItem\",\"position\":2,\"name\":\"Resson\u00e0ncia magn\u00e8tica nuclear amb un 90% d&#8217;efectivitat terap\u00e8utica\"}]},{\"@type\":\"WebSite\",\"@id\":\"https:\/\/www.activasalut.com\/ca\/#website\",\"url\":\"https:\/\/www.activasalut.com\/ca\/\",\"name\":\"Corporaci\u00f3n fisiogesti\u00f3n\",\"description\":\"Activa la teva salut\",\"potentialAction\":[{\"@type\":\"SearchAction\",\"target\":{\"@type\":\"EntryPoint\",\"urlTemplate\":\"https:\/\/www.activasalut.com\/ca\/?s={search_term_string}\"},\"query-input\":\"required name=search_term_string\"}],\"inLanguage\":\"ca\"},{\"@type\":\"Person\",\"@id\":\"https:\/\/www.activasalut.com\/ca\/#\/schema\/person\/0a5254d0355371677e2b88488b80854b\",\"name\":\"Administrador Corporaci\u00f3 Fisiogesti\u00f3n\",\"image\":{\"@type\":\"ImageObject\",\"inLanguage\":\"ca\",\"@id\":\"https:\/\/www.activasalut.com\/ca\/#\/schema\/person\/image\/\",\"url\":\"https:\/\/secure.gravatar.com\/avatar\/60c5d71db8c6977844fa0e908ec50b39?s=96&d=mm&r=g\",\"contentUrl\":\"https:\/\/secure.gravatar.com\/avatar\/60c5d71db8c6977844fa0e908ec50b39?s=96&d=mm&r=g\",\"caption\":\"Administrador Corporaci\u00f3 Fisiogesti\u00f3n\"},\"sameAs\":[\"http:\/\/www.fisiogestion.com\"],\"url\":\"https:\/\/www.activasalut.com\/ca\/author\/adminfisiogestion\/\"}]}<\/script>\n<!-- \/ Yoast SEO plugin. -->","yoast_head_json":{"title":"Resson\u00e0ncia magn\u00e8tica nuclear amb un 90% d'efectivitat terap\u00e8utica","description":"La Resson\u00e0ncia Magn\u00e8tica Nuclear Terap\u00e8utica \u2013 MBST\u00ae, \u00e9s un tractament revolucionari que redueix el dolor i millorant la funcionalitat.","robots":{"index":"index","follow":"follow","max-snippet":"max-snippet:-1","max-image-preview":"max-image-preview:large","max-video-preview":"max-video-preview:-1"},"canonical":"https:\/\/www.activasalut.com\/ca\/ressonancia-magnetica-nuclear-amb-un-90-defectivitat-terapeutica\/","og_locale":"ca_ES","og_type":"article","og_title":"Resson\u00e0ncia magn\u00e8tica nuclear amb un 90% d'efectivitat terap\u00e8utica","og_description":"La Resson\u00e0ncia Magn\u00e8tica Nuclear Terap\u00e8utica \u2013 MBST\u00ae, \u00e9s un tractament revolucionari que redueix el dolor i millorant la funcionalitat.","og_url":"https:\/\/www.activasalut.com\/ca\/ressonancia-magnetica-nuclear-amb-un-90-defectivitat-terapeutica\/","og_site_name":"Corporaci\u00f3 Fisiogesti\u00f3","article_published_time":"2020-07-07T10:36:00+00:00","article_modified_time":"2020-10-29T10:17:07+00:00","og_image":[{"width":250,"height":200,"url":"https:\/\/www.activasalut.com\/wp-content\/uploads\/2020\/07\/MBST-amb-pacient_Blog-1.jpg","type":"image\/jpeg"}],"author":"Administrador Corporaci\u00f3 Fisiogesti\u00f3n","twitter_misc":{"Escrit per":"Administrador Corporaci\u00f3 Fisiogesti\u00f3n","Temps estimat de lectura":"2 minuts"},"schema":{"@context":"https:\/\/schema.org","@graph":[{"@type":"WebPage","@id":"https:\/\/www.activasalut.com\/ca\/ressonancia-magnetica-nuclear-amb-un-90-defectivitat-terapeutica\/","url":"https:\/\/www.activasalut.com\/ca\/ressonancia-magnetica-nuclear-amb-un-90-defectivitat-terapeutica\/","name":"Resson\u00e0ncia magn\u00e8tica nuclear amb un 90% d'efectivitat terap\u00e8utica","isPartOf":{"@id":"https:\/\/www.activasalut.com\/ca\/#website"},"datePublished":"2020-07-07T10:36:00+00:00","dateModified":"2020-10-29T10:17:07+00:00","author":{"@id":"https:\/\/www.activasalut.com\/ca\/#\/schema\/person\/0a5254d0355371677e2b88488b80854b"},"description":"La Resson\u00e0ncia Magn\u00e8tica Nuclear Terap\u00e8utica \u2013 MBST\u00ae, \u00e9s un tractament revolucionari que redueix el dolor i millorant la funcionalitat.","breadcrumb":{"@id":"https:\/\/www.activasalut.com\/ca\/ressonancia-magnetica-nuclear-amb-un-90-defectivitat-terapeutica\/#breadcrumb"},"inLanguage":"ca","potentialAction":[{"@type":"ReadAction","target":["https:\/\/www.activasalut.com\/ca\/ressonancia-magnetica-nuclear-amb-un-90-defectivitat-terapeutica\/"]}]},{"@type":"BreadcrumbList","@id":"https:\/\/www.activasalut.com\/ca\/ressonancia-magnetica-nuclear-amb-un-90-defectivitat-terapeutica\/#breadcrumb","itemListElement":[{"@type":"ListItem","position":1,"name":"Portada","item":"https:\/\/www.activasalut.com\/ca\/"},{"@type":"ListItem","position":2,"name":"Resson\u00e0ncia magn\u00e8tica nuclear amb un 90% d&#8217;efectivitat terap\u00e8utica"}]},{"@type":"WebSite","@id":"https:\/\/www.activasalut.com\/ca\/#website","url":"https:\/\/www.activasalut.com\/ca\/","name":"Corporaci\u00f3n fisiogesti\u00f3n","description":"Activa la teva salut","potentialAction":[{"@type":"SearchAction","target":{"@type":"EntryPoint","urlTemplate":"https:\/\/www.activasalut.com\/ca\/?s={search_term_string}"},"query-input":"required name=search_term_string"}],"inLanguage":"ca"},{"@type":"Person","@id":"https:\/\/www.activasalut.com\/ca\/#\/schema\/person\/0a5254d0355371677e2b88488b80854b","name":"Administrador Corporaci\u00f3 Fisiogesti\u00f3n","image":{"@type":"ImageObject","inLanguage":"ca","@id":"https:\/\/www.activasalut.com\/ca\/#\/schema\/person\/image\/","url":"https:\/\/secure.gravatar.com\/avatar\/60c5d71db8c6977844fa0e908ec50b39?s=96&d=mm&r=g","contentUrl":"https:\/\/secure.gravatar.com\/avatar\/60c5d71db8c6977844fa0e908ec50b39?s=96&d=mm&r=g","caption":"Administrador Corporaci\u00f3 Fisiogesti\u00f3n"},"sameAs":["http:\/\/www.fisiogestion.com"],"url":"https:\/\/www.activasalut.com\/ca\/author\/adminfisiogestion\/"}]}},"_links":{"self":[{"href":"https:\/\/www.activasalut.com\/ca\/wp-json\/wp\/v2\/posts\/6135"}],"collection":[{"href":"https:\/\/www.activasalut.com\/ca\/wp-json\/wp\/v2\/posts"}],"about":[{"href":"https:\/\/www.activasalut.com\/ca\/wp-json\/wp\/v2\/types\/post"}],"author":[{"embeddable":true,"href":"https:\/\/www.activasalut.com\/ca\/wp-json\/wp\/v2\/users\/77"}],"replies":[{"embeddable":true,"href":"https:\/\/www.activasalut.com\/ca\/wp-json\/wp\/v2\/comments?post=6135"}],"version-history":[{"count":3,"href":"https:\/\/www.activasalut.com\/ca\/wp-json\/wp\/v2\/posts\/6135\/revisions"}],"predecessor-version":[{"id":6675,"href":"https:\/\/www.activasalut.com\/ca\/wp-json\/wp\/v2\/posts\/6135\/revisions\/6675"}],"wp:featuredmedia":[{"embeddable":true,"href":"https:\/\/www.activasalut.com\/ca\/wp-json\/wp\/v2\/media\/5817"}],"wp:attachment":[{"href":"https:\/\/www.activasalut.com\/ca\/wp-json\/wp\/v2\/media?parent=6135"}],"wp:term":[{"taxonomy":"category","embeddable":true,"href":"https:\/\/www.activasalut.com\/ca\/wp-json\/wp\/v2\/categories?post=6135"},{"taxonomy":"post_tag","embeddable":true,"href":"https:\/\/www.activasalut.com\/ca\/wp-json\/wp\/v2\/tags?post=6135"}],"curies":[{"name":"wp","href":"https:\/\/api.w.org\/{rel}","templated":true}]}}