{"id":6156,"date":"2020-02-26T12:49:00","date_gmt":"2020-02-26T11:49:00","guid":{"rendered":"https:\/\/www.activasalut.com\/?p=6156"},"modified":"2020-09-09T12:49:26","modified_gmt":"2020-09-09T10:49:26","slug":"prevencio-de-caigudes-factors-de-risc-intrinsecs-2","status":"publish","type":"post","link":"https:\/\/www.activasalut.com\/ca\/prevencio-de-caigudes-factors-de-risc-intrinsecs-2\/","title":{"rendered":"Prevenci\u00f3 de caigudes: Factors de risc intr\u00ednsecs"},"content":{"rendered":"\n<p>&#8220;Val m\u00e9s <strong>prevenir <\/strong>que curar&#8221; \u00e9s una expressi\u00f3 de saviesa popular que segurament heu escoltat i\/o utilitzat m\u00e9s d&#8217;una vegada. Tal com ens indica aquest refrany, en les <strong>caigudes<\/strong>, tamb\u00e9 \u00e9s millor aplicar les mesures preventives abans, per a evitar que succeeixin o minimitzar les conseq\u00fc\u00e8ncies.<\/p>\n\n\n\n<!--more-->\n\n\n\n<blockquote class=\"wp-block-quote\"><p>Home advertit, camina segur el cam\u00ed.<\/p><cite>Refrany popular<\/cite><\/blockquote>\n\n\n\n<h3>Activitat f\u00edsica, mental i social<\/h3>\n\n\n\n<p>Incorporar i participar en <strong>activitats f\u00edsiques-terap\u00e8utiques grupals<\/strong> \u00e9s una bona oportunitat per a entrenar el cos, la ment i relacionar-nos amb els altres. Amb l&#8217;<strong><a href=\"https:\/\/www.activasalut.com\/ca\/raons-per-a-realitzar-activitat-fisica-durant-lenvelliment\/\">exercici f\u00edsic saludable<\/a><\/strong> ajudem a mantenir l&#8217;agilitat, la coordinaci\u00f3, l&#8217;equilibri, la marxa, la for\u00e7a, la resist\u00e8ncia, etc. sent benefici\u00f3s per a la prevenci\u00f3 de les caigudes.<\/p>\n\n\n\n<div class=\"wp-block-image\"><figure class=\"aligncenter size-large is-resized\"><img decoding=\"async\" loading=\"lazy\" src=\"https:\/\/www.activasalut.com\/wp-content\/uploads\/2020\/02\/Imagen1_VitalTraining_post02.jpg\" alt=\"Prevenci\u00f3n de ca\u00eddas: Factores de riesgo intr\u00ednsecos\" class=\"wp-image-5478\" width=\"203\" height=\"145\"\/><\/figure><\/div>\n\n\n\n<p>Existeix gran diversitat d&#8217;opcions per a incorporar el moviment i l&#8217;activitat f\u00edsica en la nostra vida quotidiana com, per exemple, passejar, grups d&#8217;exercici f\u00edsic, etc. Per afavorir la nostra salur <strong>\u00e9s vital mantenir-nos actius i cuidar-nos, <\/strong>una bona manera de contribuir-hi \u00e9s la realitzaci\u00f3 de les tasques de casa i de la vida di\u00e0ria com, per exemple, anar caminant a buscar als n\u00e9ts, fer les petites compres di\u00e0ries, pujar i baixar les escales en comptes d&#8217;agafar l&#8217;ascensor, etc.<\/p>\n\n\n\n<h3>Alimentaci\u00f3<\/h3>\n\n\n\n<p>\u00c9s important tenir una <strong>alimentaci\u00f3 saludable i equilibrada<\/strong>. Recorda que \u00e9s convenient beure aigua, menjar prote\u00efnes, verdura, fruita i sobretot no saltar-se cap menjar. Davant qualsevol dubte pots consultar amb l&#8217;equip sanitari m\u00e8dic, infermera o nutricionista.<\/p>\n\n\n\n<div class=\"wp-block-image\"><figure class=\"aligncenter size-large is-resized\"><img decoding=\"async\" loading=\"lazy\" src=\"https:\/\/www.activasalut.com\/wp-content\/uploads\/2020\/02\/Imagen2_Alimentacion_post02.jpg\" alt=\"Prevenci\u00f3n de ca\u00eddas: Factores de riesgo intr\u00ednsecos\" class=\"wp-image-5480\" width=\"222\" height=\"148\"\/><\/figure><\/div>\n\n\n\n<h3>Salut de la vista, les o\u00efdes i dels peus<\/h3>\n\n\n\n<p>S\u00f3n important les <strong>revisions peri\u00f2diques amb l&#8217;oftalm\u00f2leg per a la vista<\/strong>, <strong>l&#8217;otorrino per a l&#8217;audici\u00f3<\/strong> i <strong>el pod\u00f2leg<\/strong> per a la cura dels peus. Si ets usuari d&#8217;ulleres i\/o audi\u00f2fons \u00e9s important utilitzar-los i tamb\u00e9 fer les revisions per a mantenir-los en bon estat.<\/p>\n\n\n\n<div class=\"wp-block-image\"><figure class=\"aligncenter size-large is-resized\"><img decoding=\"async\" loading=\"lazy\" src=\"https:\/\/www.activasalut.com\/wp-content\/uploads\/2020\/02\/Imagen3_SaludVistaOidosPies_post02.jpg\" alt=\"Prevenci\u00f3n de ca\u00eddas: Factores de riesgo intr\u00ednsecos\" class=\"wp-image-5482\" width=\"560\" height=\"148\"\/><\/figure><\/div>\n\n\n\n<blockquote class=\"wp-block-quote\"><p>Recorda que \u00e9s essencial invertir en salut i qualitat de vida.<\/p><\/blockquote>\n\n\n\n<p><strong>En els pr\u00f2xims posts de les caigudes parlarem d&#8217;algunes mesures preventives per als factors de risc extr\u00ednsecs<\/strong> (externs i relacionats amb l&#8217;entorn)<\/p>\n\n\n\n<h3>Grups de manteniment, Postural i Vital Training<\/h3>\n\n\n\n<p><strong>Si est\u00e0s interessat a fer activitat f\u00edsica terap\u00e8utica<\/strong>, participant en un grup de manteniment, <strong>pots venir als nostres <a href=\"https:\/\/www.fisiogestion.com\/ca\/centres\/\">centres<\/a> per a provar una classe gratu\u00efta <\/strong>de <strong><a href=\"https:\/\/www.fisiogestion.com\/ca\/servicios-en-centros\/servicio-postural-training\/\">Postural Training<\/a><\/strong> (mitjana intensitat) o de <strong><a href=\"https:\/\/www.fisiogestion.com\/ca\/servicios-en-centros\/servicio-vital-training\/\">Vital Training<\/a> <\/strong>(baixa intensitat).<\/p>\n\n\n\n<h2> Emplena aquest formulari i et contactarem per a provar una classe gratu\u00efta de Postural o Vital&nbsp;Training  &#x1f447;   <\/h2>\n\n\n\n\n<div class=\"wpcf7 no-js\" id=\"wpcf7-f5253-o1\" lang=\"es-ES\" dir=\"ltr\">\n<div class=\"screen-reader-response\"><p role=\"status\" aria-live=\"polite\" aria-atomic=\"true\"><\/p> <ul><\/ul><\/div>\n<form action=\"\/ca\/wp-json\/wp\/v2\/posts\/6156#wpcf7-f5253-o1\" method=\"post\" class=\"wpcf7-form init\" aria-label=\"Formulario de contacto\" novalidate=\"novalidate\" data-status=\"init\">\n<div style=\"display: none;\">\n<input type=\"hidden\" name=\"_wpcf7\" value=\"5253\" \/>\n<input type=\"hidden\" name=\"_wpcf7_version\" value=\"5.7.3\" \/>\n<input type=\"hidden\" name=\"_wpcf7_locale\" value=\"es_ES\" \/>\n<input type=\"hidden\" name=\"_wpcf7_unit_tag\" value=\"wpcf7-f5253-o1\" \/>\n<input type=\"hidden\" name=\"_wpcf7_container_post\" value=\"0\" \/>\n<input type=\"hidden\" name=\"_wpcf7_posted_data_hash\" value=\"\" \/>\n<input type=\"hidden\" name=\"_wpcf7_recaptcha_response\" value=\"\" \/>\n<\/div>\n<div class=\"wpcf7-response-output\" aria-hidden=\"true\"><\/div>\n<div class='comment-form'>\n\t<div class=\"comment-form-inputs\">\n\t\t<p><span class=\"wpcf7-form-control-wrap\" data-name=\"nombre\"><input size=\"40\" class=\"wpcf7-form-control wpcf7-text wpcf7-validates-as-required\" id=\"nombre\" aria-required=\"true\" aria-invalid=\"false\" placeholder=\"Nom (requerit)\" value=\"\" type=\"text\" name=\"nombre\" \/><\/span>\n\t\t<\/p>\n\t\t<p><span class=\"wpcf7-form-control-wrap\" data-name=\"apellidos\"><input size=\"40\" class=\"wpcf7-form-control wpcf7-text wpcf7-validates-as-required\" id=\"apellidos\" aria-required=\"true\" aria-invalid=\"false\" placeholder=\"Cognoms (requerit)\" value=\"\" type=\"text\" name=\"apellidos\" \/><\/span>\n\t\t<\/p>\n\t\t<p><span class=\"wpcf7-form-control-wrap\" data-name=\"email\"><input size=\"40\" class=\"wpcf7-form-control wpcf7-text wpcf7-email wpcf7-validates-as-required wpcf7-validates-as-email\" id=\"email\" aria-required=\"true\" aria-invalid=\"false\" placeholder=\"Email (requerit)\" value=\"\" type=\"email\" name=\"email\" \/><\/span>\n\t\t<\/p>\n\t\t<p><span class=\"wpcf7-form-control-wrap\" data-name=\"telefono\"><input size=\"40\" class=\"wpcf7-form-control wpcf7-text wpcf7-tel wpcf7-validates-as-required wpcf7-validates-as-tel\" id=\"telefono\" aria-required=\"true\" aria-invalid=\"false\" placeholder=\"Tel\u00e8fon (requerit)\" value=\"\" type=\"tel\" name=\"telefono\" \/><\/span>\n\t\t<\/p>\n\t<\/div>\n\t<p><span class=\"wpcf7-form-control-wrap\" data-name=\"mensaje\"><textarea cols=\"39\" rows=\"10\" class=\"wpcf7-form-control wpcf7-textarea wpcf7-validates-as-required\" id=\"mensaje\" aria-required=\"true\" aria-invalid=\"false\" placeholder=\"Missatge (requerit)\" name=\"mensaje\"><\/textarea><\/span>\n\t<\/p>\n\t<p class=\"form-submit\"><input class=\"wpcf7-form-control has-spinner wpcf7-submit\" type=\"submit\" value=\"Enviar\" \/>\n\t<\/p>\n<\/div>\n<p style=\"text-align:justify; color:#383838;\"><br \/>\n<em>L\u2019informem que les dades recollides al present formulari, seran tractades per Corporaci\u00f3 d'Administraci\u00f3 Sanit\u00e0ria A.I.E., per poder atendre i donar resposta a la seva sol\u00b7licitud d\u2018informaci\u00f3. Si necessita m\u00e9s informaci\u00f3 o vol exercir els seus drets sobre aquestes dades consulti la nostra <a href=\"https:\/\/www.fisiogestion.com\/ca\/politica-privacidad\/\">Pol\u00edtica de Privacitat<\/a>.<\/em>\n<\/p>\n<\/form>\n<\/div>\n\n","protected":false},"excerpt":{"rendered":"<p>&#8220;Val m\u00e9s prevenir que curar&#8221; \u00e9s una expressi\u00f3 de saviesa popular que segurament heu escoltat i\/o utilitzat m\u00e9s d&#8217;una vegada. Tal com ens indica<a class=\"moretag\" href=\"https:\/\/www.activasalut.com\/ca\/prevencio-de-caigudes-factors-de-risc-intrinsecs-2\/\">Llegeix m\u00e9s&#8230;<\/a><\/p>\n","protected":false},"author":77,"featured_media":5494,"comment_status":"open","ping_status":"closed","sticky":false,"template":"","format":"standard","meta":[],"categories":[471,470,3268,3266],"tags":[988,290,366,1134,820,804,3269,1878,2975],"yoast_head":"<!-- This site is optimized with the Yoast SEO plugin v20.0 - https:\/\/yoast.com\/wordpress\/plugins\/seo\/ -->\n<title>Prevenci\u00f3 de caigudes: Factors de risc intr\u00ednsecs<\/title>\n<meta name=\"description\" content=\"&quot;Val m\u00e9s prevenir que curar&quot; . Tal com ens indica aquest refrany, en les caigudes \u00e9s molt important la prevenci\u00f3 per tal d&#039;evitarles.\" \/>\n<meta name=\"robots\" content=\"index, follow, max-snippet:-1, max-image-preview:large, max-video-preview:-1\" \/>\n<link rel=\"canonical\" href=\"https:\/\/www.activasalut.com\/ca\/prevencio-de-caigudes-factors-de-risc-intrinsecs-2\/\" \/>\n<meta property=\"og:locale\" content=\"ca_ES\" \/>\n<meta property=\"og:type\" content=\"article\" \/>\n<meta property=\"og:title\" content=\"Prevenci\u00f3 de caigudes: Factors de risc intr\u00ednsecs\" \/>\n<meta property=\"og:description\" content=\"&quot;Val m\u00e9s prevenir que curar&quot; . Tal com ens indica aquest refrany, en les caigudes \u00e9s molt important la prevenci\u00f3 per tal d&#039;evitarles.\" \/>\n<meta property=\"og:url\" content=\"https:\/\/www.activasalut.com\/ca\/prevencio-de-caigudes-factors-de-risc-intrinsecs-2\/\" \/>\n<meta property=\"og:site_name\" content=\"Corporaci\u00f3 Fisiogesti\u00f3\" \/>\n<meta property=\"article:published_time\" content=\"2020-02-26T11:49:00+00:00\" \/>\n<meta property=\"article:modified_time\" content=\"2020-09-09T10:49:26+00:00\" \/>\n<meta property=\"og:image\" content=\"https:\/\/www.activasalut.com\/wp-content\/uploads\/2020\/02\/ca\u00eddas_blog.jpg\" \/>\n\t<meta property=\"og:image:width\" content=\"300\" \/>\n\t<meta property=\"og:image:height\" content=\"225\" \/>\n\t<meta property=\"og:image:type\" content=\"image\/jpeg\" \/>\n<meta name=\"author\" content=\"Administrador Corporaci\u00f3 Fisiogesti\u00f3n\" \/>\n<meta name=\"twitter:label1\" content=\"Escrit per\" \/>\n\t<meta name=\"twitter:data1\" content=\"Administrador Corporaci\u00f3 Fisiogesti\u00f3n\" \/>\n\t<meta name=\"twitter:label2\" content=\"Temps estimat de lectura\" \/>\n\t<meta name=\"twitter:data2\" content=\"2 minuts\" \/>\n<script type=\"application\/ld+json\" class=\"yoast-schema-graph\">{\"@context\":\"https:\/\/schema.org\",\"@graph\":[{\"@type\":\"WebPage\",\"@id\":\"https:\/\/www.activasalut.com\/ca\/prevencio-de-caigudes-factors-de-risc-intrinsecs-2\/\",\"url\":\"https:\/\/www.activasalut.com\/ca\/prevencio-de-caigudes-factors-de-risc-intrinsecs-2\/\",\"name\":\"Prevenci\u00f3 de caigudes: Factors de risc intr\u00ednsecs\",\"isPartOf\":{\"@id\":\"https:\/\/www.activasalut.com\/ca\/#website\"},\"datePublished\":\"2020-02-26T11:49:00+00:00\",\"dateModified\":\"2020-09-09T10:49:26+00:00\",\"author\":{\"@id\":\"https:\/\/www.activasalut.com\/ca\/#\/schema\/person\/0a5254d0355371677e2b88488b80854b\"},\"description\":\"\\\"Val m\u00e9s prevenir que curar\\\" . Tal com ens indica aquest refrany, en les caigudes \u00e9s molt important la prevenci\u00f3 per tal d'evitarles.\",\"breadcrumb\":{\"@id\":\"https:\/\/www.activasalut.com\/ca\/prevencio-de-caigudes-factors-de-risc-intrinsecs-2\/#breadcrumb\"},\"inLanguage\":\"ca\",\"potentialAction\":[{\"@type\":\"ReadAction\",\"target\":[\"https:\/\/www.activasalut.com\/ca\/prevencio-de-caigudes-factors-de-risc-intrinsecs-2\/\"]}]},{\"@type\":\"BreadcrumbList\",\"@id\":\"https:\/\/www.activasalut.com\/ca\/prevencio-de-caigudes-factors-de-risc-intrinsecs-2\/#breadcrumb\",\"itemListElement\":[{\"@type\":\"ListItem\",\"position\":1,\"name\":\"Portada\",\"item\":\"https:\/\/www.activasalut.com\/ca\/\"},{\"@type\":\"ListItem\",\"position\":2,\"name\":\"Prevenci\u00f3 de caigudes: Factors de risc intr\u00ednsecs\"}]},{\"@type\":\"WebSite\",\"@id\":\"https:\/\/www.activasalut.com\/ca\/#website\",\"url\":\"https:\/\/www.activasalut.com\/ca\/\",\"name\":\"Corporaci\u00f3n fisiogesti\u00f3n\",\"description\":\"Activa la teva salut\",\"potentialAction\":[{\"@type\":\"SearchAction\",\"target\":{\"@type\":\"EntryPoint\",\"urlTemplate\":\"https:\/\/www.activasalut.com\/ca\/?s={search_term_string}\"},\"query-input\":\"required name=search_term_string\"}],\"inLanguage\":\"ca\"},{\"@type\":\"Person\",\"@id\":\"https:\/\/www.activasalut.com\/ca\/#\/schema\/person\/0a5254d0355371677e2b88488b80854b\",\"name\":\"Administrador Corporaci\u00f3 Fisiogesti\u00f3n\",\"image\":{\"@type\":\"ImageObject\",\"inLanguage\":\"ca\",\"@id\":\"https:\/\/www.activasalut.com\/ca\/#\/schema\/person\/image\/\",\"url\":\"https:\/\/secure.gravatar.com\/avatar\/60c5d71db8c6977844fa0e908ec50b39?s=96&d=mm&r=g\",\"contentUrl\":\"https:\/\/secure.gravatar.com\/avatar\/60c5d71db8c6977844fa0e908ec50b39?s=96&d=mm&r=g\",\"caption\":\"Administrador Corporaci\u00f3 Fisiogesti\u00f3n\"},\"sameAs\":[\"http:\/\/www.fisiogestion.com\"],\"url\":\"https:\/\/www.activasalut.com\/ca\/author\/adminfisiogestion\/\"}]}<\/script>\n<!-- \/ Yoast SEO plugin. -->","yoast_head_json":{"title":"Prevenci\u00f3 de caigudes: Factors de risc intr\u00ednsecs","description":"\"Val m\u00e9s prevenir que curar\" . Tal com ens indica aquest refrany, en les caigudes \u00e9s molt important la prevenci\u00f3 per tal d'evitarles.","robots":{"index":"index","follow":"follow","max-snippet":"max-snippet:-1","max-image-preview":"max-image-preview:large","max-video-preview":"max-video-preview:-1"},"canonical":"https:\/\/www.activasalut.com\/ca\/prevencio-de-caigudes-factors-de-risc-intrinsecs-2\/","og_locale":"ca_ES","og_type":"article","og_title":"Prevenci\u00f3 de caigudes: Factors de risc intr\u00ednsecs","og_description":"\"Val m\u00e9s prevenir que curar\" . Tal com ens indica aquest refrany, en les caigudes \u00e9s molt important la prevenci\u00f3 per tal d'evitarles.","og_url":"https:\/\/www.activasalut.com\/ca\/prevencio-de-caigudes-factors-de-risc-intrinsecs-2\/","og_site_name":"Corporaci\u00f3 Fisiogesti\u00f3","article_published_time":"2020-02-26T11:49:00+00:00","article_modified_time":"2020-09-09T10:49:26+00:00","og_image":[{"width":300,"height":225,"url":"https:\/\/www.activasalut.com\/wp-content\/uploads\/2020\/02\/ca\u00eddas_blog.jpg","type":"image\/jpeg"}],"author":"Administrador Corporaci\u00f3 Fisiogesti\u00f3n","twitter_misc":{"Escrit per":"Administrador Corporaci\u00f3 Fisiogesti\u00f3n","Temps estimat de lectura":"2 minuts"},"schema":{"@context":"https:\/\/schema.org","@graph":[{"@type":"WebPage","@id":"https:\/\/www.activasalut.com\/ca\/prevencio-de-caigudes-factors-de-risc-intrinsecs-2\/","url":"https:\/\/www.activasalut.com\/ca\/prevencio-de-caigudes-factors-de-risc-intrinsecs-2\/","name":"Prevenci\u00f3 de caigudes: Factors de risc intr\u00ednsecs","isPartOf":{"@id":"https:\/\/www.activasalut.com\/ca\/#website"},"datePublished":"2020-02-26T11:49:00+00:00","dateModified":"2020-09-09T10:49:26+00:00","author":{"@id":"https:\/\/www.activasalut.com\/ca\/#\/schema\/person\/0a5254d0355371677e2b88488b80854b"},"description":"\"Val m\u00e9s prevenir que curar\" . Tal com ens indica aquest refrany, en les caigudes \u00e9s molt important la prevenci\u00f3 per tal d'evitarles.","breadcrumb":{"@id":"https:\/\/www.activasalut.com\/ca\/prevencio-de-caigudes-factors-de-risc-intrinsecs-2\/#breadcrumb"},"inLanguage":"ca","potentialAction":[{"@type":"ReadAction","target":["https:\/\/www.activasalut.com\/ca\/prevencio-de-caigudes-factors-de-risc-intrinsecs-2\/"]}]},{"@type":"BreadcrumbList","@id":"https:\/\/www.activasalut.com\/ca\/prevencio-de-caigudes-factors-de-risc-intrinsecs-2\/#breadcrumb","itemListElement":[{"@type":"ListItem","position":1,"name":"Portada","item":"https:\/\/www.activasalut.com\/ca\/"},{"@type":"ListItem","position":2,"name":"Prevenci\u00f3 de caigudes: Factors de risc intr\u00ednsecs"}]},{"@type":"WebSite","@id":"https:\/\/www.activasalut.com\/ca\/#website","url":"https:\/\/www.activasalut.com\/ca\/","name":"Corporaci\u00f3n fisiogesti\u00f3n","description":"Activa la teva salut","potentialAction":[{"@type":"SearchAction","target":{"@type":"EntryPoint","urlTemplate":"https:\/\/www.activasalut.com\/ca\/?s={search_term_string}"},"query-input":"required name=search_term_string"}],"inLanguage":"ca"},{"@type":"Person","@id":"https:\/\/www.activasalut.com\/ca\/#\/schema\/person\/0a5254d0355371677e2b88488b80854b","name":"Administrador Corporaci\u00f3 Fisiogesti\u00f3n","image":{"@type":"ImageObject","inLanguage":"ca","@id":"https:\/\/www.activasalut.com\/ca\/#\/schema\/person\/image\/","url":"https:\/\/secure.gravatar.com\/avatar\/60c5d71db8c6977844fa0e908ec50b39?s=96&d=mm&r=g","contentUrl":"https:\/\/secure.gravatar.com\/avatar\/60c5d71db8c6977844fa0e908ec50b39?s=96&d=mm&r=g","caption":"Administrador Corporaci\u00f3 Fisiogesti\u00f3n"},"sameAs":["http:\/\/www.fisiogestion.com"],"url":"https:\/\/www.activasalut.com\/ca\/author\/adminfisiogestion\/"}]}},"_links":{"self":[{"href":"https:\/\/www.activasalut.com\/ca\/wp-json\/wp\/v2\/posts\/6156"}],"collection":[{"href":"https:\/\/www.activasalut.com\/ca\/wp-json\/wp\/v2\/posts"}],"about":[{"href":"https:\/\/www.activasalut.com\/ca\/wp-json\/wp\/v2\/types\/post"}],"author":[{"embeddable":true,"href":"https:\/\/www.activasalut.com\/ca\/wp-json\/wp\/v2\/users\/77"}],"replies":[{"embeddable":true,"href":"https:\/\/www.activasalut.com\/ca\/wp-json\/wp\/v2\/comments?post=6156"}],"version-history":[{"count":1,"href":"https:\/\/www.activasalut.com\/ca\/wp-json\/wp\/v2\/posts\/6156\/revisions"}],"predecessor-version":[{"id":6158,"href":"https:\/\/www.activasalut.com\/ca\/wp-json\/wp\/v2\/posts\/6156\/revisions\/6158"}],"wp:featuredmedia":[{"embeddable":true,"href":"https:\/\/www.activasalut.com\/ca\/wp-json\/wp\/v2\/media\/5494"}],"wp:attachment":[{"href":"https:\/\/www.activasalut.com\/ca\/wp-json\/wp\/v2\/media?parent=6156"}],"wp:term":[{"taxonomy":"category","embeddable":true,"href":"https:\/\/www.activasalut.com\/ca\/wp-json\/wp\/v2\/categories?post=6156"},{"taxonomy":"post_tag","embeddable":true,"href":"https:\/\/www.activasalut.com\/ca\/wp-json\/wp\/v2\/tags?post=6156"}],"curies":[{"name":"wp","href":"https:\/\/api.w.org\/{rel}","templated":true}]}}