{"id":6181,"date":"2020-09-10T10:39:23","date_gmt":"2020-09-10T08:39:23","guid":{"rendered":"https:\/\/www.activasalut.com\/?p=6181"},"modified":"2020-09-23T10:38:34","modified_gmt":"2020-09-23T08:38:34","slug":"realitat-virtual-en-rehabilitacio","status":"publish","type":"post","link":"https:\/\/www.activasalut.com\/ca\/realitat-virtual-en-rehabilitacio\/","title":{"rendered":"Realitat Virtual en Rehabilitaci\u00f3"},"content":{"rendered":"\n<p>De manera molt \u00e0mplia, podem definir la <strong>realitat virtual <\/strong>com a un ambient o entorn creat artificialment amb caracter\u00edstiques molt semblants a la nostra realitat. Aquest entorn pot modificar-se i es pot interactuar amb ell a trav\u00e9s de dispositius que capten la nostra ubicaci\u00f3, moviments i la nostra veu.<\/p>\n\n\n\n<!--more-->\n\n\n\n<p>Es va originar fa m\u00e9s d&#8217;un segle quan es va descobrir que, amb unes lents i miralls disposats d&#8217;una manera particular, es podien reproduir imatges amb sensaci\u00f3 de profunditat (Estereoscopi de Sir&nbsp;Charles&nbsp;Wheatstone, 1844). All\u00f2 va anar evolucionant a trav\u00e9s del temps i amb l&#8217;ajuda de la inform\u00e0tica, es van crear sistemes molt avan\u00e7ats d&#8217;escenaris virtuals, alguns van arribar a incorporar fins i tot olors (Sensorama\u00ae, 1962).<\/p>\n\n\n\n<p>Encara que la seva finalitat era principalment recreativa, amb el temps l&#8217;\u00fas de la <strong>realitat virtual<\/strong> ha perm\u00e8s avan\u00e7os importants en molts \u00e0mbits. Destacant el popular m\u00f3n dels videojocs, l&#8217;educaci\u00f3, el camp militar, l&#8217;aeron\u00e0utica i, per descomptat, <strong>la salut<\/strong>.<\/p>\n\n\n\n<p>Dins del sector sanitari s&#8217;ha emprat en la formaci\u00f3 de personal per a entrenar procediments de cirurgia, infermeria o emerg\u00e8ncies; tractament de problemes psicol\u00f2gics com les f\u00f2bies (PSIOUS\u00ae); en rehabilitaci\u00f3 neurol\u00f2gica i de l&#8217;aparell locomotor tamb\u00e9 ha estat de molta utilitat.<\/p>\n\n\n\n<h3><strong>Exemples de l\u2019\u00fas de la realitat virtual en rehabilitaci\u00f3<\/strong><\/h3>\n\n\n\n<p><strong><a href=\"https:\/\/www.biometricsltd.com\/rehab.htm\">E-Link\u00ae<\/a>:<\/strong> \u00c9s un sistema de treball per a ser utilitzat en ordinadors de taula, brinda diferents m\u00f2duls d&#8217;exercicis, amb bons resultats en ter\u00e0pia ocupacional.<\/p>\n\n\n\n<div class=\"wp-block-image\"><figure class=\"aligncenter size-large is-resized\"><img decoding=\"async\" loading=\"lazy\" src=\"https:\/\/www.activasalut.com\/wp-content\/uploads\/2020\/09\/e-link-cuerpo-1.jpg\" alt=\"\" class=\"wp-image-6102\" width=\"229\" height=\"220\"\/><\/figure><\/div>\n\n\n\n<p><strong><a href=\"https:\/\/rehametrics.com\/\">Rehametrics\u00ae<\/a><\/strong>: \u00c9s un sistema que ofereix la possibilitat de tractar conjuntament aspectes f\u00edsics i cognitius. Inclou una <strong>c\u00e0mera<\/strong> per a captar la nostra ubicaci\u00f3 i moviment i incorporar-los al m\u00f3n virtual reflectit en una pantalla gran. Molt \u00fatil per al treball de la mobilitat i de l&#8217;equilibri en pacients.<\/p>\n\n\n\n<figure class=\"wp-block-embed-vimeo wp-block-embed\"><div class=\"wp-block-embed__wrapper\">\n<iframe loading=\"lazy\" title=\"Rehametrics: cuantificando la rehabilitaci&amp;oacute;n f&amp;iacute;sica y cognitiva\" src=\"https:\/\/player.vimeo.com\/video\/213320766?dnt=1&amp;app_id=122963\" width=\"604\" height=\"340\" frameborder=\"0\" allow=\"autoplay; fullscreen\" allowfullscreen><\/iframe> \n<\/div><\/figure>\n\n\n\n<h3><strong>Avantatges i desavantatges de la realitat virtual en rehabilitaci\u00f3<\/strong><\/h3>\n\n\n\n<h4><strong>Avantatges<\/strong><\/h4>\n\n\n\n<ul><li>Millora l&#8217;activitat cerebral, l&#8217;equilibri i redueix la percepci\u00f3 del dolor.<\/li><li><strong>Promou l&#8217;autonomia<\/strong>, el pacient pot controlar les seves sessions de treball.<\/li><li>S&#8217;emmagatzemen les dades de cada sessi\u00f3 permetent avaluar el progr\u00e9s amb dades objectives.<\/li><li>Ens permet personalitzar les ter\u00e0pies i intentar adequar-les a la situaci\u00f3 evolutiva de cada pacient i a l&#8217;entorn desitjat.<\/li><li>En desenvolupar-se en un ambient divertit, estimula l&#8217;adher\u00e8ncia \u2013 compliment de les metes.<\/li><\/ul>\n\n\n\n<h4><strong>Desavantatges <\/strong><\/h4>\n\n\n\n<ul><li>Solen ser equips cars.<\/li><li>Algunes persones grans necessiten m\u00e9s supervisi\u00f3.<\/li><li>El component l\u00fadic de joc podria pesar m\u00e9s que l&#8217;aspecte terap\u00e8utic.<\/li><\/ul>\n\n\n\n<p><strong>La <a href=\"https:\/\/www.fisiogestion.com\/ca\/\">Corporaci\u00f3&nbsp;Fisiogesti\u00f3n<\/a>&nbsp;disposa d&#8217;aquestes eines tan \u00fatils en rehabilitaci\u00f3 per a millorar el compliment dels objectius terap\u00e8utics d&#8217;una manera m\u00e9s entretinguda.<\/strong><\/p>\n\n\n\n<pre class=\"wp-block-preformatted\">Refer\u00e8ncies bibliogr\u00e0fiques\n\n1. Costa MTS, Vieira LP, Barbosa EO, et al. Virtual reality-based exercise with exergames as medicine in different contexts: A short review. Clin Pract Epidemiol Ment Health 2019; 15: 15-20.\n&nbsp;\n2. Pe\u00f1asco-Mart\u00edn B, Reyes-Guzm\u00e1n A, Gil-Agudo A, Bernal-Sah\u00fam A, P\u00e9rez-Aguilar B, de la Pe\u00f1a-Gonz\u00e1lez AI. Aplicaci\u00f3n de la realidad virtual en los aspectos motores de la neurorehabilitaci\u00f3n. Rev Neurol. 2010;51:481\u20148.\n&nbsp;\n3. Vi\u00f1as-Diz, S, Sobrido-Prieto, M. Realidad virtual con fines terap\u00e9uticos en pacientes con ictus: revisi\u00f3n sistem\u00e1tica. Neurolog\u00eda. 2016;31:255\u2013277.\n&nbsp;\n3. Tieri G, Morone G, Paolucci S, Iosa M. Virtual reality in cognitive and motor rehabilitation: facts, fiction and fallacies. Expert Rev Med Devices. 2018;15:107\u201317.\n&nbsp;\n4. <a href=\"https:\/\/biometricsltd.com\/elink-spanish.htm\">https:\/\/biometricsltd.com\/elink-spanish.htm<\/a>\n\n5. <a href=\"https:\/\/rehametrics.com\/\">https:\/\/rehametrics.com\/<\/a>\n&nbsp;<\/pre>\n\n\n\n<figure class=\"wp-block-image size-large is-resized\"><img decoding=\"async\" loading=\"lazy\" src=\"https:\/\/www.activasalut.com\/wp-content\/uploads\/2020\/09\/Banner-COVI19_CAT-01-2.png\" alt=\"\" class=\"wp-image-6143\" width=\"675\" height=\"219\"\/><\/figure>\n\n\n\n<h4>Emplena aquest formulari i ens posarem en contacte amb tu per a informar-te sobre els serveis en els nostres <a href=\"https:\/\/www.fisiogestion.com\/ca\/centros\/\">centres<\/a><\/h4>\n\n\n\n\n<div class=\"wpcf7 no-js\" id=\"wpcf7-f5253-o1\" lang=\"es-ES\" dir=\"ltr\">\n<div class=\"screen-reader-response\"><p role=\"status\" aria-live=\"polite\" aria-atomic=\"true\"><\/p> <ul><\/ul><\/div>\n<form action=\"\/ca\/wp-json\/wp\/v2\/posts\/6181#wpcf7-f5253-o1\" method=\"post\" class=\"wpcf7-form init\" aria-label=\"Formulario de contacto\" novalidate=\"novalidate\" data-status=\"init\">\n<div style=\"display: none;\">\n<input type=\"hidden\" name=\"_wpcf7\" value=\"5253\" \/>\n<input type=\"hidden\" name=\"_wpcf7_version\" value=\"5.7.3\" \/>\n<input type=\"hidden\" name=\"_wpcf7_locale\" value=\"es_ES\" \/>\n<input type=\"hidden\" name=\"_wpcf7_unit_tag\" value=\"wpcf7-f5253-o1\" \/>\n<input type=\"hidden\" name=\"_wpcf7_container_post\" value=\"0\" \/>\n<input type=\"hidden\" name=\"_wpcf7_posted_data_hash\" value=\"\" \/>\n<input type=\"hidden\" name=\"_wpcf7_recaptcha_response\" value=\"\" \/>\n<\/div>\n<div class=\"wpcf7-response-output\" aria-hidden=\"true\"><\/div>\n<div class='comment-form'>\n\t<div class=\"comment-form-inputs\">\n\t\t<p><span class=\"wpcf7-form-control-wrap\" data-name=\"nombre\"><input size=\"40\" class=\"wpcf7-form-control wpcf7-text wpcf7-validates-as-required\" id=\"nombre\" aria-required=\"true\" aria-invalid=\"false\" placeholder=\"Nom (requerit)\" value=\"\" type=\"text\" name=\"nombre\" \/><\/span>\n\t\t<\/p>\n\t\t<p><span class=\"wpcf7-form-control-wrap\" data-name=\"apellidos\"><input size=\"40\" class=\"wpcf7-form-control wpcf7-text wpcf7-validates-as-required\" id=\"apellidos\" aria-required=\"true\" aria-invalid=\"false\" placeholder=\"Cognoms (requerit)\" value=\"\" type=\"text\" name=\"apellidos\" \/><\/span>\n\t\t<\/p>\n\t\t<p><span class=\"wpcf7-form-control-wrap\" data-name=\"email\"><input size=\"40\" class=\"wpcf7-form-control wpcf7-text wpcf7-email wpcf7-validates-as-required wpcf7-validates-as-email\" id=\"email\" aria-required=\"true\" aria-invalid=\"false\" placeholder=\"Email (requerit)\" value=\"\" type=\"email\" name=\"email\" \/><\/span>\n\t\t<\/p>\n\t\t<p><span class=\"wpcf7-form-control-wrap\" data-name=\"telefono\"><input size=\"40\" class=\"wpcf7-form-control wpcf7-text wpcf7-tel wpcf7-validates-as-required wpcf7-validates-as-tel\" id=\"telefono\" aria-required=\"true\" aria-invalid=\"false\" placeholder=\"Tel\u00e8fon (requerit)\" value=\"\" type=\"tel\" name=\"telefono\" \/><\/span>\n\t\t<\/p>\n\t<\/div>\n\t<p><span class=\"wpcf7-form-control-wrap\" data-name=\"mensaje\"><textarea cols=\"39\" rows=\"10\" class=\"wpcf7-form-control wpcf7-textarea wpcf7-validates-as-required\" id=\"mensaje\" aria-required=\"true\" aria-invalid=\"false\" placeholder=\"Missatge (requerit)\" name=\"mensaje\"><\/textarea><\/span>\n\t<\/p>\n\t<p class=\"form-submit\"><input class=\"wpcf7-form-control has-spinner wpcf7-submit\" type=\"submit\" value=\"Enviar\" \/>\n\t<\/p>\n<\/div>\n<p style=\"text-align:justify; color:#383838;\"><br \/>\n<em>L\u2019informem que les dades recollides al present formulari, seran tractades per Corporaci\u00f3 d'Administraci\u00f3 Sanit\u00e0ria A.I.E., per poder atendre i donar resposta a la seva sol\u00b7licitud d\u2018informaci\u00f3. Si necessita m\u00e9s informaci\u00f3 o vol exercir els seus drets sobre aquestes dades consulti la nostra <a href=\"https:\/\/www.fisiogestion.com\/ca\/politica-privacidad\/\">Pol\u00edtica de Privacitat<\/a>.<\/em>\n<\/p>\n<\/form>\n<\/div>\n\n","protected":false},"excerpt":{"rendered":"<p>De manera molt \u00e0mplia, podem definir la realitat virtual com a un ambient o entorn creat artificialment amb caracter\u00edstiques molt semblants a la nostra<a class=\"moretag\" href=\"https:\/\/www.activasalut.com\/ca\/realitat-virtual-en-rehabilitacio\/\">Llegeix m\u00e9s&#8230;<\/a><\/p>\n","protected":false},"author":70,"featured_media":6160,"comment_status":"open","ping_status":"closed","sticky":false,"template":"","format":"standard","meta":[],"categories":[610,612,469,2302],"tags":[1087,1349],"yoast_head":"<!-- This site is optimized with the Yoast SEO plugin v20.0 - https:\/\/yoast.com\/wordpress\/plugins\/seo\/ -->\n<title>Realitat Virtual en Rehabilitaci\u00f3<\/title>\n<meta name=\"description\" content=\"De manera molt \u00e0mplia, podem definir la realitat virtual com a un ambient o entorn creat artificialment amb caracter\u00edstiques molt semblants a la nostra realitat. Aquest entorn pot modificar-se i es pot interactuar amb ell a trav\u00e9s de dispositius que capten la nostra ubicaci\u00f3, moviments i la nostra veu.\" \/>\n<meta name=\"robots\" content=\"index, follow, max-snippet:-1, max-image-preview:large, max-video-preview:-1\" \/>\n<link rel=\"canonical\" href=\"https:\/\/www.activasalut.com\/ca\/realitat-virtual-en-rehabilitacio\/\" \/>\n<meta property=\"og:locale\" content=\"ca_ES\" \/>\n<meta property=\"og:type\" content=\"article\" \/>\n<meta property=\"og:title\" content=\"Realitat Virtual en Rehabilitaci\u00f3\" \/>\n<meta property=\"og:description\" content=\"De manera molt \u00e0mplia, podem definir la realitat virtual com a un ambient o entorn creat artificialment amb caracter\u00edstiques molt semblants a la nostra realitat. Aquest entorn pot modificar-se i es pot interactuar amb ell a trav\u00e9s de dispositius que capten la nostra ubicaci\u00f3, moviments i la nostra veu.\" \/>\n<meta property=\"og:url\" content=\"https:\/\/www.activasalut.com\/ca\/realitat-virtual-en-rehabilitacio\/\" \/>\n<meta property=\"og:site_name\" content=\"Corporaci\u00f3 Fisiogesti\u00f3\" \/>\n<meta property=\"article:published_time\" content=\"2020-09-10T08:39:23+00:00\" \/>\n<meta property=\"article:modified_time\" content=\"2020-09-23T08:38:34+00:00\" \/>\n<meta property=\"og:image\" content=\"https:\/\/www.activasalut.com\/wp-content\/uploads\/2020\/09\/e-Link-1.jpg\" \/>\n\t<meta property=\"og:image:width\" content=\"1000\" \/>\n\t<meta property=\"og:image:height\" content=\"667\" \/>\n\t<meta property=\"og:image:type\" content=\"image\/jpeg\" \/>\n<meta name=\"author\" content=\"Dr. Fidel Fontg\" \/>\n<meta name=\"twitter:label1\" content=\"Escrit per\" \/>\n\t<meta name=\"twitter:data1\" content=\"Dr. Fidel Fontg\" \/>\n\t<meta name=\"twitter:label2\" content=\"Temps estimat de lectura\" \/>\n\t<meta name=\"twitter:data2\" content=\"3 minuts\" \/>\n<script type=\"application\/ld+json\" class=\"yoast-schema-graph\">{\"@context\":\"https:\/\/schema.org\",\"@graph\":[{\"@type\":\"WebPage\",\"@id\":\"https:\/\/www.activasalut.com\/ca\/realitat-virtual-en-rehabilitacio\/\",\"url\":\"https:\/\/www.activasalut.com\/ca\/realitat-virtual-en-rehabilitacio\/\",\"name\":\"Realitat Virtual en Rehabilitaci\u00f3\",\"isPartOf\":{\"@id\":\"https:\/\/www.activasalut.com\/ca\/#website\"},\"datePublished\":\"2020-09-10T08:39:23+00:00\",\"dateModified\":\"2020-09-23T08:38:34+00:00\",\"author\":{\"@id\":\"https:\/\/www.activasalut.com\/ca\/#\/schema\/person\/2787b43c2de9aaa317246a8d93eba3ff\"},\"description\":\"De manera molt \u00e0mplia, podem definir la realitat virtual com a un ambient o entorn creat artificialment amb caracter\u00edstiques molt semblants a la nostra realitat. Aquest entorn pot modificar-se i es pot interactuar amb ell a trav\u00e9s de dispositius que capten la nostra ubicaci\u00f3, moviments i la nostra veu.\",\"breadcrumb\":{\"@id\":\"https:\/\/www.activasalut.com\/ca\/realitat-virtual-en-rehabilitacio\/#breadcrumb\"},\"inLanguage\":\"ca\",\"potentialAction\":[{\"@type\":\"ReadAction\",\"target\":[\"https:\/\/www.activasalut.com\/ca\/realitat-virtual-en-rehabilitacio\/\"]}]},{\"@type\":\"BreadcrumbList\",\"@id\":\"https:\/\/www.activasalut.com\/ca\/realitat-virtual-en-rehabilitacio\/#breadcrumb\",\"itemListElement\":[{\"@type\":\"ListItem\",\"position\":1,\"name\":\"Portada\",\"item\":\"https:\/\/www.activasalut.com\/ca\/\"},{\"@type\":\"ListItem\",\"position\":2,\"name\":\"Realitat Virtual en Rehabilitaci\u00f3\"}]},{\"@type\":\"WebSite\",\"@id\":\"https:\/\/www.activasalut.com\/ca\/#website\",\"url\":\"https:\/\/www.activasalut.com\/ca\/\",\"name\":\"Corporaci\u00f3n fisiogesti\u00f3n\",\"description\":\"Activa la teva salut\",\"potentialAction\":[{\"@type\":\"SearchAction\",\"target\":{\"@type\":\"EntryPoint\",\"urlTemplate\":\"https:\/\/www.activasalut.com\/ca\/?s={search_term_string}\"},\"query-input\":\"required name=search_term_string\"}],\"inLanguage\":\"ca\"},{\"@type\":\"Person\",\"@id\":\"https:\/\/www.activasalut.com\/ca\/#\/schema\/person\/2787b43c2de9aaa317246a8d93eba3ff\",\"name\":\"Dr. Fidel Fontg\",\"image\":{\"@type\":\"ImageObject\",\"inLanguage\":\"ca\",\"@id\":\"https:\/\/www.activasalut.com\/ca\/#\/schema\/person\/image\/\",\"url\":\"https:\/\/secure.gravatar.com\/avatar\/7da6be0a8134b421aa9eab712ff3f435?s=96&d=mm&r=g\",\"contentUrl\":\"https:\/\/secure.gravatar.com\/avatar\/7da6be0a8134b421aa9eab712ff3f435?s=96&d=mm&r=g\",\"caption\":\"Dr. Fidel Fontg\"},\"url\":\"https:\/\/www.activasalut.com\/ca\/author\/dr-fidel-fontg\/\"}]}<\/script>\n<!-- \/ Yoast SEO plugin. -->","yoast_head_json":{"title":"Realitat Virtual en Rehabilitaci\u00f3","description":"De manera molt \u00e0mplia, podem definir la realitat virtual com a un ambient o entorn creat artificialment amb caracter\u00edstiques molt semblants a la nostra realitat. Aquest entorn pot modificar-se i es pot interactuar amb ell a trav\u00e9s de dispositius que capten la nostra ubicaci\u00f3, moviments i la nostra veu.","robots":{"index":"index","follow":"follow","max-snippet":"max-snippet:-1","max-image-preview":"max-image-preview:large","max-video-preview":"max-video-preview:-1"},"canonical":"https:\/\/www.activasalut.com\/ca\/realitat-virtual-en-rehabilitacio\/","og_locale":"ca_ES","og_type":"article","og_title":"Realitat Virtual en Rehabilitaci\u00f3","og_description":"De manera molt \u00e0mplia, podem definir la realitat virtual com a un ambient o entorn creat artificialment amb caracter\u00edstiques molt semblants a la nostra realitat. Aquest entorn pot modificar-se i es pot interactuar amb ell a trav\u00e9s de dispositius que capten la nostra ubicaci\u00f3, moviments i la nostra veu.","og_url":"https:\/\/www.activasalut.com\/ca\/realitat-virtual-en-rehabilitacio\/","og_site_name":"Corporaci\u00f3 Fisiogesti\u00f3","article_published_time":"2020-09-10T08:39:23+00:00","article_modified_time":"2020-09-23T08:38:34+00:00","og_image":[{"width":1000,"height":667,"url":"https:\/\/www.activasalut.com\/wp-content\/uploads\/2020\/09\/e-Link-1.jpg","type":"image\/jpeg"}],"author":"Dr. Fidel Fontg","twitter_misc":{"Escrit per":"Dr. Fidel Fontg","Temps estimat de lectura":"3 minuts"},"schema":{"@context":"https:\/\/schema.org","@graph":[{"@type":"WebPage","@id":"https:\/\/www.activasalut.com\/ca\/realitat-virtual-en-rehabilitacio\/","url":"https:\/\/www.activasalut.com\/ca\/realitat-virtual-en-rehabilitacio\/","name":"Realitat Virtual en Rehabilitaci\u00f3","isPartOf":{"@id":"https:\/\/www.activasalut.com\/ca\/#website"},"datePublished":"2020-09-10T08:39:23+00:00","dateModified":"2020-09-23T08:38:34+00:00","author":{"@id":"https:\/\/www.activasalut.com\/ca\/#\/schema\/person\/2787b43c2de9aaa317246a8d93eba3ff"},"description":"De manera molt \u00e0mplia, podem definir la realitat virtual com a un ambient o entorn creat artificialment amb caracter\u00edstiques molt semblants a la nostra realitat. Aquest entorn pot modificar-se i es pot interactuar amb ell a trav\u00e9s de dispositius que capten la nostra ubicaci\u00f3, moviments i la nostra veu.","breadcrumb":{"@id":"https:\/\/www.activasalut.com\/ca\/realitat-virtual-en-rehabilitacio\/#breadcrumb"},"inLanguage":"ca","potentialAction":[{"@type":"ReadAction","target":["https:\/\/www.activasalut.com\/ca\/realitat-virtual-en-rehabilitacio\/"]}]},{"@type":"BreadcrumbList","@id":"https:\/\/www.activasalut.com\/ca\/realitat-virtual-en-rehabilitacio\/#breadcrumb","itemListElement":[{"@type":"ListItem","position":1,"name":"Portada","item":"https:\/\/www.activasalut.com\/ca\/"},{"@type":"ListItem","position":2,"name":"Realitat Virtual en Rehabilitaci\u00f3"}]},{"@type":"WebSite","@id":"https:\/\/www.activasalut.com\/ca\/#website","url":"https:\/\/www.activasalut.com\/ca\/","name":"Corporaci\u00f3n fisiogesti\u00f3n","description":"Activa la teva salut","potentialAction":[{"@type":"SearchAction","target":{"@type":"EntryPoint","urlTemplate":"https:\/\/www.activasalut.com\/ca\/?s={search_term_string}"},"query-input":"required name=search_term_string"}],"inLanguage":"ca"},{"@type":"Person","@id":"https:\/\/www.activasalut.com\/ca\/#\/schema\/person\/2787b43c2de9aaa317246a8d93eba3ff","name":"Dr. Fidel Fontg","image":{"@type":"ImageObject","inLanguage":"ca","@id":"https:\/\/www.activasalut.com\/ca\/#\/schema\/person\/image\/","url":"https:\/\/secure.gravatar.com\/avatar\/7da6be0a8134b421aa9eab712ff3f435?s=96&d=mm&r=g","contentUrl":"https:\/\/secure.gravatar.com\/avatar\/7da6be0a8134b421aa9eab712ff3f435?s=96&d=mm&r=g","caption":"Dr. Fidel Fontg"},"url":"https:\/\/www.activasalut.com\/ca\/author\/dr-fidel-fontg\/"}]}},"_links":{"self":[{"href":"https:\/\/www.activasalut.com\/ca\/wp-json\/wp\/v2\/posts\/6181"}],"collection":[{"href":"https:\/\/www.activasalut.com\/ca\/wp-json\/wp\/v2\/posts"}],"about":[{"href":"https:\/\/www.activasalut.com\/ca\/wp-json\/wp\/v2\/types\/post"}],"author":[{"embeddable":true,"href":"https:\/\/www.activasalut.com\/ca\/wp-json\/wp\/v2\/users\/70"}],"replies":[{"embeddable":true,"href":"https:\/\/www.activasalut.com\/ca\/wp-json\/wp\/v2\/comments?post=6181"}],"version-history":[{"count":3,"href":"https:\/\/www.activasalut.com\/ca\/wp-json\/wp\/v2\/posts\/6181\/revisions"}],"predecessor-version":[{"id":6187,"href":"https:\/\/www.activasalut.com\/ca\/wp-json\/wp\/v2\/posts\/6181\/revisions\/6187"}],"wp:featuredmedia":[{"embeddable":true,"href":"https:\/\/www.activasalut.com\/ca\/wp-json\/wp\/v2\/media\/6160"}],"wp:attachment":[{"href":"https:\/\/www.activasalut.com\/ca\/wp-json\/wp\/v2\/media?parent=6181"}],"wp:term":[{"taxonomy":"category","embeddable":true,"href":"https:\/\/www.activasalut.com\/ca\/wp-json\/wp\/v2\/categories?post=6181"},{"taxonomy":"post_tag","embeddable":true,"href":"https:\/\/www.activasalut.com\/ca\/wp-json\/wp\/v2\/tags?post=6181"}],"curies":[{"name":"wp","href":"https:\/\/api.w.org\/{rel}","templated":true}]}}