{"id":6400,"date":"2020-09-25T13:27:00","date_gmt":"2020-09-25T11:27:00","guid":{"rendered":"https:\/\/www.activasalut.com\/?p=6400"},"modified":"2020-09-25T16:27:52","modified_gmt":"2020-09-25T14:27:52","slug":"com-respires-durant-lus-de-la-mascareta","status":"publish","type":"post","link":"https:\/\/www.activasalut.com\/ca\/com-respires-durant-lus-de-la-mascareta\/","title":{"rendered":"Com respires quan uses la mascareta?"},"content":{"rendered":"\n<p>Des del mes de mar\u00e7 passat hem incorporat a la nostra quotidianitat <strong>l&#8217;\u00fas de la mascareta<\/strong>, at\u00e8s que disminueixen la transmissi\u00f3 de microorganismes per part dels malalts de COVID-19 o dels portadors asimptom\u00e0tics.<\/p>\n\n\n\n<p>Encara que sovint percebem sensaci\u00f3 de dificultat per a respirar, no est\u00e0 demostrat cient\u00edficament que sigui aix\u00ed. S&#8217;han realitzat experiments i <strong>no hi ha canvis en la saturaci\u00f3 d&#8217;oxigen<\/strong> de portar mascareta a no portar-la. L&#8217;aire pot circular a trav\u00e9s del material.<\/p>\n\n\n\n<p>No obstant aix\u00f2, portar-la ens \u00e9s molt inc\u00f2mode.<br>En portar tapat\/protegit el nas i la boca, la sensaci\u00f3 que tenim de falta d&#8217;aire, la intentem compensar respirant per la boca, alterant aix\u00ed <strong>el patr\u00f3 respiratori.<\/strong><\/p>\n\n\n\n<!--more-->\n\n\n\n<h2>Patrons de la respiraci\u00f3<\/h2>\n\n\n\n<h3>Patrons de respiraci\u00f3 incorrectes<\/h3>\n\n\n\n<p><strong>\u2022 &nbsp;Respiraci\u00f3 oral (per la boca):<\/strong><\/p>\n\n\n\n<p>Realitzem aquest tipus de respiraci\u00f3 <strong>quan hi ha algun tipus d&#8217;obstrucci\u00f3 a les fosses nasals <\/strong>o&nbsp; produ\u00eft per adenoides, septe nasal desviat, am\u00edgdales hipertr\u00f2fiques, per al\u00b7l\u00e8rgies o per un simple constipat.<\/p>\n\n\n\n<p><strong>\u2022 &nbsp;Respiraci\u00f3 superior o tamb\u00e9 dita clavicular:<\/strong><\/p>\n\n\n\n<p>Es realitza amb la part superior dels pulmons i recull una menor quantitat d&#8217;aire. Aquesta respiraci\u00f3 <strong>es dona en estats de preocupaci\u00f3 o d&#8217;estr\u00e8s<\/strong>, de nervis, ansietat, o depressi\u00f3.<\/p>\n\n\n\n<p>\u00c9s una respiraci\u00f3 superficial que genera major tensi\u00f3 i fatiga.<\/p>\n\n\n\n<p><strong>L&#8217;\u00fas de la mascareta podria provocar tots dos patrons incorrectes, per sensaci\u00f3 d&#8217;obstrucci\u00f3 de la via nasal i per estats de nervis o ansietat. A continuaci\u00f3 t&#8217;explico la manera correcta de respirar.<\/strong><\/p>\n\n\n\n<h3>Patr\u00f3 de respiraci\u00f3 correcte<\/h3>\n\n\n\n<div class=\"wp-block-image\"><figure class=\"aligncenter size-large is-resized\"><img decoding=\"async\" loading=\"lazy\" src=\"https:\/\/www.activasalut.com\/wp-content\/uploads\/2020\/09\/Foto-familia-con-mascarilla-1.jpg\" alt=\"\u00bfC\u00f3mo respiras durante el uso de la mascarilla?\" class=\"wp-image-6394\" width=\"421\" height=\"281\"\/><\/figure><\/div>\n\n\n\n<p>La respiraci\u00f3 considerada&nbsp; fisiol\u00f2gicament <strong>correcte <\/strong>\u00e9s:<\/p>\n\n\n\n<p>\u25cf<strong>&nbsp; Respiraci\u00f3 diafragm\u00e0tica:<br><\/strong>Profunda, nasal, lenta i r\u00edtmica, en aquesta interv\u00e9 la zona costal inferior i el m\u00fascul diafragma.<\/p>\n\n\n\n<p>El diafragma \u00e9s un m\u00fascul potent situat entre el t\u00f2rax i l&#8217;abdomen, en rep\u00f2s est\u00e0 arquejat cap amunt, quan es contrau s&#8217;aplana, i fa pressi\u00f3 sobre els \u00f2rgans abdominals, als quals empeny cap enfora, per la qual cosa es bomba l&#8217;abdomen.<\/p>\n\n\n\n<p>Aquest tipus de respiraci\u00f3 \u00e9s la que m\u00e9s beneficis ens aporta.<\/p>\n\n\n\n<p><br>A m\u00e9s, en els\/les <strong>m\u00e9s petits\/es<\/strong>, una funci\u00f3 respirat\u00f2ria alterada pot afectar la correcta articulaci\u00f3 dels sons de la parla (<strong>disl\u00e0lies<\/strong>). I una respiraci\u00f3 superior o clavicular pot provocar problemes a la veu (<strong>disfonia<\/strong>).<\/p>\n\n\n\n<p><br>Aprendre a respirar correctament \u00e9s possible amb l&#8217;ajuda del <strong><a href=\"https:\/\/www.fisiogestion.com\/ca\/servicios-en-centros\/servicios-logopedia\/\">logopeda<\/a><\/strong> i del <strong><a href=\"https:\/\/www.fisiogestion.com\/ca\/servicios-en-centros\/fisioterapia\/\">fisioterapeuta<\/a><\/strong>.<\/p>\n\n\n\n<p>Per tots aquests motius us recomanem realitzar a casa exercicis de respiraci\u00f3.<\/p>\n\n\n\n<h2>Com practicar la respiraci\u00f3 amb els nens i les nenes<\/h2>\n\n\n\n<p><br>Als nens i a les nenes \u00e9s recomanable presentar-los-els de manera <strong>l\u00fadica<\/strong>. Existeixen nombrosos materials amb suport auditiu i visual, jocs i llibres per a realitzar ioga, meditaci\u00f3, relaxaci\u00f3,&nbsp;etc&#8230;amb infants.<br><br>Per a aquesta ocasi\u00f3, us proposo el llibre <strong>RESPIRA<\/strong> d&#8217;<strong>In\u00e9s&nbsp;Castel-Branco<\/strong>.<\/p>\n\n\n\n<figure class=\"wp-block-image size-large is-resized\"><img decoding=\"async\" loading=\"lazy\" src=\"https:\/\/www.activasalut.com\/wp-content\/uploads\/2020\/09\/Foto-portada-llibro-respira.jpg\" alt=\"\" class=\"wp-image-6372\" width=\"234\" height=\"202\"\/><\/figure>\n\n\n\n<p>Narrat en forma de di\u00e0leg entre un nen i una mare, acompanyat d&#8217;unes boniques il\u00b7lustracions que afavoreixen la comprensi\u00f3 dels exercicis respiratoris i l&#8217;estimulaci\u00f3 de la lectura.<\/p>\n\n\n\n<p>Aquest llibre ens proporciona exercicis que poden ajudar pares i professionals a ensenyar als m\u00e9s <strong>petits a prendre consci\u00e8ncia de la seva respiraci\u00f3<\/strong>.<\/p>\n\n\n\n<ul id=\"block-85224529-d710-4c6f-9c55-caeec1dc5210\"><li><strong>T\u00edtol:<\/strong> <em><a href=\"http:\/\/www.fragmenta.cat\/es\/fragmentos\/peque%C3%B1o-fragmenta_429242\/431023\">Respira<\/a><\/em><\/li><li><strong>Autora: <\/strong><a href=\"http:\/\/www.fragmenta.cat\/es\/fragmentos\/autors\/5440\">In\u00eas Castel-Branco<\/a><\/li><li><strong>Il\u00b7lustracions:<\/strong> <a href=\"http:\/\/www.fragmenta.cat\/es\/fragmentos\/autors\/5440\">In\u00eas Castel-Branco<\/a><\/li><li><strong>Editorial:<\/strong> <em><a rel=\"noreferrer noopener\" href=\"http:\/\/www.fragmenta.cat\/es\/fragmentos\/peque%C3%B1o-fragmenta_429242\/431023\" target=\"_blank\">Fragmenta<\/a><\/em><\/li><li><strong>Col\u00b7lecci\u00f3:<\/strong> Peque\u00f1o Fragmenta<\/li><li><strong>Primera edici\u00f3:<\/strong>&nbsp;octubre del 2015&nbsp;<strong>Tercera edici\u00f3:<\/strong>&nbsp;novembre del 2016<\/li><li><strong>P\u00e0gines<\/strong>: 40<\/li><li><strong>Edat<\/strong>: A partir de&nbsp;4 anys<\/li><li><strong>Idioma<\/strong>: castell\u00e0, catal\u00e0 i portugu\u00e8s<\/li><\/ul>\n\n\n\n<p>Si per alguna ra\u00f3 us trobeu en per\u00edode d&#8217;a\u00efllament en el vostre domicili, durant el confinament vaig escriure aquest post en el qual tamb\u00e9 explico <a href=\"https:\/\/www.activasalut.com\/ca\/logopedia-en-el-confinament-respiracio-masticacio-i-deglucio\/\"><strong>com pots practicar la respiraci\u00f3 a casa<\/strong><\/a>.<\/p>\n\n\n\n<h4>Consulta en la nostra xarxa de centres si necessites <a href=\"https:\/\/www.fisiogestion.com\/ca\/servicios-en-centros\/fisioterapia\/\">fisioter\u00e0pia<\/a> o <a href=\"https:\/\/www.fisiogestion.com\/ca\/servicios-en-centros\/servicios-logopedia\/\">logop\u00e8dia<\/a>. Si ho prefereixes emplena aquest formulari i et trucarem per a informar-te.<\/h4>\n\n\n\n<figure class=\"wp-block-image\"><img decoding=\"async\" src=\"https:\/\/www.activasalut.com\/wp-content\/uploads\/2020\/09\/Banner-COVI19-Blog_CAT-01.png\" alt=\"La imagen tiene un atributo ALT vac\u00edo; su nombre de archivo es Banner-COVI19-Blog_CAT-01.png\"\/><\/figure>\n\n\n\n<div class=\"wpcf7 no-js\" id=\"wpcf7-f5253-o1\" lang=\"es-ES\" dir=\"ltr\">\n<div class=\"screen-reader-response\"><p role=\"status\" aria-live=\"polite\" aria-atomic=\"true\"><\/p> <ul><\/ul><\/div>\n<form action=\"\/ca\/wp-json\/wp\/v2\/posts\/6400#wpcf7-f5253-o1\" method=\"post\" class=\"wpcf7-form init\" aria-label=\"Formulario de contacto\" novalidate=\"novalidate\" data-status=\"init\">\n<div style=\"display: none;\">\n<input type=\"hidden\" name=\"_wpcf7\" value=\"5253\" \/>\n<input type=\"hidden\" name=\"_wpcf7_version\" value=\"5.7.3\" \/>\n<input type=\"hidden\" name=\"_wpcf7_locale\" value=\"es_ES\" \/>\n<input type=\"hidden\" name=\"_wpcf7_unit_tag\" value=\"wpcf7-f5253-o1\" \/>\n<input type=\"hidden\" name=\"_wpcf7_container_post\" value=\"0\" \/>\n<input type=\"hidden\" name=\"_wpcf7_posted_data_hash\" value=\"\" \/>\n<input type=\"hidden\" name=\"_wpcf7_recaptcha_response\" value=\"\" \/>\n<\/div>\n<div class=\"wpcf7-response-output\" aria-hidden=\"true\"><\/div>\n<div class='comment-form'>\n\t<div class=\"comment-form-inputs\">\n\t\t<p><span class=\"wpcf7-form-control-wrap\" data-name=\"nombre\"><input size=\"40\" class=\"wpcf7-form-control wpcf7-text wpcf7-validates-as-required\" id=\"nombre\" aria-required=\"true\" aria-invalid=\"false\" placeholder=\"Nom (requerit)\" value=\"\" type=\"text\" name=\"nombre\" \/><\/span>\n\t\t<\/p>\n\t\t<p><span class=\"wpcf7-form-control-wrap\" data-name=\"apellidos\"><input size=\"40\" class=\"wpcf7-form-control wpcf7-text wpcf7-validates-as-required\" id=\"apellidos\" aria-required=\"true\" aria-invalid=\"false\" placeholder=\"Cognoms (requerit)\" value=\"\" type=\"text\" name=\"apellidos\" \/><\/span>\n\t\t<\/p>\n\t\t<p><span class=\"wpcf7-form-control-wrap\" data-name=\"email\"><input size=\"40\" class=\"wpcf7-form-control wpcf7-text wpcf7-email wpcf7-validates-as-required wpcf7-validates-as-email\" id=\"email\" aria-required=\"true\" aria-invalid=\"false\" placeholder=\"Email (requerit)\" value=\"\" type=\"email\" name=\"email\" \/><\/span>\n\t\t<\/p>\n\t\t<p><span class=\"wpcf7-form-control-wrap\" data-name=\"telefono\"><input size=\"40\" class=\"wpcf7-form-control wpcf7-text wpcf7-tel wpcf7-validates-as-required wpcf7-validates-as-tel\" id=\"telefono\" aria-required=\"true\" aria-invalid=\"false\" placeholder=\"Tel\u00e8fon (requerit)\" value=\"\" type=\"tel\" name=\"telefono\" \/><\/span>\n\t\t<\/p>\n\t<\/div>\n\t<p><span class=\"wpcf7-form-control-wrap\" data-name=\"mensaje\"><textarea cols=\"39\" rows=\"10\" class=\"wpcf7-form-control wpcf7-textarea wpcf7-validates-as-required\" id=\"mensaje\" aria-required=\"true\" aria-invalid=\"false\" placeholder=\"Missatge (requerit)\" name=\"mensaje\"><\/textarea><\/span>\n\t<\/p>\n\t<p class=\"form-submit\"><input class=\"wpcf7-form-control has-spinner wpcf7-submit\" type=\"submit\" value=\"Enviar\" \/>\n\t<\/p>\n<\/div>\n<p style=\"text-align:justify; color:#383838;\"><br \/>\n<em>L\u2019informem que les dades recollides al present formulari, seran tractades per Corporaci\u00f3 d'Administraci\u00f3 Sanit\u00e0ria A.I.E., per poder atendre i donar resposta a la seva sol\u00b7licitud d\u2018informaci\u00f3. Si necessita m\u00e9s informaci\u00f3 o vol exercir els seus drets sobre aquestes dades consulti la nostra <a href=\"https:\/\/www.fisiogestion.com\/ca\/politica-privacidad\/\">Pol\u00edtica de Privacitat<\/a>.<\/em>\n<\/p>\n<\/form>\n<\/div>\n\n","protected":false},"excerpt":{"rendered":"<p>Des del mes de mar\u00e7 passat hem incorporat a la nostra quotidianitat l&#8217;\u00fas de la mascareta, at\u00e8s que disminueixen la transmissi\u00f3 de microorganismes per<a class=\"moretag\" href=\"https:\/\/www.activasalut.com\/ca\/com-respires-durant-lus-de-la-mascareta\/\">Llegeix m\u00e9s&#8230;<\/a><\/p>\n","protected":false},"author":11,"featured_media":6370,"comment_status":"open","ping_status":"closed","sticky":false,"template":"","format":"standard","meta":[],"categories":[611,607],"tags":[1698,1913,1540,2441,2442,2443,1745,1619,1106,2008,2444,1236,1326],"yoast_head":"<!-- This site is optimized with the Yoast SEO plugin v20.0 - https:\/\/yoast.com\/wordpress\/plugins\/seo\/ -->\n<title>Com respires quan uses la mascareta?<\/title>\n<meta name=\"description\" content=\"Desde el pasado mes de marzo hemos incorporado a nuestra cotidianidad el uso de la mascarilla, en este post te explico c\u00f3mo respirar.\" \/>\n<meta name=\"robots\" content=\"index, follow, max-snippet:-1, max-image-preview:large, max-video-preview:-1\" \/>\n<link rel=\"canonical\" href=\"https:\/\/www.activasalut.com\/ca\/com-respires-durant-lus-de-la-mascareta\/\" \/>\n<meta property=\"og:locale\" content=\"ca_ES\" \/>\n<meta property=\"og:type\" content=\"article\" \/>\n<meta property=\"og:title\" content=\"Com respires quan uses la mascareta?\" \/>\n<meta property=\"og:description\" content=\"Desde el pasado mes de marzo hemos incorporado a nuestra cotidianidad el uso de la mascarilla, en este post te explico c\u00f3mo respirar.\" \/>\n<meta property=\"og:url\" content=\"https:\/\/www.activasalut.com\/ca\/com-respires-durant-lus-de-la-mascareta\/\" \/>\n<meta property=\"og:site_name\" content=\"Corporaci\u00f3 Fisiogesti\u00f3\" \/>\n<meta property=\"article:published_time\" content=\"2020-09-25T11:27:00+00:00\" \/>\n<meta property=\"article:modified_time\" content=\"2020-09-25T14:27:52+00:00\" \/>\n<meta property=\"og:image\" content=\"https:\/\/www.activasalut.com\/wp-content\/uploads\/2020\/09\/Foto-nino-con-mascarilla.jpg\" \/>\n\t<meta property=\"og:image:width\" content=\"6223\" \/>\n\t<meta property=\"og:image:height\" content=\"4149\" \/>\n\t<meta property=\"og:image:type\" content=\"image\/jpeg\" \/>\n<meta name=\"author\" content=\"Marta S\u00e1nchez\" \/>\n<meta name=\"twitter:label1\" content=\"Escrit per\" \/>\n\t<meta name=\"twitter:data1\" content=\"Marta S\u00e1nchez\" \/>\n\t<meta name=\"twitter:label2\" content=\"Temps estimat de lectura\" \/>\n\t<meta name=\"twitter:data2\" content=\"3 minuts\" \/>\n<script type=\"application\/ld+json\" class=\"yoast-schema-graph\">{\"@context\":\"https:\/\/schema.org\",\"@graph\":[{\"@type\":\"WebPage\",\"@id\":\"https:\/\/www.activasalut.com\/ca\/com-respires-durant-lus-de-la-mascareta\/\",\"url\":\"https:\/\/www.activasalut.com\/ca\/com-respires-durant-lus-de-la-mascareta\/\",\"name\":\"Com respires quan uses la mascareta?\",\"isPartOf\":{\"@id\":\"https:\/\/www.activasalut.com\/ca\/#website\"},\"datePublished\":\"2020-09-25T11:27:00+00:00\",\"dateModified\":\"2020-09-25T14:27:52+00:00\",\"author\":{\"@id\":\"https:\/\/www.activasalut.com\/ca\/#\/schema\/person\/d5143be2de4caf189b0d7ac707abe439\"},\"description\":\"Desde el pasado mes de marzo hemos incorporado a nuestra cotidianidad el uso de la mascarilla, en este post te explico c\u00f3mo respirar.\",\"breadcrumb\":{\"@id\":\"https:\/\/www.activasalut.com\/ca\/com-respires-durant-lus-de-la-mascareta\/#breadcrumb\"},\"inLanguage\":\"ca\",\"potentialAction\":[{\"@type\":\"ReadAction\",\"target\":[\"https:\/\/www.activasalut.com\/ca\/com-respires-durant-lus-de-la-mascareta\/\"]}]},{\"@type\":\"BreadcrumbList\",\"@id\":\"https:\/\/www.activasalut.com\/ca\/com-respires-durant-lus-de-la-mascareta\/#breadcrumb\",\"itemListElement\":[{\"@type\":\"ListItem\",\"position\":1,\"name\":\"Portada\",\"item\":\"https:\/\/www.activasalut.com\/ca\/\"},{\"@type\":\"ListItem\",\"position\":2,\"name\":\"Com respires quan uses la mascareta?\"}]},{\"@type\":\"WebSite\",\"@id\":\"https:\/\/www.activasalut.com\/ca\/#website\",\"url\":\"https:\/\/www.activasalut.com\/ca\/\",\"name\":\"Corporaci\u00f3n fisiogesti\u00f3n\",\"description\":\"Activa la teva salut\",\"potentialAction\":[{\"@type\":\"SearchAction\",\"target\":{\"@type\":\"EntryPoint\",\"urlTemplate\":\"https:\/\/www.activasalut.com\/ca\/?s={search_term_string}\"},\"query-input\":\"required name=search_term_string\"}],\"inLanguage\":\"ca\"},{\"@type\":\"Person\",\"@id\":\"https:\/\/www.activasalut.com\/ca\/#\/schema\/person\/d5143be2de4caf189b0d7ac707abe439\",\"name\":\"Marta S\u00e1nchez\",\"image\":{\"@type\":\"ImageObject\",\"inLanguage\":\"ca\",\"@id\":\"https:\/\/www.activasalut.com\/ca\/#\/schema\/person\/image\/\",\"url\":\"https:\/\/secure.gravatar.com\/avatar\/e1567da7ae4b7e10e7eae46b3fb124e4?s=96&d=mm&r=g\",\"contentUrl\":\"https:\/\/secure.gravatar.com\/avatar\/e1567da7ae4b7e10e7eae46b3fb124e4?s=96&d=mm&r=g\",\"caption\":\"Marta S\u00e1nchez\"},\"url\":\"https:\/\/www.activasalut.com\/ca\/author\/marta-sanchez\/\"}]}<\/script>\n<!-- \/ Yoast SEO plugin. -->","yoast_head_json":{"title":"Com respires quan uses la mascareta?","description":"Desde el pasado mes de marzo hemos incorporado a nuestra cotidianidad el uso de la mascarilla, en este post te explico c\u00f3mo respirar.","robots":{"index":"index","follow":"follow","max-snippet":"max-snippet:-1","max-image-preview":"max-image-preview:large","max-video-preview":"max-video-preview:-1"},"canonical":"https:\/\/www.activasalut.com\/ca\/com-respires-durant-lus-de-la-mascareta\/","og_locale":"ca_ES","og_type":"article","og_title":"Com respires quan uses la mascareta?","og_description":"Desde el pasado mes de marzo hemos incorporado a nuestra cotidianidad el uso de la mascarilla, en este post te explico c\u00f3mo respirar.","og_url":"https:\/\/www.activasalut.com\/ca\/com-respires-durant-lus-de-la-mascareta\/","og_site_name":"Corporaci\u00f3 Fisiogesti\u00f3","article_published_time":"2020-09-25T11:27:00+00:00","article_modified_time":"2020-09-25T14:27:52+00:00","og_image":[{"width":6223,"height":4149,"url":"https:\/\/www.activasalut.com\/wp-content\/uploads\/2020\/09\/Foto-nino-con-mascarilla.jpg","type":"image\/jpeg"}],"author":"Marta S\u00e1nchez","twitter_misc":{"Escrit per":"Marta S\u00e1nchez","Temps estimat de lectura":"3 minuts"},"schema":{"@context":"https:\/\/schema.org","@graph":[{"@type":"WebPage","@id":"https:\/\/www.activasalut.com\/ca\/com-respires-durant-lus-de-la-mascareta\/","url":"https:\/\/www.activasalut.com\/ca\/com-respires-durant-lus-de-la-mascareta\/","name":"Com respires quan uses la mascareta?","isPartOf":{"@id":"https:\/\/www.activasalut.com\/ca\/#website"},"datePublished":"2020-09-25T11:27:00+00:00","dateModified":"2020-09-25T14:27:52+00:00","author":{"@id":"https:\/\/www.activasalut.com\/ca\/#\/schema\/person\/d5143be2de4caf189b0d7ac707abe439"},"description":"Desde el pasado mes de marzo hemos incorporado a nuestra cotidianidad el uso de la mascarilla, en este post te explico c\u00f3mo respirar.","breadcrumb":{"@id":"https:\/\/www.activasalut.com\/ca\/com-respires-durant-lus-de-la-mascareta\/#breadcrumb"},"inLanguage":"ca","potentialAction":[{"@type":"ReadAction","target":["https:\/\/www.activasalut.com\/ca\/com-respires-durant-lus-de-la-mascareta\/"]}]},{"@type":"BreadcrumbList","@id":"https:\/\/www.activasalut.com\/ca\/com-respires-durant-lus-de-la-mascareta\/#breadcrumb","itemListElement":[{"@type":"ListItem","position":1,"name":"Portada","item":"https:\/\/www.activasalut.com\/ca\/"},{"@type":"ListItem","position":2,"name":"Com respires quan uses la mascareta?"}]},{"@type":"WebSite","@id":"https:\/\/www.activasalut.com\/ca\/#website","url":"https:\/\/www.activasalut.com\/ca\/","name":"Corporaci\u00f3n fisiogesti\u00f3n","description":"Activa la teva salut","potentialAction":[{"@type":"SearchAction","target":{"@type":"EntryPoint","urlTemplate":"https:\/\/www.activasalut.com\/ca\/?s={search_term_string}"},"query-input":"required name=search_term_string"}],"inLanguage":"ca"},{"@type":"Person","@id":"https:\/\/www.activasalut.com\/ca\/#\/schema\/person\/d5143be2de4caf189b0d7ac707abe439","name":"Marta S\u00e1nchez","image":{"@type":"ImageObject","inLanguage":"ca","@id":"https:\/\/www.activasalut.com\/ca\/#\/schema\/person\/image\/","url":"https:\/\/secure.gravatar.com\/avatar\/e1567da7ae4b7e10e7eae46b3fb124e4?s=96&d=mm&r=g","contentUrl":"https:\/\/secure.gravatar.com\/avatar\/e1567da7ae4b7e10e7eae46b3fb124e4?s=96&d=mm&r=g","caption":"Marta S\u00e1nchez"},"url":"https:\/\/www.activasalut.com\/ca\/author\/marta-sanchez\/"}]}},"_links":{"self":[{"href":"https:\/\/www.activasalut.com\/ca\/wp-json\/wp\/v2\/posts\/6400"}],"collection":[{"href":"https:\/\/www.activasalut.com\/ca\/wp-json\/wp\/v2\/posts"}],"about":[{"href":"https:\/\/www.activasalut.com\/ca\/wp-json\/wp\/v2\/types\/post"}],"author":[{"embeddable":true,"href":"https:\/\/www.activasalut.com\/ca\/wp-json\/wp\/v2\/users\/11"}],"replies":[{"embeddable":true,"href":"https:\/\/www.activasalut.com\/ca\/wp-json\/wp\/v2\/comments?post=6400"}],"version-history":[{"count":11,"href":"https:\/\/www.activasalut.com\/ca\/wp-json\/wp\/v2\/posts\/6400\/revisions"}],"predecessor-version":[{"id":6418,"href":"https:\/\/www.activasalut.com\/ca\/wp-json\/wp\/v2\/posts\/6400\/revisions\/6418"}],"wp:featuredmedia":[{"embeddable":true,"href":"https:\/\/www.activasalut.com\/ca\/wp-json\/wp\/v2\/media\/6370"}],"wp:attachment":[{"href":"https:\/\/www.activasalut.com\/ca\/wp-json\/wp\/v2\/media?parent=6400"}],"wp:term":[{"taxonomy":"category","embeddable":true,"href":"https:\/\/www.activasalut.com\/ca\/wp-json\/wp\/v2\/categories?post=6400"},{"taxonomy":"post_tag","embeddable":true,"href":"https:\/\/www.activasalut.com\/ca\/wp-json\/wp\/v2\/tags?post=6400"}],"curies":[{"name":"wp","href":"https:\/\/api.w.org\/{rel}","templated":true}]}}