{"id":667,"date":"2014-06-12T16:15:08","date_gmt":"2014-06-12T15:15:08","guid":{"rendered":"https:\/\/www.activasalut.com\/lesquena-capitol-1-visio-general\/"},"modified":"2015-09-02T18:07:42","modified_gmt":"2015-09-02T16:07:42","slug":"lesquena-capitol-1-visio-general","status":"publish","type":"post","link":"https:\/\/www.activasalut.com\/ca\/lesquena-capitol-1-visio-general\/","title":{"rendered":"L&#8217;esquena. Cap\u00edtol 1: Visi\u00f3 general"},"content":{"rendered":"<p style=\"text-align: justify;\"><span style=\"color: #000000;\">Sabem realment com \u00e9s la nostra esquena? Quines funcions t\u00e9 la columna vertebral?<\/span><!--more--><\/p>\n<p style=\"text-align: justify;\"><span style=\"color: #000000;\"><strong>Part dels bloquejos f\u00edsics i emocionals que patim es concentren a l\u2019esquena, per aquesta ra\u00f3 s&#8217;ha de tenir una adequada higiene postural i una major cura d\u2019ella per sentir-nos millor<\/strong>. Per tant, el primer pas per poder corregir correctament \u00e9s tenir una visi\u00f3 general de l\u2019esquena. <\/span><\/p>\n<p style=\"text-align: justify;\"><span style=\"color: #000000;\">No us perdeu aquest v\u00eddeo!<\/span><\/p>\n<p><iframe loading=\"lazy\" src=\"\/\/player.vimeo.com\/video\/72965461?title=0&amp;byline=0&amp;portrait=0\" width=\"500\" height=\"281\" frameborder=\"0\" allowfullscreen=\"allowfullscreen\"><\/iframe><\/p>\n<p>&nbsp;<\/p>\n","protected":false},"excerpt":{"rendered":"<p>Sabem realment com \u00e9s la nostra esquena? Quines funcions t\u00e9 la columna vertebral?<\/p>\n","protected":false},"author":18,"featured_media":1269,"comment_status":"closed","ping_status":"closed","sticky":false,"template":"","format":"standard","meta":[],"categories":[609,831,467],"tags":[879,899,39],"yoast_head":"<!-- This site is optimized with the Yoast SEO plugin v20.0 - https:\/\/yoast.com\/wordpress\/plugins\/seo\/ -->\n<title>L&#039;esquena. Cap\u00edtol 1: Visi\u00f3 general- Corporaci\u00f3 Fisiogesti\u00f3n<\/title>\n<meta name=\"description\" content=\"Per poder corregir correctamente la nostra esquena abans l&#039;hem de con\u00e8ixer a la perfecci\u00f3. Nosaltres t&#039;ensenyem tot el que necessitis saber.\" \/>\n<meta name=\"robots\" content=\"index, follow, max-snippet:-1, max-image-preview:large, max-video-preview:-1\" \/>\n<link rel=\"canonical\" href=\"https:\/\/www.activasalut.com\/ca\/lesquena-capitol-1-visio-general\/\" \/>\n<meta property=\"og:locale\" content=\"ca_ES\" \/>\n<meta property=\"og:type\" content=\"article\" \/>\n<meta property=\"og:title\" content=\"L&#039;esquena. Cap\u00edtol 1: Visi\u00f3 general- Corporaci\u00f3 Fisiogesti\u00f3n\" \/>\n<meta property=\"og:description\" content=\"Per poder corregir correctamente la nostra esquena abans l&#039;hem de con\u00e8ixer a la perfecci\u00f3. Nosaltres t&#039;ensenyem tot el que necessitis saber.\" \/>\n<meta property=\"og:url\" content=\"https:\/\/www.activasalut.com\/ca\/lesquena-capitol-1-visio-general\/\" \/>\n<meta property=\"og:site_name\" content=\"Corporaci\u00f3 Fisiogesti\u00f3\" \/>\n<meta property=\"article:published_time\" content=\"2014-06-12T15:15:08+00:00\" \/>\n<meta property=\"article:modified_time\" content=\"2015-09-02T16:07:42+00:00\" \/>\n<meta property=\"og:image\" content=\"https:\/\/www.activasalut.com\/wp-content\/uploads\/2014\/06\/espalda-vision-general.png\" \/>\n\t<meta property=\"og:image:width\" content=\"225\" \/>\n\t<meta property=\"og:image:height\" content=\"300\" \/>\n\t<meta property=\"og:image:type\" content=\"image\/png\" \/>\n<meta name=\"author\" content=\"Corporaci\u00f3n Fisiogesti\u00f3n\" \/>\n<meta name=\"twitter:label1\" content=\"Escrit per\" \/>\n\t<meta name=\"twitter:data1\" content=\"Corporaci\u00f3n Fisiogesti\u00f3n\" \/>\n<script type=\"application\/ld+json\" class=\"yoast-schema-graph\">{\"@context\":\"https:\/\/schema.org\",\"@graph\":[{\"@type\":\"WebPage\",\"@id\":\"https:\/\/www.activasalut.com\/ca\/lesquena-capitol-1-visio-general\/\",\"url\":\"https:\/\/www.activasalut.com\/ca\/lesquena-capitol-1-visio-general\/\",\"name\":\"L'esquena. Cap\u00edtol 1: Visi\u00f3 general- Corporaci\u00f3 Fisiogesti\u00f3n\",\"isPartOf\":{\"@id\":\"https:\/\/www.activasalut.com\/ca\/#website\"},\"datePublished\":\"2014-06-12T15:15:08+00:00\",\"dateModified\":\"2015-09-02T16:07:42+00:00\",\"author\":{\"@id\":\"https:\/\/www.activasalut.com\/ca\/#\/schema\/person\/443a7fe6551be14fdf19f1325fe4dec8\"},\"description\":\"Per poder corregir correctamente la nostra esquena abans l'hem de con\u00e8ixer a la perfecci\u00f3. Nosaltres t'ensenyem tot el que necessitis saber.\",\"breadcrumb\":{\"@id\":\"https:\/\/www.activasalut.com\/ca\/lesquena-capitol-1-visio-general\/#breadcrumb\"},\"inLanguage\":\"ca\",\"potentialAction\":[{\"@type\":\"ReadAction\",\"target\":[\"https:\/\/www.activasalut.com\/ca\/lesquena-capitol-1-visio-general\/\"]}]},{\"@type\":\"BreadcrumbList\",\"@id\":\"https:\/\/www.activasalut.com\/ca\/lesquena-capitol-1-visio-general\/#breadcrumb\",\"itemListElement\":[{\"@type\":\"ListItem\",\"position\":1,\"name\":\"Portada\",\"item\":\"https:\/\/www.activasalut.com\/ca\/\"},{\"@type\":\"ListItem\",\"position\":2,\"name\":\"L&#8217;esquena. Cap\u00edtol 1: Visi\u00f3 general\"}]},{\"@type\":\"WebSite\",\"@id\":\"https:\/\/www.activasalut.com\/ca\/#website\",\"url\":\"https:\/\/www.activasalut.com\/ca\/\",\"name\":\"Corporaci\u00f3n fisiogesti\u00f3n\",\"description\":\"Activa la teva salut\",\"potentialAction\":[{\"@type\":\"SearchAction\",\"target\":{\"@type\":\"EntryPoint\",\"urlTemplate\":\"https:\/\/www.activasalut.com\/ca\/?s={search_term_string}\"},\"query-input\":\"required name=search_term_string\"}],\"inLanguage\":\"ca\"},{\"@type\":\"Person\",\"@id\":\"https:\/\/www.activasalut.com\/ca\/#\/schema\/person\/443a7fe6551be14fdf19f1325fe4dec8\",\"name\":\"Corporaci\u00f3n Fisiogesti\u00f3n\",\"image\":{\"@type\":\"ImageObject\",\"inLanguage\":\"ca\",\"@id\":\"https:\/\/www.activasalut.com\/ca\/#\/schema\/person\/image\/\",\"url\":\"https:\/\/secure.gravatar.com\/avatar\/baf13b6213ba0ce3c40e9be94159bcd7?s=96&d=mm&r=g\",\"contentUrl\":\"https:\/\/secure.gravatar.com\/avatar\/baf13b6213ba0ce3c40e9be94159bcd7?s=96&d=mm&r=g\",\"caption\":\"Corporaci\u00f3n Fisiogesti\u00f3n\"},\"url\":\"https:\/\/www.activasalut.com\/ca\/author\/corporacion-fisiogestion\/\"}]}<\/script>\n<!-- \/ Yoast SEO plugin. -->","yoast_head_json":{"title":"L'esquena. Cap\u00edtol 1: Visi\u00f3 general- Corporaci\u00f3 Fisiogesti\u00f3n","description":"Per poder corregir correctamente la nostra esquena abans l'hem de con\u00e8ixer a la perfecci\u00f3. Nosaltres t'ensenyem tot el que necessitis saber.","robots":{"index":"index","follow":"follow","max-snippet":"max-snippet:-1","max-image-preview":"max-image-preview:large","max-video-preview":"max-video-preview:-1"},"canonical":"https:\/\/www.activasalut.com\/ca\/lesquena-capitol-1-visio-general\/","og_locale":"ca_ES","og_type":"article","og_title":"L'esquena. Cap\u00edtol 1: Visi\u00f3 general- Corporaci\u00f3 Fisiogesti\u00f3n","og_description":"Per poder corregir correctamente la nostra esquena abans l'hem de con\u00e8ixer a la perfecci\u00f3. Nosaltres t'ensenyem tot el que necessitis saber.","og_url":"https:\/\/www.activasalut.com\/ca\/lesquena-capitol-1-visio-general\/","og_site_name":"Corporaci\u00f3 Fisiogesti\u00f3","article_published_time":"2014-06-12T15:15:08+00:00","article_modified_time":"2015-09-02T16:07:42+00:00","og_image":[{"width":225,"height":300,"url":"https:\/\/www.activasalut.com\/wp-content\/uploads\/2014\/06\/espalda-vision-general.png","type":"image\/png"}],"author":"Corporaci\u00f3n Fisiogesti\u00f3n","twitter_misc":{"Escrit per":"Corporaci\u00f3n Fisiogesti\u00f3n"},"schema":{"@context":"https:\/\/schema.org","@graph":[{"@type":"WebPage","@id":"https:\/\/www.activasalut.com\/ca\/lesquena-capitol-1-visio-general\/","url":"https:\/\/www.activasalut.com\/ca\/lesquena-capitol-1-visio-general\/","name":"L'esquena. Cap\u00edtol 1: Visi\u00f3 general- Corporaci\u00f3 Fisiogesti\u00f3n","isPartOf":{"@id":"https:\/\/www.activasalut.com\/ca\/#website"},"datePublished":"2014-06-12T15:15:08+00:00","dateModified":"2015-09-02T16:07:42+00:00","author":{"@id":"https:\/\/www.activasalut.com\/ca\/#\/schema\/person\/443a7fe6551be14fdf19f1325fe4dec8"},"description":"Per poder corregir correctamente la nostra esquena abans l'hem de con\u00e8ixer a la perfecci\u00f3. Nosaltres t'ensenyem tot el que necessitis saber.","breadcrumb":{"@id":"https:\/\/www.activasalut.com\/ca\/lesquena-capitol-1-visio-general\/#breadcrumb"},"inLanguage":"ca","potentialAction":[{"@type":"ReadAction","target":["https:\/\/www.activasalut.com\/ca\/lesquena-capitol-1-visio-general\/"]}]},{"@type":"BreadcrumbList","@id":"https:\/\/www.activasalut.com\/ca\/lesquena-capitol-1-visio-general\/#breadcrumb","itemListElement":[{"@type":"ListItem","position":1,"name":"Portada","item":"https:\/\/www.activasalut.com\/ca\/"},{"@type":"ListItem","position":2,"name":"L&#8217;esquena. Cap\u00edtol 1: Visi\u00f3 general"}]},{"@type":"WebSite","@id":"https:\/\/www.activasalut.com\/ca\/#website","url":"https:\/\/www.activasalut.com\/ca\/","name":"Corporaci\u00f3n fisiogesti\u00f3n","description":"Activa la teva salut","potentialAction":[{"@type":"SearchAction","target":{"@type":"EntryPoint","urlTemplate":"https:\/\/www.activasalut.com\/ca\/?s={search_term_string}"},"query-input":"required name=search_term_string"}],"inLanguage":"ca"},{"@type":"Person","@id":"https:\/\/www.activasalut.com\/ca\/#\/schema\/person\/443a7fe6551be14fdf19f1325fe4dec8","name":"Corporaci\u00f3n Fisiogesti\u00f3n","image":{"@type":"ImageObject","inLanguage":"ca","@id":"https:\/\/www.activasalut.com\/ca\/#\/schema\/person\/image\/","url":"https:\/\/secure.gravatar.com\/avatar\/baf13b6213ba0ce3c40e9be94159bcd7?s=96&d=mm&r=g","contentUrl":"https:\/\/secure.gravatar.com\/avatar\/baf13b6213ba0ce3c40e9be94159bcd7?s=96&d=mm&r=g","caption":"Corporaci\u00f3n Fisiogesti\u00f3n"},"url":"https:\/\/www.activasalut.com\/ca\/author\/corporacion-fisiogestion\/"}]}},"_links":{"self":[{"href":"https:\/\/www.activasalut.com\/ca\/wp-json\/wp\/v2\/posts\/667"}],"collection":[{"href":"https:\/\/www.activasalut.com\/ca\/wp-json\/wp\/v2\/posts"}],"about":[{"href":"https:\/\/www.activasalut.com\/ca\/wp-json\/wp\/v2\/types\/post"}],"author":[{"embeddable":true,"href":"https:\/\/www.activasalut.com\/ca\/wp-json\/wp\/v2\/users\/18"}],"replies":[{"embeddable":true,"href":"https:\/\/www.activasalut.com\/ca\/wp-json\/wp\/v2\/comments?post=667"}],"version-history":[{"count":3,"href":"https:\/\/www.activasalut.com\/ca\/wp-json\/wp\/v2\/posts\/667\/revisions"}],"predecessor-version":[{"id":1616,"href":"https:\/\/www.activasalut.com\/ca\/wp-json\/wp\/v2\/posts\/667\/revisions\/1616"}],"wp:featuredmedia":[{"embeddable":true,"href":"https:\/\/www.activasalut.com\/ca\/wp-json\/wp\/v2\/media\/1269"}],"wp:attachment":[{"href":"https:\/\/www.activasalut.com\/ca\/wp-json\/wp\/v2\/media?parent=667"}],"wp:term":[{"taxonomy":"category","embeddable":true,"href":"https:\/\/www.activasalut.com\/ca\/wp-json\/wp\/v2\/categories?post=667"},{"taxonomy":"post_tag","embeddable":true,"href":"https:\/\/www.activasalut.com\/ca\/wp-json\/wp\/v2\/tags?post=667"}],"curies":[{"name":"wp","href":"https:\/\/api.w.org\/{rel}","templated":true}]}}