{"id":671,"date":"2014-06-26T18:46:45","date_gmt":"2014-06-26T17:46:45","guid":{"rendered":"https:\/\/www.activasalut.com\/capsula-de-coneixement-el-diafragma-una-peca-clau\/"},"modified":"2015-09-02T18:34:51","modified_gmt":"2015-09-02T16:34:51","slug":"capsula-de-coneixement-el-diafragma-una-peca-clau","status":"publish","type":"post","link":"https:\/\/www.activasalut.com\/ca\/capsula-de-coneixement-el-diafragma-una-peca-clau\/","title":{"rendered":"El diafragma una pe\u00e7a clau"},"content":{"rendered":"<p style=\"text-align: justify;\"><span style=\"color: #000000;\"><b>El diafragma<\/b> \u00e9s un m\u00fascul amb forma de\u00a0porxada\u00a0que <b>separa la cavitat tor\u00e0cica de l&#8217;abdominal i la seva principal funci\u00f3 \u00e9s la respiraci\u00f3<\/b>.\u00a0<\/span><\/p>\n<p style=\"text-align: justify;\"><span style=\"color: #000000;\">Les repercussions\u00a0del mal funcionament del diafragma s\u00f3n m\u00faltiples, entre les que podem trobar:\u00a0<\/span><!--more--><\/p>\n<p style=\"text-align: justify;\"><span style=\"color: #000000;\">&#8211; <b>repercussions\u00a0a nivell mec\u00e0nic<\/b>, entre les que\u00a0destaquem\u00a0lumb\u00e0lgies i\u00a0cervic\u00e0lgies.\u00a0<\/span><\/p>\n<p style=\"text-align: justify;\"><span style=\"color: #000000;\">&#8211; <b>repercussions\u00a0a nivell visceral,<\/b> entre les que trobem disfuncions a nivell del sistema digestiu, ja que si el diafragma no es mou b\u00e9 durant la respiraci\u00f3, la mobilitat de les v\u00edsceres\u00a0abdominals pot quedar alterada.\u00a0<\/span><\/p>\n<p style=\"text-align: justify;\"><span style=\"color: #000000;\">Observem, que el diafragma, t\u00e9 una import\u00e0ncia cabdal\u00a0tot i que\u00a0sovint queda oblidat i sense tractament, perllongant aix\u00ed dolors que mai no acaben de marxar, pel simple fet, que el diafragma\u00a0fixa aquestes lesions.\u00a0<\/span><\/p>\n<p style=\"text-align: justify;\"><span style=\"color: #000000;\">Aix\u00ed doncs, l&#8217;avaluaci\u00f3\u00a0del diafragma, ser\u00e0 gaireb\u00e9 obligat\u00f2ria\u00a0quan es refereixen dolors de tipus estructural, ja siguin a nivell del <a title=\"raquis\" href=\"http:\/\/www.diccionari.cat\/lexicx.jsp?GECART=0113848\" target=\"_blank\">raquis<\/a> o de l&#8217;<a title=\"il\u00edac\" href=\"http:\/\/www.diccionari.cat\/lexicx.jsp?GECART=0074885\" target=\"_blank\">il\u00edac<\/a>, aix\u00ed com tamb\u00e9 en dolors viscerals, a causa de les seves insercions.\u00a0<\/span><\/p>\n<p style=\"text-align: justify;\"><span style=\"color: #000000;\"><b>Per exemple, a nivell visceral, un mal funcionament del diafragma pot afectar a la mobilitat de tot el sistema digestiu. I estructural, pot incidir en totes les patologies relacionades amb les seves inclusions. <\/b><b><\/b><\/span><\/p>\n<p style=\"text-align: justify;\"><span style=\"color: #000000;\">Recordeu davant de patologies relacionades amb aquestes estructures, caldr\u00e0 sempre testar el diafragma i en cas d&#8217;espasme del mateix, tractar-lo!<\/span><\/p>\n<p style=\"text-align: justify;\">Issac Mu\u00f1oz<\/p>\n","protected":false},"excerpt":{"rendered":"<p>El diafragma \u00e9s un m\u00fascul amb forma de\u00a0porxada\u00a0que separa la cavitat tor\u00e0cica de l&#8217;abdominal i la seva principal funci\u00f3 \u00e9s la respiraci\u00f3.\u00a0 Les repercussions\u00a0del<a class=\"moretag\" href=\"https:\/\/www.activasalut.com\/ca\/capsula-de-coneixement-el-diafragma-una-peca-clau\/\">Llegeix m\u00e9s&#8230;<\/a><\/p>\n","protected":false},"author":23,"featured_media":1262,"comment_status":"open","ping_status":"open","sticky":false,"template":"","format":"standard","meta":[],"categories":[783,88],"tags":[908,89,86,839,834,907,459],"yoast_head":"<!-- This site is optimized with the Yoast SEO plugin v20.0 - https:\/\/yoast.com\/wordpress\/plugins\/seo\/ -->\n<title>El diafragma una pe\u00e7a clau- Corporaci\u00f3 Fisiogesti\u00f3n<\/title>\n<meta name=\"description\" content=\"El diafragma \u00e9s un m\u00fascul amb forma de porxada que separa la cavitat tor\u00e0cica de l&#039;abdominal i la seva principal funci\u00f3 \u00e9s la respiraci\u00f3.\" \/>\n<meta name=\"robots\" content=\"index, follow, max-snippet:-1, max-image-preview:large, max-video-preview:-1\" \/>\n<link rel=\"canonical\" href=\"https:\/\/www.activasalut.com\/ca\/capsula-de-coneixement-el-diafragma-una-peca-clau\/\" \/>\n<meta property=\"og:locale\" content=\"ca_ES\" \/>\n<meta property=\"og:type\" content=\"article\" \/>\n<meta property=\"og:title\" content=\"El diafragma una pe\u00e7a clau- Corporaci\u00f3 Fisiogesti\u00f3n\" \/>\n<meta property=\"og:description\" content=\"El diafragma \u00e9s un m\u00fascul amb forma de porxada que separa la cavitat tor\u00e0cica de l&#039;abdominal i la seva principal funci\u00f3 \u00e9s la respiraci\u00f3.\" \/>\n<meta property=\"og:url\" content=\"https:\/\/www.activasalut.com\/ca\/capsula-de-coneixement-el-diafragma-una-peca-clau\/\" \/>\n<meta property=\"og:site_name\" content=\"Corporaci\u00f3 Fisiogesti\u00f3\" \/>\n<meta property=\"article:published_time\" content=\"2014-06-26T17:46:45+00:00\" \/>\n<meta property=\"article:modified_time\" content=\"2015-09-02T16:34:51+00:00\" \/>\n<meta property=\"og:image\" content=\"https:\/\/www.activasalut.com\/wp-content\/uploads\/2014\/06\/diafragma.png\" \/>\n\t<meta property=\"og:image:width\" content=\"225\" \/>\n\t<meta property=\"og:image:height\" content=\"300\" \/>\n\t<meta property=\"og:image:type\" content=\"image\/png\" \/>\n<meta name=\"author\" content=\"Isaac Mu\u00f1oz\" \/>\n<meta name=\"twitter:label1\" content=\"Escrit per\" \/>\n\t<meta name=\"twitter:data1\" content=\"Isaac Mu\u00f1oz\" \/>\n\t<meta name=\"twitter:label2\" content=\"Temps estimat de lectura\" \/>\n\t<meta name=\"twitter:data2\" content=\"1 minut\" \/>\n<script type=\"application\/ld+json\" class=\"yoast-schema-graph\">{\"@context\":\"https:\/\/schema.org\",\"@graph\":[{\"@type\":\"WebPage\",\"@id\":\"https:\/\/www.activasalut.com\/ca\/capsula-de-coneixement-el-diafragma-una-peca-clau\/\",\"url\":\"https:\/\/www.activasalut.com\/ca\/capsula-de-coneixement-el-diafragma-una-peca-clau\/\",\"name\":\"El diafragma una pe\u00e7a clau- Corporaci\u00f3 Fisiogesti\u00f3n\",\"isPartOf\":{\"@id\":\"https:\/\/www.activasalut.com\/ca\/#website\"},\"datePublished\":\"2014-06-26T17:46:45+00:00\",\"dateModified\":\"2015-09-02T16:34:51+00:00\",\"author\":{\"@id\":\"https:\/\/www.activasalut.com\/ca\/#\/schema\/person\/70b38892c552fbb7625b5448870191a5\"},\"description\":\"El diafragma \u00e9s un m\u00fascul amb forma de porxada que separa la cavitat tor\u00e0cica de l'abdominal i la seva principal funci\u00f3 \u00e9s la respiraci\u00f3.\",\"breadcrumb\":{\"@id\":\"https:\/\/www.activasalut.com\/ca\/capsula-de-coneixement-el-diafragma-una-peca-clau\/#breadcrumb\"},\"inLanguage\":\"ca\",\"potentialAction\":[{\"@type\":\"ReadAction\",\"target\":[\"https:\/\/www.activasalut.com\/ca\/capsula-de-coneixement-el-diafragma-una-peca-clau\/\"]}]},{\"@type\":\"BreadcrumbList\",\"@id\":\"https:\/\/www.activasalut.com\/ca\/capsula-de-coneixement-el-diafragma-una-peca-clau\/#breadcrumb\",\"itemListElement\":[{\"@type\":\"ListItem\",\"position\":1,\"name\":\"Portada\",\"item\":\"https:\/\/www.activasalut.com\/ca\/\"},{\"@type\":\"ListItem\",\"position\":2,\"name\":\"El diafragma una pe\u00e7a clau\"}]},{\"@type\":\"WebSite\",\"@id\":\"https:\/\/www.activasalut.com\/ca\/#website\",\"url\":\"https:\/\/www.activasalut.com\/ca\/\",\"name\":\"Corporaci\u00f3n fisiogesti\u00f3n\",\"description\":\"Activa la teva salut\",\"potentialAction\":[{\"@type\":\"SearchAction\",\"target\":{\"@type\":\"EntryPoint\",\"urlTemplate\":\"https:\/\/www.activasalut.com\/ca\/?s={search_term_string}\"},\"query-input\":\"required name=search_term_string\"}],\"inLanguage\":\"ca\"},{\"@type\":\"Person\",\"@id\":\"https:\/\/www.activasalut.com\/ca\/#\/schema\/person\/70b38892c552fbb7625b5448870191a5\",\"name\":\"Isaac Mu\u00f1oz\",\"image\":{\"@type\":\"ImageObject\",\"inLanguage\":\"ca\",\"@id\":\"https:\/\/www.activasalut.com\/ca\/#\/schema\/person\/image\/\",\"url\":\"https:\/\/secure.gravatar.com\/avatar\/4cea141817c03682b0af66a8f183da8a?s=96&d=mm&r=g\",\"contentUrl\":\"https:\/\/secure.gravatar.com\/avatar\/4cea141817c03682b0af66a8f183da8a?s=96&d=mm&r=g\",\"caption\":\"Isaac Mu\u00f1oz\"},\"url\":\"https:\/\/www.activasalut.com\/ca\/author\/issac-munoz\/\"}]}<\/script>\n<!-- \/ Yoast SEO plugin. -->","yoast_head_json":{"title":"El diafragma una pe\u00e7a clau- Corporaci\u00f3 Fisiogesti\u00f3n","description":"El diafragma \u00e9s un m\u00fascul amb forma de porxada que separa la cavitat tor\u00e0cica de l'abdominal i la seva principal funci\u00f3 \u00e9s la respiraci\u00f3.","robots":{"index":"index","follow":"follow","max-snippet":"max-snippet:-1","max-image-preview":"max-image-preview:large","max-video-preview":"max-video-preview:-1"},"canonical":"https:\/\/www.activasalut.com\/ca\/capsula-de-coneixement-el-diafragma-una-peca-clau\/","og_locale":"ca_ES","og_type":"article","og_title":"El diafragma una pe\u00e7a clau- Corporaci\u00f3 Fisiogesti\u00f3n","og_description":"El diafragma \u00e9s un m\u00fascul amb forma de porxada que separa la cavitat tor\u00e0cica de l'abdominal i la seva principal funci\u00f3 \u00e9s la respiraci\u00f3.","og_url":"https:\/\/www.activasalut.com\/ca\/capsula-de-coneixement-el-diafragma-una-peca-clau\/","og_site_name":"Corporaci\u00f3 Fisiogesti\u00f3","article_published_time":"2014-06-26T17:46:45+00:00","article_modified_time":"2015-09-02T16:34:51+00:00","og_image":[{"width":225,"height":300,"url":"https:\/\/www.activasalut.com\/wp-content\/uploads\/2014\/06\/diafragma.png","type":"image\/png"}],"author":"Isaac Mu\u00f1oz","twitter_misc":{"Escrit per":"Isaac Mu\u00f1oz","Temps estimat de lectura":"1 minut"},"schema":{"@context":"https:\/\/schema.org","@graph":[{"@type":"WebPage","@id":"https:\/\/www.activasalut.com\/ca\/capsula-de-coneixement-el-diafragma-una-peca-clau\/","url":"https:\/\/www.activasalut.com\/ca\/capsula-de-coneixement-el-diafragma-una-peca-clau\/","name":"El diafragma una pe\u00e7a clau- Corporaci\u00f3 Fisiogesti\u00f3n","isPartOf":{"@id":"https:\/\/www.activasalut.com\/ca\/#website"},"datePublished":"2014-06-26T17:46:45+00:00","dateModified":"2015-09-02T16:34:51+00:00","author":{"@id":"https:\/\/www.activasalut.com\/ca\/#\/schema\/person\/70b38892c552fbb7625b5448870191a5"},"description":"El diafragma \u00e9s un m\u00fascul amb forma de porxada que separa la cavitat tor\u00e0cica de l'abdominal i la seva principal funci\u00f3 \u00e9s la respiraci\u00f3.","breadcrumb":{"@id":"https:\/\/www.activasalut.com\/ca\/capsula-de-coneixement-el-diafragma-una-peca-clau\/#breadcrumb"},"inLanguage":"ca","potentialAction":[{"@type":"ReadAction","target":["https:\/\/www.activasalut.com\/ca\/capsula-de-coneixement-el-diafragma-una-peca-clau\/"]}]},{"@type":"BreadcrumbList","@id":"https:\/\/www.activasalut.com\/ca\/capsula-de-coneixement-el-diafragma-una-peca-clau\/#breadcrumb","itemListElement":[{"@type":"ListItem","position":1,"name":"Portada","item":"https:\/\/www.activasalut.com\/ca\/"},{"@type":"ListItem","position":2,"name":"El diafragma una pe\u00e7a clau"}]},{"@type":"WebSite","@id":"https:\/\/www.activasalut.com\/ca\/#website","url":"https:\/\/www.activasalut.com\/ca\/","name":"Corporaci\u00f3n fisiogesti\u00f3n","description":"Activa la teva salut","potentialAction":[{"@type":"SearchAction","target":{"@type":"EntryPoint","urlTemplate":"https:\/\/www.activasalut.com\/ca\/?s={search_term_string}"},"query-input":"required name=search_term_string"}],"inLanguage":"ca"},{"@type":"Person","@id":"https:\/\/www.activasalut.com\/ca\/#\/schema\/person\/70b38892c552fbb7625b5448870191a5","name":"Isaac Mu\u00f1oz","image":{"@type":"ImageObject","inLanguage":"ca","@id":"https:\/\/www.activasalut.com\/ca\/#\/schema\/person\/image\/","url":"https:\/\/secure.gravatar.com\/avatar\/4cea141817c03682b0af66a8f183da8a?s=96&d=mm&r=g","contentUrl":"https:\/\/secure.gravatar.com\/avatar\/4cea141817c03682b0af66a8f183da8a?s=96&d=mm&r=g","caption":"Isaac Mu\u00f1oz"},"url":"https:\/\/www.activasalut.com\/ca\/author\/issac-munoz\/"}]}},"_links":{"self":[{"href":"https:\/\/www.activasalut.com\/ca\/wp-json\/wp\/v2\/posts\/671"}],"collection":[{"href":"https:\/\/www.activasalut.com\/ca\/wp-json\/wp\/v2\/posts"}],"about":[{"href":"https:\/\/www.activasalut.com\/ca\/wp-json\/wp\/v2\/types\/post"}],"author":[{"embeddable":true,"href":"https:\/\/www.activasalut.com\/ca\/wp-json\/wp\/v2\/users\/23"}],"replies":[{"embeddable":true,"href":"https:\/\/www.activasalut.com\/ca\/wp-json\/wp\/v2\/comments?post=671"}],"version-history":[{"count":3,"href":"https:\/\/www.activasalut.com\/ca\/wp-json\/wp\/v2\/posts\/671\/revisions"}],"predecessor-version":[{"id":1622,"href":"https:\/\/www.activasalut.com\/ca\/wp-json\/wp\/v2\/posts\/671\/revisions\/1622"}],"wp:featuredmedia":[{"embeddable":true,"href":"https:\/\/www.activasalut.com\/ca\/wp-json\/wp\/v2\/media\/1262"}],"wp:attachment":[{"href":"https:\/\/www.activasalut.com\/ca\/wp-json\/wp\/v2\/media?parent=671"}],"wp:term":[{"taxonomy":"category","embeddable":true,"href":"https:\/\/www.activasalut.com\/ca\/wp-json\/wp\/v2\/categories?post=671"},{"taxonomy":"post_tag","embeddable":true,"href":"https:\/\/www.activasalut.com\/ca\/wp-json\/wp\/v2\/tags?post=671"}],"curies":[{"name":"wp","href":"https:\/\/api.w.org\/{rel}","templated":true}]}}