{"id":673,"date":"2014-07-03T13:30:43","date_gmt":"2014-07-03T12:30:43","guid":{"rendered":"https:\/\/www.activasalut.com\/com-aprenem-a-llegir\/"},"modified":"2015-09-02T18:40:04","modified_gmt":"2015-09-02T16:40:04","slug":"com-aprenem-a-llegir","status":"publish","type":"post","link":"https:\/\/www.activasalut.com\/ca\/com-aprenem-a-llegir\/","title":{"rendered":"Com aprenem a llegir?"},"content":{"rendered":"<p style=\"text-align: justify;\"><span style=\"color: #000000;\">Segur que alguna vegada us heu preguntat \u201cPer qu\u00e8 al meu nen\/a li costa adquirir la lectura?\u201d<\/span><\/p>\n<p style=\"text-align: justify;\"><span style=\"color: #000000;\">La lectura i l&#8217;escriptura \u00e9s una adquisici\u00f3 b\u00e0sica i fonamental per a un bon desenvolupament escolar i educatiu, no obstant aix\u00f2, pot resultar una tasca complexa per a molts nens.<\/span><!--more--><\/p>\n<p style=\"text-align: justify;\"><span style=\"color: #000000;\"><b>Una dificultat espec\u00edfica en el progr\u00e9s de la lectura i l\u2019escriptura limitar\u00e0 l&#8217;evoluci\u00f3 en la resta d&#8217;\u00e0rees escolars i pot tenir repercussions en l&#8217;autoestima i l\u2019autoconcepte dels nostres nens. <\/b><\/span><\/p>\n<p style=\"text-align: justify;\"><span style=\"color: #000000;\">Perqu\u00e8 els nostres nens aconsegueixin un correcte aprenentatge de la lectura i l&#8217;escriptura \u00e9s necessari que abans hagin identificat, pensat i treballat els sons individuals de les paraules parlades.<\/span><\/p>\n<p style=\"text-align: justify;\"><span style=\"color: #000000;\">Els nens han de comprendre que les paraules estan fetes de sons de la parla. Durant tota l&#8217;etapa escolar d&#8217;Educaci\u00f3 Infantil aprenen a <b>\u201cjugar\u201d<\/b> amb les s\u00edl\u00b7labes, a buscar rimes entre paraules de llenguatge parlat, a identificar la s\u00edl\u00b7laba inicial i la final de les paraules, amb l&#8217;objectiu d&#8217;afavorir i estimular el llenguatge oral i posteriorment el llenguatge escrit. A aquesta habilitat se l\u2019anomena <b>consci\u00e8ncia fonol\u00f2gica<\/b>.<\/span><\/p>\n<p style=\"text-align: justify;\"><span style=\"color: #000000;\">L&#8217;adquisici\u00f3 de <b>la consci\u00e8ncia fonol\u00f2gica \u00e9s indispensable per entendre la relaci\u00f3 que existeix entre les lletres (grafemes) del llenguatge escrit i els sons individuals (fonemes) del llenguatge oral.<\/b><\/span><\/p>\n<p style=\"text-align: justify;\"><span style=\"color: #000000;\"><b>La relaci\u00f3 grafema-fonema \u00e9s la base de l&#8217;adquisici\u00f3 de la lectura i l&#8217;escriptura<\/b>. En el moment que els nens l&#8217;adquireixen s&#8217;hauran iniciat les bases s\u00f2lides per progressaren el meravell\u00f3s m\u00f3n d&#8217;una lectura i escriptura gratificant!<\/span><\/p>\n<p style=\"text-align: justify;\">Esther L\u00f3pez<\/p>\n<p style=\"text-align: justify;\"><span style=\"color: #000000;\">\u00a0<\/span><\/p>\n","protected":false},"excerpt":{"rendered":"<p>Segur que alguna vegada us heu preguntat \u201cPer qu\u00e8 al meu nen\/a li costa adquirir la lectura?\u201d La lectura i l&#8217;escriptura \u00e9s una adquisici\u00f3<a class=\"moretag\" href=\"https:\/\/www.activasalut.com\/ca\/com-aprenem-a-llegir\/\">Llegeix m\u00e9s&#8230;<\/a><\/p>\n","protected":false},"author":25,"featured_media":234,"comment_status":"open","ping_status":"open","sticky":false,"template":"","format":"standard","meta":[],"categories":[589,581,611],"tags":[418,909,911,99,910,96,825,819],"yoast_head":"<!-- This site is optimized with the Yoast SEO plugin v20.0 - https:\/\/yoast.com\/wordpress\/plugins\/seo\/ -->\n<title>Com aprenem a llegir? La lectura- Corporaci\u00f3 Fisiogesti\u00f3n<\/title>\n<meta name=\"description\" content=\"La lectura i l&#039;escriptura \u00e9s una adquisici\u00f3 b\u00e0sica i fonamental per a un bon desenvolupament escolar i educatiu.\" \/>\n<meta name=\"robots\" content=\"index, follow, max-snippet:-1, max-image-preview:large, max-video-preview:-1\" \/>\n<link rel=\"canonical\" href=\"https:\/\/www.activasalut.com\/ca\/com-aprenem-a-llegir\/\" \/>\n<meta property=\"og:locale\" content=\"ca_ES\" \/>\n<meta property=\"og:type\" content=\"article\" \/>\n<meta property=\"og:title\" content=\"Com aprenem a llegir? La lectura- Corporaci\u00f3 Fisiogesti\u00f3n\" \/>\n<meta property=\"og:description\" content=\"La lectura i l&#039;escriptura \u00e9s una adquisici\u00f3 b\u00e0sica i fonamental per a un bon desenvolupament escolar i educatiu.\" \/>\n<meta property=\"og:url\" content=\"https:\/\/www.activasalut.com\/ca\/com-aprenem-a-llegir\/\" \/>\n<meta property=\"og:site_name\" content=\"Corporaci\u00f3 Fisiogesti\u00f3\" \/>\n<meta property=\"article:published_time\" content=\"2014-07-03T12:30:43+00:00\" \/>\n<meta property=\"article:modified_time\" content=\"2015-09-02T16:40:04+00:00\" \/>\n<meta property=\"og:image\" content=\"https:\/\/www.activasalut.com\/wp-content\/uploads\/2014\/07\/Fonetica.jpg\" \/>\n\t<meta property=\"og:image:width\" content=\"800\" \/>\n\t<meta property=\"og:image:height\" content=\"600\" \/>\n\t<meta property=\"og:image:type\" content=\"image\/jpeg\" \/>\n<meta name=\"author\" content=\"Esther L\u00f3pez\" \/>\n<meta name=\"twitter:label1\" content=\"Escrit per\" \/>\n\t<meta name=\"twitter:data1\" content=\"Esther L\u00f3pez\" \/>\n\t<meta name=\"twitter:label2\" content=\"Temps estimat de lectura\" \/>\n\t<meta name=\"twitter:data2\" content=\"1 minut\" \/>\n<script type=\"application\/ld+json\" class=\"yoast-schema-graph\">{\"@context\":\"https:\/\/schema.org\",\"@graph\":[{\"@type\":\"WebPage\",\"@id\":\"https:\/\/www.activasalut.com\/ca\/com-aprenem-a-llegir\/\",\"url\":\"https:\/\/www.activasalut.com\/ca\/com-aprenem-a-llegir\/\",\"name\":\"Com aprenem a llegir? La lectura- Corporaci\u00f3 Fisiogesti\u00f3n\",\"isPartOf\":{\"@id\":\"https:\/\/www.activasalut.com\/ca\/#website\"},\"datePublished\":\"2014-07-03T12:30:43+00:00\",\"dateModified\":\"2015-09-02T16:40:04+00:00\",\"author\":{\"@id\":\"https:\/\/www.activasalut.com\/ca\/#\/schema\/person\/58c021e0d12eb6ce725a0f94ec2962cd\"},\"description\":\"La lectura i l'escriptura \u00e9s una adquisici\u00f3 b\u00e0sica i fonamental per a un bon desenvolupament escolar i educatiu.\",\"breadcrumb\":{\"@id\":\"https:\/\/www.activasalut.com\/ca\/com-aprenem-a-llegir\/#breadcrumb\"},\"inLanguage\":\"ca\",\"potentialAction\":[{\"@type\":\"ReadAction\",\"target\":[\"https:\/\/www.activasalut.com\/ca\/com-aprenem-a-llegir\/\"]}]},{\"@type\":\"BreadcrumbList\",\"@id\":\"https:\/\/www.activasalut.com\/ca\/com-aprenem-a-llegir\/#breadcrumb\",\"itemListElement\":[{\"@type\":\"ListItem\",\"position\":1,\"name\":\"Portada\",\"item\":\"https:\/\/www.activasalut.com\/ca\/\"},{\"@type\":\"ListItem\",\"position\":2,\"name\":\"Com aprenem a llegir?\"}]},{\"@type\":\"WebSite\",\"@id\":\"https:\/\/www.activasalut.com\/ca\/#website\",\"url\":\"https:\/\/www.activasalut.com\/ca\/\",\"name\":\"Corporaci\u00f3n fisiogesti\u00f3n\",\"description\":\"Activa la teva salut\",\"potentialAction\":[{\"@type\":\"SearchAction\",\"target\":{\"@type\":\"EntryPoint\",\"urlTemplate\":\"https:\/\/www.activasalut.com\/ca\/?s={search_term_string}\"},\"query-input\":\"required name=search_term_string\"}],\"inLanguage\":\"ca\"},{\"@type\":\"Person\",\"@id\":\"https:\/\/www.activasalut.com\/ca\/#\/schema\/person\/58c021e0d12eb6ce725a0f94ec2962cd\",\"name\":\"Esther L\u00f3pez\",\"image\":{\"@type\":\"ImageObject\",\"inLanguage\":\"ca\",\"@id\":\"https:\/\/www.activasalut.com\/ca\/#\/schema\/person\/image\/\",\"url\":\"https:\/\/secure.gravatar.com\/avatar\/c44874e579f3b74c5601fbebe0a1a831?s=96&d=mm&r=g\",\"contentUrl\":\"https:\/\/secure.gravatar.com\/avatar\/c44874e579f3b74c5601fbebe0a1a831?s=96&d=mm&r=g\",\"caption\":\"Esther L\u00f3pez\"},\"url\":\"https:\/\/www.activasalut.com\/ca\/author\/esther-lopez\/\"}]}<\/script>\n<!-- \/ Yoast SEO plugin. -->","yoast_head_json":{"title":"Com aprenem a llegir? La lectura- Corporaci\u00f3 Fisiogesti\u00f3n","description":"La lectura i l'escriptura \u00e9s una adquisici\u00f3 b\u00e0sica i fonamental per a un bon desenvolupament escolar i educatiu.","robots":{"index":"index","follow":"follow","max-snippet":"max-snippet:-1","max-image-preview":"max-image-preview:large","max-video-preview":"max-video-preview:-1"},"canonical":"https:\/\/www.activasalut.com\/ca\/com-aprenem-a-llegir\/","og_locale":"ca_ES","og_type":"article","og_title":"Com aprenem a llegir? La lectura- Corporaci\u00f3 Fisiogesti\u00f3n","og_description":"La lectura i l'escriptura \u00e9s una adquisici\u00f3 b\u00e0sica i fonamental per a un bon desenvolupament escolar i educatiu.","og_url":"https:\/\/www.activasalut.com\/ca\/com-aprenem-a-llegir\/","og_site_name":"Corporaci\u00f3 Fisiogesti\u00f3","article_published_time":"2014-07-03T12:30:43+00:00","article_modified_time":"2015-09-02T16:40:04+00:00","og_image":[{"width":800,"height":600,"url":"https:\/\/www.activasalut.com\/wp-content\/uploads\/2014\/07\/Fonetica.jpg","type":"image\/jpeg"}],"author":"Esther L\u00f3pez","twitter_misc":{"Escrit per":"Esther L\u00f3pez","Temps estimat de lectura":"1 minut"},"schema":{"@context":"https:\/\/schema.org","@graph":[{"@type":"WebPage","@id":"https:\/\/www.activasalut.com\/ca\/com-aprenem-a-llegir\/","url":"https:\/\/www.activasalut.com\/ca\/com-aprenem-a-llegir\/","name":"Com aprenem a llegir? La lectura- Corporaci\u00f3 Fisiogesti\u00f3n","isPartOf":{"@id":"https:\/\/www.activasalut.com\/ca\/#website"},"datePublished":"2014-07-03T12:30:43+00:00","dateModified":"2015-09-02T16:40:04+00:00","author":{"@id":"https:\/\/www.activasalut.com\/ca\/#\/schema\/person\/58c021e0d12eb6ce725a0f94ec2962cd"},"description":"La lectura i l'escriptura \u00e9s una adquisici\u00f3 b\u00e0sica i fonamental per a un bon desenvolupament escolar i educatiu.","breadcrumb":{"@id":"https:\/\/www.activasalut.com\/ca\/com-aprenem-a-llegir\/#breadcrumb"},"inLanguage":"ca","potentialAction":[{"@type":"ReadAction","target":["https:\/\/www.activasalut.com\/ca\/com-aprenem-a-llegir\/"]}]},{"@type":"BreadcrumbList","@id":"https:\/\/www.activasalut.com\/ca\/com-aprenem-a-llegir\/#breadcrumb","itemListElement":[{"@type":"ListItem","position":1,"name":"Portada","item":"https:\/\/www.activasalut.com\/ca\/"},{"@type":"ListItem","position":2,"name":"Com aprenem a llegir?"}]},{"@type":"WebSite","@id":"https:\/\/www.activasalut.com\/ca\/#website","url":"https:\/\/www.activasalut.com\/ca\/","name":"Corporaci\u00f3n fisiogesti\u00f3n","description":"Activa la teva salut","potentialAction":[{"@type":"SearchAction","target":{"@type":"EntryPoint","urlTemplate":"https:\/\/www.activasalut.com\/ca\/?s={search_term_string}"},"query-input":"required name=search_term_string"}],"inLanguage":"ca"},{"@type":"Person","@id":"https:\/\/www.activasalut.com\/ca\/#\/schema\/person\/58c021e0d12eb6ce725a0f94ec2962cd","name":"Esther L\u00f3pez","image":{"@type":"ImageObject","inLanguage":"ca","@id":"https:\/\/www.activasalut.com\/ca\/#\/schema\/person\/image\/","url":"https:\/\/secure.gravatar.com\/avatar\/c44874e579f3b74c5601fbebe0a1a831?s=96&d=mm&r=g","contentUrl":"https:\/\/secure.gravatar.com\/avatar\/c44874e579f3b74c5601fbebe0a1a831?s=96&d=mm&r=g","caption":"Esther L\u00f3pez"},"url":"https:\/\/www.activasalut.com\/ca\/author\/esther-lopez\/"}]}},"_links":{"self":[{"href":"https:\/\/www.activasalut.com\/ca\/wp-json\/wp\/v2\/posts\/673"}],"collection":[{"href":"https:\/\/www.activasalut.com\/ca\/wp-json\/wp\/v2\/posts"}],"about":[{"href":"https:\/\/www.activasalut.com\/ca\/wp-json\/wp\/v2\/types\/post"}],"author":[{"embeddable":true,"href":"https:\/\/www.activasalut.com\/ca\/wp-json\/wp\/v2\/users\/25"}],"replies":[{"embeddable":true,"href":"https:\/\/www.activasalut.com\/ca\/wp-json\/wp\/v2\/comments?post=673"}],"version-history":[{"count":3,"href":"https:\/\/www.activasalut.com\/ca\/wp-json\/wp\/v2\/posts\/673\/revisions"}],"predecessor-version":[{"id":1624,"href":"https:\/\/www.activasalut.com\/ca\/wp-json\/wp\/v2\/posts\/673\/revisions\/1624"}],"wp:featuredmedia":[{"embeddable":true,"href":"https:\/\/www.activasalut.com\/ca\/wp-json\/wp\/v2\/media\/234"}],"wp:attachment":[{"href":"https:\/\/www.activasalut.com\/ca\/wp-json\/wp\/v2\/media?parent=673"}],"wp:term":[{"taxonomy":"category","embeddable":true,"href":"https:\/\/www.activasalut.com\/ca\/wp-json\/wp\/v2\/categories?post=673"},{"taxonomy":"post_tag","embeddable":true,"href":"https:\/\/www.activasalut.com\/ca\/wp-json\/wp\/v2\/tags?post=673"}],"curies":[{"name":"wp","href":"https:\/\/api.w.org\/{rel}","templated":true}]}}