{"id":6744,"date":"2020-11-11T10:02:45","date_gmt":"2020-11-11T09:02:45","guid":{"rendered":"https:\/\/www.activasalut.com\/?p=6744"},"modified":"2021-01-19T11:27:13","modified_gmt":"2021-01-19T10:27:13","slug":"que-es-la-sindrome-del-piramidal-o-falsa-ciatica-2","status":"publish","type":"post","link":"https:\/\/www.activasalut.com\/ca\/que-es-la-sindrome-del-piramidal-o-falsa-ciatica-2\/","title":{"rendered":"Qu\u00e8 \u00e9s la s\u00edndrome del piramidal o falsa ci\u00e0tica?"},"content":{"rendered":"\n<p>Si alguna vegada has notat dolor intens i entumiment a la zona posterior de la cama i regi\u00f3 gl\u00fatia, que empitjora en asseure&#8217;s o en encreuar-se de cames pot ser que et trobis enfront de la <strong>s\u00edndrome del piramidal<\/strong>.<\/p>\n\n\n\n<p>La<strong> s\u00edndrome del piramidal<\/strong> \u00e9s una patologia que es pot donar quan apareix una contractura o espasme sobre el m\u00fascul piramidal o piriforme, la qual cosa produeix un atrapament o compressi\u00f3 del <strong>nervi ci\u00e0tic<\/strong> al seu pas, causant dolor intens i entumiment al llarg de la cama i del gluti afectat.<br><\/p>\n\n\n\n<p>Aquesta s\u00edndrome es coneix tamb\u00e9 com la de la &#8220;<strong>falsa ci\u00e0tica<\/strong>&#8220;, per la coincid\u00e8ncia de molts s\u00edmptomes.<\/p>\n\n\n\n<!--more-->\n\n\n\n<p>Tampoc podem oblidar l&#8217;exist\u00e8ncia de <strong>punts gatell<\/strong> (punts dolorosos, associats amb un n\u00f2dul palpable en una banda tibant del m\u00fascul) en el piramidal. Que encara en abs\u00e8ncia de compressi\u00f3 del nervi, donaran un dolor referit en el mateix recorregut, encara que aquesta vegada a difer\u00e8ncia del dolor de tipus ci\u00e0tic, no baixar\u00e0 m\u00e9s enll\u00e0 del buit popliti.<\/p>\n\n\n\n<p>El m\u00fascul piramidal o piriforme, est\u00e0 situat profundament dins de la regi\u00f3 del gluti i connecta el sacre amb el f\u00e8mur.<\/p>\n\n\n\n<p><strong>Ens podem trobar amb els seg\u00fcents s\u00edmptomes:<\/strong><strong><\/strong><\/p>\n\n\n\n<ul><li>Dolor, sensaci\u00f3 de cremor o de formigueig en el gluti o darrere de la cuixa.<\/li><li>Pot haver-hi dolor a la zona lateral de la cama.<\/li><li>El dolor empitjora en asseure&#8217;s i encreuar la cama afectada.<\/li><li>Feblesa de la cama i sensaci\u00f3 d&#8217;adormiment a la natja o a la cama.<\/li><\/ul>\n\n\n\n<h2><strong>Causes de la s\u00edndrome piramidal<\/strong><\/h2>\n\n\n\n<ul><li>M\u00fascul piramidal escur\u00e7at per falta d&#8217;elasticitat.<\/li><li>Feblesa dels m\u00fasculs, especialment glutis.<\/li><li>Passar massa temps assegut, pot provocar una compressi\u00f3 constant sobre el m\u00fascul piramidal, podent-lo irritar o activar els seus punts gatell dolorosos (treballs d&#8217;oficina, transportistes&#8230;).<\/li><li>Caiguda forta sobre la zona gl\u00fatia i sacra.<\/li><li>Sobrec\u00e0rrega per entrenaments esportius.<\/li><li>Mala postura en c\u00f3rrer (amb la cintura flexionada).<\/li><li>Injecci\u00f3 a la zona gl\u00fatia.<\/li><\/ul>\n\n\n\n<h2><strong>Tractament de la S\u00edndrome piramidal<\/strong><\/h2>\n\n\n\n<ol><li>Realitzar <strong>estiraments i exercicis&nbsp;flexibilitzants<\/strong>&nbsp;del piramidal i resta de m\u00fasculs del maluc. A continuaci\u00f3, us exposem dos exercicis molt efectius<\/li><\/ol>\n\n\n\n<ul><li> Des de la posici\u00f3&nbsp;estirat&nbsp;de panxa enlaire, col\u00b7locarem la cama del costat que volem estirar damunt de l&#8217;altra cama. Des d&#8217;aquesta posici\u00f3, ens agafarem la cama (del costat que no estirem) amb les mans i la portarem lleugerament cap al pit. Mantenir 30&#8221; i repetir 5 vegades.<\/li><\/ul>\n\n\n\n<div class=\"wp-block-image\"><figure class=\"aligncenter size-large is-resized\"><img decoding=\"async\" loading=\"lazy\" src=\"https:\/\/www.activasalut.com\/wp-content\/uploads\/2020\/11\/Flebilizantes-1024x348.jpg\" alt=\"\u00bfQu\u00e9 es el s\u00edndrome del piramidal o falsa ci\u00e1tica?\" class=\"wp-image-6703\" width=\"724\" height=\"244\"\/><\/figure><\/div>\n\n\n\n<ul><li> Des de la posici\u00f3&nbsp;assegut&nbsp;a terra amb l&#8217;esquena recta, encreuarem la cama del costat que volem estirar per sobre de l&#8217;altra. Amb el colze del bra\u00e7 oposat empenyerem suaument sobre el genoll fins a notar l&#8217;estirament en la zona gl\u00fatia de la cama flexionada. Mantenir 30&#8221; i repetir 5 vegades.<\/li><\/ul>\n\n\n\n<div class=\"wp-block-image\"><figure class=\"aligncenter size-large is-resized\"><img decoding=\"async\" loading=\"lazy\" src=\"https:\/\/www.activasalut.com\/wp-content\/uploads\/2020\/11\/Flebilizantes-2-1024x363.jpg\" alt=\"\u00bfQu\u00e9 es el s\u00edndrome del piramidal o falsa ci\u00e1tica?\" class=\"wp-image-6706\" width=\"640\" height=\"225\"\/><\/figure><\/div>\n\n\n\n<ol start=\"2\"><li><strong>Tractar la contractura muscular<\/strong> amb t\u00e8cniques no invasives de pressi\u00f3 dels punts gatells miofascials (el fisioterapeuta localitzar\u00e0 la banda tensa i buscar\u00e0 la zona de m\u00e0xim dolor, per a realitzar pressi\u00f3 amb els seus dits). En cas necessari, de manera invasiva aquests&nbsp;punts gatell&nbsp;es poden tractar amb <strong><a href=\"https:\/\/www.activasalut.com\/ca\/la-puncio-seca\/\">punci\u00f3 seca<\/a><\/strong>.<\/li><li><strong>Realitzar exercicis per a enfortir la musculatura gl\u00fatia i abdominal<\/strong> per a estabilitzar la cintura pelviana.<\/li><li> <strong>Realitzar exercicis de mobilitat<\/strong> per a mantenir tot el rang articular del maluc. <\/li><li><strong>Evitar passar massa hores assegut<\/strong> (s&#8217;aconsella realitzar&nbsp;petites pauses cada 30\/60 minuts, per a evitar que s&#8217;instal\u00b7li la contractura).<\/li><\/ol>\n\n\n\n<pre class=\"wp-block-preformatted\">Bibliografia:\n&nbsp;\n-&nbsp;I. Mart\u00ednez Bravo, D. Ruiz Maci\u00e1, P A. Mart\u00ednez Victorio, J. Alonso Ruiz, M. Clavel S\u00e1inz<sup>,.<\/sup> <strong>Diagnosis and treatment of pyriform syndrome<\/strong>.Rev. S. And. Traum. y Ort., 2007;24-25:18-23\n&nbsp;\n-&nbsp;Hopayian K,&nbsp;Danielyan A. Four symptoms define the piriformis syndrome: an updated systematic review of its clinical features.Eur J Orthop Surg Traumatol.&nbsp;2018 Feb;28(2):155-164. doi: 10.1007\/s00590-017-2031-8. Epub 2017 Aug 23.<\/pre>\n\n\n\n<h5>Tens la s\u00edndrome del piramidal? Podem ajudar-te, consulta els nostres serveis de <a href=\"https:\/\/www.fisiogestion.com\/ca\/servicios-en-centros\/fisioterapia\/\">fisioter\u00e0pia<\/a> en la nostra xarxa de <a href=\"https:\/\/www.fisiogestion.com\/ca\/centros\/\">centres <\/a>o emplena aquest formulari i et contactarem.<\/h5>\n\n\n\n\n<div class=\"wpcf7 no-js\" id=\"wpcf7-f5253-o1\" lang=\"es-ES\" dir=\"ltr\">\n<div class=\"screen-reader-response\"><p role=\"status\" aria-live=\"polite\" aria-atomic=\"true\"><\/p> <ul><\/ul><\/div>\n<form action=\"\/ca\/wp-json\/wp\/v2\/posts\/6744#wpcf7-f5253-o1\" method=\"post\" class=\"wpcf7-form init\" aria-label=\"Formulario de contacto\" novalidate=\"novalidate\" data-status=\"init\">\n<div style=\"display: none;\">\n<input type=\"hidden\" name=\"_wpcf7\" value=\"5253\" \/>\n<input type=\"hidden\" name=\"_wpcf7_version\" value=\"5.7.3\" \/>\n<input type=\"hidden\" name=\"_wpcf7_locale\" value=\"es_ES\" \/>\n<input type=\"hidden\" name=\"_wpcf7_unit_tag\" value=\"wpcf7-f5253-o1\" \/>\n<input type=\"hidden\" name=\"_wpcf7_container_post\" value=\"0\" \/>\n<input type=\"hidden\" name=\"_wpcf7_posted_data_hash\" value=\"\" \/>\n<input type=\"hidden\" name=\"_wpcf7_recaptcha_response\" value=\"\" \/>\n<\/div>\n<div class=\"wpcf7-response-output\" aria-hidden=\"true\"><\/div>\n<div class='comment-form'>\n\t<div class=\"comment-form-inputs\">\n\t\t<p><span class=\"wpcf7-form-control-wrap\" data-name=\"nombre\"><input size=\"40\" class=\"wpcf7-form-control wpcf7-text wpcf7-validates-as-required\" id=\"nombre\" aria-required=\"true\" aria-invalid=\"false\" placeholder=\"Nom (requerit)\" value=\"\" type=\"text\" name=\"nombre\" \/><\/span>\n\t\t<\/p>\n\t\t<p><span class=\"wpcf7-form-control-wrap\" data-name=\"apellidos\"><input size=\"40\" class=\"wpcf7-form-control wpcf7-text wpcf7-validates-as-required\" id=\"apellidos\" aria-required=\"true\" aria-invalid=\"false\" placeholder=\"Cognoms (requerit)\" value=\"\" type=\"text\" name=\"apellidos\" \/><\/span>\n\t\t<\/p>\n\t\t<p><span class=\"wpcf7-form-control-wrap\" data-name=\"email\"><input size=\"40\" class=\"wpcf7-form-control wpcf7-text wpcf7-email wpcf7-validates-as-required wpcf7-validates-as-email\" id=\"email\" aria-required=\"true\" aria-invalid=\"false\" placeholder=\"Email (requerit)\" value=\"\" type=\"email\" name=\"email\" \/><\/span>\n\t\t<\/p>\n\t\t<p><span class=\"wpcf7-form-control-wrap\" data-name=\"telefono\"><input size=\"40\" class=\"wpcf7-form-control wpcf7-text wpcf7-tel wpcf7-validates-as-required wpcf7-validates-as-tel\" id=\"telefono\" aria-required=\"true\" aria-invalid=\"false\" placeholder=\"Tel\u00e8fon (requerit)\" value=\"\" type=\"tel\" name=\"telefono\" \/><\/span>\n\t\t<\/p>\n\t<\/div>\n\t<p><span class=\"wpcf7-form-control-wrap\" data-name=\"mensaje\"><textarea cols=\"39\" rows=\"10\" class=\"wpcf7-form-control wpcf7-textarea wpcf7-validates-as-required\" id=\"mensaje\" aria-required=\"true\" aria-invalid=\"false\" placeholder=\"Missatge (requerit)\" name=\"mensaje\"><\/textarea><\/span>\n\t<\/p>\n\t<p class=\"form-submit\"><input class=\"wpcf7-form-control has-spinner wpcf7-submit\" type=\"submit\" value=\"Enviar\" \/>\n\t<\/p>\n<\/div>\n<p style=\"text-align:justify; color:#383838;\"><br \/>\n<em>L\u2019informem que les dades recollides al present formulari, seran tractades per Corporaci\u00f3 d'Administraci\u00f3 Sanit\u00e0ria A.I.E., per poder atendre i donar resposta a la seva sol\u00b7licitud d\u2018informaci\u00f3. Si necessita m\u00e9s informaci\u00f3 o vol exercir els seus drets sobre aquestes dades consulti la nostra <a href=\"https:\/\/www.fisiogestion.com\/ca\/politica-privacidad\/\">Pol\u00edtica de Privacitat<\/a>.<\/em>\n<\/p>\n<\/form>\n<\/div>\n\n\n\n\n<figure class=\"wp-block-image\"><a href=\"https:\/\/www.fisiogestion.com\/ca\/noticias\/corporacion-fisiogestion-la-primera-red-de-centros-de-rehabilitacion-fisica-certificada-por-aenor-frente-al-covid-19\/\"><img decoding=\"async\" src=\"https:\/\/www.activasalut.com\/wp-content\/uploads\/2020\/09\/Banner-COVI19-Blog_CAT-01.png\" alt=\"La imagen tiene un atributo ALT vac\u00edo; su nombre de archivo es Banner-COVI19-Blog_CAT-01.png\"\/><\/a><\/figure>\n","protected":false},"excerpt":{"rendered":"<p>Si alguna vegada has notat dolor intens i entumiment a la zona posterior de la cama i regi\u00f3 gl\u00fatia, que empitjora en asseure&#8217;s o<a class=\"moretag\" href=\"https:\/\/www.activasalut.com\/ca\/que-es-la-sindrome-del-piramidal-o-falsa-ciatica-2\/\">Llegeix m\u00e9s&#8230;<\/a><\/p>\n","protected":false},"author":104,"featured_media":6733,"comment_status":"open","ping_status":"closed","sticky":false,"template":"","format":"standard","meta":[],"categories":[558,552,610],"tags":[2865],"yoast_head":"<!-- This site is optimized with the Yoast SEO plugin v20.0 - https:\/\/yoast.com\/wordpress\/plugins\/seo\/ -->\n<title>Qu\u00e8 \u00e9s la s\u00edndrome del piramidal o falsa ci\u00e0tica?<\/title>\n<meta name=\"description\" content=\"En aquest post t&#039;expliquem el que \u00e9s la s\u00edndrome del piramidal o falsa ci\u00e0tica. Tamb\u00e9 et recomanem alguns exercicis.\" \/>\n<meta name=\"robots\" content=\"index, follow, max-snippet:-1, max-image-preview:large, max-video-preview:-1\" \/>\n<link rel=\"canonical\" href=\"https:\/\/www.activasalut.com\/ca\/que-es-la-sindrome-del-piramidal-o-falsa-ciatica-2\/\" \/>\n<meta property=\"og:locale\" content=\"ca_ES\" \/>\n<meta property=\"og:type\" content=\"article\" \/>\n<meta property=\"og:title\" content=\"Qu\u00e8 \u00e9s la s\u00edndrome del piramidal o falsa ci\u00e0tica?\" \/>\n<meta property=\"og:description\" content=\"En aquest post t&#039;expliquem el que \u00e9s la s\u00edndrome del piramidal o falsa ci\u00e0tica. Tamb\u00e9 et recomanem alguns exercicis.\" \/>\n<meta property=\"og:url\" content=\"https:\/\/www.activasalut.com\/ca\/que-es-la-sindrome-del-piramidal-o-falsa-ciatica-2\/\" \/>\n<meta property=\"og:site_name\" content=\"Corporaci\u00f3 Fisiogesti\u00f3\" \/>\n<meta property=\"article:published_time\" content=\"2020-11-11T09:02:45+00:00\" \/>\n<meta property=\"article:modified_time\" content=\"2021-01-19T10:27:13+00:00\" \/>\n<meta property=\"og:image\" content=\"https:\/\/www.activasalut.com\/wp-content\/uploads\/2020\/11\/Foto-destacada-sindrome-piramidal.jpg\" \/>\n\t<meta property=\"og:image:width\" content=\"1000\" \/>\n\t<meta property=\"og:image:height\" content=\"667\" \/>\n\t<meta property=\"og:image:type\" content=\"image\/jpeg\" \/>\n<meta name=\"author\" content=\"Enric N\u00fa\u00f1ez\" \/>\n<meta name=\"twitter:label1\" content=\"Escrit per\" \/>\n\t<meta name=\"twitter:data1\" content=\"Enric N\u00fa\u00f1ez\" \/>\n\t<meta name=\"twitter:label2\" content=\"Temps estimat de lectura\" \/>\n\t<meta name=\"twitter:data2\" content=\"3 minuts\" \/>\n<script type=\"application\/ld+json\" class=\"yoast-schema-graph\">{\"@context\":\"https:\/\/schema.org\",\"@graph\":[{\"@type\":\"WebPage\",\"@id\":\"https:\/\/www.activasalut.com\/ca\/que-es-la-sindrome-del-piramidal-o-falsa-ciatica-2\/\",\"url\":\"https:\/\/www.activasalut.com\/ca\/que-es-la-sindrome-del-piramidal-o-falsa-ciatica-2\/\",\"name\":\"Qu\u00e8 \u00e9s la s\u00edndrome del piramidal o falsa ci\u00e0tica?\",\"isPartOf\":{\"@id\":\"https:\/\/www.activasalut.com\/ca\/#website\"},\"datePublished\":\"2020-11-11T09:02:45+00:00\",\"dateModified\":\"2021-01-19T10:27:13+00:00\",\"author\":{\"@id\":\"https:\/\/www.activasalut.com\/ca\/#\/schema\/person\/66be48073761c5c1fd14b4b74b0f17c2\"},\"description\":\"En aquest post t'expliquem el que \u00e9s la s\u00edndrome del piramidal o falsa ci\u00e0tica. Tamb\u00e9 et recomanem alguns exercicis.\",\"breadcrumb\":{\"@id\":\"https:\/\/www.activasalut.com\/ca\/que-es-la-sindrome-del-piramidal-o-falsa-ciatica-2\/#breadcrumb\"},\"inLanguage\":\"ca\",\"potentialAction\":[{\"@type\":\"ReadAction\",\"target\":[\"https:\/\/www.activasalut.com\/ca\/que-es-la-sindrome-del-piramidal-o-falsa-ciatica-2\/\"]}]},{\"@type\":\"BreadcrumbList\",\"@id\":\"https:\/\/www.activasalut.com\/ca\/que-es-la-sindrome-del-piramidal-o-falsa-ciatica-2\/#breadcrumb\",\"itemListElement\":[{\"@type\":\"ListItem\",\"position\":1,\"name\":\"Portada\",\"item\":\"https:\/\/www.activasalut.com\/ca\/\"},{\"@type\":\"ListItem\",\"position\":2,\"name\":\"Qu\u00e8 \u00e9s la s\u00edndrome del piramidal o falsa ci\u00e0tica?\"}]},{\"@type\":\"WebSite\",\"@id\":\"https:\/\/www.activasalut.com\/ca\/#website\",\"url\":\"https:\/\/www.activasalut.com\/ca\/\",\"name\":\"Corporaci\u00f3n fisiogesti\u00f3n\",\"description\":\"Activa la teva salut\",\"potentialAction\":[{\"@type\":\"SearchAction\",\"target\":{\"@type\":\"EntryPoint\",\"urlTemplate\":\"https:\/\/www.activasalut.com\/ca\/?s={search_term_string}\"},\"query-input\":\"required name=search_term_string\"}],\"inLanguage\":\"ca\"},{\"@type\":\"Person\",\"@id\":\"https:\/\/www.activasalut.com\/ca\/#\/schema\/person\/66be48073761c5c1fd14b4b74b0f17c2\",\"name\":\"Enric N\u00fa\u00f1ez\",\"image\":{\"@type\":\"ImageObject\",\"inLanguage\":\"ca\",\"@id\":\"https:\/\/www.activasalut.com\/ca\/#\/schema\/person\/image\/\",\"url\":\"https:\/\/secure.gravatar.com\/avatar\/5fc2785759cde012140d5687fc14e785?s=96&d=mm&r=g\",\"contentUrl\":\"https:\/\/secure.gravatar.com\/avatar\/5fc2785759cde012140d5687fc14e785?s=96&d=mm&r=g\",\"caption\":\"Enric N\u00fa\u00f1ez\"},\"description\":\"Fisioterapeuta en Corporaci\u00f3n Fisiogesti\u00f3n\",\"url\":\"https:\/\/www.activasalut.com\/ca\/author\/enric-nunez\/\"}]}<\/script>\n<!-- \/ Yoast SEO plugin. -->","yoast_head_json":{"title":"Qu\u00e8 \u00e9s la s\u00edndrome del piramidal o falsa ci\u00e0tica?","description":"En aquest post t'expliquem el que \u00e9s la s\u00edndrome del piramidal o falsa ci\u00e0tica. Tamb\u00e9 et recomanem alguns exercicis.","robots":{"index":"index","follow":"follow","max-snippet":"max-snippet:-1","max-image-preview":"max-image-preview:large","max-video-preview":"max-video-preview:-1"},"canonical":"https:\/\/www.activasalut.com\/ca\/que-es-la-sindrome-del-piramidal-o-falsa-ciatica-2\/","og_locale":"ca_ES","og_type":"article","og_title":"Qu\u00e8 \u00e9s la s\u00edndrome del piramidal o falsa ci\u00e0tica?","og_description":"En aquest post t'expliquem el que \u00e9s la s\u00edndrome del piramidal o falsa ci\u00e0tica. Tamb\u00e9 et recomanem alguns exercicis.","og_url":"https:\/\/www.activasalut.com\/ca\/que-es-la-sindrome-del-piramidal-o-falsa-ciatica-2\/","og_site_name":"Corporaci\u00f3 Fisiogesti\u00f3","article_published_time":"2020-11-11T09:02:45+00:00","article_modified_time":"2021-01-19T10:27:13+00:00","og_image":[{"width":1000,"height":667,"url":"https:\/\/www.activasalut.com\/wp-content\/uploads\/2020\/11\/Foto-destacada-sindrome-piramidal.jpg","type":"image\/jpeg"}],"author":"Enric N\u00fa\u00f1ez","twitter_misc":{"Escrit per":"Enric N\u00fa\u00f1ez","Temps estimat de lectura":"3 minuts"},"schema":{"@context":"https:\/\/schema.org","@graph":[{"@type":"WebPage","@id":"https:\/\/www.activasalut.com\/ca\/que-es-la-sindrome-del-piramidal-o-falsa-ciatica-2\/","url":"https:\/\/www.activasalut.com\/ca\/que-es-la-sindrome-del-piramidal-o-falsa-ciatica-2\/","name":"Qu\u00e8 \u00e9s la s\u00edndrome del piramidal o falsa ci\u00e0tica?","isPartOf":{"@id":"https:\/\/www.activasalut.com\/ca\/#website"},"datePublished":"2020-11-11T09:02:45+00:00","dateModified":"2021-01-19T10:27:13+00:00","author":{"@id":"https:\/\/www.activasalut.com\/ca\/#\/schema\/person\/66be48073761c5c1fd14b4b74b0f17c2"},"description":"En aquest post t'expliquem el que \u00e9s la s\u00edndrome del piramidal o falsa ci\u00e0tica. Tamb\u00e9 et recomanem alguns exercicis.","breadcrumb":{"@id":"https:\/\/www.activasalut.com\/ca\/que-es-la-sindrome-del-piramidal-o-falsa-ciatica-2\/#breadcrumb"},"inLanguage":"ca","potentialAction":[{"@type":"ReadAction","target":["https:\/\/www.activasalut.com\/ca\/que-es-la-sindrome-del-piramidal-o-falsa-ciatica-2\/"]}]},{"@type":"BreadcrumbList","@id":"https:\/\/www.activasalut.com\/ca\/que-es-la-sindrome-del-piramidal-o-falsa-ciatica-2\/#breadcrumb","itemListElement":[{"@type":"ListItem","position":1,"name":"Portada","item":"https:\/\/www.activasalut.com\/ca\/"},{"@type":"ListItem","position":2,"name":"Qu\u00e8 \u00e9s la s\u00edndrome del piramidal o falsa ci\u00e0tica?"}]},{"@type":"WebSite","@id":"https:\/\/www.activasalut.com\/ca\/#website","url":"https:\/\/www.activasalut.com\/ca\/","name":"Corporaci\u00f3n fisiogesti\u00f3n","description":"Activa la teva salut","potentialAction":[{"@type":"SearchAction","target":{"@type":"EntryPoint","urlTemplate":"https:\/\/www.activasalut.com\/ca\/?s={search_term_string}"},"query-input":"required name=search_term_string"}],"inLanguage":"ca"},{"@type":"Person","@id":"https:\/\/www.activasalut.com\/ca\/#\/schema\/person\/66be48073761c5c1fd14b4b74b0f17c2","name":"Enric N\u00fa\u00f1ez","image":{"@type":"ImageObject","inLanguage":"ca","@id":"https:\/\/www.activasalut.com\/ca\/#\/schema\/person\/image\/","url":"https:\/\/secure.gravatar.com\/avatar\/5fc2785759cde012140d5687fc14e785?s=96&d=mm&r=g","contentUrl":"https:\/\/secure.gravatar.com\/avatar\/5fc2785759cde012140d5687fc14e785?s=96&d=mm&r=g","caption":"Enric N\u00fa\u00f1ez"},"description":"Fisioterapeuta en Corporaci\u00f3n Fisiogesti\u00f3n","url":"https:\/\/www.activasalut.com\/ca\/author\/enric-nunez\/"}]}},"_links":{"self":[{"href":"https:\/\/www.activasalut.com\/ca\/wp-json\/wp\/v2\/posts\/6744"}],"collection":[{"href":"https:\/\/www.activasalut.com\/ca\/wp-json\/wp\/v2\/posts"}],"about":[{"href":"https:\/\/www.activasalut.com\/ca\/wp-json\/wp\/v2\/types\/post"}],"author":[{"embeddable":true,"href":"https:\/\/www.activasalut.com\/ca\/wp-json\/wp\/v2\/users\/104"}],"replies":[{"embeddable":true,"href":"https:\/\/www.activasalut.com\/ca\/wp-json\/wp\/v2\/comments?post=6744"}],"version-history":[{"count":3,"href":"https:\/\/www.activasalut.com\/ca\/wp-json\/wp\/v2\/posts\/6744\/revisions"}],"predecessor-version":[{"id":6828,"href":"https:\/\/www.activasalut.com\/ca\/wp-json\/wp\/v2\/posts\/6744\/revisions\/6828"}],"wp:featuredmedia":[{"embeddable":true,"href":"https:\/\/www.activasalut.com\/ca\/wp-json\/wp\/v2\/media\/6733"}],"wp:attachment":[{"href":"https:\/\/www.activasalut.com\/ca\/wp-json\/wp\/v2\/media?parent=6744"}],"wp:term":[{"taxonomy":"category","embeddable":true,"href":"https:\/\/www.activasalut.com\/ca\/wp-json\/wp\/v2\/categories?post=6744"},{"taxonomy":"post_tag","embeddable":true,"href":"https:\/\/www.activasalut.com\/ca\/wp-json\/wp\/v2\/tags?post=6744"}],"curies":[{"name":"wp","href":"https:\/\/api.w.org\/{rel}","templated":true}]}}