{"id":675,"date":"2014-07-10T06:51:59","date_gmt":"2014-07-10T05:51:59","guid":{"rendered":"https:\/\/www.activasalut.com\/lesquena-capitol-2-vertebres-i-discos\/"},"modified":"2015-09-02T18:43:12","modified_gmt":"2015-09-02T16:43:12","slug":"lesquena-capitol-2-vertebres-i-discos","status":"publish","type":"post","link":"https:\/\/www.activasalut.com\/ca\/lesquena-capitol-2-vertebres-i-discos\/","title":{"rendered":"L&#8217;esquena. Cap\u00edtol 2: V\u00e8rtebres i discos"},"content":{"rendered":"<p style=\"text-align: justify;\"><span style=\"color: #000000;\">Qu\u00e8 s\u00f3n les v\u00e8rtebres? Quina funci\u00f3 realitzen? Quin \u00e9s el paper del disc? En aquest v\u00eddeo coneixer\u00e0s totes aquestes respostes, i et donar\u00e0 una guia de com prevenir el deteriorament del disc\u2026<\/span><!--more--><\/p>\n<p style=\"text-align: justify;\"><span style=\"color: #000000;\"> <strong>Cuidar-se \u00e9s vital per no tenir futures patologies cr\u00f2niques que puguin truncar el teu benestar f\u00edsic i mental<\/strong>. Cuida la teva esquena.\u00a0<\/span><\/p>\n<p style=\"text-align: justify;\"><iframe loading=\"lazy\" src=\"\/\/player.vimeo.com\/video\/72965462?title=0&amp;byline=0&amp;portrait=0\" width=\"500\" height=\"281\" frameborder=\"0\" allowfullscreen=\"allowfullscreen\"><\/iframe><\/p>\n","protected":false},"excerpt":{"rendered":"<p>Qu\u00e8 s\u00f3n les v\u00e8rtebres? Quina funci\u00f3 realitzen? Quin \u00e9s el paper del disc? En aquest v\u00eddeo coneixer\u00e0s totes aquestes respostes, i et donar\u00e0 una<a class=\"moretag\" href=\"https:\/\/www.activasalut.com\/ca\/lesquena-capitol-2-vertebres-i-discos\/\">Llegeix m\u00e9s&#8230;<\/a><\/p>\n","protected":false},"author":18,"featured_media":1258,"comment_status":"open","ping_status":"open","sticky":false,"template":"","format":"standard","meta":[],"categories":[609,831],"tags":[887,912,879,108],"yoast_head":"<!-- This site is optimized with the Yoast SEO plugin v20.0 - https:\/\/yoast.com\/wordpress\/plugins\/seo\/ -->\n<title>L&#039;esquena. Cap\u00edtol 2: V\u00e8rtebres i discos- Corporaci\u00f3 Fisiogesti\u00f3n<\/title>\n<meta name=\"description\" content=\"\u00bfQu\u00e9 son las v\u00e9rtebras? \u00bfQu\u00e9 funci\u00f3n realizan? \u00bfCu\u00e1l es el papel del disco? Descobreix m\u00e9s sobre la teva esquena.\" \/>\n<meta name=\"robots\" content=\"index, follow, max-snippet:-1, max-image-preview:large, max-video-preview:-1\" \/>\n<link rel=\"canonical\" href=\"https:\/\/www.activasalut.com\/ca\/lesquena-capitol-2-vertebres-i-discos\/\" \/>\n<meta property=\"og:locale\" content=\"ca_ES\" \/>\n<meta property=\"og:type\" content=\"article\" \/>\n<meta property=\"og:title\" content=\"L&#039;esquena. Cap\u00edtol 2: V\u00e8rtebres i discos- Corporaci\u00f3 Fisiogesti\u00f3n\" \/>\n<meta property=\"og:description\" content=\"\u00bfQu\u00e9 son las v\u00e9rtebras? \u00bfQu\u00e9 funci\u00f3n realizan? \u00bfCu\u00e1l es el papel del disco? Descobreix m\u00e9s sobre la teva esquena.\" \/>\n<meta property=\"og:url\" content=\"https:\/\/www.activasalut.com\/ca\/lesquena-capitol-2-vertebres-i-discos\/\" \/>\n<meta property=\"og:site_name\" content=\"Corporaci\u00f3 Fisiogesti\u00f3\" \/>\n<meta property=\"article:published_time\" content=\"2014-07-10T05:51:59+00:00\" \/>\n<meta property=\"article:modified_time\" content=\"2015-09-02T16:43:12+00:00\" \/>\n<meta property=\"og:image\" content=\"https:\/\/www.activasalut.com\/wp-content\/uploads\/2014\/07\/vertebras-y-discos.png\" \/>\n\t<meta property=\"og:image:width\" content=\"225\" \/>\n\t<meta property=\"og:image:height\" content=\"300\" \/>\n\t<meta property=\"og:image:type\" content=\"image\/png\" \/>\n<meta name=\"author\" content=\"Corporaci\u00f3n Fisiogesti\u00f3n\" \/>\n<meta name=\"twitter:label1\" content=\"Escrit per\" \/>\n\t<meta name=\"twitter:data1\" content=\"Corporaci\u00f3n Fisiogesti\u00f3n\" \/>\n<script type=\"application\/ld+json\" class=\"yoast-schema-graph\">{\"@context\":\"https:\/\/schema.org\",\"@graph\":[{\"@type\":\"WebPage\",\"@id\":\"https:\/\/www.activasalut.com\/ca\/lesquena-capitol-2-vertebres-i-discos\/\",\"url\":\"https:\/\/www.activasalut.com\/ca\/lesquena-capitol-2-vertebres-i-discos\/\",\"name\":\"L'esquena. Cap\u00edtol 2: V\u00e8rtebres i discos- Corporaci\u00f3 Fisiogesti\u00f3n\",\"isPartOf\":{\"@id\":\"https:\/\/www.activasalut.com\/ca\/#website\"},\"datePublished\":\"2014-07-10T05:51:59+00:00\",\"dateModified\":\"2015-09-02T16:43:12+00:00\",\"author\":{\"@id\":\"https:\/\/www.activasalut.com\/ca\/#\/schema\/person\/443a7fe6551be14fdf19f1325fe4dec8\"},\"description\":\"\u00bfQu\u00e9 son las v\u00e9rtebras? \u00bfQu\u00e9 funci\u00f3n realizan? \u00bfCu\u00e1l es el papel del disco? Descobreix m\u00e9s sobre la teva esquena.\",\"breadcrumb\":{\"@id\":\"https:\/\/www.activasalut.com\/ca\/lesquena-capitol-2-vertebres-i-discos\/#breadcrumb\"},\"inLanguage\":\"ca\",\"potentialAction\":[{\"@type\":\"ReadAction\",\"target\":[\"https:\/\/www.activasalut.com\/ca\/lesquena-capitol-2-vertebres-i-discos\/\"]}]},{\"@type\":\"BreadcrumbList\",\"@id\":\"https:\/\/www.activasalut.com\/ca\/lesquena-capitol-2-vertebres-i-discos\/#breadcrumb\",\"itemListElement\":[{\"@type\":\"ListItem\",\"position\":1,\"name\":\"Portada\",\"item\":\"https:\/\/www.activasalut.com\/ca\/\"},{\"@type\":\"ListItem\",\"position\":2,\"name\":\"L&#8217;esquena. Cap\u00edtol 2: V\u00e8rtebres i discos\"}]},{\"@type\":\"WebSite\",\"@id\":\"https:\/\/www.activasalut.com\/ca\/#website\",\"url\":\"https:\/\/www.activasalut.com\/ca\/\",\"name\":\"Corporaci\u00f3n fisiogesti\u00f3n\",\"description\":\"Activa la teva salut\",\"potentialAction\":[{\"@type\":\"SearchAction\",\"target\":{\"@type\":\"EntryPoint\",\"urlTemplate\":\"https:\/\/www.activasalut.com\/ca\/?s={search_term_string}\"},\"query-input\":\"required name=search_term_string\"}],\"inLanguage\":\"ca\"},{\"@type\":\"Person\",\"@id\":\"https:\/\/www.activasalut.com\/ca\/#\/schema\/person\/443a7fe6551be14fdf19f1325fe4dec8\",\"name\":\"Corporaci\u00f3n Fisiogesti\u00f3n\",\"image\":{\"@type\":\"ImageObject\",\"inLanguage\":\"ca\",\"@id\":\"https:\/\/www.activasalut.com\/ca\/#\/schema\/person\/image\/\",\"url\":\"https:\/\/secure.gravatar.com\/avatar\/baf13b6213ba0ce3c40e9be94159bcd7?s=96&d=mm&r=g\",\"contentUrl\":\"https:\/\/secure.gravatar.com\/avatar\/baf13b6213ba0ce3c40e9be94159bcd7?s=96&d=mm&r=g\",\"caption\":\"Corporaci\u00f3n Fisiogesti\u00f3n\"},\"url\":\"https:\/\/www.activasalut.com\/ca\/author\/corporacion-fisiogestion\/\"}]}<\/script>\n<!-- \/ Yoast SEO plugin. -->","yoast_head_json":{"title":"L'esquena. Cap\u00edtol 2: V\u00e8rtebres i discos- Corporaci\u00f3 Fisiogesti\u00f3n","description":"\u00bfQu\u00e9 son las v\u00e9rtebras? \u00bfQu\u00e9 funci\u00f3n realizan? \u00bfCu\u00e1l es el papel del disco? Descobreix m\u00e9s sobre la teva esquena.","robots":{"index":"index","follow":"follow","max-snippet":"max-snippet:-1","max-image-preview":"max-image-preview:large","max-video-preview":"max-video-preview:-1"},"canonical":"https:\/\/www.activasalut.com\/ca\/lesquena-capitol-2-vertebres-i-discos\/","og_locale":"ca_ES","og_type":"article","og_title":"L'esquena. Cap\u00edtol 2: V\u00e8rtebres i discos- Corporaci\u00f3 Fisiogesti\u00f3n","og_description":"\u00bfQu\u00e9 son las v\u00e9rtebras? \u00bfQu\u00e9 funci\u00f3n realizan? \u00bfCu\u00e1l es el papel del disco? Descobreix m\u00e9s sobre la teva esquena.","og_url":"https:\/\/www.activasalut.com\/ca\/lesquena-capitol-2-vertebres-i-discos\/","og_site_name":"Corporaci\u00f3 Fisiogesti\u00f3","article_published_time":"2014-07-10T05:51:59+00:00","article_modified_time":"2015-09-02T16:43:12+00:00","og_image":[{"width":225,"height":300,"url":"https:\/\/www.activasalut.com\/wp-content\/uploads\/2014\/07\/vertebras-y-discos.png","type":"image\/png"}],"author":"Corporaci\u00f3n Fisiogesti\u00f3n","twitter_misc":{"Escrit per":"Corporaci\u00f3n Fisiogesti\u00f3n"},"schema":{"@context":"https:\/\/schema.org","@graph":[{"@type":"WebPage","@id":"https:\/\/www.activasalut.com\/ca\/lesquena-capitol-2-vertebres-i-discos\/","url":"https:\/\/www.activasalut.com\/ca\/lesquena-capitol-2-vertebres-i-discos\/","name":"L'esquena. Cap\u00edtol 2: V\u00e8rtebres i discos- Corporaci\u00f3 Fisiogesti\u00f3n","isPartOf":{"@id":"https:\/\/www.activasalut.com\/ca\/#website"},"datePublished":"2014-07-10T05:51:59+00:00","dateModified":"2015-09-02T16:43:12+00:00","author":{"@id":"https:\/\/www.activasalut.com\/ca\/#\/schema\/person\/443a7fe6551be14fdf19f1325fe4dec8"},"description":"\u00bfQu\u00e9 son las v\u00e9rtebras? \u00bfQu\u00e9 funci\u00f3n realizan? \u00bfCu\u00e1l es el papel del disco? Descobreix m\u00e9s sobre la teva esquena.","breadcrumb":{"@id":"https:\/\/www.activasalut.com\/ca\/lesquena-capitol-2-vertebres-i-discos\/#breadcrumb"},"inLanguage":"ca","potentialAction":[{"@type":"ReadAction","target":["https:\/\/www.activasalut.com\/ca\/lesquena-capitol-2-vertebres-i-discos\/"]}]},{"@type":"BreadcrumbList","@id":"https:\/\/www.activasalut.com\/ca\/lesquena-capitol-2-vertebres-i-discos\/#breadcrumb","itemListElement":[{"@type":"ListItem","position":1,"name":"Portada","item":"https:\/\/www.activasalut.com\/ca\/"},{"@type":"ListItem","position":2,"name":"L&#8217;esquena. Cap\u00edtol 2: V\u00e8rtebres i discos"}]},{"@type":"WebSite","@id":"https:\/\/www.activasalut.com\/ca\/#website","url":"https:\/\/www.activasalut.com\/ca\/","name":"Corporaci\u00f3n fisiogesti\u00f3n","description":"Activa la teva salut","potentialAction":[{"@type":"SearchAction","target":{"@type":"EntryPoint","urlTemplate":"https:\/\/www.activasalut.com\/ca\/?s={search_term_string}"},"query-input":"required name=search_term_string"}],"inLanguage":"ca"},{"@type":"Person","@id":"https:\/\/www.activasalut.com\/ca\/#\/schema\/person\/443a7fe6551be14fdf19f1325fe4dec8","name":"Corporaci\u00f3n Fisiogesti\u00f3n","image":{"@type":"ImageObject","inLanguage":"ca","@id":"https:\/\/www.activasalut.com\/ca\/#\/schema\/person\/image\/","url":"https:\/\/secure.gravatar.com\/avatar\/baf13b6213ba0ce3c40e9be94159bcd7?s=96&d=mm&r=g","contentUrl":"https:\/\/secure.gravatar.com\/avatar\/baf13b6213ba0ce3c40e9be94159bcd7?s=96&d=mm&r=g","caption":"Corporaci\u00f3n Fisiogesti\u00f3n"},"url":"https:\/\/www.activasalut.com\/ca\/author\/corporacion-fisiogestion\/"}]}},"_links":{"self":[{"href":"https:\/\/www.activasalut.com\/ca\/wp-json\/wp\/v2\/posts\/675"}],"collection":[{"href":"https:\/\/www.activasalut.com\/ca\/wp-json\/wp\/v2\/posts"}],"about":[{"href":"https:\/\/www.activasalut.com\/ca\/wp-json\/wp\/v2\/types\/post"}],"author":[{"embeddable":true,"href":"https:\/\/www.activasalut.com\/ca\/wp-json\/wp\/v2\/users\/18"}],"replies":[{"embeddable":true,"href":"https:\/\/www.activasalut.com\/ca\/wp-json\/wp\/v2\/comments?post=675"}],"version-history":[{"count":3,"href":"https:\/\/www.activasalut.com\/ca\/wp-json\/wp\/v2\/posts\/675\/revisions"}],"predecessor-version":[{"id":1626,"href":"https:\/\/www.activasalut.com\/ca\/wp-json\/wp\/v2\/posts\/675\/revisions\/1626"}],"wp:featuredmedia":[{"embeddable":true,"href":"https:\/\/www.activasalut.com\/ca\/wp-json\/wp\/v2\/media\/1258"}],"wp:attachment":[{"href":"https:\/\/www.activasalut.com\/ca\/wp-json\/wp\/v2\/media?parent=675"}],"wp:term":[{"taxonomy":"category","embeddable":true,"href":"https:\/\/www.activasalut.com\/ca\/wp-json\/wp\/v2\/categories?post=675"},{"taxonomy":"post_tag","embeddable":true,"href":"https:\/\/www.activasalut.com\/ca\/wp-json\/wp\/v2\/tags?post=675"}],"curies":[{"name":"wp","href":"https:\/\/api.w.org\/{rel}","templated":true}]}}