{"id":6784,"date":"2020-11-18T10:57:08","date_gmt":"2020-11-18T09:57:08","guid":{"rendered":"https:\/\/www.activasalut.com\/?p=6784"},"modified":"2020-11-18T11:13:00","modified_gmt":"2020-11-18T10:13:00","slug":"artrosi-simptomes-i-tractament","status":"publish","type":"post","link":"https:\/\/www.activasalut.com\/ca\/artrosi-simptomes-i-tractament\/","title":{"rendered":"Artrosi: S\u00edmptomes i tractament"},"content":{"rendered":"\n<p>L&#8217;<strong>artrosi<\/strong> \u00e9s una de les patologies m\u00e9s comunes en la nostra societat actual. En aquest post t&#8217;explico quins s\u00f3n els s\u00edmptomes i el <strong>tractament m\u00e9s innovador per a reduir el dolor.<\/strong><\/p>\n\n\n\n<!--more-->\n\n\n\n<h2><strong>Qu\u00e8 \u00e9s<\/strong> l&#8217;artrosi<strong>?<\/strong><\/h2>\n\n\n\n<p>L&#8217;<strong>artrosi<\/strong> \u00e9s una de les patologies m\u00e9s comunes a la nostra societat actual.<\/p>\n\n\n\n<p>Es tracta de la <strong>degeneraci\u00f3 de les estructures<\/strong> que conformen les nostres articulacions a causa d&#8217;un <strong>desgast del cart\u00edlag articular<\/strong>, que recobreix els extrems dels ossos. A mesura que es va desgastant el cart\u00edlag tamb\u00e9 es veu afectat l&#8217;os i la resta de teixits, la seva evoluci\u00f3 acostuma a ser lenta.<\/p>\n\n\n\n<h2><strong>Per qu\u00e8 tinc artrosi?<\/strong><\/h2>\n\n\n\n<p>Totes les estructures del nostre cos, amb els anys envelleixen, perden elasticitat i for\u00e7a. El cart\u00edlag de les nostres articulacions, \u00e9s una d&#8217;aquestes estructures que es veuen afectades.<\/p>\n\n\n\n<div class=\"wp-block-image is-style-rounded\"><figure class=\"aligncenter size-large is-resized\"><img decoding=\"async\" loading=\"lazy\" src=\"https:\/\/www.activasalut.com\/wp-content\/uploads\/2020\/11\/Cartilago.jpg\" alt=\"Artrosi: S\u00edmptomes i tractament\" class=\"wp-image-6759\" width=\"160\" height=\"160\" srcset=\"https:\/\/www.activasalut.com\/wp-content\/uploads\/2020\/11\/Cartilago.jpg 200w, https:\/\/www.activasalut.com\/wp-content\/uploads\/2020\/11\/Cartilago-150x150.jpg 150w\" sizes=\"(max-width: 160px) 100vw, 160px\" \/><\/figure><\/div>\n\n\n\n<p>Sovint el desgast produ\u00eft en el cart\u00edlag no genera simptomatologia a l&#8217;articulaci\u00f3 malgrat estar afecta. No obstant aix\u00f2, quan el <strong>desgast del cart\u00edlag<\/strong> produeix un mal funcionament de l&#8217;articulaci\u00f3 i apareix dolor i dificultat en el moviment diem que ha aparegut la malaltia.<\/p>\n\n\n\n<h2><strong>A qui afecta l&#8217;artrosi?<\/strong><\/h2>\n\n\n\n<p>Sobretot, afecta les persones majors de 60 anys, encara que tamb\u00e9 pot afectar gent jove, encara que acostuma a ser secund\u00e0ria a trastorns mec\u00e0nics de l&#8217;articulaci\u00f3 a conseq\u00fc\u00e8ncia de traumatismes, operacions, trastorns cong\u00e8nits, obesitat, etc.<\/p>\n\n\n\n<p>L&#8217;<strong>artrosi<\/strong> no representa un perill per a la vida, encara que s\u00ed que pot modificar la qualitat d&#8217;aquesta.<\/p>\n\n\n\n<h2><strong>Qu\u00e8 causa l\u2019artrosi?<\/strong><\/h2>\n\n\n\n<p>En <strong>l&#8217;artrosi prim\u00e0ria<\/strong>, que es dona amb m\u00e9s freq\u00fc\u00e8ncia en dones d&#8217;edat menop\u00e0usica la causa \u00e9s desconeguda.<\/p>\n\n\n\n<p>En <strong>l&#8217;artrosi secund\u00e0ria<\/strong> existeixen causes conegudes que la desencadenen com un traumatisme agut o de repetici\u00f3, causes heredit\u00e0ries, artritis reumatoide, causes endocrines i per dip\u00f2sit de microcristalls, entre altres.<\/p>\n\n\n\n<h2><strong>Quins s\u00f3n els s\u00edmptomes de l&#8217;artrosi?<\/strong><\/h2>\n\n\n\n<p>La seva cl\u00ednica varia en funci\u00f3 de la fase evolutiva en qu\u00e8 es trobi la patologia.<\/p>\n\n\n\n<ul><li>Dolor&nbsp;&nbsp;&nbsp;&nbsp;&nbsp;&nbsp;&nbsp;&nbsp;&nbsp;&nbsp;&nbsp;&nbsp;&nbsp;&nbsp;&nbsp;&nbsp;&nbsp;&nbsp;&nbsp;&nbsp;&nbsp;&nbsp;&nbsp;&nbsp;&nbsp;&nbsp;&nbsp;&nbsp;&nbsp;&nbsp;&nbsp;&nbsp;&nbsp;&nbsp;&nbsp;&nbsp;&nbsp;&nbsp;&nbsp;&nbsp;&nbsp;&nbsp;&nbsp;&nbsp;&nbsp;&nbsp;&nbsp;&nbsp;&nbsp;&nbsp;&nbsp;&nbsp;&nbsp;&nbsp;&nbsp;&nbsp;&nbsp;&nbsp;&nbsp;&nbsp;&nbsp;&nbsp;&nbsp;&nbsp;&nbsp;&nbsp;&nbsp;&nbsp;&nbsp;&nbsp;&nbsp;&nbsp;&nbsp;<\/li><li>Crepitacions \u00f2ssies<\/li><li>Limitaci\u00f3 funcional<\/li><li>Deformitats<\/li><li>Disminuci\u00f3 de la mobilitat articular.<\/li><li>Dificultades en tasques de la vida di\u00e0ria.<\/li><li>Oste\u00f2fits<\/li><li>Cruixits<\/li><li>Rigidesa articular<\/li><li>Deformitat de l\u2019articulaci\u00f3<\/li><li>Contractures musculars<\/li><li>Inflamaci\u00f3 i vessament articular<\/li><li>Atrofia muscular<\/li><li>Inestabilitat articular<\/li><\/ul>\n\n\n\n<h2><strong>Com ha evolucionat en el temps<\/strong> l&#8217;artrosi?<\/h2>\n\n\n\n<p>S&#8217;han trobat evid\u00e8ncies cient\u00edfiques que assenyalen l&#8217;exist\u00e8ncia en el passat remot d&#8217;aquesta patologia. \u00c9s gr\u00e0cies a l&#8217;arqueologia i al fet que l&#8217;os es preserva o fossilitza durant segles que som conscients de l&#8217;evoluci\u00f3 d&#8217;aquesta patologia a trav\u00e9s del temps.<\/p>\n\n\n\n<p><br>S&#8217;ha descobert artrosi en esquelets d&#8217;animals que van existir en \u00e8poques molt anteriors a l&#8217;aparici\u00f3 de l&#8217;home sobre la Terra, \u00e9s per aquest motiu, que alguns la denominen com la malaltia m\u00e9s antiga del m\u00f3n.<br><\/p>\n\n\n\n<p>Els estudis paleontol\u00f2gics sobre ossos antics amb artrosis ens han revelat que la patologia no ha canviat molt en 100 milions d&#8217;anys.<\/p>\n\n\n\n<p><br>Actualment, l&#8217;artrosi s&#8217;ha convertit en la patologia m\u00e9s freq\u00fcent a la nostra societat a causa de l&#8217;augment de l&#8217;esperan\u00e7a de vida.<strong><br><\/strong><\/p>\n\n\n\n<h2><strong>Alguns consells per a l&#8217;artrosi<\/strong><\/h2>\n\n\n\n<ol><li>Realitza una dieta saludable. L&#8217;exc\u00e9s de pes empitjora la simptomatologia.<\/li><\/ol>\n\n\n\n<div class=\"wp-block-image\"><figure class=\"aligncenter size-large is-resized\"><img decoding=\"async\" loading=\"lazy\" src=\"https:\/\/www.activasalut.com\/wp-content\/uploads\/2020\/11\/obesidad-1.jpg\" alt=\"Artrosis: S\u00edntomas y tratamiento\" class=\"wp-image-6755\" width=\"298\" height=\"198\" srcset=\"https:\/\/www.activasalut.com\/wp-content\/uploads\/2020\/11\/obesidad-1.jpg 1000w, https:\/\/www.activasalut.com\/wp-content\/uploads\/2020\/11\/obesidad-1-300x200.jpg 300w, https:\/\/www.activasalut.com\/wp-content\/uploads\/2020\/11\/obesidad-1-768x512.jpg 768w, https:\/\/www.activasalut.com\/wp-content\/uploads\/2020\/11\/obesidad-1-604x402.jpg 604w\" sizes=\"(max-width: 298px) 100vw, 298px\" \/><\/figure><\/div>\n\n\n\n<ol start=\"2\"><li>Evita carregar les teves articulacions amb molt de pes.<\/li><\/ol>\n\n\n\n<div class=\"wp-block-image\"><figure class=\"aligncenter size-large is-resized\"><img decoding=\"async\" loading=\"lazy\" src=\"https:\/\/www.activasalut.com\/wp-content\/uploads\/2020\/11\/cargar-peso-2.jpg\" alt=\"Artrosis: S\u00edntomas y tratamiento\" class=\"wp-image-6757\" width=\"301\" height=\"200\" srcset=\"https:\/\/www.activasalut.com\/wp-content\/uploads\/2020\/11\/cargar-peso-2.jpg 1000w, https:\/\/www.activasalut.com\/wp-content\/uploads\/2020\/11\/cargar-peso-2-300x200.jpg 300w, https:\/\/www.activasalut.com\/wp-content\/uploads\/2020\/11\/cargar-peso-2-768x512.jpg 768w, https:\/\/www.activasalut.com\/wp-content\/uploads\/2020\/11\/cargar-peso-2-604x402.jpg 604w\" sizes=\"(max-width: 301px) 100vw, 301px\" \/><\/figure><\/div>\n\n\n\n<ol start=\"3\"><li>Fes activitats esportives suaus com nedar o caminar. <\/li><\/ol>\n\n\n\n<div class=\"wp-block-image\"><figure class=\"aligncenter size-large is-resized\"><img decoding=\"async\" loading=\"lazy\" src=\"https:\/\/www.activasalut.com\/wp-content\/uploads\/2020\/11\/paseo-4.jpg\" alt=\"Artrosis: S\u00edntomas y tratamiento\" class=\"wp-image-6761\" width=\"312\" height=\"207\" srcset=\"https:\/\/www.activasalut.com\/wp-content\/uploads\/2020\/11\/paseo-4.jpg 1000w, https:\/\/www.activasalut.com\/wp-content\/uploads\/2020\/11\/paseo-4-300x200.jpg 300w, https:\/\/www.activasalut.com\/wp-content\/uploads\/2020\/11\/paseo-4-768x512.jpg 768w, https:\/\/www.activasalut.com\/wp-content\/uploads\/2020\/11\/paseo-4-604x402.jpg 604w\" sizes=\"(max-width: 312px) 100vw, 312px\" \/><\/figure><\/div>\n\n\n\n<p>I recorda que, per a tractar bona part dels s\u00edmptomes, existeixen moltes <strong>t\u00e8cniques de <a href=\"https:\/\/www.fisiogestion.com\/ca\/servicios-en-centros\/fisioterapia\/\">fisioter\u00e0pia<\/a><\/strong> que ben seleccionades i utilitzades, ens poden <strong>ajudar a millorar el dolor i sentir-nos millor<\/strong><\/p>\n\n\n\n<h3>Pateixes de dolor provocat per l&#8217;artrosi?<\/h3>\n\n\n\n<p>Disposem del tractament d&#8217;\u00faltima generaci\u00f3 per a reduir el dolor.<\/p>\n\n\n\n<p><strong>Sense efectes secundaris i amb un 90% d&#8217;efectivitat.<\/strong><\/p>\n\n\n\n<p>Podem ajudar-te a millorar la teva qualitat de vida amb la <strong>resson\u00e0ncia magn\u00e8tica nuclear\u00a0<a href=\"https:\/\/www.activasalut.com\/ca\/ressonancia-magnetica-nuclear-amb-un-90-defectivitat-terapeutica\/\">MBST\u00ae<\/a><\/strong><\/p>\n\n\n\n<div class=\"wp-block-image\"><figure class=\"aligncenter size-large is-resized\"><img decoding=\"async\" loading=\"lazy\" src=\"https:\/\/www.activasalut.com\/wp-content\/uploads\/2020\/07\/MBST-amb-pacient_Blog.jpg\" alt=\"MBTS Resonancia magn\u00e9tica nuclear terap\u00e9utica\" class=\"wp-image-5814\" width=\"316\" height=\"252\"\/><\/figure><\/div>\n\n\n\n<p><strong>En aquest enlla\u00e7 <strong>&#x1f449;<\/strong> <a href=\"https:\/\/www.fisiogestion.com\/ca\/servicios-en-centros\/resonancia-magnetica-nuclear-terapeutica-mbst\/\">MBST\u00ae<\/a> pots consultar tota la informaci\u00f3.<\/strong><\/p>\n\n\n\n<p><strong>A Catalunya l\u2019\u00fanic centre de rehabilitaci\u00f3 que disposa d\u2019aquesta ter\u00e0pia \u00e9s el centre&nbsp;<a href=\"https:\/\/www.fisiogestion.com\/ca\/centros\/roger-de-lluria\/\">Corporaci\u00f3 Fisiogesti\u00f3n de Roger de Ll\u00faria<\/a>.<\/strong><\/p>\n\n\n\n<p>Si vols <strong>programar una cita gratu\u00efta<\/strong> o <strong>sol\u00b7licitar informaci\u00f3<\/strong> per a la resson\u00e0ncia magn\u00e8tica nuclear MBST\u00ae emplena aquest formulari i et contactarem al m\u00e9s aviat possible &#x1f447;<\/p>\n\n\n\n<div class=\"wp-block-contact-form-7-contact-form-selector\">\n<div class=\"wpcf7 no-js\" id=\"wpcf7-f5295-o1\" lang=\"es-ES\" dir=\"ltr\">\n<div class=\"screen-reader-response\"><p role=\"status\" aria-live=\"polite\" aria-atomic=\"true\"><\/p> <ul><\/ul><\/div>\n<form action=\"\/ca\/wp-json\/wp\/v2\/posts\/6784#wpcf7-f5295-o1\" method=\"post\" class=\"wpcf7-form init\" aria-label=\"Formulario de contacto\" novalidate=\"novalidate\" data-status=\"init\">\n<div style=\"display: none;\">\n<input type=\"hidden\" name=\"_wpcf7\" value=\"5295\" \/>\n<input type=\"hidden\" name=\"_wpcf7_version\" value=\"5.7.3\" \/>\n<input type=\"hidden\" name=\"_wpcf7_locale\" value=\"es_ES\" \/>\n<input type=\"hidden\" name=\"_wpcf7_unit_tag\" value=\"wpcf7-f5295-o1\" \/>\n<input type=\"hidden\" name=\"_wpcf7_container_post\" value=\"0\" \/>\n<input type=\"hidden\" name=\"_wpcf7_posted_data_hash\" value=\"\" \/>\n<input type=\"hidden\" name=\"_wpcf7_recaptcha_response\" value=\"\" \/>\n<\/div>\n<div class=\"wpcf7-response-output\" aria-hidden=\"true\"><\/div>\n<div class='comment-form'>\n\t<ul class=\"comment-form-inputs\">\n\t\n\t<span class=\"wpcf7-form-control-wrap\" data-name=\"nombre\"><input size=\"40\" class=\"wpcf7-form-control wpcf7-text wpcf7-validates-as-required\" id=\"nom\" aria-required=\"true\" aria-invalid=\"false\" placeholder=\"Nom (requerit)\" value=\"\" type=\"text\" name=\"nombre\" \/><\/span>\n\t\n \n\t\t<span class=\"wpcf7-form-control-wrap\" data-name=\"cognoms\"><input size=\"40\" class=\"wpcf7-form-control wpcf7-text wpcf7-validates-as-required\" id=\"aombre\" aria-required=\"true\" aria-invalid=\"false\" placeholder=\"Cognoms (requerit)\" value=\"\" type=\"text\" name=\"cognoms\" \/><\/span>\n\t\n\t\n\t\t<span class=\"wpcf7-form-control-wrap\" data-name=\"email\"><input size=\"40\" class=\"wpcf7-form-control wpcf7-text wpcf7-email wpcf7-validates-as-required wpcf7-validates-as-email\" id=\"email\" aria-required=\"true\" aria-invalid=\"false\" placeholder=\"Email (requerit)\" value=\"\" type=\"email\" name=\"email\" \/><\/span>\n\t\n\t\n\t\t[tel* tel\u00e8fon id:telefono placeholder \"Tel\u00e8fon (requerit)\"]\n\t<\/ul>\n\t<p><span class=\"wpcf7-form-control-wrap\" data-name=\"mensaje\"><textarea cols=\"39\" rows=\"10\" class=\"wpcf7-form-control wpcf7-textarea wpcf7-validates-as-required\" id=\"mensaje\" aria-required=\"true\" aria-invalid=\"false\" placeholder=\"Missatge (requerit)\" name=\"mensaje\"><\/textarea><\/span>\n\t<\/p>\n\t<p class=\"form-submit\"><input class=\"wpcf7-form-control has-spinner wpcf7-submit\" type=\"submit\" value=\"Enviar\" \/>\n\t<\/p>\n<\/div>\n<p style=\"text-align:justify; color:#383838;\">\n<\/p>\n<p><em>L\u2019informem que les dades recollides al present formulari, seran tractades per Corporaci\u00f3 d'Administraci\u00f3 Sanit\u00e0ria A.I.E., per poder atendre i donar resposta a la seva sol\u00b7licitud d\u2018informaci\u00f3. Si necessita m\u00e9s informaci\u00f3 o vol exercir els seus drets sobre aquestes dades consulti la nostra <a href=\"https:\/\/www.fisiogestion.com\/ca\/politica-privacidad\/\">Pol\u00edtica de Privacitat<\/a>.<\/em>\n<\/p>\n<\/form>\n<\/div>\n<\/div>\n\n\n\n<pre class=\"wp-block-preformatted\"><strong>Bibliograf\u00eda<\/strong>\n- Miralles I. Miralles R. Biomec\u00e1nica cl\u00ednica de los tejidos y las articulaciones del aparato locomotor. 2\u00aa Edici\u00f3n.\nBarcelona.2005:154-164\n- Batista M.F. Ingl\u00e9s M. Miralles I. Monterde S. Montull S. Salvat I. Fisioter\u00e0pia. Tarragona. Ed Publicacions URV. 2006.\n- Granados J. Conviure amb el dolor. El reumatisme.2\u00aa edici\u00f3n. Barcelona.1996\n- Serra M.R. Diaz J. De sande.M. L. Fisioterapia en traumatolog\u00eda, ortopedia y reumatolog\u00eda. Barcelona. Ed. Springer.1997\n- Monfort J. Mitrovic D. Quintero M. Osteoartrosis. Biolog\u00eda, fisiopatolog\u00eda, cl\u00ednica y tratamiento. Madrid. Ed. M\u00e9dica Panamericana.2010:91-97\n- P\u00e9rez A. Tratamiento natural de las enfermedades reum\u00e1ticas. Madrid. Ed. Vidanatural. 2003<\/pre>\n\n\n\n<figure class=\"wp-block-image\"><a href=\"https:\/\/www.fisiogestion.com\/ca\/noticias\/corporacion-fisiogestion-la-primera-red-de-centros-de-rehabilitacion-fisica-certificada-por-aenor-frente-al-covid-19\/\"><img decoding=\"async\" src=\"https:\/\/www.activasalut.com\/wp-content\/uploads\/2020\/09\/Banner-COVI19-Blog_CAT-01.png\" alt=\"La imagen tiene un atributo ALT vac\u00edo; su nombre de archivo es Banner-COVI19-Blog_CAT-01.png\"\/><\/a><\/figure>\n\n\n\n<p><\/p>\n","protected":false},"excerpt":{"rendered":"<p>L&#8217;artrosi \u00e9s una de les patologies m\u00e9s comunes en la nostra societat actual. En aquest post t&#8217;explico quins s\u00f3n els s\u00edmptomes i el tractament<a class=\"moretag\" href=\"https:\/\/www.activasalut.com\/ca\/artrosi-simptomes-i-tractament\/\">Llegeix m\u00e9s&#8230;<\/a><\/p>\n","protected":false},"author":105,"featured_media":6771,"comment_status":"open","ping_status":"closed","sticky":false,"template":"","format":"standard","meta":[],"categories":[571,572,610,2302],"tags":[1343,1344,1136,1132,3506,3505,1184,2454,3390,3507,3508,3086],"yoast_head":"<!-- This site is optimized with the Yoast SEO plugin v20.0 - https:\/\/yoast.com\/wordpress\/plugins\/seo\/ -->\n<title>Artrosi: S\u00edmptomes i tractament<\/title>\n<meta name=\"description\" content=\"L&#039;artrosi \u00e9s una de les patologies m\u00e9s comunes en la nostra societat actual. En aquest post t&#039;explico quins s\u00f3n els s\u00edmptomes i el tractament m\u00e9s innovador per a reduir el dolor.\" \/>\n<meta name=\"robots\" content=\"index, follow, max-snippet:-1, max-image-preview:large, max-video-preview:-1\" \/>\n<link rel=\"canonical\" href=\"https:\/\/www.activasalut.com\/ca\/artrosi-simptomes-i-tractament\/\" \/>\n<meta property=\"og:locale\" content=\"ca_ES\" \/>\n<meta property=\"og:type\" content=\"article\" \/>\n<meta property=\"og:title\" content=\"Artrosi: S\u00edmptomes i tractament\" \/>\n<meta property=\"og:description\" content=\"L&#039;artrosi \u00e9s una de les patologies m\u00e9s comunes en la nostra societat actual. En aquest post t&#039;explico quins s\u00f3n els s\u00edmptomes i el tractament m\u00e9s innovador per a reduir el dolor.\" \/>\n<meta property=\"og:url\" content=\"https:\/\/www.activasalut.com\/ca\/artrosi-simptomes-i-tractament\/\" \/>\n<meta property=\"og:site_name\" content=\"Corporaci\u00f3 Fisiogesti\u00f3\" \/>\n<meta property=\"article:published_time\" content=\"2020-11-18T09:57:08+00:00\" \/>\n<meta property=\"article:modified_time\" content=\"2020-11-18T10:13:00+00:00\" \/>\n<meta property=\"og:image\" content=\"https:\/\/www.activasalut.com\/wp-content\/uploads\/2020\/11\/Foto-destacada.jpg\" \/>\n\t<meta property=\"og:image:width\" content=\"1000\" \/>\n\t<meta property=\"og:image:height\" content=\"667\" \/>\n\t<meta property=\"og:image:type\" content=\"image\/jpeg\" \/>\n<meta name=\"author\" content=\"Francisco S\u00e1nchez\" \/>\n<meta name=\"twitter:label1\" content=\"Escrit per\" \/>\n\t<meta name=\"twitter:data1\" content=\"Francisco S\u00e1nchez\" \/>\n\t<meta name=\"twitter:label2\" content=\"Temps estimat de lectura\" \/>\n\t<meta name=\"twitter:data2\" content=\"4 minuts\" \/>\n<script type=\"application\/ld+json\" class=\"yoast-schema-graph\">{\"@context\":\"https:\/\/schema.org\",\"@graph\":[{\"@type\":\"WebPage\",\"@id\":\"https:\/\/www.activasalut.com\/ca\/artrosi-simptomes-i-tractament\/\",\"url\":\"https:\/\/www.activasalut.com\/ca\/artrosi-simptomes-i-tractament\/\",\"name\":\"Artrosi: S\u00edmptomes i tractament\",\"isPartOf\":{\"@id\":\"https:\/\/www.activasalut.com\/ca\/#website\"},\"datePublished\":\"2020-11-18T09:57:08+00:00\",\"dateModified\":\"2020-11-18T10:13:00+00:00\",\"author\":{\"@id\":\"https:\/\/www.activasalut.com\/ca\/#\/schema\/person\/6ad0d653fa0b88989b83d7a451d98421\"},\"description\":\"L'artrosi \u00e9s una de les patologies m\u00e9s comunes en la nostra societat actual. En aquest post t'explico quins s\u00f3n els s\u00edmptomes i el tractament m\u00e9s innovador per a reduir el dolor.\",\"breadcrumb\":{\"@id\":\"https:\/\/www.activasalut.com\/ca\/artrosi-simptomes-i-tractament\/#breadcrumb\"},\"inLanguage\":\"ca\",\"potentialAction\":[{\"@type\":\"ReadAction\",\"target\":[\"https:\/\/www.activasalut.com\/ca\/artrosi-simptomes-i-tractament\/\"]}]},{\"@type\":\"BreadcrumbList\",\"@id\":\"https:\/\/www.activasalut.com\/ca\/artrosi-simptomes-i-tractament\/#breadcrumb\",\"itemListElement\":[{\"@type\":\"ListItem\",\"position\":1,\"name\":\"Portada\",\"item\":\"https:\/\/www.activasalut.com\/ca\/\"},{\"@type\":\"ListItem\",\"position\":2,\"name\":\"Artrosi: S\u00edmptomes i tractament\"}]},{\"@type\":\"WebSite\",\"@id\":\"https:\/\/www.activasalut.com\/ca\/#website\",\"url\":\"https:\/\/www.activasalut.com\/ca\/\",\"name\":\"Corporaci\u00f3n fisiogesti\u00f3n\",\"description\":\"Activa la teva salut\",\"potentialAction\":[{\"@type\":\"SearchAction\",\"target\":{\"@type\":\"EntryPoint\",\"urlTemplate\":\"https:\/\/www.activasalut.com\/ca\/?s={search_term_string}\"},\"query-input\":\"required name=search_term_string\"}],\"inLanguage\":\"ca\"},{\"@type\":\"Person\",\"@id\":\"https:\/\/www.activasalut.com\/ca\/#\/schema\/person\/6ad0d653fa0b88989b83d7a451d98421\",\"name\":\"Francisco S\u00e1nchez\",\"image\":{\"@type\":\"ImageObject\",\"inLanguage\":\"ca\",\"@id\":\"https:\/\/www.activasalut.com\/ca\/#\/schema\/person\/image\/\",\"url\":\"https:\/\/secure.gravatar.com\/avatar\/f638b38a36c93ef46bfc6c87bfd1e414?s=96&d=mm&r=g\",\"contentUrl\":\"https:\/\/secure.gravatar.com\/avatar\/f638b38a36c93ef46bfc6c87bfd1e414?s=96&d=mm&r=g\",\"caption\":\"Francisco S\u00e1nchez\"},\"description\":\"Francisco S\u00e1nchez Fisioterapeuta en Corporaci\u00f3n Fisiogesti\u00f3n\",\"url\":\"https:\/\/www.activasalut.com\/ca\/author\/francisco-sanchez-hueso\/\"}]}<\/script>\n<!-- \/ Yoast SEO plugin. -->","yoast_head_json":{"title":"Artrosi: S\u00edmptomes i tractament","description":"L'artrosi \u00e9s una de les patologies m\u00e9s comunes en la nostra societat actual. En aquest post t'explico quins s\u00f3n els s\u00edmptomes i el tractament m\u00e9s innovador per a reduir el dolor.","robots":{"index":"index","follow":"follow","max-snippet":"max-snippet:-1","max-image-preview":"max-image-preview:large","max-video-preview":"max-video-preview:-1"},"canonical":"https:\/\/www.activasalut.com\/ca\/artrosi-simptomes-i-tractament\/","og_locale":"ca_ES","og_type":"article","og_title":"Artrosi: S\u00edmptomes i tractament","og_description":"L'artrosi \u00e9s una de les patologies m\u00e9s comunes en la nostra societat actual. En aquest post t'explico quins s\u00f3n els s\u00edmptomes i el tractament m\u00e9s innovador per a reduir el dolor.","og_url":"https:\/\/www.activasalut.com\/ca\/artrosi-simptomes-i-tractament\/","og_site_name":"Corporaci\u00f3 Fisiogesti\u00f3","article_published_time":"2020-11-18T09:57:08+00:00","article_modified_time":"2020-11-18T10:13:00+00:00","og_image":[{"width":1000,"height":667,"url":"https:\/\/www.activasalut.com\/wp-content\/uploads\/2020\/11\/Foto-destacada.jpg","type":"image\/jpeg"}],"author":"Francisco S\u00e1nchez","twitter_misc":{"Escrit per":"Francisco S\u00e1nchez","Temps estimat de lectura":"4 minuts"},"schema":{"@context":"https:\/\/schema.org","@graph":[{"@type":"WebPage","@id":"https:\/\/www.activasalut.com\/ca\/artrosi-simptomes-i-tractament\/","url":"https:\/\/www.activasalut.com\/ca\/artrosi-simptomes-i-tractament\/","name":"Artrosi: S\u00edmptomes i tractament","isPartOf":{"@id":"https:\/\/www.activasalut.com\/ca\/#website"},"datePublished":"2020-11-18T09:57:08+00:00","dateModified":"2020-11-18T10:13:00+00:00","author":{"@id":"https:\/\/www.activasalut.com\/ca\/#\/schema\/person\/6ad0d653fa0b88989b83d7a451d98421"},"description":"L'artrosi \u00e9s una de les patologies m\u00e9s comunes en la nostra societat actual. En aquest post t'explico quins s\u00f3n els s\u00edmptomes i el tractament m\u00e9s innovador per a reduir el dolor.","breadcrumb":{"@id":"https:\/\/www.activasalut.com\/ca\/artrosi-simptomes-i-tractament\/#breadcrumb"},"inLanguage":"ca","potentialAction":[{"@type":"ReadAction","target":["https:\/\/www.activasalut.com\/ca\/artrosi-simptomes-i-tractament\/"]}]},{"@type":"BreadcrumbList","@id":"https:\/\/www.activasalut.com\/ca\/artrosi-simptomes-i-tractament\/#breadcrumb","itemListElement":[{"@type":"ListItem","position":1,"name":"Portada","item":"https:\/\/www.activasalut.com\/ca\/"},{"@type":"ListItem","position":2,"name":"Artrosi: S\u00edmptomes i tractament"}]},{"@type":"WebSite","@id":"https:\/\/www.activasalut.com\/ca\/#website","url":"https:\/\/www.activasalut.com\/ca\/","name":"Corporaci\u00f3n fisiogesti\u00f3n","description":"Activa la teva salut","potentialAction":[{"@type":"SearchAction","target":{"@type":"EntryPoint","urlTemplate":"https:\/\/www.activasalut.com\/ca\/?s={search_term_string}"},"query-input":"required name=search_term_string"}],"inLanguage":"ca"},{"@type":"Person","@id":"https:\/\/www.activasalut.com\/ca\/#\/schema\/person\/6ad0d653fa0b88989b83d7a451d98421","name":"Francisco S\u00e1nchez","image":{"@type":"ImageObject","inLanguage":"ca","@id":"https:\/\/www.activasalut.com\/ca\/#\/schema\/person\/image\/","url":"https:\/\/secure.gravatar.com\/avatar\/f638b38a36c93ef46bfc6c87bfd1e414?s=96&d=mm&r=g","contentUrl":"https:\/\/secure.gravatar.com\/avatar\/f638b38a36c93ef46bfc6c87bfd1e414?s=96&d=mm&r=g","caption":"Francisco S\u00e1nchez"},"description":"Francisco S\u00e1nchez Fisioterapeuta en Corporaci\u00f3n Fisiogesti\u00f3n","url":"https:\/\/www.activasalut.com\/ca\/author\/francisco-sanchez-hueso\/"}]}},"_links":{"self":[{"href":"https:\/\/www.activasalut.com\/ca\/wp-json\/wp\/v2\/posts\/6784"}],"collection":[{"href":"https:\/\/www.activasalut.com\/ca\/wp-json\/wp\/v2\/posts"}],"about":[{"href":"https:\/\/www.activasalut.com\/ca\/wp-json\/wp\/v2\/types\/post"}],"author":[{"embeddable":true,"href":"https:\/\/www.activasalut.com\/ca\/wp-json\/wp\/v2\/users\/105"}],"replies":[{"embeddable":true,"href":"https:\/\/www.activasalut.com\/ca\/wp-json\/wp\/v2\/comments?post=6784"}],"version-history":[{"count":13,"href":"https:\/\/www.activasalut.com\/ca\/wp-json\/wp\/v2\/posts\/6784\/revisions"}],"predecessor-version":[{"id":6805,"href":"https:\/\/www.activasalut.com\/ca\/wp-json\/wp\/v2\/posts\/6784\/revisions\/6805"}],"wp:featuredmedia":[{"embeddable":true,"href":"https:\/\/www.activasalut.com\/ca\/wp-json\/wp\/v2\/media\/6771"}],"wp:attachment":[{"href":"https:\/\/www.activasalut.com\/ca\/wp-json\/wp\/v2\/media?parent=6784"}],"wp:term":[{"taxonomy":"category","embeddable":true,"href":"https:\/\/www.activasalut.com\/ca\/wp-json\/wp\/v2\/categories?post=6784"},{"taxonomy":"post_tag","embeddable":true,"href":"https:\/\/www.activasalut.com\/ca\/wp-json\/wp\/v2\/tags?post=6784"}],"curies":[{"name":"wp","href":"https:\/\/api.w.org\/{rel}","templated":true}]}}